{"id":7247,"date":"2021-05-21T16:18:39","date_gmt":"2021-05-21T16:18:39","guid":{"rendered":"https:\/\/www.africa-press.net\/centrafricaine\/?p=7247"},"modified":"2021-05-21T17:07:28","modified_gmt":"2021-05-21T17:07:28","slug":"la-moitie-de-la-population-menacee-par-une-crise-alimentaire-extreme-onu","status":"publish","type":"post","link":"https:\/\/www.africa-press.net\/centrafricaine\/toutes-les-actualites\/la-moitie-de-la-population-menacee-par-une-crise-alimentaire-extreme-onu","title":{"rendered":"La moiti\u00e9 de la population menac\u00e9e par une crise alimentaire extr\u00eame (ONU)"},"content":{"rendered":"<p><span style=\"color: #ff6600\"><strong><a href=\"https:\/\/www.africa-press.net\/\">Africa-Press<\/a> &#8211; <a href=\"https:\/\/www.africa-press.net\/centrafricaine\">CentrAfricaine<\/a>. <\/strong><\/span><b>Plus de deux millions de personnes, soit environ la moiti\u00e9 de la population de la R\u00e9publique Centrafricaine vivent dans un \u00e9tat d\u2019ins\u00e9curit\u00e9 alimentaire aigu\u00eb, ont alert\u00e9 l\u2019Organisation des Nations Unies pour l\u2019alimentation et l\u2019agriculture (FAO) et le Programme alimentaire mondial (PAM).<\/b><\/p>\n<p>Les d\u00e9placements de populations, la crise sanitaire li\u00e9e \u00e0 la Covid-19 et les \u00e9pisodes de violence emp\u00eachent une production vivri\u00e8re normale.<\/p>\n<p>Selon le PAM et la FAO, \u00ab plus de 2,2 millions de personnes \u00bb, soit pr\u00e8s de la moiti\u00e9 de la population (47%), risquent de se retrouver en situation d\u2019ins\u00e9curit\u00e9 alimentaire aigu\u00eb d\u2019ici ao\u00fbt.<\/p>\n<p>D\u2019apr\u00e8s les deux organisations, \u00ab plus de 1,6 million de personnes (un tiers de la population) sont en situation de crise \u00bb, ce qui signifie qu\u2019elles risquent de devoir sauter des repas ou vendre le peu qu\u2019elles poss\u00e8dent pour acheter de la nourriture.<\/p>\n<p>\u00ab Plus de 630.000 personnes (un dixi\u00e8me de la population) sont en situation d\u2019urgence \u00bb, ce qui signifie qu\u2019elles risquent de devoir vendre leur derni\u00e8re source de subsistance dont elles disposent, de retirer leurs enfants de l\u2019\u00e9cole ou de recourir \u00e0 la mendicit\u00e9.<\/p>\n<p>Mercredi 19 mai, le minist\u00e8re centrafricain de l\u2019Agriculture et du d\u00e9veloppement rural, avec l\u2019appui des ONG nationales et internationales ainsi que les Agences des Nations-Unies (PAM et la FAO) ont organis\u00e9 une r\u00e9union d\u2019\u00e9change sur la mise en \u0153uvre d\u2019une assistance significative en r\u00e9ponse \u00e0 la crise alimentaire.<\/p>\n<p>\u00ab Les financements humanitaires ne sont toutefois pas encore compl\u00e8tement mobilis\u00e9s pour garantir une r\u00e9ponse alimentaire satisfaisante qui prend en compte l\u2019augmentation significative des besoins des populations \u00bb, a regrett\u00e9 \u00e0 l\u2019agence Anadolu, vendredi, Honor\u00e9 F\u00e9izour\u00e9, ministre centrafricain de l\u2019agriculture.<\/p>\n<p>En R\u00e9publique centrafricaine, la saison de soudure (mai-ao\u00fbt) correspond \u00e0 la principale saison de v\u00e9g\u00e9tation des cultures, une p\u00e9riode juste avant les premi\u00e8res r\u00e9coltes et o\u00f9 le grain de la r\u00e9colte pr\u00e9c\u00e9dente est \u00e9puis\u00e9.<\/p>\n<p>De plus, la production alimentaire locale a \u00e9t\u00e9 faible l\u2019ann\u00e9e derni\u00e8re selon le ministre centrafricain de l\u2019agriculture.<\/p>\n<p>Cette situation a \u00e9t\u00e9 exacerb\u00e9e par la pand\u00e9mie de Covid-19, qui a fait monter en fl\u00e8che les prix des denr\u00e9es alimentaires.<\/p>\n<p>L\u2019ins\u00e9curit\u00e9 alimentaire aigu\u00eb a augment\u00e9 sous l\u2019effet d\u2019un regain de violence en d\u00e9cembre, en marge des \u00e9lections.<\/p>\n<p>Les combats intenses qui ont \u00e9clat\u00e9 se sont propag\u00e9s dans tout le pays. Les principaux couloirs de transport ont \u00e9t\u00e9 coup\u00e9s et les routes vitales pour l\u2019approvisionnement dans les zones enclav\u00e9es sont devenus impraticables, poussant des milliers de personnes \u00e0 quitter leur foyer.<\/p>\n<p>La FAO et le PAM craignent que cette ins\u00e9curit\u00e9 continue d\u2019emp\u00eacher l\u2019aide de parvenir \u00e0 ceux qui sont dans le besoin et demandent de pouvoir acc\u00e9der sans entrave aux populations dont la survie d\u00e9pend cruellement de l\u2019assistance humanitaire.<\/p>\n<p>\u00ab Nous n\u2019avions jamais vu auparavant tant de personnes pouss\u00e9es si brutalement aux limites de la survie. Plus d\u2019un demi-million de personnes sont au bord de la famine. Nous devons agir maintenant et de toute urgence pour sauver des vies avant qu\u2019il ne soit trop tard \u00bb, a d\u00e9clar\u00e9 Aline Rumonge, Directrice adjointe du PAM en RCA.<\/p>\n<p>La FAO et le PAM ont soulign\u00e9 qu\u2019ils ont besoin d\u2019environ 90 millions de dollars d\u2019ici septembre 2021 afin de continuer \u00e0 apporter une assistance alimentaire et nutritionnelle vitale aux personnes touch\u00e9es par la crise dans le pays.<\/p>\n<p>&nbsp;<\/p>\n","protected":false},"excerpt":{"rendered":"<p>Africa-Press &#8211; CentrAfricaine. Plus de deux millions de personnes, soit environ la moiti\u00e9 de la population de la R\u00e9publique Centrafricaine vivent dans un \u00e9tat d\u2019ins\u00e9curit\u00e9 alimentaire aigu\u00eb, ont alert\u00e9 l\u2019Organisation des Nations Unies pour l\u2019alimentation et l\u2019agriculture (FAO) et le Programme alimentaire mondial (PAM). Les d\u00e9placements de populations, la crise sanitaire li\u00e9e \u00e0 la Covid-19 [&hellip;]<\/p>\n","protected":false},"author":82,"featured_media":7245,"comment_status":"open","ping_status":"closed","sticky":false,"template":"","format":"standard","meta":{"footnotes":""},"categories":[21,11,10],"tags":[36,58,30],"class_list":["post-7247","post","type-post","status-publish","format-standard","has-post-thumbnail","hentry","category-communaute","category-homepage-french","category-toutes-les-actualites","tag-africa-press","tag-africa-press-centrafricaine","tag-centrafricaine"],"yoast_head":"<!-- This site is optimized with the Yoast SEO Premium plugin v26.1 (Yoast SEO v27.0) - https:\/\/yoast.com\/product\/yoast-seo-premium-wordpress\/ -->\n<title>La moiti\u00e9 de la population menac\u00e9e par une crise alimentaire extr\u00eame (ONU) - centrafricaine<\/title>\n<meta name=\"description\" content=\"Bangui ( R\u00e9publique centrafricaine ) \u2013 Plus de deux millions de personnes, soit environ la moiti\u00e9 de la population de ...\" \/>\n<meta name=\"robots\" content=\"index, follow, max-snippet:-1, max-image-preview:large, max-video-preview:-1\" \/>\n<link rel=\"canonical\" href=\"https:\/\/www.africa-press.net\/centrafricaine\/toutes-les-actualites\/la-moitie-de-la-population-menacee-par-une-crise-alimentaire-extreme-onu\" \/>\n<meta property=\"og:locale\" content=\"fr_FR\" \/>\n<meta property=\"og:type\" content=\"article\" \/>\n<meta property=\"og:title\" content=\"La moiti\u00e9 de la population menac\u00e9e par une crise alimentaire extr\u00eame (ONU)\" \/>\n<meta property=\"og:description\" content=\"Bangui ( R\u00e9publique centrafricaine ) \u2013 Plus de deux millions de personnes, soit environ la moiti\u00e9 de la population de ...\" \/>\n<meta property=\"og:url\" content=\"https:\/\/www.africa-press.net\/centrafricaine\/toutes-les-actualites\/la-moitie-de-la-population-menacee-par-une-crise-alimentaire-extreme-onu\" \/>\n<meta property=\"og:site_name\" content=\"centrafricaine\" \/>\n<meta property=\"article:published_time\" content=\"2021-05-21T16:18:39+00:00\" \/>\n<meta property=\"article:modified_time\" content=\"2021-05-21T17:07:28+00:00\" \/>\n<meta property=\"og:image\" content=\"https:\/\/static.africa-press.net\/centrafricaine\/sites\/45\/2021\/05\/img-60a7cfb6aec57.jpg\" \/>\n\t<meta property=\"og:image:width\" content=\"720\" \/>\n\t<meta property=\"og:image:height\" content=\"405\" \/>\n\t<meta property=\"og:image:type\" content=\"image\/jpeg\" \/>\n<meta name=\"author\" content=\"cfeditorfr\" \/>\n<meta name=\"twitter:card\" content=\"summary_large_image\" \/>\n<meta name=\"twitter:label1\" content=\"\u00c9crit par\" \/>\n\t<meta name=\"twitter:data1\" content=\"cfeditorfr\" \/>\n\t<meta name=\"twitter:label2\" content=\"Dur\u00e9e de lecture estim\u00e9e\" \/>\n\t<meta name=\"twitter:data2\" content=\"3 minutes\" \/>\n<script type=\"application\/ld+json\" class=\"yoast-schema-graph\">{\"@context\":\"https:\/\/schema.org\",\"@graph\":[{\"@type\":\"Article\",\"@id\":\"https:\/\/www.africa-press.net\/centrafricaine\/toutes-les-actualites\/la-moitie-de-la-population-menacee-par-une-crise-alimentaire-extreme-onu#article\",\"isPartOf\":{\"@id\":\"https:\/\/www.africa-press.net\/centrafricaine\/toutes-les-actualites\/la-moitie-de-la-population-menacee-par-une-crise-alimentaire-extreme-onu\"},\"author\":{\"name\":\"cfeditorfr\",\"@id\":\"https:\/\/www.africa-press.net\/centrafricaine\/#\/schema\/person\/2b1cf3cd81a31e3cd26889ca66d677f1\"},\"headline\":\"La moiti\u00e9 de la population menac\u00e9e par une crise alimentaire extr\u00eame (ONU)\",\"datePublished\":\"2021-05-21T16:18:39+00:00\",\"dateModified\":\"2021-05-21T17:07:28+00:00\",\"mainEntityOfPage\":{\"@id\":\"https:\/\/www.africa-press.net\/centrafricaine\/toutes-les-actualites\/la-moitie-de-la-population-menacee-par-une-crise-alimentaire-extreme-onu\"},\"wordCount\":611,\"commentCount\":0,\"image\":{\"@id\":\"https:\/\/www.africa-press.net\/centrafricaine\/toutes-les-actualites\/la-moitie-de-la-population-menacee-par-une-crise-alimentaire-extreme-onu#primaryimage\"},\"thumbnailUrl\":\"https:\/\/static.africa-press.net\/centrafricaine\/sites\/45\/2021\/05\/img-60a7cfb6aec57.jpg\",\"keywords\":[\"Africa Press\",\"Africa Press-CentrAfricaine\",\"CentrAfricaine\"],\"articleSection\":[\"Communaut\u00e9\",\"homepage-french\",\"Toutes les actualit\u00e9s\"],\"inLanguage\":\"fr-FR\",\"potentialAction\":[{\"@type\":\"CommentAction\",\"name\":\"Comment\",\"target\":[\"https:\/\/www.africa-press.net\/centrafricaine\/toutes-les-actualites\/la-moitie-de-la-population-menacee-par-une-crise-alimentaire-extreme-onu#respond\"]}]},{\"@type\":\"WebPage\",\"@id\":\"https:\/\/www.africa-press.net\/centrafricaine\/toutes-les-actualites\/la-moitie-de-la-population-menacee-par-une-crise-alimentaire-extreme-onu\",\"url\":\"https:\/\/www.africa-press.net\/centrafricaine\/toutes-les-actualites\/la-moitie-de-la-population-menacee-par-une-crise-alimentaire-extreme-onu\",\"name\":\"La moiti\u00e9 de la population menac\u00e9e par une crise alimentaire extr\u00eame (ONU) - centrafricaine\",\"isPartOf\":{\"@id\":\"https:\/\/www.africa-press.net\/centrafricaine\/#website\"},\"primaryImageOfPage\":{\"@id\":\"https:\/\/www.africa-press.net\/centrafricaine\/toutes-les-actualites\/la-moitie-de-la-population-menacee-par-une-crise-alimentaire-extreme-onu#primaryimage\"},\"image\":{\"@id\":\"https:\/\/www.africa-press.net\/centrafricaine\/toutes-les-actualites\/la-moitie-de-la-population-menacee-par-une-crise-alimentaire-extreme-onu#primaryimage\"},\"thumbnailUrl\":\"https:\/\/static.africa-press.net\/centrafricaine\/sites\/45\/2021\/05\/img-60a7cfb6aec57.jpg\",\"datePublished\":\"2021-05-21T16:18:39+00:00\",\"dateModified\":\"2021-05-21T17:07:28+00:00\",\"author\":{\"@id\":\"https:\/\/www.africa-press.net\/centrafricaine\/#\/schema\/person\/2b1cf3cd81a31e3cd26889ca66d677f1\"},\"description\":\"Bangui ( R\u00e9publique centrafricaine ) \u2013 Plus de deux millions de personnes, soit environ la moiti\u00e9 de la population de ...\",\"breadcrumb\":{\"@id\":\"https:\/\/www.africa-press.net\/centrafricaine\/toutes-les-actualites\/la-moitie-de-la-population-menacee-par-une-crise-alimentaire-extreme-onu#breadcrumb\"},\"inLanguage\":\"fr-FR\",\"potentialAction\":[{\"@type\":\"ReadAction\",\"target\":[\"https:\/\/www.africa-press.net\/centrafricaine\/toutes-les-actualites\/la-moitie-de-la-population-menacee-par-une-crise-alimentaire-extreme-onu\"]}]},{\"@type\":\"ImageObject\",\"inLanguage\":\"fr-FR\",\"@id\":\"https:\/\/www.africa-press.net\/centrafricaine\/toutes-les-actualites\/la-moitie-de-la-population-menacee-par-une-crise-alimentaire-extreme-onu#primaryimage\",\"url\":\"https:\/\/static.africa-press.net\/centrafricaine\/sites\/45\/2021\/05\/img-60a7cfb6aec57.jpg\",\"contentUrl\":\"https:\/\/static.africa-press.net\/centrafricaine\/sites\/45\/2021\/05\/img-60a7cfb6aec57.jpg\",\"width\":720,\"height\":405,\"caption\":\"La moiti\u00e9 de la population menac\u00e9e par une crise alimentaire extr\u00eame (ONU)\"},{\"@type\":\"BreadcrumbList\",\"@id\":\"https:\/\/www.africa-press.net\/centrafricaine\/toutes-les-actualites\/la-moitie-de-la-population-menacee-par-une-crise-alimentaire-extreme-onu#breadcrumb\",\"itemListElement\":[{\"@type\":\"ListItem\",\"position\":1,\"name\":\"Accueil\",\"item\":\"https:\/\/www.africa-press.net\/centrafricaine\/\"},{\"@type\":\"ListItem\",\"position\":2,\"name\":\"La moiti\u00e9 de la population menac\u00e9e par une crise alimentaire extr\u00eame (ONU)\"}]},{\"@type\":\"WebSite\",\"@id\":\"https:\/\/www.africa-press.net\/centrafricaine\/#website\",\"url\":\"https:\/\/www.africa-press.net\/centrafricaine\/\",\"name\":\"centrafricaine\",\"description\":\"Just another Africa News Agency Sites site\",\"potentialAction\":[{\"@type\":\"SearchAction\",\"target\":{\"@type\":\"EntryPoint\",\"urlTemplate\":\"https:\/\/www.africa-press.net\/centrafricaine\/?s={search_term_string}\"},\"query-input\":{\"@type\":\"PropertyValueSpecification\",\"valueRequired\":true,\"valueName\":\"search_term_string\"}}],\"inLanguage\":\"fr-FR\"},{\"@type\":\"Person\",\"@id\":\"https:\/\/www.africa-press.net\/centrafricaine\/#\/schema\/person\/2b1cf3cd81a31e3cd26889ca66d677f1\",\"name\":\"cfeditorfr\"}]}<\/script>\n<!-- \/ Yoast SEO Premium plugin. -->","yoast_head_json":{"title":"La moiti\u00e9 de la population menac\u00e9e par une crise alimentaire extr\u00eame (ONU) - centrafricaine","description":"Bangui ( R\u00e9publique centrafricaine ) \u2013 Plus de deux millions de personnes, soit environ la moiti\u00e9 de la population de ...","robots":{"index":"index","follow":"follow","max-snippet":"max-snippet:-1","max-image-preview":"max-image-preview:large","max-video-preview":"max-video-preview:-1"},"canonical":"https:\/\/www.africa-press.net\/centrafricaine\/toutes-les-actualites\/la-moitie-de-la-population-menacee-par-une-crise-alimentaire-extreme-onu","og_locale":"fr_FR","og_type":"article","og_title":"La moiti\u00e9 de la population menac\u00e9e par une crise alimentaire extr\u00eame (ONU)","og_description":"Bangui ( R\u00e9publique centrafricaine ) \u2013 Plus de deux millions de personnes, soit environ la moiti\u00e9 de la population de ...","og_url":"https:\/\/www.africa-press.net\/centrafricaine\/toutes-les-actualites\/la-moitie-de-la-population-menacee-par-une-crise-alimentaire-extreme-onu","og_site_name":"centrafricaine","article_published_time":"2021-05-21T16:18:39+00:00","article_modified_time":"2021-05-21T17:07:28+00:00","og_image":[{"width":720,"height":405,"url":"https:\/\/static.africa-press.net\/centrafricaine\/sites\/45\/2021\/05\/img-60a7cfb6aec57.jpg","type":"image\/jpeg"}],"author":"cfeditorfr","twitter_card":"summary_large_image","twitter_misc":{"\u00c9crit par":"cfeditorfr","Dur\u00e9e de lecture estim\u00e9e":"3 minutes"},"schema":{"@context":"https:\/\/schema.org","@graph":[{"@type":"Article","@id":"https:\/\/www.africa-press.net\/centrafricaine\/toutes-les-actualites\/la-moitie-de-la-population-menacee-par-une-crise-alimentaire-extreme-onu#article","isPartOf":{"@id":"https:\/\/www.africa-press.net\/centrafricaine\/toutes-les-actualites\/la-moitie-de-la-population-menacee-par-une-crise-alimentaire-extreme-onu"},"author":{"name":"cfeditorfr","@id":"https:\/\/www.africa-press.net\/centrafricaine\/#\/schema\/person\/2b1cf3cd81a31e3cd26889ca66d677f1"},"headline":"La moiti\u00e9 de la population menac\u00e9e par une crise alimentaire extr\u00eame (ONU)","datePublished":"2021-05-21T16:18:39+00:00","dateModified":"2021-05-21T17:07:28+00:00","mainEntityOfPage":{"@id":"https:\/\/www.africa-press.net\/centrafricaine\/toutes-les-actualites\/la-moitie-de-la-population-menacee-par-une-crise-alimentaire-extreme-onu"},"wordCount":611,"commentCount":0,"image":{"@id":"https:\/\/www.africa-press.net\/centrafricaine\/toutes-les-actualites\/la-moitie-de-la-population-menacee-par-une-crise-alimentaire-extreme-onu#primaryimage"},"thumbnailUrl":"https:\/\/static.africa-press.net\/centrafricaine\/sites\/45\/2021\/05\/img-60a7cfb6aec57.jpg","keywords":["Africa Press","Africa Press-CentrAfricaine","CentrAfricaine"],"articleSection":["Communaut\u00e9","homepage-french","Toutes les actualit\u00e9s"],"inLanguage":"fr-FR","potentialAction":[{"@type":"CommentAction","name":"Comment","target":["https:\/\/www.africa-press.net\/centrafricaine\/toutes-les-actualites\/la-moitie-de-la-population-menacee-par-une-crise-alimentaire-extreme-onu#respond"]}]},{"@type":"WebPage","@id":"https:\/\/www.africa-press.net\/centrafricaine\/toutes-les-actualites\/la-moitie-de-la-population-menacee-par-une-crise-alimentaire-extreme-onu","url":"https:\/\/www.africa-press.net\/centrafricaine\/toutes-les-actualites\/la-moitie-de-la-population-menacee-par-une-crise-alimentaire-extreme-onu","name":"La moiti\u00e9 de la population menac\u00e9e par une crise alimentaire extr\u00eame (ONU) - centrafricaine","isPartOf":{"@id":"https:\/\/www.africa-press.net\/centrafricaine\/#website"},"primaryImageOfPage":{"@id":"https:\/\/www.africa-press.net\/centrafricaine\/toutes-les-actualites\/la-moitie-de-la-population-menacee-par-une-crise-alimentaire-extreme-onu#primaryimage"},"image":{"@id":"https:\/\/www.africa-press.net\/centrafricaine\/toutes-les-actualites\/la-moitie-de-la-population-menacee-par-une-crise-alimentaire-extreme-onu#primaryimage"},"thumbnailUrl":"https:\/\/static.africa-press.net\/centrafricaine\/sites\/45\/2021\/05\/img-60a7cfb6aec57.jpg","datePublished":"2021-05-21T16:18:39+00:00","dateModified":"2021-05-21T17:07:28+00:00","author":{"@id":"https:\/\/www.africa-press.net\/centrafricaine\/#\/schema\/person\/2b1cf3cd81a31e3cd26889ca66d677f1"},"description":"Bangui ( R\u00e9publique centrafricaine ) \u2013 Plus de deux millions de personnes, soit environ la moiti\u00e9 de la population de ...","breadcrumb":{"@id":"https:\/\/www.africa-press.net\/centrafricaine\/toutes-les-actualites\/la-moitie-de-la-population-menacee-par-une-crise-alimentaire-extreme-onu#breadcrumb"},"inLanguage":"fr-FR","potentialAction":[{"@type":"ReadAction","target":["https:\/\/www.africa-press.net\/centrafricaine\/toutes-les-actualites\/la-moitie-de-la-population-menacee-par-une-crise-alimentaire-extreme-onu"]}]},{"@type":"ImageObject","inLanguage":"fr-FR","@id":"https:\/\/www.africa-press.net\/centrafricaine\/toutes-les-actualites\/la-moitie-de-la-population-menacee-par-une-crise-alimentaire-extreme-onu#primaryimage","url":"https:\/\/static.africa-press.net\/centrafricaine\/sites\/45\/2021\/05\/img-60a7cfb6aec57.jpg","contentUrl":"https:\/\/static.africa-press.net\/centrafricaine\/sites\/45\/2021\/05\/img-60a7cfb6aec57.jpg","width":720,"height":405,"caption":"La moiti\u00e9 de la population menac\u00e9e par une crise alimentaire extr\u00eame (ONU)"},{"@type":"BreadcrumbList","@id":"https:\/\/www.africa-press.net\/centrafricaine\/toutes-les-actualites\/la-moitie-de-la-population-menacee-par-une-crise-alimentaire-extreme-onu#breadcrumb","itemListElement":[{"@type":"ListItem","position":1,"name":"Accueil","item":"https:\/\/www.africa-press.net\/centrafricaine\/"},{"@type":"ListItem","position":2,"name":"La moiti\u00e9 de la population menac\u00e9e par une crise alimentaire extr\u00eame (ONU)"}]},{"@type":"WebSite","@id":"https:\/\/www.africa-press.net\/centrafricaine\/#website","url":"https:\/\/www.africa-press.net\/centrafricaine\/","name":"centrafricaine","description":"Just another Africa News Agency Sites site","potentialAction":[{"@type":"SearchAction","target":{"@type":"EntryPoint","urlTemplate":"https:\/\/www.africa-press.net\/centrafricaine\/?s={search_term_string}"},"query-input":{"@type":"PropertyValueSpecification","valueRequired":true,"valueName":"search_term_string"}}],"inLanguage":"fr-FR"},{"@type":"Person","@id":"https:\/\/www.africa-press.net\/centrafricaine\/#\/schema\/person\/2b1cf3cd81a31e3cd26889ca66d677f1","name":"cfeditorfr"}]}},"_links":{"self":[{"href":"https:\/\/www.africa-press.net\/centrafricaine\/wp-json\/wp\/v2\/posts\/7247","targetHints":{"allow":["GET"]}}],"collection":[{"href":"https:\/\/www.africa-press.net\/centrafricaine\/wp-json\/wp\/v2\/posts"}],"about":[{"href":"https:\/\/www.africa-press.net\/centrafricaine\/wp-json\/wp\/v2\/types\/post"}],"author":[{"embeddable":true,"href":"https:\/\/www.africa-press.net\/centrafricaine\/wp-json\/wp\/v2\/users\/82"}],"replies":[{"embeddable":true,"href":"https:\/\/www.africa-press.net\/centrafricaine\/wp-json\/wp\/v2\/comments?post=7247"}],"version-history":[{"count":0,"href":"https:\/\/www.africa-press.net\/centrafricaine\/wp-json\/wp\/v2\/posts\/7247\/revisions"}],"wp:featuredmedia":[{"embeddable":true,"href":"https:\/\/www.africa-press.net\/centrafricaine\/wp-json\/wp\/v2\/media\/7245"}],"wp:attachment":[{"href":"https:\/\/www.africa-press.net\/centrafricaine\/wp-json\/wp\/v2\/media?parent=7247"}],"wp:term":[{"taxonomy":"category","embeddable":true,"href":"https:\/\/www.africa-press.net\/centrafricaine\/wp-json\/wp\/v2\/categories?post=7247"},{"taxonomy":"post_tag","embeddable":true,"href":"https:\/\/www.africa-press.net\/centrafricaine\/wp-json\/wp\/v2\/tags?post=7247"}],"curies":[{"name":"wp","href":"https:\/\/api.w.org\/{rel}","templated":true}]}}