{"id":7265,"date":"2021-05-22T12:39:06","date_gmt":"2021-05-22T12:39:06","guid":{"rendered":"https:\/\/www.africa-press.net\/centrafricaine\/?p=7265"},"modified":"2021-05-22T14:43:06","modified_gmt":"2021-05-22T14:43:06","slug":"communique-de-presse-conjoint-la-republique-centrafricaine-lance-sa-campagne-nationale-de-vaccination-contre-la-covid-19","status":"publish","type":"post","link":"https:\/\/www.africa-press.net\/centrafricaine\/toutes-les-actualites\/communique-de-presse-conjoint-la-republique-centrafricaine-lance-sa-campagne-nationale-de-vaccination-contre-la-covid-19","title":{"rendered":"COMMUNIQU\u00c9 DE PRESSE CONJOINT : La R\u00e9publique centrafricaine lance sa campagne nationale de vaccination contre la COVID-19"},"content":{"rendered":"<p><span style=\"color: #ff6600\"><strong><a href=\"https:\/\/www.africa-press.net\/\">Africa-Press<\/a> &#8211; <a href=\"https:\/\/www.africa-press.net\/centrafricaine\">CentrAfricaine<\/a>. <\/strong><\/span>\u00a0la R\u00e9publique centrafricaine (RCA) a donn\u00e9 le coup d\u2019envoi de sa campagne nationale de vaccination contre la pand\u00e9mie de COVID-19, gr\u00e2ce aux 60 000 premi\u00e8res doses re\u00e7ues dans le cadre de l\u2019initiative COVAX.<\/p>\n<p>Dans cette phase initiale de la campagne, qui s\u2019\u00e9tale sur plusieurs semaines du 20 mai au 23 juin, la vaccination sera destin\u00e9e en priorit\u00e9 aux agents de sant\u00e9 qui sont les plus expos\u00e9s, aux personnes \u00e2g\u00e9es et\/ou porteuses de maladies chroniques, qui sont parmi les plus vuln\u00e9rables. En raison de l\u2019impact de la pand\u00e9mie sur le syst\u00e8me national de sant\u00e9, ces personnes sont \u00e9galement les plus expos\u00e9es.<\/p>\n<p>\u00ab Le syst\u00e8me de sant\u00e9 de la RCA est encore aujourd\u2019hui sous pression face \u00e0 la persistance de cette pand\u00e9mie sans pr\u00e9c\u00e9dent. L\u2019arriv\u00e9e des vaccins est dans ce sens une aubaine \u00bb a d\u00e9clar\u00e9 le Dr Severin von Xylander, Repr\u00e9sentant de l\u2019Organisation mondiale de la Sant\u00e9 (OMS) en RCA. \u00ab Toutefois cela ne signifie pas que les gestes barri\u00e8res doivent cesser. Il est n\u00e9cessaire au contraire que ces gestes s\u2019unissent au maintien des efforts face \u00e0 d\u2019autres urgences sanitaires telles que la sant\u00e9 m\u00e8re-enfant, le paludisme, la tuberculose et le SIDA. \u00bb<\/p>\n<p>Le Dr von Xylander a aussi soulign\u00e9 l\u2019importance de la solidarit\u00e9 internationale et salu\u00e9 les contributions de l\u2019Union europ\u00e9enne et de ses \u00c9tats Membres ainsi que des \u00c9tats-Unis d\u2019Am\u00e9rique \u00e0 l\u2019initiative COVAX, et la collaboration bilat\u00e9rale pour assurer la disponibilit\u00e9 des vaccins.<\/p>\n<p>Depuis un an, la pand\u00e9mie de COVID-19 a \u00e9galement eu un impact majeur sur les activit\u00e9s sanitaires essentielles telles que les campagnes de vaccination de routine, comme celles contre la poliomy\u00e9lite et la rougeole, qui ont \u00e9t\u00e9 consid\u00e9rablement ralenties.<\/p>\n<p>\u00ab La campagne de vaccination que le gouvernement centrafricain a lanc\u00e9e aujourd\u2019hui apportera un soutien essentiel au travail du personnel de sant\u00e9 dans le pays, qui sera mieux \u00e9quip\u00e9 pour prot\u00e9ger les femmes et les enfants des autres maladies mortelles mais soignables \u00bb a comment\u00e9 Fran Equiza, Repr\u00e9sentant de l\u2019UNICEF en RCA. \u00ab L\u2019UNICEF, en tant que partenaire cl\u00e9 de l\u2019initiative COVAX, est mobilis\u00e9 pour assurer l\u2019approvisionnement, la conservation et la gestion efficace des vaccins, ainsi que l\u2019adh\u00e9sion des communaut\u00e9s \u00e0 la campagne de vaccination contre la COVID-19. \u00bb<\/p>\n<p>A ce jour, l\u2019initiative COVAX, codirig\u00e9e par Gavi et CEPI aux c\u00f4t\u00e9s de l\u2019OMS et de l\u2019UNICEF, partenaires cl\u00e9s de la mise en \u0153uvre, a facilit\u00e9 l\u2019acc\u00e8s au vaccin contre la COVID-19 \u00e0 92 pays, parmi lesquels la RCA. A la date du 16 mai 2021, le pays avait enregistr\u00e9 7 010 cas, dont 6583 gu\u00e9ris et 96 d\u00e9c\u00e8s, parmi lesquels 48 en milieu hospitalier.<\/p>\n<p>L\u2019UNICEF et l\u2019OMS r\u00e9it\u00e8rent leur engagement \u00e0 travailler aux c\u00f4t\u00e9s du Minist\u00e8re de la Sant\u00e9 et de la Population ainsi que des communaut\u00e9s locales pour garantir un acc\u00e8s juste et \u00e9quitable aux vaccins et permettre au pays de surmonter cette pand\u00e9mie.<\/p>\n<p>&nbsp;<\/p>\n<p><b>\u00c0 propos de l\u2019OMS<\/b><\/p>\n<p>L\u2019Organisation mondiale de la Sant\u00e9 assure un r\u00f4le de chef de file mondial dans le domaine de la sant\u00e9 publique au sein du syst\u00e8me des Nations Unies. Fond\u00e9e en 1948, l\u2019OMS compte 194 \u00c9tats Membres dans six R\u00e9gions et plus de 150 bureaux. Sa mission consiste \u00e0 promouvoir la sant\u00e9, \u00e0 pr\u00e9server la s\u00e9curit\u00e9 mondiale et \u00e0 servir les populations vuln\u00e9rables. Pour la p\u00e9riode 2019-2023, elle a comme objectifs qu\u2019un milliard de personnes suppl\u00e9mentaires b\u00e9n\u00e9ficient de la couverture sanitaire universelle, qu\u2019un milliard de personnes suppl\u00e9mentaires soient mieux prot\u00e9g\u00e9es face aux situations d\u2019urgence sanitaire et qu\u2019un milliard de personnes suppl\u00e9mentaires b\u00e9n\u00e9ficient d\u2019un meilleur \u00e9tat de sant\u00e9 et d\u2019un plus grand bien \u00eatre. Visitez notre site web www.who.int\/fr. Suivez l\u2019OMS sur Facebook; Twitter; YouTube; Instagram<\/p>\n<p><b>\u00c0 propos de l\u2019UNICEF<\/b><\/p>\n<p>L\u2019UNICEF travaille dans certains des endroits les plus difficiles du monde, pour atteindre les enfants les plus d\u00e9favoris\u00e9s. Dans plus de 190 pays et territoires, nous travaillons pour chaque enfant, partout dans le monde, pour construire un monde meilleur pour tous.<\/p>\n<p>&nbsp;<\/p>\n<p><b>\u00a0<\/b><\/p>\n","protected":false},"excerpt":{"rendered":"<p>Africa-Press &#8211; CentrAfricaine. \u00a0la R\u00e9publique centrafricaine (RCA) a donn\u00e9 le coup d\u2019envoi de sa campagne nationale de vaccination contre la pand\u00e9mie de COVID-19, gr\u00e2ce aux 60 000 premi\u00e8res doses re\u00e7ues dans le cadre de l\u2019initiative COVAX. Dans cette phase initiale de la campagne, qui s\u2019\u00e9tale sur plusieurs semaines du 20 mai au 23 juin, la [&hellip;]<\/p>\n","protected":false},"author":82,"featured_media":7264,"comment_status":"open","ping_status":"closed","sticky":false,"template":"","format":"standard","meta":{"footnotes":""},"categories":[21,11,20,10],"tags":[36,58,30],"class_list":["post-7265","post","type-post","status-publish","format-standard","has-post-thumbnail","hentry","category-communaute","category-homepage-french","category-top-nouvelles","category-toutes-les-actualites","tag-africa-press","tag-africa-press-centrafricaine","tag-centrafricaine"],"yoast_head":"<!-- This site is optimized with the Yoast SEO Premium plugin v26.1 (Yoast SEO v27.0) - https:\/\/yoast.com\/product\/yoast-seo-premium-wordpress\/ -->\n<title>COMMUNIQU\u00c9 DE PRESSE CONJOINT : La R\u00e9publique centrafricaine lance sa campagne nationale de vaccination contre la COVID-19 - centrafricaine<\/title>\n<meta name=\"description\" content=\"Institut Pasteur de Bangui. Photo CNC \/ Fortun\u00e9 Bob\u00e9rang. BANGUI, le 21 mai 2021 \u2013 Hier, la R\u00e9publique centrafr ...\" \/>\n<meta name=\"robots\" content=\"index, follow, max-snippet:-1, max-image-preview:large, max-video-preview:-1\" \/>\n<link rel=\"canonical\" href=\"https:\/\/www.africa-press.net\/centrafricaine\/toutes-les-actualites\/communique-de-presse-conjoint-la-republique-centrafricaine-lance-sa-campagne-nationale-de-vaccination-contre-la-covid-19\" \/>\n<meta property=\"og:locale\" content=\"fr_FR\" \/>\n<meta property=\"og:type\" content=\"article\" \/>\n<meta property=\"og:title\" content=\"COMMUNIQU\u00c9 DE PRESSE CONJOINT : La R\u00e9publique centrafricaine lance sa campagne nationale de vaccination contre la COVID-19\" \/>\n<meta property=\"og:description\" content=\"Institut Pasteur de Bangui. Photo CNC \/ Fortun\u00e9 Bob\u00e9rang. BANGUI, le 21 mai 2021 \u2013 Hier, la R\u00e9publique centrafr ...\" \/>\n<meta property=\"og:url\" content=\"https:\/\/www.africa-press.net\/centrafricaine\/toutes-les-actualites\/communique-de-presse-conjoint-la-republique-centrafricaine-lance-sa-campagne-nationale-de-vaccination-contre-la-covid-19\" \/>\n<meta property=\"og:site_name\" content=\"centrafricaine\" \/>\n<meta property=\"article:published_time\" content=\"2021-05-22T12:39:06+00:00\" \/>\n<meta property=\"article:modified_time\" content=\"2021-05-22T14:43:06+00:00\" \/>\n<meta property=\"og:image\" content=\"https:\/\/static.africa-press.net\/centrafricaine\/sites\/45\/2021\/05\/img-60a8fa2e9f3c1.jpg\" \/>\n\t<meta property=\"og:image:width\" content=\"1000\" \/>\n\t<meta property=\"og:image:height\" content=\"666\" \/>\n\t<meta property=\"og:image:type\" content=\"image\/jpeg\" \/>\n<meta name=\"author\" content=\"cfeditorfr\" \/>\n<meta name=\"twitter:card\" content=\"summary_large_image\" \/>\n<meta name=\"twitter:label1\" content=\"\u00c9crit par\" \/>\n\t<meta name=\"twitter:data1\" content=\"cfeditorfr\" \/>\n\t<meta name=\"twitter:label2\" content=\"Dur\u00e9e de lecture estim\u00e9e\" \/>\n\t<meta name=\"twitter:data2\" content=\"3 minutes\" \/>\n<script type=\"application\/ld+json\" class=\"yoast-schema-graph\">{\"@context\":\"https:\/\/schema.org\",\"@graph\":[{\"@type\":\"Article\",\"@id\":\"https:\/\/www.africa-press.net\/centrafricaine\/toutes-les-actualites\/communique-de-presse-conjoint-la-republique-centrafricaine-lance-sa-campagne-nationale-de-vaccination-contre-la-covid-19#article\",\"isPartOf\":{\"@id\":\"https:\/\/www.africa-press.net\/centrafricaine\/toutes-les-actualites\/communique-de-presse-conjoint-la-republique-centrafricaine-lance-sa-campagne-nationale-de-vaccination-contre-la-covid-19\"},\"author\":{\"name\":\"cfeditorfr\",\"@id\":\"https:\/\/www.africa-press.net\/centrafricaine\/#\/schema\/person\/2b1cf3cd81a31e3cd26889ca66d677f1\"},\"headline\":\"COMMUNIQU\u00c9 DE PRESSE CONJOINT : La R\u00e9publique centrafricaine lance sa campagne nationale de vaccination contre la COVID-19\",\"datePublished\":\"2021-05-22T12:39:06+00:00\",\"dateModified\":\"2021-05-22T14:43:06+00:00\",\"mainEntityOfPage\":{\"@id\":\"https:\/\/www.africa-press.net\/centrafricaine\/toutes-les-actualites\/communique-de-presse-conjoint-la-republique-centrafricaine-lance-sa-campagne-nationale-de-vaccination-contre-la-covid-19\"},\"wordCount\":737,\"commentCount\":0,\"image\":{\"@id\":\"https:\/\/www.africa-press.net\/centrafricaine\/toutes-les-actualites\/communique-de-presse-conjoint-la-republique-centrafricaine-lance-sa-campagne-nationale-de-vaccination-contre-la-covid-19#primaryimage\"},\"thumbnailUrl\":\"https:\/\/static.africa-press.net\/centrafricaine\/sites\/45\/2021\/05\/img-60a8fa2e9f3c1.jpg\",\"keywords\":[\"Africa Press\",\"Africa Press-CentrAfricaine\",\"CentrAfricaine\"],\"articleSection\":[\"Communaut\u00e9\",\"homepage-french\",\"Top Nouvelles\",\"Toutes les actualit\u00e9s\"],\"inLanguage\":\"fr-FR\",\"potentialAction\":[{\"@type\":\"CommentAction\",\"name\":\"Comment\",\"target\":[\"https:\/\/www.africa-press.net\/centrafricaine\/toutes-les-actualites\/communique-de-presse-conjoint-la-republique-centrafricaine-lance-sa-campagne-nationale-de-vaccination-contre-la-covid-19#respond\"]}]},{\"@type\":\"WebPage\",\"@id\":\"https:\/\/www.africa-press.net\/centrafricaine\/toutes-les-actualites\/communique-de-presse-conjoint-la-republique-centrafricaine-lance-sa-campagne-nationale-de-vaccination-contre-la-covid-19\",\"url\":\"https:\/\/www.africa-press.net\/centrafricaine\/toutes-les-actualites\/communique-de-presse-conjoint-la-republique-centrafricaine-lance-sa-campagne-nationale-de-vaccination-contre-la-covid-19\",\"name\":\"COMMUNIQU\u00c9 DE PRESSE CONJOINT : La R\u00e9publique centrafricaine lance sa campagne nationale de vaccination contre la COVID-19 - centrafricaine\",\"isPartOf\":{\"@id\":\"https:\/\/www.africa-press.net\/centrafricaine\/#website\"},\"primaryImageOfPage\":{\"@id\":\"https:\/\/www.africa-press.net\/centrafricaine\/toutes-les-actualites\/communique-de-presse-conjoint-la-republique-centrafricaine-lance-sa-campagne-nationale-de-vaccination-contre-la-covid-19#primaryimage\"},\"image\":{\"@id\":\"https:\/\/www.africa-press.net\/centrafricaine\/toutes-les-actualites\/communique-de-presse-conjoint-la-republique-centrafricaine-lance-sa-campagne-nationale-de-vaccination-contre-la-covid-19#primaryimage\"},\"thumbnailUrl\":\"https:\/\/static.africa-press.net\/centrafricaine\/sites\/45\/2021\/05\/img-60a8fa2e9f3c1.jpg\",\"datePublished\":\"2021-05-22T12:39:06+00:00\",\"dateModified\":\"2021-05-22T14:43:06+00:00\",\"author\":{\"@id\":\"https:\/\/www.africa-press.net\/centrafricaine\/#\/schema\/person\/2b1cf3cd81a31e3cd26889ca66d677f1\"},\"description\":\"Institut Pasteur de Bangui. Photo CNC \/ Fortun\u00e9 Bob\u00e9rang. BANGUI, le 21 mai 2021 \u2013 Hier, la R\u00e9publique centrafr ...\",\"breadcrumb\":{\"@id\":\"https:\/\/www.africa-press.net\/centrafricaine\/toutes-les-actualites\/communique-de-presse-conjoint-la-republique-centrafricaine-lance-sa-campagne-nationale-de-vaccination-contre-la-covid-19#breadcrumb\"},\"inLanguage\":\"fr-FR\",\"potentialAction\":[{\"@type\":\"ReadAction\",\"target\":[\"https:\/\/www.africa-press.net\/centrafricaine\/toutes-les-actualites\/communique-de-presse-conjoint-la-republique-centrafricaine-lance-sa-campagne-nationale-de-vaccination-contre-la-covid-19\"]}]},{\"@type\":\"ImageObject\",\"inLanguage\":\"fr-FR\",\"@id\":\"https:\/\/www.africa-press.net\/centrafricaine\/toutes-les-actualites\/communique-de-presse-conjoint-la-republique-centrafricaine-lance-sa-campagne-nationale-de-vaccination-contre-la-covid-19#primaryimage\",\"url\":\"https:\/\/static.africa-press.net\/centrafricaine\/sites\/45\/2021\/05\/img-60a8fa2e9f3c1.jpg\",\"contentUrl\":\"https:\/\/static.africa-press.net\/centrafricaine\/sites\/45\/2021\/05\/img-60a8fa2e9f3c1.jpg\",\"width\":1000,\"height\":666,\"caption\":\"COMMUNIQU\u00c9 DE PRESSE CONJOINT : La R\u00e9publique centrafricaine lance sa campagne nationale de vaccination contre la COVID-19\"},{\"@type\":\"BreadcrumbList\",\"@id\":\"https:\/\/www.africa-press.net\/centrafricaine\/toutes-les-actualites\/communique-de-presse-conjoint-la-republique-centrafricaine-lance-sa-campagne-nationale-de-vaccination-contre-la-covid-19#breadcrumb\",\"itemListElement\":[{\"@type\":\"ListItem\",\"position\":1,\"name\":\"Accueil\",\"item\":\"https:\/\/www.africa-press.net\/centrafricaine\/\"},{\"@type\":\"ListItem\",\"position\":2,\"name\":\"COMMUNIQU\u00c9 DE PRESSE CONJOINT : La R\u00e9publique centrafricaine lance sa campagne nationale de vaccination contre la COVID-19\"}]},{\"@type\":\"WebSite\",\"@id\":\"https:\/\/www.africa-press.net\/centrafricaine\/#website\",\"url\":\"https:\/\/www.africa-press.net\/centrafricaine\/\",\"name\":\"centrafricaine\",\"description\":\"Just another Africa News Agency Sites site\",\"potentialAction\":[{\"@type\":\"SearchAction\",\"target\":{\"@type\":\"EntryPoint\",\"urlTemplate\":\"https:\/\/www.africa-press.net\/centrafricaine\/?s={search_term_string}\"},\"query-input\":{\"@type\":\"PropertyValueSpecification\",\"valueRequired\":true,\"valueName\":\"search_term_string\"}}],\"inLanguage\":\"fr-FR\"},{\"@type\":\"Person\",\"@id\":\"https:\/\/www.africa-press.net\/centrafricaine\/#\/schema\/person\/2b1cf3cd81a31e3cd26889ca66d677f1\",\"name\":\"cfeditorfr\"}]}<\/script>\n<!-- \/ Yoast SEO Premium plugin. -->","yoast_head_json":{"title":"COMMUNIQU\u00c9 DE PRESSE CONJOINT : La R\u00e9publique centrafricaine lance sa campagne nationale de vaccination contre la COVID-19 - centrafricaine","description":"Institut Pasteur de Bangui. Photo CNC \/ Fortun\u00e9 Bob\u00e9rang. BANGUI, le 21 mai 2021 \u2013 Hier, la R\u00e9publique centrafr ...","robots":{"index":"index","follow":"follow","max-snippet":"max-snippet:-1","max-image-preview":"max-image-preview:large","max-video-preview":"max-video-preview:-1"},"canonical":"https:\/\/www.africa-press.net\/centrafricaine\/toutes-les-actualites\/communique-de-presse-conjoint-la-republique-centrafricaine-lance-sa-campagne-nationale-de-vaccination-contre-la-covid-19","og_locale":"fr_FR","og_type":"article","og_title":"COMMUNIQU\u00c9 DE PRESSE CONJOINT : La R\u00e9publique centrafricaine lance sa campagne nationale de vaccination contre la COVID-19","og_description":"Institut Pasteur de Bangui. Photo CNC \/ Fortun\u00e9 Bob\u00e9rang. BANGUI, le 21 mai 2021 \u2013 Hier, la R\u00e9publique centrafr ...","og_url":"https:\/\/www.africa-press.net\/centrafricaine\/toutes-les-actualites\/communique-de-presse-conjoint-la-republique-centrafricaine-lance-sa-campagne-nationale-de-vaccination-contre-la-covid-19","og_site_name":"centrafricaine","article_published_time":"2021-05-22T12:39:06+00:00","article_modified_time":"2021-05-22T14:43:06+00:00","og_image":[{"width":1000,"height":666,"url":"https:\/\/static.africa-press.net\/centrafricaine\/sites\/45\/2021\/05\/img-60a8fa2e9f3c1.jpg","type":"image\/jpeg"}],"author":"cfeditorfr","twitter_card":"summary_large_image","twitter_misc":{"\u00c9crit par":"cfeditorfr","Dur\u00e9e de lecture estim\u00e9e":"3 minutes"},"schema":{"@context":"https:\/\/schema.org","@graph":[{"@type":"Article","@id":"https:\/\/www.africa-press.net\/centrafricaine\/toutes-les-actualites\/communique-de-presse-conjoint-la-republique-centrafricaine-lance-sa-campagne-nationale-de-vaccination-contre-la-covid-19#article","isPartOf":{"@id":"https:\/\/www.africa-press.net\/centrafricaine\/toutes-les-actualites\/communique-de-presse-conjoint-la-republique-centrafricaine-lance-sa-campagne-nationale-de-vaccination-contre-la-covid-19"},"author":{"name":"cfeditorfr","@id":"https:\/\/www.africa-press.net\/centrafricaine\/#\/schema\/person\/2b1cf3cd81a31e3cd26889ca66d677f1"},"headline":"COMMUNIQU\u00c9 DE PRESSE CONJOINT : La R\u00e9publique centrafricaine lance sa campagne nationale de vaccination contre la COVID-19","datePublished":"2021-05-22T12:39:06+00:00","dateModified":"2021-05-22T14:43:06+00:00","mainEntityOfPage":{"@id":"https:\/\/www.africa-press.net\/centrafricaine\/toutes-les-actualites\/communique-de-presse-conjoint-la-republique-centrafricaine-lance-sa-campagne-nationale-de-vaccination-contre-la-covid-19"},"wordCount":737,"commentCount":0,"image":{"@id":"https:\/\/www.africa-press.net\/centrafricaine\/toutes-les-actualites\/communique-de-presse-conjoint-la-republique-centrafricaine-lance-sa-campagne-nationale-de-vaccination-contre-la-covid-19#primaryimage"},"thumbnailUrl":"https:\/\/static.africa-press.net\/centrafricaine\/sites\/45\/2021\/05\/img-60a8fa2e9f3c1.jpg","keywords":["Africa Press","Africa Press-CentrAfricaine","CentrAfricaine"],"articleSection":["Communaut\u00e9","homepage-french","Top Nouvelles","Toutes les actualit\u00e9s"],"inLanguage":"fr-FR","potentialAction":[{"@type":"CommentAction","name":"Comment","target":["https:\/\/www.africa-press.net\/centrafricaine\/toutes-les-actualites\/communique-de-presse-conjoint-la-republique-centrafricaine-lance-sa-campagne-nationale-de-vaccination-contre-la-covid-19#respond"]}]},{"@type":"WebPage","@id":"https:\/\/www.africa-press.net\/centrafricaine\/toutes-les-actualites\/communique-de-presse-conjoint-la-republique-centrafricaine-lance-sa-campagne-nationale-de-vaccination-contre-la-covid-19","url":"https:\/\/www.africa-press.net\/centrafricaine\/toutes-les-actualites\/communique-de-presse-conjoint-la-republique-centrafricaine-lance-sa-campagne-nationale-de-vaccination-contre-la-covid-19","name":"COMMUNIQU\u00c9 DE PRESSE CONJOINT : La R\u00e9publique centrafricaine lance sa campagne nationale de vaccination contre la COVID-19 - centrafricaine","isPartOf":{"@id":"https:\/\/www.africa-press.net\/centrafricaine\/#website"},"primaryImageOfPage":{"@id":"https:\/\/www.africa-press.net\/centrafricaine\/toutes-les-actualites\/communique-de-presse-conjoint-la-republique-centrafricaine-lance-sa-campagne-nationale-de-vaccination-contre-la-covid-19#primaryimage"},"image":{"@id":"https:\/\/www.africa-press.net\/centrafricaine\/toutes-les-actualites\/communique-de-presse-conjoint-la-republique-centrafricaine-lance-sa-campagne-nationale-de-vaccination-contre-la-covid-19#primaryimage"},"thumbnailUrl":"https:\/\/static.africa-press.net\/centrafricaine\/sites\/45\/2021\/05\/img-60a8fa2e9f3c1.jpg","datePublished":"2021-05-22T12:39:06+00:00","dateModified":"2021-05-22T14:43:06+00:00","author":{"@id":"https:\/\/www.africa-press.net\/centrafricaine\/#\/schema\/person\/2b1cf3cd81a31e3cd26889ca66d677f1"},"description":"Institut Pasteur de Bangui. Photo CNC \/ Fortun\u00e9 Bob\u00e9rang. BANGUI, le 21 mai 2021 \u2013 Hier, la R\u00e9publique centrafr ...","breadcrumb":{"@id":"https:\/\/www.africa-press.net\/centrafricaine\/toutes-les-actualites\/communique-de-presse-conjoint-la-republique-centrafricaine-lance-sa-campagne-nationale-de-vaccination-contre-la-covid-19#breadcrumb"},"inLanguage":"fr-FR","potentialAction":[{"@type":"ReadAction","target":["https:\/\/www.africa-press.net\/centrafricaine\/toutes-les-actualites\/communique-de-presse-conjoint-la-republique-centrafricaine-lance-sa-campagne-nationale-de-vaccination-contre-la-covid-19"]}]},{"@type":"ImageObject","inLanguage":"fr-FR","@id":"https:\/\/www.africa-press.net\/centrafricaine\/toutes-les-actualites\/communique-de-presse-conjoint-la-republique-centrafricaine-lance-sa-campagne-nationale-de-vaccination-contre-la-covid-19#primaryimage","url":"https:\/\/static.africa-press.net\/centrafricaine\/sites\/45\/2021\/05\/img-60a8fa2e9f3c1.jpg","contentUrl":"https:\/\/static.africa-press.net\/centrafricaine\/sites\/45\/2021\/05\/img-60a8fa2e9f3c1.jpg","width":1000,"height":666,"caption":"COMMUNIQU\u00c9 DE PRESSE CONJOINT : La R\u00e9publique centrafricaine lance sa campagne nationale de vaccination contre la COVID-19"},{"@type":"BreadcrumbList","@id":"https:\/\/www.africa-press.net\/centrafricaine\/toutes-les-actualites\/communique-de-presse-conjoint-la-republique-centrafricaine-lance-sa-campagne-nationale-de-vaccination-contre-la-covid-19#breadcrumb","itemListElement":[{"@type":"ListItem","position":1,"name":"Accueil","item":"https:\/\/www.africa-press.net\/centrafricaine\/"},{"@type":"ListItem","position":2,"name":"COMMUNIQU\u00c9 DE PRESSE CONJOINT : La R\u00e9publique centrafricaine lance sa campagne nationale de vaccination contre la COVID-19"}]},{"@type":"WebSite","@id":"https:\/\/www.africa-press.net\/centrafricaine\/#website","url":"https:\/\/www.africa-press.net\/centrafricaine\/","name":"centrafricaine","description":"Just another Africa News Agency Sites site","potentialAction":[{"@type":"SearchAction","target":{"@type":"EntryPoint","urlTemplate":"https:\/\/www.africa-press.net\/centrafricaine\/?s={search_term_string}"},"query-input":{"@type":"PropertyValueSpecification","valueRequired":true,"valueName":"search_term_string"}}],"inLanguage":"fr-FR"},{"@type":"Person","@id":"https:\/\/www.africa-press.net\/centrafricaine\/#\/schema\/person\/2b1cf3cd81a31e3cd26889ca66d677f1","name":"cfeditorfr"}]}},"_links":{"self":[{"href":"https:\/\/www.africa-press.net\/centrafricaine\/wp-json\/wp\/v2\/posts\/7265","targetHints":{"allow":["GET"]}}],"collection":[{"href":"https:\/\/www.africa-press.net\/centrafricaine\/wp-json\/wp\/v2\/posts"}],"about":[{"href":"https:\/\/www.africa-press.net\/centrafricaine\/wp-json\/wp\/v2\/types\/post"}],"author":[{"embeddable":true,"href":"https:\/\/www.africa-press.net\/centrafricaine\/wp-json\/wp\/v2\/users\/82"}],"replies":[{"embeddable":true,"href":"https:\/\/www.africa-press.net\/centrafricaine\/wp-json\/wp\/v2\/comments?post=7265"}],"version-history":[{"count":0,"href":"https:\/\/www.africa-press.net\/centrafricaine\/wp-json\/wp\/v2\/posts\/7265\/revisions"}],"wp:featuredmedia":[{"embeddable":true,"href":"https:\/\/www.africa-press.net\/centrafricaine\/wp-json\/wp\/v2\/media\/7264"}],"wp:attachment":[{"href":"https:\/\/www.africa-press.net\/centrafricaine\/wp-json\/wp\/v2\/media?parent=7265"}],"wp:term":[{"taxonomy":"category","embeddable":true,"href":"https:\/\/www.africa-press.net\/centrafricaine\/wp-json\/wp\/v2\/categories?post=7265"},{"taxonomy":"post_tag","embeddable":true,"href":"https:\/\/www.africa-press.net\/centrafricaine\/wp-json\/wp\/v2\/tags?post=7265"}],"curies":[{"name":"wp","href":"https:\/\/api.w.org\/{rel}","templated":true}]}}