{"id":7268,"date":"2021-05-22T12:46:50","date_gmt":"2021-05-22T12:46:50","guid":{"rendered":"https:\/\/www.africa-press.net\/centrafricaine\/?p=7268"},"modified":"2021-05-22T14:43:16","modified_gmt":"2021-05-22T14:43:16","slug":"la-minusca-securise-la-ville-de-bakouma","status":"publish","type":"post","link":"https:\/\/www.africa-press.net\/centrafricaine\/politique\/la-minusca-securise-la-ville-de-bakouma","title":{"rendered":"La MINUSCA s\u00e9curise la ville de Bakouma"},"content":{"rendered":"<p><span style=\"color: #ff6600\"><strong><a href=\"https:\/\/www.africa-press.net\/\">Africa-Press<\/a> &#8211; <a href=\"https:\/\/www.africa-press.net\/centrafricaine\">CentrAfricaine<\/a>.\u00a0 <\/strong><\/span>Depuis le dimanche 9 mai 2021, les Casques bleus de la MINUSCA sont d\u00e9ploy\u00e9s \u00e0 Bakouma. Ils proc\u00e8dent \u00e0 la s\u00e9curisation de la ville, qui est situ\u00e9e \u00e0 une centaine de kilom\u00e8tres au nord de Bangassou, dans la pr\u00e9fecture du Mbomou.<\/p>\n<p>Les 300 casques bleus \u0153uvrant \u00e0 la s\u00e9curisation de Bakouma \u00e9taient appuy\u00e9s par des \u00e9l\u00e9ments blind\u00e9s et des \u00e9l\u00e9ments du g\u00e9nie. Cette expertise de la MINUSCA a permis de r\u00e9parer et restaurer plusieurs ponts liant Bakouma au reste de la pr\u00e9fecture. Les grosses pluies de ces derni\u00e8res semaines avaient en effet endommag\u00e9 certains ponts pendant que d\u2019autres, de leur c\u00f4t\u00e9, avaient \u00e9t\u00e9 d\u00e9truits par des groupes arm\u00e9s. Le tr\u00e8s mauvais \u00e9tat de ces voies d\u2019acc\u00e8s indispensables emp\u00eachait ainsi quiconque de traverser les cours d\u2019eau, ce qui \u00e9tait devenu un vrai calvaire au quotidien pour les habitants des villages concern\u00e9s.<\/p>\n<p>Le d\u00e9ploiement de la MINUSCA dans Bakouma a \u00e9galement contribu\u00e9 \u00e0 la protection de la population et \u00e0 l\u2019organisation des \u00e9lections l\u00e9gislatives dans la r\u00e9gion. Celles-ci n\u2019avaient pas pu se tenir dans la ville les 27 d\u00e9cembre et 14 mars derniers du fait de la proximit\u00e9 des combats et de l\u2019instabilit\u00e9 s\u00e9curitaire. Cette fois, gr\u00e2ce \u00e0 la MINUSCA, les habitants de Bakouma pourront se d\u00e9placer le 23 mai et faire valoir leur droit de vote.<\/p>\n<p>&nbsp;<\/p>\n","protected":false},"excerpt":{"rendered":"<p>Africa-Press &#8211; CentrAfricaine.\u00a0 Depuis le dimanche 9 mai 2021, les Casques bleus de la MINUSCA sont d\u00e9ploy\u00e9s \u00e0 Bakouma. Ils proc\u00e8dent \u00e0 la s\u00e9curisation de la ville, qui est situ\u00e9e \u00e0 une centaine de kilom\u00e8tres au nord de Bangassou, dans la pr\u00e9fecture du Mbomou. Les 300 casques bleus \u0153uvrant \u00e0 la s\u00e9curisation de Bakouma \u00e9taient [&hellip;]<\/p>\n","protected":false},"author":82,"featured_media":7267,"comment_status":"open","ping_status":"closed","sticky":false,"template":"","format":"standard","meta":{"footnotes":""},"categories":[11,2,20,10],"tags":[36,58,30],"class_list":["post-7268","post","type-post","status-publish","format-standard","has-post-thumbnail","hentry","category-homepage-french","category-politique","category-top-nouvelles","category-toutes-les-actualites","tag-africa-press","tag-africa-press-centrafricaine","tag-centrafricaine"],"yoast_head":"<!-- This site is optimized with the Yoast SEO Premium plugin v26.1 (Yoast SEO v27.0) - https:\/\/yoast.com\/product\/yoast-seo-premium-wordpress\/ -->\n<title>La MINUSCA s\u00e9curise la ville de Bakouma - centrafricaine<\/title>\n<meta name=\"description\" content=\"Bangui, R\u00e9publique centrafricaine, samedi, 22 mai 2021, 03:55:19 ( Corbeaunews-Centrafrique ). Depuis le dimanch ...\" \/>\n<meta name=\"robots\" content=\"index, follow, max-snippet:-1, max-image-preview:large, max-video-preview:-1\" \/>\n<link rel=\"canonical\" href=\"https:\/\/www.africa-press.net\/centrafricaine\/politique\/la-minusca-securise-la-ville-de-bakouma\" \/>\n<meta property=\"og:locale\" content=\"fr_FR\" \/>\n<meta property=\"og:type\" content=\"article\" \/>\n<meta property=\"og:title\" content=\"La MINUSCA s\u00e9curise la ville de Bakouma\" \/>\n<meta property=\"og:description\" content=\"Bangui, R\u00e9publique centrafricaine, samedi, 22 mai 2021, 03:55:19 ( Corbeaunews-Centrafrique ). Depuis le dimanch ...\" \/>\n<meta property=\"og:url\" content=\"https:\/\/www.africa-press.net\/centrafricaine\/politique\/la-minusca-securise-la-ville-de-bakouma\" \/>\n<meta property=\"og:site_name\" content=\"centrafricaine\" \/>\n<meta property=\"article:published_time\" content=\"2021-05-22T12:46:50+00:00\" \/>\n<meta property=\"article:modified_time\" content=\"2021-05-22T14:43:16+00:00\" \/>\n<meta property=\"og:image\" content=\"https:\/\/static.africa-press.net\/centrafricaine\/sites\/45\/2021\/05\/img-60a8fa5687abc.jpg\" \/>\n\t<meta property=\"og:image:width\" content=\"720\" \/>\n\t<meta property=\"og:image:height\" content=\"720\" \/>\n\t<meta property=\"og:image:type\" content=\"image\/jpeg\" \/>\n<meta name=\"author\" content=\"cfeditorfr\" \/>\n<meta name=\"twitter:card\" content=\"summary_large_image\" \/>\n<meta name=\"twitter:label1\" content=\"\u00c9crit par\" \/>\n\t<meta name=\"twitter:data1\" content=\"cfeditorfr\" \/>\n\t<meta name=\"twitter:label2\" content=\"Dur\u00e9e de lecture estim\u00e9e\" \/>\n\t<meta name=\"twitter:data2\" content=\"1 minute\" \/>\n<script type=\"application\/ld+json\" class=\"yoast-schema-graph\">{\"@context\":\"https:\/\/schema.org\",\"@graph\":[{\"@type\":\"Article\",\"@id\":\"https:\/\/www.africa-press.net\/centrafricaine\/politique\/la-minusca-securise-la-ville-de-bakouma#article\",\"isPartOf\":{\"@id\":\"https:\/\/www.africa-press.net\/centrafricaine\/politique\/la-minusca-securise-la-ville-de-bakouma\"},\"author\":{\"name\":\"cfeditorfr\",\"@id\":\"https:\/\/www.africa-press.net\/centrafricaine\/#\/schema\/person\/2b1cf3cd81a31e3cd26889ca66d677f1\"},\"headline\":\"La MINUSCA s\u00e9curise la ville de Bakouma\",\"datePublished\":\"2021-05-22T12:46:50+00:00\",\"dateModified\":\"2021-05-22T14:43:16+00:00\",\"mainEntityOfPage\":{\"@id\":\"https:\/\/www.africa-press.net\/centrafricaine\/politique\/la-minusca-securise-la-ville-de-bakouma\"},\"wordCount\":250,\"commentCount\":0,\"image\":{\"@id\":\"https:\/\/www.africa-press.net\/centrafricaine\/politique\/la-minusca-securise-la-ville-de-bakouma#primaryimage\"},\"thumbnailUrl\":\"https:\/\/static.africa-press.net\/centrafricaine\/sites\/45\/2021\/05\/img-60a8fa5687abc.jpg\",\"keywords\":[\"Africa Press\",\"Africa Press-CentrAfricaine\",\"CentrAfricaine\"],\"articleSection\":[\"homepage-french\",\"Politique\",\"Top Nouvelles\",\"Toutes les actualit\u00e9s\"],\"inLanguage\":\"fr-FR\",\"potentialAction\":[{\"@type\":\"CommentAction\",\"name\":\"Comment\",\"target\":[\"https:\/\/www.africa-press.net\/centrafricaine\/politique\/la-minusca-securise-la-ville-de-bakouma#respond\"]}]},{\"@type\":\"WebPage\",\"@id\":\"https:\/\/www.africa-press.net\/centrafricaine\/politique\/la-minusca-securise-la-ville-de-bakouma\",\"url\":\"https:\/\/www.africa-press.net\/centrafricaine\/politique\/la-minusca-securise-la-ville-de-bakouma\",\"name\":\"La MINUSCA s\u00e9curise la ville de Bakouma - centrafricaine\",\"isPartOf\":{\"@id\":\"https:\/\/www.africa-press.net\/centrafricaine\/#website\"},\"primaryImageOfPage\":{\"@id\":\"https:\/\/www.africa-press.net\/centrafricaine\/politique\/la-minusca-securise-la-ville-de-bakouma#primaryimage\"},\"image\":{\"@id\":\"https:\/\/www.africa-press.net\/centrafricaine\/politique\/la-minusca-securise-la-ville-de-bakouma#primaryimage\"},\"thumbnailUrl\":\"https:\/\/static.africa-press.net\/centrafricaine\/sites\/45\/2021\/05\/img-60a8fa5687abc.jpg\",\"datePublished\":\"2021-05-22T12:46:50+00:00\",\"dateModified\":\"2021-05-22T14:43:16+00:00\",\"author\":{\"@id\":\"https:\/\/www.africa-press.net\/centrafricaine\/#\/schema\/person\/2b1cf3cd81a31e3cd26889ca66d677f1\"},\"description\":\"Bangui, R\u00e9publique centrafricaine, samedi, 22 mai 2021, 03:55:19 ( Corbeaunews-Centrafrique ). Depuis le dimanch ...\",\"breadcrumb\":{\"@id\":\"https:\/\/www.africa-press.net\/centrafricaine\/politique\/la-minusca-securise-la-ville-de-bakouma#breadcrumb\"},\"inLanguage\":\"fr-FR\",\"potentialAction\":[{\"@type\":\"ReadAction\",\"target\":[\"https:\/\/www.africa-press.net\/centrafricaine\/politique\/la-minusca-securise-la-ville-de-bakouma\"]}]},{\"@type\":\"ImageObject\",\"inLanguage\":\"fr-FR\",\"@id\":\"https:\/\/www.africa-press.net\/centrafricaine\/politique\/la-minusca-securise-la-ville-de-bakouma#primaryimage\",\"url\":\"https:\/\/static.africa-press.net\/centrafricaine\/sites\/45\/2021\/05\/img-60a8fa5687abc.jpg\",\"contentUrl\":\"https:\/\/static.africa-press.net\/centrafricaine\/sites\/45\/2021\/05\/img-60a8fa5687abc.jpg\",\"width\":720,\"height\":720,\"caption\":\"La MINUSCA s\u00e9curise la ville de Bakouma\"},{\"@type\":\"BreadcrumbList\",\"@id\":\"https:\/\/www.africa-press.net\/centrafricaine\/politique\/la-minusca-securise-la-ville-de-bakouma#breadcrumb\",\"itemListElement\":[{\"@type\":\"ListItem\",\"position\":1,\"name\":\"Accueil\",\"item\":\"https:\/\/www.africa-press.net\/centrafricaine\/\"},{\"@type\":\"ListItem\",\"position\":2,\"name\":\"La MINUSCA s\u00e9curise la ville de Bakouma\"}]},{\"@type\":\"WebSite\",\"@id\":\"https:\/\/www.africa-press.net\/centrafricaine\/#website\",\"url\":\"https:\/\/www.africa-press.net\/centrafricaine\/\",\"name\":\"centrafricaine\",\"description\":\"Just another Africa News Agency Sites site\",\"potentialAction\":[{\"@type\":\"SearchAction\",\"target\":{\"@type\":\"EntryPoint\",\"urlTemplate\":\"https:\/\/www.africa-press.net\/centrafricaine\/?s={search_term_string}\"},\"query-input\":{\"@type\":\"PropertyValueSpecification\",\"valueRequired\":true,\"valueName\":\"search_term_string\"}}],\"inLanguage\":\"fr-FR\"},{\"@type\":\"Person\",\"@id\":\"https:\/\/www.africa-press.net\/centrafricaine\/#\/schema\/person\/2b1cf3cd81a31e3cd26889ca66d677f1\",\"name\":\"cfeditorfr\"}]}<\/script>\n<!-- \/ Yoast SEO Premium plugin. -->","yoast_head_json":{"title":"La MINUSCA s\u00e9curise la ville de Bakouma - centrafricaine","description":"Bangui, R\u00e9publique centrafricaine, samedi, 22 mai 2021, 03:55:19 ( Corbeaunews-Centrafrique ). Depuis le dimanch ...","robots":{"index":"index","follow":"follow","max-snippet":"max-snippet:-1","max-image-preview":"max-image-preview:large","max-video-preview":"max-video-preview:-1"},"canonical":"https:\/\/www.africa-press.net\/centrafricaine\/politique\/la-minusca-securise-la-ville-de-bakouma","og_locale":"fr_FR","og_type":"article","og_title":"La MINUSCA s\u00e9curise la ville de Bakouma","og_description":"Bangui, R\u00e9publique centrafricaine, samedi, 22 mai 2021, 03:55:19 ( Corbeaunews-Centrafrique ). Depuis le dimanch ...","og_url":"https:\/\/www.africa-press.net\/centrafricaine\/politique\/la-minusca-securise-la-ville-de-bakouma","og_site_name":"centrafricaine","article_published_time":"2021-05-22T12:46:50+00:00","article_modified_time":"2021-05-22T14:43:16+00:00","og_image":[{"width":720,"height":720,"url":"https:\/\/static.africa-press.net\/centrafricaine\/sites\/45\/2021\/05\/img-60a8fa5687abc.jpg","type":"image\/jpeg"}],"author":"cfeditorfr","twitter_card":"summary_large_image","twitter_misc":{"\u00c9crit par":"cfeditorfr","Dur\u00e9e de lecture estim\u00e9e":"1 minute"},"schema":{"@context":"https:\/\/schema.org","@graph":[{"@type":"Article","@id":"https:\/\/www.africa-press.net\/centrafricaine\/politique\/la-minusca-securise-la-ville-de-bakouma#article","isPartOf":{"@id":"https:\/\/www.africa-press.net\/centrafricaine\/politique\/la-minusca-securise-la-ville-de-bakouma"},"author":{"name":"cfeditorfr","@id":"https:\/\/www.africa-press.net\/centrafricaine\/#\/schema\/person\/2b1cf3cd81a31e3cd26889ca66d677f1"},"headline":"La MINUSCA s\u00e9curise la ville de Bakouma","datePublished":"2021-05-22T12:46:50+00:00","dateModified":"2021-05-22T14:43:16+00:00","mainEntityOfPage":{"@id":"https:\/\/www.africa-press.net\/centrafricaine\/politique\/la-minusca-securise-la-ville-de-bakouma"},"wordCount":250,"commentCount":0,"image":{"@id":"https:\/\/www.africa-press.net\/centrafricaine\/politique\/la-minusca-securise-la-ville-de-bakouma#primaryimage"},"thumbnailUrl":"https:\/\/static.africa-press.net\/centrafricaine\/sites\/45\/2021\/05\/img-60a8fa5687abc.jpg","keywords":["Africa Press","Africa Press-CentrAfricaine","CentrAfricaine"],"articleSection":["homepage-french","Politique","Top Nouvelles","Toutes les actualit\u00e9s"],"inLanguage":"fr-FR","potentialAction":[{"@type":"CommentAction","name":"Comment","target":["https:\/\/www.africa-press.net\/centrafricaine\/politique\/la-minusca-securise-la-ville-de-bakouma#respond"]}]},{"@type":"WebPage","@id":"https:\/\/www.africa-press.net\/centrafricaine\/politique\/la-minusca-securise-la-ville-de-bakouma","url":"https:\/\/www.africa-press.net\/centrafricaine\/politique\/la-minusca-securise-la-ville-de-bakouma","name":"La MINUSCA s\u00e9curise la ville de Bakouma - centrafricaine","isPartOf":{"@id":"https:\/\/www.africa-press.net\/centrafricaine\/#website"},"primaryImageOfPage":{"@id":"https:\/\/www.africa-press.net\/centrafricaine\/politique\/la-minusca-securise-la-ville-de-bakouma#primaryimage"},"image":{"@id":"https:\/\/www.africa-press.net\/centrafricaine\/politique\/la-minusca-securise-la-ville-de-bakouma#primaryimage"},"thumbnailUrl":"https:\/\/static.africa-press.net\/centrafricaine\/sites\/45\/2021\/05\/img-60a8fa5687abc.jpg","datePublished":"2021-05-22T12:46:50+00:00","dateModified":"2021-05-22T14:43:16+00:00","author":{"@id":"https:\/\/www.africa-press.net\/centrafricaine\/#\/schema\/person\/2b1cf3cd81a31e3cd26889ca66d677f1"},"description":"Bangui, R\u00e9publique centrafricaine, samedi, 22 mai 2021, 03:55:19 ( Corbeaunews-Centrafrique ). Depuis le dimanch ...","breadcrumb":{"@id":"https:\/\/www.africa-press.net\/centrafricaine\/politique\/la-minusca-securise-la-ville-de-bakouma#breadcrumb"},"inLanguage":"fr-FR","potentialAction":[{"@type":"ReadAction","target":["https:\/\/www.africa-press.net\/centrafricaine\/politique\/la-minusca-securise-la-ville-de-bakouma"]}]},{"@type":"ImageObject","inLanguage":"fr-FR","@id":"https:\/\/www.africa-press.net\/centrafricaine\/politique\/la-minusca-securise-la-ville-de-bakouma#primaryimage","url":"https:\/\/static.africa-press.net\/centrafricaine\/sites\/45\/2021\/05\/img-60a8fa5687abc.jpg","contentUrl":"https:\/\/static.africa-press.net\/centrafricaine\/sites\/45\/2021\/05\/img-60a8fa5687abc.jpg","width":720,"height":720,"caption":"La MINUSCA s\u00e9curise la ville de Bakouma"},{"@type":"BreadcrumbList","@id":"https:\/\/www.africa-press.net\/centrafricaine\/politique\/la-minusca-securise-la-ville-de-bakouma#breadcrumb","itemListElement":[{"@type":"ListItem","position":1,"name":"Accueil","item":"https:\/\/www.africa-press.net\/centrafricaine\/"},{"@type":"ListItem","position":2,"name":"La MINUSCA s\u00e9curise la ville de Bakouma"}]},{"@type":"WebSite","@id":"https:\/\/www.africa-press.net\/centrafricaine\/#website","url":"https:\/\/www.africa-press.net\/centrafricaine\/","name":"centrafricaine","description":"Just another Africa News Agency Sites site","potentialAction":[{"@type":"SearchAction","target":{"@type":"EntryPoint","urlTemplate":"https:\/\/www.africa-press.net\/centrafricaine\/?s={search_term_string}"},"query-input":{"@type":"PropertyValueSpecification","valueRequired":true,"valueName":"search_term_string"}}],"inLanguage":"fr-FR"},{"@type":"Person","@id":"https:\/\/www.africa-press.net\/centrafricaine\/#\/schema\/person\/2b1cf3cd81a31e3cd26889ca66d677f1","name":"cfeditorfr"}]}},"_links":{"self":[{"href":"https:\/\/www.africa-press.net\/centrafricaine\/wp-json\/wp\/v2\/posts\/7268","targetHints":{"allow":["GET"]}}],"collection":[{"href":"https:\/\/www.africa-press.net\/centrafricaine\/wp-json\/wp\/v2\/posts"}],"about":[{"href":"https:\/\/www.africa-press.net\/centrafricaine\/wp-json\/wp\/v2\/types\/post"}],"author":[{"embeddable":true,"href":"https:\/\/www.africa-press.net\/centrafricaine\/wp-json\/wp\/v2\/users\/82"}],"replies":[{"embeddable":true,"href":"https:\/\/www.africa-press.net\/centrafricaine\/wp-json\/wp\/v2\/comments?post=7268"}],"version-history":[{"count":0,"href":"https:\/\/www.africa-press.net\/centrafricaine\/wp-json\/wp\/v2\/posts\/7268\/revisions"}],"wp:featuredmedia":[{"embeddable":true,"href":"https:\/\/www.africa-press.net\/centrafricaine\/wp-json\/wp\/v2\/media\/7267"}],"wp:attachment":[{"href":"https:\/\/www.africa-press.net\/centrafricaine\/wp-json\/wp\/v2\/media?parent=7268"}],"wp:term":[{"taxonomy":"category","embeddable":true,"href":"https:\/\/www.africa-press.net\/centrafricaine\/wp-json\/wp\/v2\/categories?post=7268"},{"taxonomy":"post_tag","embeddable":true,"href":"https:\/\/www.africa-press.net\/centrafricaine\/wp-json\/wp\/v2\/tags?post=7268"}],"curies":[{"name":"wp","href":"https:\/\/api.w.org\/{rel}","templated":true}]}}