{"id":7271,"date":"2021-05-22T12:53:24","date_gmt":"2021-05-22T12:53:24","guid":{"rendered":"https:\/\/www.africa-press.net\/centrafricaine\/?p=7271"},"modified":"2021-05-22T14:43:36","modified_gmt":"2021-05-22T14:43:36","slug":"rca-lettre-ouverte-des-observateurs-des-organisations-de-la-societe-centrafricaine-au-chef-de-letat-concernant-le-nouvel-elan-des-deputes","status":"publish","type":"post","link":"https:\/\/www.africa-press.net\/centrafricaine\/politique\/rca-lettre-ouverte-des-observateurs-des-organisations-de-la-societe-centrafricaine-au-chef-de-letat-concernant-le-nouvel-elan-des-deputes","title":{"rendered":"lettre ouverte des Observateurs des Organisations de la soci\u00e9t\u00e9 Centrafricaine au chef de l\u2019\u00c9tat concernant le Nouvel \u00c9lan des D\u00e9put\u00e9s"},"content":{"rendered":"<p><span style=\"color: #ff6600\"><strong><a href=\"https:\/\/www.africa-press.net\/\">Africa-Press<\/a> &#8211; <a href=\"https:\/\/www.africa-press.net\/centrafricaine\">CentrAfricaine<\/a>.\u00a0 <\/strong><\/span>Observateurs des Organisations de la soci\u00e9t\u00e9 Centrafricaine Moderne, de toutes les 20 Pr\u00e9fectures, travaillant dans diff\u00e9rents domaines du d\u00e9veloppement d\u00e9mocratique, communautaire et de la d\u00e9fense des droits humains, avec le soutien des organisations partenaires internationales signataires de la pr\u00e9sente, vous adressons cette lettre ouverte pour vous exprimer nos vives inqui\u00e9tudes face au Nouvel Elan des D\u00e9put\u00e9s Koudoufaristes (Alliance RDC-Massikinisme), syndr\u00f4me de la trahison n\u00e9, lors de la mise en place du nouveau Bureau de l\u2019Assembl\u00e9e Nationale, rempli par des bras cass\u00e9s, des titulaires de Faux Dipl\u00f4mes en Droit comme Evariste NGAMANA.<\/p>\n<p>La trahison par Mathurin MASSIKINI, en mission en Afrique du Sud, qui fait la honte des presses panafricanistes doit \u00eatre consid\u00e9r\u00e9e comme une attaque, contre les institutions r\u00e9publicaines, l\u2019Assembl\u00e9e Nationale et contre l\u2019\u00e9tat de droit, perp\u00e9tr\u00e9es sur ordre de cette n\u00e9buleuse \u00ab Massikinisme \u00bb.<\/p>\n<p>Nous en appelons \u00e0 votre intervention personnelle et vous prions d\u2019user de vos pr\u00e9rogatives de garant de la constitution et de chef politique de l\u2019MCU, pour<\/p>\n<p>Comme le reste de l\u2019opinion nationale et internationale, nous suivons avec inqui\u00e9tude la crise politique actuelle en marge du dialogue qui se veut r\u00e9publicain, mais mal organis\u00e9 par l\u2019amateurisme cong\u00e9nital de vos staffs \u00e0 la pr\u00e9sidence.<\/p>\n<p>Le conflit arm\u00e9 qui d\u00e9chire notre pays a d\u00e9j\u00e0 donn\u00e9 lieu \u00e0 des abus des droits humains par le gouvernement qui a proc\u00e9d\u00e9, \u00e0 des arrestations arbitraires des leaders politiques, des intimidations des d\u00e9fenseurs des droits de l\u2019homme qui pr\u00e9paraient une d\u00e9nonciation de l\u2019action criminelle du gouvernement de la pr\u00e9dation des institutions douani\u00e8res liquid\u00e9es dans son ensemble aux mercenaires Russes pour se payer directement sur le terrain.<\/p>\n<p>L\u2019Ancien Ministre de la Jeunesse et des Sports est d\u00e9tenu sans les complices, Daniel NZEWE, NGREPAYO Ars\u00e8ne et autres.<\/p>\n<p>Contrairement \u00e0 la tradition, les repr\u00e9sentants du pouvoir judiciaire se sont joints aux membres du gouvernement et d\u00e9put\u00e9s de MCU, dans la proc\u00e9dure d\u2019emp\u00eacher, Martin ZIGUELE et autres, dans leur mouvement et libert\u00e9s d\u2019aller et venir \u2026.<\/p>\n<p>Ces incidents constituent une indication que si rien n\u2019est fait, l\u2019unique solution reste le soul\u00e8vement populaire !<\/p>\n<p>Nous sommes convaincus que ces actes d\u2019arrestation arbitraire, de menace et d\u2019intimidation auront des cons\u00e9quences n\u00e9gatives sur l\u2019ind\u00e9pendance et la suite du dialogue r\u00e9publicain en cours.<\/p>\n<p>Depuis la tenue des \u00e9lections tr\u00e8s controvers\u00e9es de 20202021, nous suivons avec beaucoup d\u2019int\u00e9r\u00eat le travail effectu\u00e9 par la Cour Constitutionnelle dans les domaines de recadrage juridique.<\/p>\n<p>Malheureusement, nous assistons \u00e0 nouvel \u00e9lan de massikinisme-n\u00e9 en lieu et place de koudoufarisme-mort !<\/p>\n<p>Nous disons stop !<\/p>\n<p>La cour constitutionnelle doit revoir la copie de sa d\u00e9cision pour allonger la liste des d\u00e9put\u00e9s \u00e0 retirer leur mandat, car, ils ont quitt\u00e9 leurs partis, de fait et r\u00e9ellement en droit.<\/p>\n<p>Nous sommes conscients des nombreuses limites de votre personnalit\u00e9 \u00e0 d\u00e9cider et se faire passer pour toujours comme un homme qui se cache derri\u00e8re les proches au puboir, y compris des all\u00e9gations de corruption non seulement, des d\u00e9put\u00e9s du RDC qui ont vendu le vote pour que le MCU puisse prendre la t\u00eate et l\u2019ensemble des bureau de l\u2019Assembl\u00e9e Nationale, dont la presse se fait parfois l\u2019\u00e9cho et pour lesquelles la liste m\u00eame des d\u00e9put\u00e9s membres du bureau prouve \u00e0 suffisance, mais, la configuration des commissions permanentes de l\u2019Assembl\u00e9e nationale en elles-m\u00eames r\u00e9cemment institu\u00e9 est illustratrice.<\/p>\n<p>Mais nous observons \u00e9galement avec une certaine m\u00e9fiance, les d\u00e9tournements accomplis sur les dons et financement li\u00e9s \u00e0 la pand\u00e9mie covid-19, aux minist\u00e8re de l\u2019action humanitaires et le minist\u00e8re des finance et du budget en d\u00e9pit de ces faiblesses.<\/p>\n<p>La trahison enclench\u00e9e par Mathurin MASSIKINI, est de nature \u00e0 saper le droit des \u00e9lecteurs de r\u00e9pondre \u00e0 l\u2019obligation de rester dans leur propre parti et \u00e0 l\u2019obligation de ne pas koudoufarer !<\/p>\n<p>Nous vous exhortons \u00e0 veiller \u00e0 ce que la recherche d\u2019une coh\u00e9sion politique au sein du groupement politique MCU ne puisse se faire au prix de l\u2019int\u00e9r\u00eat g\u00e9n\u00e9ral et du droit des centrafricain \u00e0 une d\u00e9mocratie vibrante. Si non, seule un soul\u00e8vement populaire reste l\u2019arme des \u00e9lecteurs.<\/p>\n<p>Nous avons foi que vous prendrez la mesure de la n\u00e9cessit\u00e9 d\u2019intervenir \u00e0 temps pour arr\u00eater le recours aux moyens non l\u00e9gaux qui d\u00e9stabilisent l\u2019Assembl\u00e9e nationale. Seule la soumission \u00e0 la constitution et aux lois centrafricaines garantira le respect de l\u2019ind\u00e9pendance du parlement et des droits de tous les citoyens centrafricains \u00e0 ne pas se soulever, et pr\u00e9servera les acquis d\u00e9mocratiques.<\/p>\n<p>&nbsp;<\/p>\n<p>&nbsp;<\/p>\n","protected":false},"excerpt":{"rendered":"<p>Africa-Press &#8211; CentrAfricaine.\u00a0 Observateurs des Organisations de la soci\u00e9t\u00e9 Centrafricaine Moderne, de toutes les 20 Pr\u00e9fectures, travaillant dans diff\u00e9rents domaines du d\u00e9veloppement d\u00e9mocratique, communautaire et de la d\u00e9fense des droits humains, avec le soutien des organisations partenaires internationales signataires de la pr\u00e9sente, vous adressons cette lettre ouverte pour vous exprimer nos vives inqui\u00e9tudes face au [&hellip;]<\/p>\n","protected":false},"author":82,"featured_media":7270,"comment_status":"open","ping_status":"closed","sticky":false,"template":"","format":"standard","meta":{"footnotes":""},"categories":[11,2,20,10],"tags":[36,58,30],"class_list":["post-7271","post","type-post","status-publish","format-standard","has-post-thumbnail","hentry","category-homepage-french","category-politique","category-top-nouvelles","category-toutes-les-actualites","tag-africa-press","tag-africa-press-centrafricaine","tag-centrafricaine"],"yoast_head":"<!-- This site is optimized with the Yoast SEO Premium plugin v26.1 (Yoast SEO v27.0) - https:\/\/yoast.com\/product\/yoast-seo-premium-wordpress\/ -->\n<title>lettre ouverte des Observateurs des Organisations de la soci\u00e9t\u00e9 Centrafricaine au chef de l\u2019\u00c9tat concernant le Nouvel \u00c9lan des D\u00e9put\u00e9s - centrafricaine<\/title>\n<meta name=\"description\" content=\"A Leurs Excellences, MM : -Pr\u00e9sident de la R\u00e9publique Centrafricaine, -Pr\u00e9sident de l\u2019Assembl\u00e9e Nationale, -Pr\u00e9sident ...\" \/>\n<meta name=\"robots\" content=\"index, follow, max-snippet:-1, max-image-preview:large, max-video-preview:-1\" \/>\n<link rel=\"canonical\" href=\"https:\/\/www.africa-press.net\/centrafricaine\/politique\/rca-lettre-ouverte-des-observateurs-des-organisations-de-la-societe-centrafricaine-au-chef-de-letat-concernant-le-nouvel-elan-des-deputes\" \/>\n<meta property=\"og:locale\" content=\"fr_FR\" \/>\n<meta property=\"og:type\" content=\"article\" \/>\n<meta property=\"og:title\" content=\"lettre ouverte des Observateurs des Organisations de la soci\u00e9t\u00e9 Centrafricaine au chef de l\u2019\u00c9tat concernant le Nouvel \u00c9lan des D\u00e9put\u00e9s\" \/>\n<meta property=\"og:description\" content=\"A Leurs Excellences, MM : -Pr\u00e9sident de la R\u00e9publique Centrafricaine, -Pr\u00e9sident de l\u2019Assembl\u00e9e Nationale, -Pr\u00e9sident ...\" \/>\n<meta property=\"og:url\" content=\"https:\/\/www.africa-press.net\/centrafricaine\/politique\/rca-lettre-ouverte-des-observateurs-des-organisations-de-la-societe-centrafricaine-au-chef-de-letat-concernant-le-nouvel-elan-des-deputes\" \/>\n<meta property=\"og:site_name\" content=\"centrafricaine\" \/>\n<meta property=\"article:published_time\" content=\"2021-05-22T12:53:24+00:00\" \/>\n<meta property=\"article:modified_time\" content=\"2021-05-22T14:43:36+00:00\" \/>\n<meta property=\"og:image\" content=\"https:\/\/static.africa-press.net\/centrafricaine\/sites\/45\/2021\/05\/img-60a8fa7e3dd98.jpg\" \/>\n\t<meta property=\"og:image:width\" content=\"720\" \/>\n\t<meta property=\"og:image:height\" content=\"405\" \/>\n\t<meta property=\"og:image:type\" content=\"image\/jpeg\" \/>\n<meta name=\"author\" content=\"cfeditorfr\" \/>\n<meta name=\"twitter:card\" content=\"summary_large_image\" \/>\n<meta name=\"twitter:label1\" content=\"\u00c9crit par\" \/>\n\t<meta name=\"twitter:data1\" content=\"cfeditorfr\" \/>\n\t<meta name=\"twitter:label2\" content=\"Dur\u00e9e de lecture estim\u00e9e\" \/>\n\t<meta name=\"twitter:data2\" content=\"4 minutes\" \/>\n<script type=\"application\/ld+json\" class=\"yoast-schema-graph\">{\"@context\":\"https:\/\/schema.org\",\"@graph\":[{\"@type\":\"Article\",\"@id\":\"https:\/\/www.africa-press.net\/centrafricaine\/politique\/rca-lettre-ouverte-des-observateurs-des-organisations-de-la-societe-centrafricaine-au-chef-de-letat-concernant-le-nouvel-elan-des-deputes#article\",\"isPartOf\":{\"@id\":\"https:\/\/www.africa-press.net\/centrafricaine\/politique\/rca-lettre-ouverte-des-observateurs-des-organisations-de-la-societe-centrafricaine-au-chef-de-letat-concernant-le-nouvel-elan-des-deputes\"},\"author\":{\"name\":\"cfeditorfr\",\"@id\":\"https:\/\/www.africa-press.net\/centrafricaine\/#\/schema\/person\/2b1cf3cd81a31e3cd26889ca66d677f1\"},\"headline\":\"lettre ouverte des Observateurs des Organisations de la soci\u00e9t\u00e9 Centrafricaine au chef de l\u2019\u00c9tat concernant le Nouvel \u00c9lan des D\u00e9put\u00e9s\",\"datePublished\":\"2021-05-22T12:53:24+00:00\",\"dateModified\":\"2021-05-22T14:43:36+00:00\",\"mainEntityOfPage\":{\"@id\":\"https:\/\/www.africa-press.net\/centrafricaine\/politique\/rca-lettre-ouverte-des-observateurs-des-organisations-de-la-societe-centrafricaine-au-chef-de-letat-concernant-le-nouvel-elan-des-deputes\"},\"wordCount\":842,\"commentCount\":0,\"image\":{\"@id\":\"https:\/\/www.africa-press.net\/centrafricaine\/politique\/rca-lettre-ouverte-des-observateurs-des-organisations-de-la-societe-centrafricaine-au-chef-de-letat-concernant-le-nouvel-elan-des-deputes#primaryimage\"},\"thumbnailUrl\":\"https:\/\/static.africa-press.net\/centrafricaine\/sites\/45\/2021\/05\/img-60a8fa7e3dd98.jpg\",\"keywords\":[\"Africa Press\",\"Africa Press-CentrAfricaine\",\"CentrAfricaine\"],\"articleSection\":[\"homepage-french\",\"Politique\",\"Top Nouvelles\",\"Toutes les actualit\u00e9s\"],\"inLanguage\":\"fr-FR\",\"potentialAction\":[{\"@type\":\"CommentAction\",\"name\":\"Comment\",\"target\":[\"https:\/\/www.africa-press.net\/centrafricaine\/politique\/rca-lettre-ouverte-des-observateurs-des-organisations-de-la-societe-centrafricaine-au-chef-de-letat-concernant-le-nouvel-elan-des-deputes#respond\"]}]},{\"@type\":\"WebPage\",\"@id\":\"https:\/\/www.africa-press.net\/centrafricaine\/politique\/rca-lettre-ouverte-des-observateurs-des-organisations-de-la-societe-centrafricaine-au-chef-de-letat-concernant-le-nouvel-elan-des-deputes\",\"url\":\"https:\/\/www.africa-press.net\/centrafricaine\/politique\/rca-lettre-ouverte-des-observateurs-des-organisations-de-la-societe-centrafricaine-au-chef-de-letat-concernant-le-nouvel-elan-des-deputes\",\"name\":\"lettre ouverte des Observateurs des Organisations de la soci\u00e9t\u00e9 Centrafricaine au chef de l\u2019\u00c9tat concernant le Nouvel \u00c9lan des D\u00e9put\u00e9s - centrafricaine\",\"isPartOf\":{\"@id\":\"https:\/\/www.africa-press.net\/centrafricaine\/#website\"},\"primaryImageOfPage\":{\"@id\":\"https:\/\/www.africa-press.net\/centrafricaine\/politique\/rca-lettre-ouverte-des-observateurs-des-organisations-de-la-societe-centrafricaine-au-chef-de-letat-concernant-le-nouvel-elan-des-deputes#primaryimage\"},\"image\":{\"@id\":\"https:\/\/www.africa-press.net\/centrafricaine\/politique\/rca-lettre-ouverte-des-observateurs-des-organisations-de-la-societe-centrafricaine-au-chef-de-letat-concernant-le-nouvel-elan-des-deputes#primaryimage\"},\"thumbnailUrl\":\"https:\/\/static.africa-press.net\/centrafricaine\/sites\/45\/2021\/05\/img-60a8fa7e3dd98.jpg\",\"datePublished\":\"2021-05-22T12:53:24+00:00\",\"dateModified\":\"2021-05-22T14:43:36+00:00\",\"author\":{\"@id\":\"https:\/\/www.africa-press.net\/centrafricaine\/#\/schema\/person\/2b1cf3cd81a31e3cd26889ca66d677f1\"},\"description\":\"A Leurs Excellences, MM : -Pr\u00e9sident de la R\u00e9publique Centrafricaine, -Pr\u00e9sident de l\u2019Assembl\u00e9e Nationale, -Pr\u00e9sident ...\",\"breadcrumb\":{\"@id\":\"https:\/\/www.africa-press.net\/centrafricaine\/politique\/rca-lettre-ouverte-des-observateurs-des-organisations-de-la-societe-centrafricaine-au-chef-de-letat-concernant-le-nouvel-elan-des-deputes#breadcrumb\"},\"inLanguage\":\"fr-FR\",\"potentialAction\":[{\"@type\":\"ReadAction\",\"target\":[\"https:\/\/www.africa-press.net\/centrafricaine\/politique\/rca-lettre-ouverte-des-observateurs-des-organisations-de-la-societe-centrafricaine-au-chef-de-letat-concernant-le-nouvel-elan-des-deputes\"]}]},{\"@type\":\"ImageObject\",\"inLanguage\":\"fr-FR\",\"@id\":\"https:\/\/www.africa-press.net\/centrafricaine\/politique\/rca-lettre-ouverte-des-observateurs-des-organisations-de-la-societe-centrafricaine-au-chef-de-letat-concernant-le-nouvel-elan-des-deputes#primaryimage\",\"url\":\"https:\/\/static.africa-press.net\/centrafricaine\/sites\/45\/2021\/05\/img-60a8fa7e3dd98.jpg\",\"contentUrl\":\"https:\/\/static.africa-press.net\/centrafricaine\/sites\/45\/2021\/05\/img-60a8fa7e3dd98.jpg\",\"width\":720,\"height\":405,\"caption\":\"RCA\u00a0: lettre ouverte des Observateurs des Organisations de la soci\u00e9t\u00e9 Centrafricaine au chef de l\u2019\u00c9tat concernant le Nouvel \u00c9lan des D\u00e9put\u00e9s\"},{\"@type\":\"BreadcrumbList\",\"@id\":\"https:\/\/www.africa-press.net\/centrafricaine\/politique\/rca-lettre-ouverte-des-observateurs-des-organisations-de-la-societe-centrafricaine-au-chef-de-letat-concernant-le-nouvel-elan-des-deputes#breadcrumb\",\"itemListElement\":[{\"@type\":\"ListItem\",\"position\":1,\"name\":\"Accueil\",\"item\":\"https:\/\/www.africa-press.net\/centrafricaine\/\"},{\"@type\":\"ListItem\",\"position\":2,\"name\":\"lettre ouverte des Observateurs des Organisations de la soci\u00e9t\u00e9 Centrafricaine au chef de l\u2019\u00c9tat concernant le Nouvel \u00c9lan des D\u00e9put\u00e9s\"}]},{\"@type\":\"WebSite\",\"@id\":\"https:\/\/www.africa-press.net\/centrafricaine\/#website\",\"url\":\"https:\/\/www.africa-press.net\/centrafricaine\/\",\"name\":\"centrafricaine\",\"description\":\"Just another Africa News Agency Sites site\",\"potentialAction\":[{\"@type\":\"SearchAction\",\"target\":{\"@type\":\"EntryPoint\",\"urlTemplate\":\"https:\/\/www.africa-press.net\/centrafricaine\/?s={search_term_string}\"},\"query-input\":{\"@type\":\"PropertyValueSpecification\",\"valueRequired\":true,\"valueName\":\"search_term_string\"}}],\"inLanguage\":\"fr-FR\"},{\"@type\":\"Person\",\"@id\":\"https:\/\/www.africa-press.net\/centrafricaine\/#\/schema\/person\/2b1cf3cd81a31e3cd26889ca66d677f1\",\"name\":\"cfeditorfr\"}]}<\/script>\n<!-- \/ Yoast SEO Premium plugin. -->","yoast_head_json":{"title":"lettre ouverte des Observateurs des Organisations de la soci\u00e9t\u00e9 Centrafricaine au chef de l\u2019\u00c9tat concernant le Nouvel \u00c9lan des D\u00e9put\u00e9s - centrafricaine","description":"A Leurs Excellences, MM : -Pr\u00e9sident de la R\u00e9publique Centrafricaine, -Pr\u00e9sident de l\u2019Assembl\u00e9e Nationale, -Pr\u00e9sident ...","robots":{"index":"index","follow":"follow","max-snippet":"max-snippet:-1","max-image-preview":"max-image-preview:large","max-video-preview":"max-video-preview:-1"},"canonical":"https:\/\/www.africa-press.net\/centrafricaine\/politique\/rca-lettre-ouverte-des-observateurs-des-organisations-de-la-societe-centrafricaine-au-chef-de-letat-concernant-le-nouvel-elan-des-deputes","og_locale":"fr_FR","og_type":"article","og_title":"lettre ouverte des Observateurs des Organisations de la soci\u00e9t\u00e9 Centrafricaine au chef de l\u2019\u00c9tat concernant le Nouvel \u00c9lan des D\u00e9put\u00e9s","og_description":"A Leurs Excellences, MM : -Pr\u00e9sident de la R\u00e9publique Centrafricaine, -Pr\u00e9sident de l\u2019Assembl\u00e9e Nationale, -Pr\u00e9sident ...","og_url":"https:\/\/www.africa-press.net\/centrafricaine\/politique\/rca-lettre-ouverte-des-observateurs-des-organisations-de-la-societe-centrafricaine-au-chef-de-letat-concernant-le-nouvel-elan-des-deputes","og_site_name":"centrafricaine","article_published_time":"2021-05-22T12:53:24+00:00","article_modified_time":"2021-05-22T14:43:36+00:00","og_image":[{"width":720,"height":405,"url":"https:\/\/static.africa-press.net\/centrafricaine\/sites\/45\/2021\/05\/img-60a8fa7e3dd98.jpg","type":"image\/jpeg"}],"author":"cfeditorfr","twitter_card":"summary_large_image","twitter_misc":{"\u00c9crit par":"cfeditorfr","Dur\u00e9e de lecture estim\u00e9e":"4 minutes"},"schema":{"@context":"https:\/\/schema.org","@graph":[{"@type":"Article","@id":"https:\/\/www.africa-press.net\/centrafricaine\/politique\/rca-lettre-ouverte-des-observateurs-des-organisations-de-la-societe-centrafricaine-au-chef-de-letat-concernant-le-nouvel-elan-des-deputes#article","isPartOf":{"@id":"https:\/\/www.africa-press.net\/centrafricaine\/politique\/rca-lettre-ouverte-des-observateurs-des-organisations-de-la-societe-centrafricaine-au-chef-de-letat-concernant-le-nouvel-elan-des-deputes"},"author":{"name":"cfeditorfr","@id":"https:\/\/www.africa-press.net\/centrafricaine\/#\/schema\/person\/2b1cf3cd81a31e3cd26889ca66d677f1"},"headline":"lettre ouverte des Observateurs des Organisations de la soci\u00e9t\u00e9 Centrafricaine au chef de l\u2019\u00c9tat concernant le Nouvel \u00c9lan des D\u00e9put\u00e9s","datePublished":"2021-05-22T12:53:24+00:00","dateModified":"2021-05-22T14:43:36+00:00","mainEntityOfPage":{"@id":"https:\/\/www.africa-press.net\/centrafricaine\/politique\/rca-lettre-ouverte-des-observateurs-des-organisations-de-la-societe-centrafricaine-au-chef-de-letat-concernant-le-nouvel-elan-des-deputes"},"wordCount":842,"commentCount":0,"image":{"@id":"https:\/\/www.africa-press.net\/centrafricaine\/politique\/rca-lettre-ouverte-des-observateurs-des-organisations-de-la-societe-centrafricaine-au-chef-de-letat-concernant-le-nouvel-elan-des-deputes#primaryimage"},"thumbnailUrl":"https:\/\/static.africa-press.net\/centrafricaine\/sites\/45\/2021\/05\/img-60a8fa7e3dd98.jpg","keywords":["Africa Press","Africa Press-CentrAfricaine","CentrAfricaine"],"articleSection":["homepage-french","Politique","Top Nouvelles","Toutes les actualit\u00e9s"],"inLanguage":"fr-FR","potentialAction":[{"@type":"CommentAction","name":"Comment","target":["https:\/\/www.africa-press.net\/centrafricaine\/politique\/rca-lettre-ouverte-des-observateurs-des-organisations-de-la-societe-centrafricaine-au-chef-de-letat-concernant-le-nouvel-elan-des-deputes#respond"]}]},{"@type":"WebPage","@id":"https:\/\/www.africa-press.net\/centrafricaine\/politique\/rca-lettre-ouverte-des-observateurs-des-organisations-de-la-societe-centrafricaine-au-chef-de-letat-concernant-le-nouvel-elan-des-deputes","url":"https:\/\/www.africa-press.net\/centrafricaine\/politique\/rca-lettre-ouverte-des-observateurs-des-organisations-de-la-societe-centrafricaine-au-chef-de-letat-concernant-le-nouvel-elan-des-deputes","name":"lettre ouverte des Observateurs des Organisations de la soci\u00e9t\u00e9 Centrafricaine au chef de l\u2019\u00c9tat concernant le Nouvel \u00c9lan des D\u00e9put\u00e9s - centrafricaine","isPartOf":{"@id":"https:\/\/www.africa-press.net\/centrafricaine\/#website"},"primaryImageOfPage":{"@id":"https:\/\/www.africa-press.net\/centrafricaine\/politique\/rca-lettre-ouverte-des-observateurs-des-organisations-de-la-societe-centrafricaine-au-chef-de-letat-concernant-le-nouvel-elan-des-deputes#primaryimage"},"image":{"@id":"https:\/\/www.africa-press.net\/centrafricaine\/politique\/rca-lettre-ouverte-des-observateurs-des-organisations-de-la-societe-centrafricaine-au-chef-de-letat-concernant-le-nouvel-elan-des-deputes#primaryimage"},"thumbnailUrl":"https:\/\/static.africa-press.net\/centrafricaine\/sites\/45\/2021\/05\/img-60a8fa7e3dd98.jpg","datePublished":"2021-05-22T12:53:24+00:00","dateModified":"2021-05-22T14:43:36+00:00","author":{"@id":"https:\/\/www.africa-press.net\/centrafricaine\/#\/schema\/person\/2b1cf3cd81a31e3cd26889ca66d677f1"},"description":"A Leurs Excellences, MM : -Pr\u00e9sident de la R\u00e9publique Centrafricaine, -Pr\u00e9sident de l\u2019Assembl\u00e9e Nationale, -Pr\u00e9sident ...","breadcrumb":{"@id":"https:\/\/www.africa-press.net\/centrafricaine\/politique\/rca-lettre-ouverte-des-observateurs-des-organisations-de-la-societe-centrafricaine-au-chef-de-letat-concernant-le-nouvel-elan-des-deputes#breadcrumb"},"inLanguage":"fr-FR","potentialAction":[{"@type":"ReadAction","target":["https:\/\/www.africa-press.net\/centrafricaine\/politique\/rca-lettre-ouverte-des-observateurs-des-organisations-de-la-societe-centrafricaine-au-chef-de-letat-concernant-le-nouvel-elan-des-deputes"]}]},{"@type":"ImageObject","inLanguage":"fr-FR","@id":"https:\/\/www.africa-press.net\/centrafricaine\/politique\/rca-lettre-ouverte-des-observateurs-des-organisations-de-la-societe-centrafricaine-au-chef-de-letat-concernant-le-nouvel-elan-des-deputes#primaryimage","url":"https:\/\/static.africa-press.net\/centrafricaine\/sites\/45\/2021\/05\/img-60a8fa7e3dd98.jpg","contentUrl":"https:\/\/static.africa-press.net\/centrafricaine\/sites\/45\/2021\/05\/img-60a8fa7e3dd98.jpg","width":720,"height":405,"caption":"RCA\u00a0: lettre ouverte des Observateurs des Organisations de la soci\u00e9t\u00e9 Centrafricaine au chef de l\u2019\u00c9tat concernant le Nouvel \u00c9lan des D\u00e9put\u00e9s"},{"@type":"BreadcrumbList","@id":"https:\/\/www.africa-press.net\/centrafricaine\/politique\/rca-lettre-ouverte-des-observateurs-des-organisations-de-la-societe-centrafricaine-au-chef-de-letat-concernant-le-nouvel-elan-des-deputes#breadcrumb","itemListElement":[{"@type":"ListItem","position":1,"name":"Accueil","item":"https:\/\/www.africa-press.net\/centrafricaine\/"},{"@type":"ListItem","position":2,"name":"lettre ouverte des Observateurs des Organisations de la soci\u00e9t\u00e9 Centrafricaine au chef de l\u2019\u00c9tat concernant le Nouvel \u00c9lan des D\u00e9put\u00e9s"}]},{"@type":"WebSite","@id":"https:\/\/www.africa-press.net\/centrafricaine\/#website","url":"https:\/\/www.africa-press.net\/centrafricaine\/","name":"centrafricaine","description":"Just another Africa News Agency Sites site","potentialAction":[{"@type":"SearchAction","target":{"@type":"EntryPoint","urlTemplate":"https:\/\/www.africa-press.net\/centrafricaine\/?s={search_term_string}"},"query-input":{"@type":"PropertyValueSpecification","valueRequired":true,"valueName":"search_term_string"}}],"inLanguage":"fr-FR"},{"@type":"Person","@id":"https:\/\/www.africa-press.net\/centrafricaine\/#\/schema\/person\/2b1cf3cd81a31e3cd26889ca66d677f1","name":"cfeditorfr"}]}},"_links":{"self":[{"href":"https:\/\/www.africa-press.net\/centrafricaine\/wp-json\/wp\/v2\/posts\/7271","targetHints":{"allow":["GET"]}}],"collection":[{"href":"https:\/\/www.africa-press.net\/centrafricaine\/wp-json\/wp\/v2\/posts"}],"about":[{"href":"https:\/\/www.africa-press.net\/centrafricaine\/wp-json\/wp\/v2\/types\/post"}],"author":[{"embeddable":true,"href":"https:\/\/www.africa-press.net\/centrafricaine\/wp-json\/wp\/v2\/users\/82"}],"replies":[{"embeddable":true,"href":"https:\/\/www.africa-press.net\/centrafricaine\/wp-json\/wp\/v2\/comments?post=7271"}],"version-history":[{"count":0,"href":"https:\/\/www.africa-press.net\/centrafricaine\/wp-json\/wp\/v2\/posts\/7271\/revisions"}],"wp:featuredmedia":[{"embeddable":true,"href":"https:\/\/www.africa-press.net\/centrafricaine\/wp-json\/wp\/v2\/media\/7270"}],"wp:attachment":[{"href":"https:\/\/www.africa-press.net\/centrafricaine\/wp-json\/wp\/v2\/media?parent=7271"}],"wp:term":[{"taxonomy":"category","embeddable":true,"href":"https:\/\/www.africa-press.net\/centrafricaine\/wp-json\/wp\/v2\/categories?post=7271"},{"taxonomy":"post_tag","embeddable":true,"href":"https:\/\/www.africa-press.net\/centrafricaine\/wp-json\/wp\/v2\/tags?post=7271"}],"curies":[{"name":"wp","href":"https:\/\/api.w.org\/{rel}","templated":true}]}}