{"id":7274,"date":"2021-05-22T12:59:58","date_gmt":"2021-05-22T12:59:58","guid":{"rendered":"https:\/\/www.africa-press.net\/centrafricaine\/?p=7274"},"modified":"2021-05-22T14:43:48","modified_gmt":"2021-05-22T14:43:48","slug":"un-chauffeur-du-pam-et-son-apprenti-tue-dans-une-embuscade-au-sud-est-de-la-rca","status":"publish","type":"post","link":"https:\/\/www.africa-press.net\/centrafricaine\/toutes-les-actualites\/un-chauffeur-du-pam-et-son-apprenti-tue-dans-une-embuscade-au-sud-est-de-la-rca","title":{"rendered":"Un chauffeur du PAM et son apprenti tu\u00e9 dans une embuscade au sud-Est de la RCA"},"content":{"rendered":"<p><span style=\"color: #ff6600\"><strong><a href=\"https:\/\/www.africa-press.net\/\">Africa-Press<\/a> &#8211; <a href=\"https:\/\/www.africa-press.net\/centrafricaine\">CentrAfricaine<\/a>.\u00a0 <\/strong><\/span>\u00a0Le programme alimentaire mondial des Nations unies (PAM) est profond\u00e9ment attrist\u00e9 et choqu\u00e9 par le d\u00e9c\u00e8s de deux de ses employ\u00e9s lors d\u2019une embuscade survenue le mercredi 19 mai, au sud-est de la RCA.<\/p>\n<p>Les deux employ\u00e9s, selon des sources s\u00e9curitaires locales, \u00e9taient \u00e0 bord d\u2019un camion de livraison alimentaire sur la route reliant Mboki \u00e0 Obo, chef-lieu de la pr\u00e9fecture du Haut-Mbomou lorsqu\u2019ils avaient \u00e9t\u00e9 pris dans une embuscade tendue par des \u00e9l\u00e9ments rebelles de l\u2019UPC \u00e0 8 kilom\u00e8tres de Mboki sur l\u2019axe Obo.<\/p>\n<p>D\u2019apr\u00e8s les m\u00eames sources, le convoi d\u2019assistance alimentaire du PAM aurait quitt\u00e9 Mboki depuis une heure quand huit hommes arm\u00e9s lui auraient barr\u00e9 la route \u00e0 8 kilom\u00e8tres de Mboki sur l\u2019axe Obo, tirant des coups de feu sur le convoi. Ainsi, le conducteur et son apprenti ont \u00e9t\u00e9 mortellement touch\u00e9s par des projectiles des assaillants.<\/p>\n<p>Selon un responsable local du PAM, le d\u00e9c\u00e8s de ses deux employ\u00e9s est un recul pour tous ceux qui croient en la paix et la prosp\u00e9rit\u00e9 en RCA.<\/p>\n<p><b>\u00ab C\u2019est un cas concret d\u2019ins\u00e9curit\u00e9 qui fragilise la stabilit\u00e9 de la r\u00e9gion du sud-Est \u00bb,<\/b><\/p>\n<p>a soulign\u00e9 le responsable.<\/p>\n<p>Et ce n\u2019est pas tout! Quarante-huit heures plus tard, ce vendredi matin, un v\u00e9hicule de transport des marchandises en provenance de Z\u00e9mio a \u00e9t\u00e9 pris pour cible par le m\u00eame groupe d\u2019assaillants. Une passag\u00e8re avait \u00e9t\u00e9 gri\u00e8vement bless\u00e9e \u00e0 la jambe, et tout le reste des usagers a \u00e9galement \u00e9t\u00e9 d\u00e9pouill\u00e9 par les assaillants.<\/p>\n<p>Il y\u2019a lieu de noter que la R\u00e9publique centrafricaine fait partie des pays pour lesquels l\u2019indice de s\u00e9curit\u00e9 des Nations unies est de niveau pr\u00e9occupant.<\/p>\n<p><b>\u00a0<\/b><\/p>\n","protected":false},"excerpt":{"rendered":"<p>Africa-Press &#8211; CentrAfricaine.\u00a0 \u00a0Le programme alimentaire mondial des Nations unies (PAM) est profond\u00e9ment attrist\u00e9 et choqu\u00e9 par le d\u00e9c\u00e8s de deux de ses employ\u00e9s lors d\u2019une embuscade survenue le mercredi 19 mai, au sud-est de la RCA. Les deux employ\u00e9s, selon des sources s\u00e9curitaires locales, \u00e9taient \u00e0 bord d\u2019un camion de livraison alimentaire sur la [&hellip;]<\/p>\n","protected":false},"author":82,"featured_media":7273,"comment_status":"open","ping_status":"closed","sticky":false,"template":"","format":"standard","meta":{"footnotes":""},"categories":[21,11,10],"tags":[36,58,30],"class_list":["post-7274","post","type-post","status-publish","format-standard","has-post-thumbnail","hentry","category-communaute","category-homepage-french","category-toutes-les-actualites","tag-africa-press","tag-africa-press-centrafricaine","tag-centrafricaine"],"yoast_head":"<!-- This site is optimized with the Yoast SEO Premium plugin v26.1 (Yoast SEO v27.0) - https:\/\/yoast.com\/product\/yoast-seo-premium-wordpress\/ -->\n<title>Un chauffeur du PAM et son apprenti tu\u00e9 dans une embuscade au sud-Est de la RCA - centrafricaine<\/title>\n<meta name=\"description\" content=\"Obo, R\u00e9publique centrafricaine, samedi, 22 mai 2021, 03:49:39 ( Corbeaunews-Centrafrique ). Le programme aliment ...\" \/>\n<meta name=\"robots\" content=\"index, follow, max-snippet:-1, max-image-preview:large, max-video-preview:-1\" \/>\n<link rel=\"canonical\" href=\"https:\/\/www.africa-press.net\/centrafricaine\/toutes-les-actualites\/un-chauffeur-du-pam-et-son-apprenti-tue-dans-une-embuscade-au-sud-est-de-la-rca\" \/>\n<meta property=\"og:locale\" content=\"fr_FR\" \/>\n<meta property=\"og:type\" content=\"article\" \/>\n<meta property=\"og:title\" content=\"Un chauffeur du PAM et son apprenti tu\u00e9 dans une embuscade au sud-Est de la RCA\" \/>\n<meta property=\"og:description\" content=\"Obo, R\u00e9publique centrafricaine, samedi, 22 mai 2021, 03:49:39 ( Corbeaunews-Centrafrique ). Le programme aliment ...\" \/>\n<meta property=\"og:url\" content=\"https:\/\/www.africa-press.net\/centrafricaine\/toutes-les-actualites\/un-chauffeur-du-pam-et-son-apprenti-tue-dans-une-embuscade-au-sud-est-de-la-rca\" \/>\n<meta property=\"og:site_name\" content=\"centrafricaine\" \/>\n<meta property=\"article:published_time\" content=\"2021-05-22T12:59:58+00:00\" \/>\n<meta property=\"article:modified_time\" content=\"2021-05-22T14:43:48+00:00\" \/>\n<meta property=\"og:image\" content=\"https:\/\/static.africa-press.net\/centrafricaine\/sites\/45\/2021\/05\/img-60a8fa9f744c7.jpg\" \/>\n\t<meta property=\"og:image:width\" content=\"720\" \/>\n\t<meta property=\"og:image:height\" content=\"678\" \/>\n\t<meta property=\"og:image:type\" content=\"image\/jpeg\" \/>\n<meta name=\"author\" content=\"cfeditorfr\" \/>\n<meta name=\"twitter:card\" content=\"summary_large_image\" \/>\n<meta name=\"twitter:label1\" content=\"\u00c9crit par\" \/>\n\t<meta name=\"twitter:data1\" content=\"cfeditorfr\" \/>\n\t<meta name=\"twitter:label2\" content=\"Dur\u00e9e de lecture estim\u00e9e\" \/>\n\t<meta name=\"twitter:data2\" content=\"2 minutes\" \/>\n<script type=\"application\/ld+json\" class=\"yoast-schema-graph\">{\"@context\":\"https:\/\/schema.org\",\"@graph\":[{\"@type\":\"Article\",\"@id\":\"https:\/\/www.africa-press.net\/centrafricaine\/toutes-les-actualites\/un-chauffeur-du-pam-et-son-apprenti-tue-dans-une-embuscade-au-sud-est-de-la-rca#article\",\"isPartOf\":{\"@id\":\"https:\/\/www.africa-press.net\/centrafricaine\/toutes-les-actualites\/un-chauffeur-du-pam-et-son-apprenti-tue-dans-une-embuscade-au-sud-est-de-la-rca\"},\"author\":{\"name\":\"cfeditorfr\",\"@id\":\"https:\/\/www.africa-press.net\/centrafricaine\/#\/schema\/person\/2b1cf3cd81a31e3cd26889ca66d677f1\"},\"headline\":\"Un chauffeur du PAM et son apprenti tu\u00e9 dans une embuscade au sud-Est de la RCA\",\"datePublished\":\"2021-05-22T12:59:58+00:00\",\"dateModified\":\"2021-05-22T14:43:48+00:00\",\"mainEntityOfPage\":{\"@id\":\"https:\/\/www.africa-press.net\/centrafricaine\/toutes-les-actualites\/un-chauffeur-du-pam-et-son-apprenti-tue-dans-une-embuscade-au-sud-est-de-la-rca\"},\"wordCount\":321,\"commentCount\":0,\"image\":{\"@id\":\"https:\/\/www.africa-press.net\/centrafricaine\/toutes-les-actualites\/un-chauffeur-du-pam-et-son-apprenti-tue-dans-une-embuscade-au-sud-est-de-la-rca#primaryimage\"},\"thumbnailUrl\":\"https:\/\/static.africa-press.net\/centrafricaine\/sites\/45\/2021\/05\/img-60a8fa9f744c7.jpg\",\"keywords\":[\"Africa Press\",\"Africa Press-CentrAfricaine\",\"CentrAfricaine\"],\"articleSection\":[\"Communaut\u00e9\",\"homepage-french\",\"Toutes les actualit\u00e9s\"],\"inLanguage\":\"fr-FR\",\"potentialAction\":[{\"@type\":\"CommentAction\",\"name\":\"Comment\",\"target\":[\"https:\/\/www.africa-press.net\/centrafricaine\/toutes-les-actualites\/un-chauffeur-du-pam-et-son-apprenti-tue-dans-une-embuscade-au-sud-est-de-la-rca#respond\"]}]},{\"@type\":\"WebPage\",\"@id\":\"https:\/\/www.africa-press.net\/centrafricaine\/toutes-les-actualites\/un-chauffeur-du-pam-et-son-apprenti-tue-dans-une-embuscade-au-sud-est-de-la-rca\",\"url\":\"https:\/\/www.africa-press.net\/centrafricaine\/toutes-les-actualites\/un-chauffeur-du-pam-et-son-apprenti-tue-dans-une-embuscade-au-sud-est-de-la-rca\",\"name\":\"Un chauffeur du PAM et son apprenti tu\u00e9 dans une embuscade au sud-Est de la RCA - centrafricaine\",\"isPartOf\":{\"@id\":\"https:\/\/www.africa-press.net\/centrafricaine\/#website\"},\"primaryImageOfPage\":{\"@id\":\"https:\/\/www.africa-press.net\/centrafricaine\/toutes-les-actualites\/un-chauffeur-du-pam-et-son-apprenti-tue-dans-une-embuscade-au-sud-est-de-la-rca#primaryimage\"},\"image\":{\"@id\":\"https:\/\/www.africa-press.net\/centrafricaine\/toutes-les-actualites\/un-chauffeur-du-pam-et-son-apprenti-tue-dans-une-embuscade-au-sud-est-de-la-rca#primaryimage\"},\"thumbnailUrl\":\"https:\/\/static.africa-press.net\/centrafricaine\/sites\/45\/2021\/05\/img-60a8fa9f744c7.jpg\",\"datePublished\":\"2021-05-22T12:59:58+00:00\",\"dateModified\":\"2021-05-22T14:43:48+00:00\",\"author\":{\"@id\":\"https:\/\/www.africa-press.net\/centrafricaine\/#\/schema\/person\/2b1cf3cd81a31e3cd26889ca66d677f1\"},\"description\":\"Obo, R\u00e9publique centrafricaine, samedi, 22 mai 2021, 03:49:39 ( Corbeaunews-Centrafrique ). Le programme aliment ...\",\"breadcrumb\":{\"@id\":\"https:\/\/www.africa-press.net\/centrafricaine\/toutes-les-actualites\/un-chauffeur-du-pam-et-son-apprenti-tue-dans-une-embuscade-au-sud-est-de-la-rca#breadcrumb\"},\"inLanguage\":\"fr-FR\",\"potentialAction\":[{\"@type\":\"ReadAction\",\"target\":[\"https:\/\/www.africa-press.net\/centrafricaine\/toutes-les-actualites\/un-chauffeur-du-pam-et-son-apprenti-tue-dans-une-embuscade-au-sud-est-de-la-rca\"]}]},{\"@type\":\"ImageObject\",\"inLanguage\":\"fr-FR\",\"@id\":\"https:\/\/www.africa-press.net\/centrafricaine\/toutes-les-actualites\/un-chauffeur-du-pam-et-son-apprenti-tue-dans-une-embuscade-au-sud-est-de-la-rca#primaryimage\",\"url\":\"https:\/\/static.africa-press.net\/centrafricaine\/sites\/45\/2021\/05\/img-60a8fa9f744c7.jpg\",\"contentUrl\":\"https:\/\/static.africa-press.net\/centrafricaine\/sites\/45\/2021\/05\/img-60a8fa9f744c7.jpg\",\"width\":720,\"height\":678,\"caption\":\"Un chauffeur du PAM et son apprenti tu\u00e9 dans une embuscade au sud-Est de la RCA\"},{\"@type\":\"BreadcrumbList\",\"@id\":\"https:\/\/www.africa-press.net\/centrafricaine\/toutes-les-actualites\/un-chauffeur-du-pam-et-son-apprenti-tue-dans-une-embuscade-au-sud-est-de-la-rca#breadcrumb\",\"itemListElement\":[{\"@type\":\"ListItem\",\"position\":1,\"name\":\"Accueil\",\"item\":\"https:\/\/www.africa-press.net\/centrafricaine\/\"},{\"@type\":\"ListItem\",\"position\":2,\"name\":\"Un chauffeur du PAM et son apprenti tu\u00e9 dans une embuscade au sud-Est de la RCA\"}]},{\"@type\":\"WebSite\",\"@id\":\"https:\/\/www.africa-press.net\/centrafricaine\/#website\",\"url\":\"https:\/\/www.africa-press.net\/centrafricaine\/\",\"name\":\"centrafricaine\",\"description\":\"Just another Africa News Agency Sites site\",\"potentialAction\":[{\"@type\":\"SearchAction\",\"target\":{\"@type\":\"EntryPoint\",\"urlTemplate\":\"https:\/\/www.africa-press.net\/centrafricaine\/?s={search_term_string}\"},\"query-input\":{\"@type\":\"PropertyValueSpecification\",\"valueRequired\":true,\"valueName\":\"search_term_string\"}}],\"inLanguage\":\"fr-FR\"},{\"@type\":\"Person\",\"@id\":\"https:\/\/www.africa-press.net\/centrafricaine\/#\/schema\/person\/2b1cf3cd81a31e3cd26889ca66d677f1\",\"name\":\"cfeditorfr\"}]}<\/script>\n<!-- \/ Yoast SEO Premium plugin. -->","yoast_head_json":{"title":"Un chauffeur du PAM et son apprenti tu\u00e9 dans une embuscade au sud-Est de la RCA - centrafricaine","description":"Obo, R\u00e9publique centrafricaine, samedi, 22 mai 2021, 03:49:39 ( Corbeaunews-Centrafrique ). Le programme aliment ...","robots":{"index":"index","follow":"follow","max-snippet":"max-snippet:-1","max-image-preview":"max-image-preview:large","max-video-preview":"max-video-preview:-1"},"canonical":"https:\/\/www.africa-press.net\/centrafricaine\/toutes-les-actualites\/un-chauffeur-du-pam-et-son-apprenti-tue-dans-une-embuscade-au-sud-est-de-la-rca","og_locale":"fr_FR","og_type":"article","og_title":"Un chauffeur du PAM et son apprenti tu\u00e9 dans une embuscade au sud-Est de la RCA","og_description":"Obo, R\u00e9publique centrafricaine, samedi, 22 mai 2021, 03:49:39 ( Corbeaunews-Centrafrique ). Le programme aliment ...","og_url":"https:\/\/www.africa-press.net\/centrafricaine\/toutes-les-actualites\/un-chauffeur-du-pam-et-son-apprenti-tue-dans-une-embuscade-au-sud-est-de-la-rca","og_site_name":"centrafricaine","article_published_time":"2021-05-22T12:59:58+00:00","article_modified_time":"2021-05-22T14:43:48+00:00","og_image":[{"width":720,"height":678,"url":"https:\/\/static.africa-press.net\/centrafricaine\/sites\/45\/2021\/05\/img-60a8fa9f744c7.jpg","type":"image\/jpeg"}],"author":"cfeditorfr","twitter_card":"summary_large_image","twitter_misc":{"\u00c9crit par":"cfeditorfr","Dur\u00e9e de lecture estim\u00e9e":"2 minutes"},"schema":{"@context":"https:\/\/schema.org","@graph":[{"@type":"Article","@id":"https:\/\/www.africa-press.net\/centrafricaine\/toutes-les-actualites\/un-chauffeur-du-pam-et-son-apprenti-tue-dans-une-embuscade-au-sud-est-de-la-rca#article","isPartOf":{"@id":"https:\/\/www.africa-press.net\/centrafricaine\/toutes-les-actualites\/un-chauffeur-du-pam-et-son-apprenti-tue-dans-une-embuscade-au-sud-est-de-la-rca"},"author":{"name":"cfeditorfr","@id":"https:\/\/www.africa-press.net\/centrafricaine\/#\/schema\/person\/2b1cf3cd81a31e3cd26889ca66d677f1"},"headline":"Un chauffeur du PAM et son apprenti tu\u00e9 dans une embuscade au sud-Est de la RCA","datePublished":"2021-05-22T12:59:58+00:00","dateModified":"2021-05-22T14:43:48+00:00","mainEntityOfPage":{"@id":"https:\/\/www.africa-press.net\/centrafricaine\/toutes-les-actualites\/un-chauffeur-du-pam-et-son-apprenti-tue-dans-une-embuscade-au-sud-est-de-la-rca"},"wordCount":321,"commentCount":0,"image":{"@id":"https:\/\/www.africa-press.net\/centrafricaine\/toutes-les-actualites\/un-chauffeur-du-pam-et-son-apprenti-tue-dans-une-embuscade-au-sud-est-de-la-rca#primaryimage"},"thumbnailUrl":"https:\/\/static.africa-press.net\/centrafricaine\/sites\/45\/2021\/05\/img-60a8fa9f744c7.jpg","keywords":["Africa Press","Africa Press-CentrAfricaine","CentrAfricaine"],"articleSection":["Communaut\u00e9","homepage-french","Toutes les actualit\u00e9s"],"inLanguage":"fr-FR","potentialAction":[{"@type":"CommentAction","name":"Comment","target":["https:\/\/www.africa-press.net\/centrafricaine\/toutes-les-actualites\/un-chauffeur-du-pam-et-son-apprenti-tue-dans-une-embuscade-au-sud-est-de-la-rca#respond"]}]},{"@type":"WebPage","@id":"https:\/\/www.africa-press.net\/centrafricaine\/toutes-les-actualites\/un-chauffeur-du-pam-et-son-apprenti-tue-dans-une-embuscade-au-sud-est-de-la-rca","url":"https:\/\/www.africa-press.net\/centrafricaine\/toutes-les-actualites\/un-chauffeur-du-pam-et-son-apprenti-tue-dans-une-embuscade-au-sud-est-de-la-rca","name":"Un chauffeur du PAM et son apprenti tu\u00e9 dans une embuscade au sud-Est de la RCA - centrafricaine","isPartOf":{"@id":"https:\/\/www.africa-press.net\/centrafricaine\/#website"},"primaryImageOfPage":{"@id":"https:\/\/www.africa-press.net\/centrafricaine\/toutes-les-actualites\/un-chauffeur-du-pam-et-son-apprenti-tue-dans-une-embuscade-au-sud-est-de-la-rca#primaryimage"},"image":{"@id":"https:\/\/www.africa-press.net\/centrafricaine\/toutes-les-actualites\/un-chauffeur-du-pam-et-son-apprenti-tue-dans-une-embuscade-au-sud-est-de-la-rca#primaryimage"},"thumbnailUrl":"https:\/\/static.africa-press.net\/centrafricaine\/sites\/45\/2021\/05\/img-60a8fa9f744c7.jpg","datePublished":"2021-05-22T12:59:58+00:00","dateModified":"2021-05-22T14:43:48+00:00","author":{"@id":"https:\/\/www.africa-press.net\/centrafricaine\/#\/schema\/person\/2b1cf3cd81a31e3cd26889ca66d677f1"},"description":"Obo, R\u00e9publique centrafricaine, samedi, 22 mai 2021, 03:49:39 ( Corbeaunews-Centrafrique ). Le programme aliment ...","breadcrumb":{"@id":"https:\/\/www.africa-press.net\/centrafricaine\/toutes-les-actualites\/un-chauffeur-du-pam-et-son-apprenti-tue-dans-une-embuscade-au-sud-est-de-la-rca#breadcrumb"},"inLanguage":"fr-FR","potentialAction":[{"@type":"ReadAction","target":["https:\/\/www.africa-press.net\/centrafricaine\/toutes-les-actualites\/un-chauffeur-du-pam-et-son-apprenti-tue-dans-une-embuscade-au-sud-est-de-la-rca"]}]},{"@type":"ImageObject","inLanguage":"fr-FR","@id":"https:\/\/www.africa-press.net\/centrafricaine\/toutes-les-actualites\/un-chauffeur-du-pam-et-son-apprenti-tue-dans-une-embuscade-au-sud-est-de-la-rca#primaryimage","url":"https:\/\/static.africa-press.net\/centrafricaine\/sites\/45\/2021\/05\/img-60a8fa9f744c7.jpg","contentUrl":"https:\/\/static.africa-press.net\/centrafricaine\/sites\/45\/2021\/05\/img-60a8fa9f744c7.jpg","width":720,"height":678,"caption":"Un chauffeur du PAM et son apprenti tu\u00e9 dans une embuscade au sud-Est de la RCA"},{"@type":"BreadcrumbList","@id":"https:\/\/www.africa-press.net\/centrafricaine\/toutes-les-actualites\/un-chauffeur-du-pam-et-son-apprenti-tue-dans-une-embuscade-au-sud-est-de-la-rca#breadcrumb","itemListElement":[{"@type":"ListItem","position":1,"name":"Accueil","item":"https:\/\/www.africa-press.net\/centrafricaine\/"},{"@type":"ListItem","position":2,"name":"Un chauffeur du PAM et son apprenti tu\u00e9 dans une embuscade au sud-Est de la RCA"}]},{"@type":"WebSite","@id":"https:\/\/www.africa-press.net\/centrafricaine\/#website","url":"https:\/\/www.africa-press.net\/centrafricaine\/","name":"centrafricaine","description":"Just another Africa News Agency Sites site","potentialAction":[{"@type":"SearchAction","target":{"@type":"EntryPoint","urlTemplate":"https:\/\/www.africa-press.net\/centrafricaine\/?s={search_term_string}"},"query-input":{"@type":"PropertyValueSpecification","valueRequired":true,"valueName":"search_term_string"}}],"inLanguage":"fr-FR"},{"@type":"Person","@id":"https:\/\/www.africa-press.net\/centrafricaine\/#\/schema\/person\/2b1cf3cd81a31e3cd26889ca66d677f1","name":"cfeditorfr"}]}},"_links":{"self":[{"href":"https:\/\/www.africa-press.net\/centrafricaine\/wp-json\/wp\/v2\/posts\/7274","targetHints":{"allow":["GET"]}}],"collection":[{"href":"https:\/\/www.africa-press.net\/centrafricaine\/wp-json\/wp\/v2\/posts"}],"about":[{"href":"https:\/\/www.africa-press.net\/centrafricaine\/wp-json\/wp\/v2\/types\/post"}],"author":[{"embeddable":true,"href":"https:\/\/www.africa-press.net\/centrafricaine\/wp-json\/wp\/v2\/users\/82"}],"replies":[{"embeddable":true,"href":"https:\/\/www.africa-press.net\/centrafricaine\/wp-json\/wp\/v2\/comments?post=7274"}],"version-history":[{"count":0,"href":"https:\/\/www.africa-press.net\/centrafricaine\/wp-json\/wp\/v2\/posts\/7274\/revisions"}],"wp:featuredmedia":[{"embeddable":true,"href":"https:\/\/www.africa-press.net\/centrafricaine\/wp-json\/wp\/v2\/media\/7273"}],"wp:attachment":[{"href":"https:\/\/www.africa-press.net\/centrafricaine\/wp-json\/wp\/v2\/media?parent=7274"}],"wp:term":[{"taxonomy":"category","embeddable":true,"href":"https:\/\/www.africa-press.net\/centrafricaine\/wp-json\/wp\/v2\/categories?post=7274"},{"taxonomy":"post_tag","embeddable":true,"href":"https:\/\/www.africa-press.net\/centrafricaine\/wp-json\/wp\/v2\/tags?post=7274"}],"curies":[{"name":"wp","href":"https:\/\/api.w.org\/{rel}","templated":true}]}}