{"id":7290,"date":"2021-05-23T12:37:40","date_gmt":"2021-05-23T12:37:40","guid":{"rendered":"https:\/\/www.africa-press.net\/centrafricaine\/?p=7290"},"modified":"2021-05-23T17:33:17","modified_gmt":"2021-05-23T17:33:17","slug":"rca-le-gouvernement-exhorte-les-personnes-vulnerables-a-se-faire-vacciner-contre-le-covid-19","status":"publish","type":"post","link":"https:\/\/www.africa-press.net\/centrafricaine\/toutes-les-actualites\/rca-le-gouvernement-exhorte-les-personnes-vulnerables-a-se-faire-vacciner-contre-le-covid-19","title":{"rendered":"le gouvernement exhorte les personnes vuln\u00e9rables \u00e0 se faire vacciner contre le Covid-19"},"content":{"rendered":"<p><span style=\"color: #ff6600\"><strong><a href=\"https:\/\/www.africa-press.net\/\">Africa-Press<\/a> &#8211; <a href=\"https:\/\/www.africa-press.net\/centrafricaine\">CentrAfricaine<\/a>. <\/strong><\/span>\u00a0Le gouvernement centrafricain exhorte les populations les plus \u00e0 risque de se faire vacciner contre le nouveau coronavirus apr\u00e8s le lancement jeudi de la campagne nationale de vaccination, a indiqu\u00e9 vendredi le ministre de la Sant\u00e9 et de la Population, Pierre Soms\u00e9.<\/p>\n<p>Les autorit\u00e9s ont re\u00e7u de l\u2019initiative COVAX 60.000 doses de vaccins d\u2019AstraZeneca qui devront enti\u00e8rement \u00eatre administr\u00e9es d\u2019ici \u00e0 la fin juin, a-t-il pr\u00e9cis\u00e9, ajoutant que le Premier ministre Firmin Ngr\u00e9bada s\u2019\u00e9tait fait vacciner en premier.<\/p>\n<p>Les personnes prioritaires pour la vaccination sont, selon le ministre, les personnels de sant\u00e9 et les personnes \u00e2g\u00e9es. Un deuxi\u00e8me lot de vaccins devrait \u00eatre disponible d\u2019ici peu pour immuniser compl\u00e8tement ceux qui viennent d\u2019\u00eatre vaccin\u00e9s, a assur\u00e9 M. Soms\u00e9.<\/p>\n<p>La Centrafrique a signal\u00e9 son premier cas d\u2019infection en mars 2020. A ce jour, le pays s\u2019approche sensiblement des 100 morts parmi les quelque 7.000 contaminations, d\u2019apr\u00e8s les statistiques fournies par le minist\u00e8re de la Sant\u00e9 et de la Population.<\/p>\n<p>&nbsp;<\/p>\n","protected":false},"excerpt":{"rendered":"<p>Africa-Press &#8211; CentrAfricaine. \u00a0Le gouvernement centrafricain exhorte les populations les plus \u00e0 risque de se faire vacciner contre le nouveau coronavirus apr\u00e8s le lancement jeudi de la campagne nationale de vaccination, a indiqu\u00e9 vendredi le ministre de la Sant\u00e9 et de la Population, Pierre Soms\u00e9. Les autorit\u00e9s ont re\u00e7u de l\u2019initiative COVAX 60.000 doses de [&hellip;]<\/p>\n","protected":false},"author":82,"featured_media":7289,"comment_status":"open","ping_status":"closed","sticky":false,"template":"","format":"standard","meta":{"footnotes":""},"categories":[21,11,10],"tags":[36,58,30],"class_list":["post-7290","post","type-post","status-publish","format-standard","has-post-thumbnail","hentry","category-communaute","category-homepage-french","category-toutes-les-actualites","tag-africa-press","tag-africa-press-centrafricaine","tag-centrafricaine"],"yoast_head":"<!-- This site is optimized with the Yoast SEO Premium plugin v26.1 (Yoast SEO v27.0) - https:\/\/yoast.com\/product\/yoast-seo-premium-wordpress\/ -->\n<title>le gouvernement exhorte les personnes vuln\u00e9rables \u00e0 se faire vacciner contre le Covid-19 - centrafricaine<\/title>\n<meta name=\"description\" content=\"Bangui, R\u00e9publique centrafricaine, samedi, 22 mai 2021, 12:26:53 ( Corbeaunews-Centrafrique ). Le gouvernement ...\" \/>\n<meta name=\"robots\" content=\"index, follow, max-snippet:-1, max-image-preview:large, max-video-preview:-1\" \/>\n<link rel=\"canonical\" href=\"https:\/\/www.africa-press.net\/centrafricaine\/toutes-les-actualites\/rca-le-gouvernement-exhorte-les-personnes-vulnerables-a-se-faire-vacciner-contre-le-covid-19\" \/>\n<meta property=\"og:locale\" content=\"fr_FR\" \/>\n<meta property=\"og:type\" content=\"article\" \/>\n<meta property=\"og:title\" content=\"le gouvernement exhorte les personnes vuln\u00e9rables \u00e0 se faire vacciner contre le Covid-19\" \/>\n<meta property=\"og:description\" content=\"Bangui, R\u00e9publique centrafricaine, samedi, 22 mai 2021, 12:26:53 ( Corbeaunews-Centrafrique ). Le gouvernement ...\" \/>\n<meta property=\"og:url\" content=\"https:\/\/www.africa-press.net\/centrafricaine\/toutes-les-actualites\/rca-le-gouvernement-exhorte-les-personnes-vulnerables-a-se-faire-vacciner-contre-le-covid-19\" \/>\n<meta property=\"og:site_name\" content=\"centrafricaine\" \/>\n<meta property=\"article:published_time\" content=\"2021-05-23T12:37:40+00:00\" \/>\n<meta property=\"article:modified_time\" content=\"2021-05-23T17:33:17+00:00\" \/>\n<meta property=\"og:image\" content=\"https:\/\/static.africa-press.net\/centrafricaine\/sites\/45\/2021\/05\/img-60aa49f2980d5.jpg\" \/>\n\t<meta property=\"og:image:width\" content=\"750\" \/>\n\t<meta property=\"og:image:height\" content=\"390\" \/>\n\t<meta property=\"og:image:type\" content=\"image\/jpeg\" \/>\n<meta name=\"author\" content=\"cfeditorfr\" \/>\n<meta name=\"twitter:card\" content=\"summary_large_image\" \/>\n<meta name=\"twitter:label1\" content=\"\u00c9crit par\" \/>\n\t<meta name=\"twitter:data1\" content=\"cfeditorfr\" \/>\n\t<meta name=\"twitter:label2\" content=\"Dur\u00e9e de lecture estim\u00e9e\" \/>\n\t<meta name=\"twitter:data2\" content=\"1 minute\" \/>\n<script type=\"application\/ld+json\" class=\"yoast-schema-graph\">{\"@context\":\"https:\/\/schema.org\",\"@graph\":[{\"@type\":\"Article\",\"@id\":\"https:\/\/www.africa-press.net\/centrafricaine\/toutes-les-actualites\/rca-le-gouvernement-exhorte-les-personnes-vulnerables-a-se-faire-vacciner-contre-le-covid-19#article\",\"isPartOf\":{\"@id\":\"https:\/\/www.africa-press.net\/centrafricaine\/toutes-les-actualites\/rca-le-gouvernement-exhorte-les-personnes-vulnerables-a-se-faire-vacciner-contre-le-covid-19\"},\"author\":{\"name\":\"cfeditorfr\",\"@id\":\"https:\/\/www.africa-press.net\/centrafricaine\/#\/schema\/person\/2b1cf3cd81a31e3cd26889ca66d677f1\"},\"headline\":\"le gouvernement exhorte les personnes vuln\u00e9rables \u00e0 se faire vacciner contre le Covid-19\",\"datePublished\":\"2021-05-23T12:37:40+00:00\",\"dateModified\":\"2021-05-23T17:33:17+00:00\",\"mainEntityOfPage\":{\"@id\":\"https:\/\/www.africa-press.net\/centrafricaine\/toutes-les-actualites\/rca-le-gouvernement-exhorte-les-personnes-vulnerables-a-se-faire-vacciner-contre-le-covid-19\"},\"wordCount\":191,\"commentCount\":0,\"image\":{\"@id\":\"https:\/\/www.africa-press.net\/centrafricaine\/toutes-les-actualites\/rca-le-gouvernement-exhorte-les-personnes-vulnerables-a-se-faire-vacciner-contre-le-covid-19#primaryimage\"},\"thumbnailUrl\":\"https:\/\/static.africa-press.net\/centrafricaine\/sites\/45\/2021\/05\/img-60aa49f2980d5.jpg\",\"keywords\":[\"Africa Press\",\"Africa Press-CentrAfricaine\",\"CentrAfricaine\"],\"articleSection\":[\"Communaut\u00e9\",\"homepage-french\",\"Toutes les actualit\u00e9s\"],\"inLanguage\":\"fr-FR\",\"potentialAction\":[{\"@type\":\"CommentAction\",\"name\":\"Comment\",\"target\":[\"https:\/\/www.africa-press.net\/centrafricaine\/toutes-les-actualites\/rca-le-gouvernement-exhorte-les-personnes-vulnerables-a-se-faire-vacciner-contre-le-covid-19#respond\"]}]},{\"@type\":\"WebPage\",\"@id\":\"https:\/\/www.africa-press.net\/centrafricaine\/toutes-les-actualites\/rca-le-gouvernement-exhorte-les-personnes-vulnerables-a-se-faire-vacciner-contre-le-covid-19\",\"url\":\"https:\/\/www.africa-press.net\/centrafricaine\/toutes-les-actualites\/rca-le-gouvernement-exhorte-les-personnes-vulnerables-a-se-faire-vacciner-contre-le-covid-19\",\"name\":\"le gouvernement exhorte les personnes vuln\u00e9rables \u00e0 se faire vacciner contre le Covid-19 - centrafricaine\",\"isPartOf\":{\"@id\":\"https:\/\/www.africa-press.net\/centrafricaine\/#website\"},\"primaryImageOfPage\":{\"@id\":\"https:\/\/www.africa-press.net\/centrafricaine\/toutes-les-actualites\/rca-le-gouvernement-exhorte-les-personnes-vulnerables-a-se-faire-vacciner-contre-le-covid-19#primaryimage\"},\"image\":{\"@id\":\"https:\/\/www.africa-press.net\/centrafricaine\/toutes-les-actualites\/rca-le-gouvernement-exhorte-les-personnes-vulnerables-a-se-faire-vacciner-contre-le-covid-19#primaryimage\"},\"thumbnailUrl\":\"https:\/\/static.africa-press.net\/centrafricaine\/sites\/45\/2021\/05\/img-60aa49f2980d5.jpg\",\"datePublished\":\"2021-05-23T12:37:40+00:00\",\"dateModified\":\"2021-05-23T17:33:17+00:00\",\"author\":{\"@id\":\"https:\/\/www.africa-press.net\/centrafricaine\/#\/schema\/person\/2b1cf3cd81a31e3cd26889ca66d677f1\"},\"description\":\"Bangui, R\u00e9publique centrafricaine, samedi, 22 mai 2021, 12:26:53 ( Corbeaunews-Centrafrique ). Le gouvernement ...\",\"breadcrumb\":{\"@id\":\"https:\/\/www.africa-press.net\/centrafricaine\/toutes-les-actualites\/rca-le-gouvernement-exhorte-les-personnes-vulnerables-a-se-faire-vacciner-contre-le-covid-19#breadcrumb\"},\"inLanguage\":\"fr-FR\",\"potentialAction\":[{\"@type\":\"ReadAction\",\"target\":[\"https:\/\/www.africa-press.net\/centrafricaine\/toutes-les-actualites\/rca-le-gouvernement-exhorte-les-personnes-vulnerables-a-se-faire-vacciner-contre-le-covid-19\"]}]},{\"@type\":\"ImageObject\",\"inLanguage\":\"fr-FR\",\"@id\":\"https:\/\/www.africa-press.net\/centrafricaine\/toutes-les-actualites\/rca-le-gouvernement-exhorte-les-personnes-vulnerables-a-se-faire-vacciner-contre-le-covid-19#primaryimage\",\"url\":\"https:\/\/static.africa-press.net\/centrafricaine\/sites\/45\/2021\/05\/img-60aa49f2980d5.jpg\",\"contentUrl\":\"https:\/\/static.africa-press.net\/centrafricaine\/sites\/45\/2021\/05\/img-60aa49f2980d5.jpg\",\"width\":750,\"height\":390,\"caption\":\"RCA\u00a0: le gouvernement exhorte les personnes vuln\u00e9rables \u00e0 se faire vacciner contre le Covid-19\"},{\"@type\":\"BreadcrumbList\",\"@id\":\"https:\/\/www.africa-press.net\/centrafricaine\/toutes-les-actualites\/rca-le-gouvernement-exhorte-les-personnes-vulnerables-a-se-faire-vacciner-contre-le-covid-19#breadcrumb\",\"itemListElement\":[{\"@type\":\"ListItem\",\"position\":1,\"name\":\"Accueil\",\"item\":\"https:\/\/www.africa-press.net\/centrafricaine\/\"},{\"@type\":\"ListItem\",\"position\":2,\"name\":\"le gouvernement exhorte les personnes vuln\u00e9rables \u00e0 se faire vacciner contre le Covid-19\"}]},{\"@type\":\"WebSite\",\"@id\":\"https:\/\/www.africa-press.net\/centrafricaine\/#website\",\"url\":\"https:\/\/www.africa-press.net\/centrafricaine\/\",\"name\":\"centrafricaine\",\"description\":\"Just another Africa News Agency Sites site\",\"potentialAction\":[{\"@type\":\"SearchAction\",\"target\":{\"@type\":\"EntryPoint\",\"urlTemplate\":\"https:\/\/www.africa-press.net\/centrafricaine\/?s={search_term_string}\"},\"query-input\":{\"@type\":\"PropertyValueSpecification\",\"valueRequired\":true,\"valueName\":\"search_term_string\"}}],\"inLanguage\":\"fr-FR\"},{\"@type\":\"Person\",\"@id\":\"https:\/\/www.africa-press.net\/centrafricaine\/#\/schema\/person\/2b1cf3cd81a31e3cd26889ca66d677f1\",\"name\":\"cfeditorfr\"}]}<\/script>\n<!-- \/ Yoast SEO Premium plugin. -->","yoast_head_json":{"title":"le gouvernement exhorte les personnes vuln\u00e9rables \u00e0 se faire vacciner contre le Covid-19 - centrafricaine","description":"Bangui, R\u00e9publique centrafricaine, samedi, 22 mai 2021, 12:26:53 ( Corbeaunews-Centrafrique ). Le gouvernement ...","robots":{"index":"index","follow":"follow","max-snippet":"max-snippet:-1","max-image-preview":"max-image-preview:large","max-video-preview":"max-video-preview:-1"},"canonical":"https:\/\/www.africa-press.net\/centrafricaine\/toutes-les-actualites\/rca-le-gouvernement-exhorte-les-personnes-vulnerables-a-se-faire-vacciner-contre-le-covid-19","og_locale":"fr_FR","og_type":"article","og_title":"le gouvernement exhorte les personnes vuln\u00e9rables \u00e0 se faire vacciner contre le Covid-19","og_description":"Bangui, R\u00e9publique centrafricaine, samedi, 22 mai 2021, 12:26:53 ( Corbeaunews-Centrafrique ). Le gouvernement ...","og_url":"https:\/\/www.africa-press.net\/centrafricaine\/toutes-les-actualites\/rca-le-gouvernement-exhorte-les-personnes-vulnerables-a-se-faire-vacciner-contre-le-covid-19","og_site_name":"centrafricaine","article_published_time":"2021-05-23T12:37:40+00:00","article_modified_time":"2021-05-23T17:33:17+00:00","og_image":[{"width":750,"height":390,"url":"https:\/\/static.africa-press.net\/centrafricaine\/sites\/45\/2021\/05\/img-60aa49f2980d5.jpg","type":"image\/jpeg"}],"author":"cfeditorfr","twitter_card":"summary_large_image","twitter_misc":{"\u00c9crit par":"cfeditorfr","Dur\u00e9e de lecture estim\u00e9e":"1 minute"},"schema":{"@context":"https:\/\/schema.org","@graph":[{"@type":"Article","@id":"https:\/\/www.africa-press.net\/centrafricaine\/toutes-les-actualites\/rca-le-gouvernement-exhorte-les-personnes-vulnerables-a-se-faire-vacciner-contre-le-covid-19#article","isPartOf":{"@id":"https:\/\/www.africa-press.net\/centrafricaine\/toutes-les-actualites\/rca-le-gouvernement-exhorte-les-personnes-vulnerables-a-se-faire-vacciner-contre-le-covid-19"},"author":{"name":"cfeditorfr","@id":"https:\/\/www.africa-press.net\/centrafricaine\/#\/schema\/person\/2b1cf3cd81a31e3cd26889ca66d677f1"},"headline":"le gouvernement exhorte les personnes vuln\u00e9rables \u00e0 se faire vacciner contre le Covid-19","datePublished":"2021-05-23T12:37:40+00:00","dateModified":"2021-05-23T17:33:17+00:00","mainEntityOfPage":{"@id":"https:\/\/www.africa-press.net\/centrafricaine\/toutes-les-actualites\/rca-le-gouvernement-exhorte-les-personnes-vulnerables-a-se-faire-vacciner-contre-le-covid-19"},"wordCount":191,"commentCount":0,"image":{"@id":"https:\/\/www.africa-press.net\/centrafricaine\/toutes-les-actualites\/rca-le-gouvernement-exhorte-les-personnes-vulnerables-a-se-faire-vacciner-contre-le-covid-19#primaryimage"},"thumbnailUrl":"https:\/\/static.africa-press.net\/centrafricaine\/sites\/45\/2021\/05\/img-60aa49f2980d5.jpg","keywords":["Africa Press","Africa Press-CentrAfricaine","CentrAfricaine"],"articleSection":["Communaut\u00e9","homepage-french","Toutes les actualit\u00e9s"],"inLanguage":"fr-FR","potentialAction":[{"@type":"CommentAction","name":"Comment","target":["https:\/\/www.africa-press.net\/centrafricaine\/toutes-les-actualites\/rca-le-gouvernement-exhorte-les-personnes-vulnerables-a-se-faire-vacciner-contre-le-covid-19#respond"]}]},{"@type":"WebPage","@id":"https:\/\/www.africa-press.net\/centrafricaine\/toutes-les-actualites\/rca-le-gouvernement-exhorte-les-personnes-vulnerables-a-se-faire-vacciner-contre-le-covid-19","url":"https:\/\/www.africa-press.net\/centrafricaine\/toutes-les-actualites\/rca-le-gouvernement-exhorte-les-personnes-vulnerables-a-se-faire-vacciner-contre-le-covid-19","name":"le gouvernement exhorte les personnes vuln\u00e9rables \u00e0 se faire vacciner contre le Covid-19 - centrafricaine","isPartOf":{"@id":"https:\/\/www.africa-press.net\/centrafricaine\/#website"},"primaryImageOfPage":{"@id":"https:\/\/www.africa-press.net\/centrafricaine\/toutes-les-actualites\/rca-le-gouvernement-exhorte-les-personnes-vulnerables-a-se-faire-vacciner-contre-le-covid-19#primaryimage"},"image":{"@id":"https:\/\/www.africa-press.net\/centrafricaine\/toutes-les-actualites\/rca-le-gouvernement-exhorte-les-personnes-vulnerables-a-se-faire-vacciner-contre-le-covid-19#primaryimage"},"thumbnailUrl":"https:\/\/static.africa-press.net\/centrafricaine\/sites\/45\/2021\/05\/img-60aa49f2980d5.jpg","datePublished":"2021-05-23T12:37:40+00:00","dateModified":"2021-05-23T17:33:17+00:00","author":{"@id":"https:\/\/www.africa-press.net\/centrafricaine\/#\/schema\/person\/2b1cf3cd81a31e3cd26889ca66d677f1"},"description":"Bangui, R\u00e9publique centrafricaine, samedi, 22 mai 2021, 12:26:53 ( Corbeaunews-Centrafrique ). Le gouvernement ...","breadcrumb":{"@id":"https:\/\/www.africa-press.net\/centrafricaine\/toutes-les-actualites\/rca-le-gouvernement-exhorte-les-personnes-vulnerables-a-se-faire-vacciner-contre-le-covid-19#breadcrumb"},"inLanguage":"fr-FR","potentialAction":[{"@type":"ReadAction","target":["https:\/\/www.africa-press.net\/centrafricaine\/toutes-les-actualites\/rca-le-gouvernement-exhorte-les-personnes-vulnerables-a-se-faire-vacciner-contre-le-covid-19"]}]},{"@type":"ImageObject","inLanguage":"fr-FR","@id":"https:\/\/www.africa-press.net\/centrafricaine\/toutes-les-actualites\/rca-le-gouvernement-exhorte-les-personnes-vulnerables-a-se-faire-vacciner-contre-le-covid-19#primaryimage","url":"https:\/\/static.africa-press.net\/centrafricaine\/sites\/45\/2021\/05\/img-60aa49f2980d5.jpg","contentUrl":"https:\/\/static.africa-press.net\/centrafricaine\/sites\/45\/2021\/05\/img-60aa49f2980d5.jpg","width":750,"height":390,"caption":"RCA\u00a0: le gouvernement exhorte les personnes vuln\u00e9rables \u00e0 se faire vacciner contre le Covid-19"},{"@type":"BreadcrumbList","@id":"https:\/\/www.africa-press.net\/centrafricaine\/toutes-les-actualites\/rca-le-gouvernement-exhorte-les-personnes-vulnerables-a-se-faire-vacciner-contre-le-covid-19#breadcrumb","itemListElement":[{"@type":"ListItem","position":1,"name":"Accueil","item":"https:\/\/www.africa-press.net\/centrafricaine\/"},{"@type":"ListItem","position":2,"name":"le gouvernement exhorte les personnes vuln\u00e9rables \u00e0 se faire vacciner contre le Covid-19"}]},{"@type":"WebSite","@id":"https:\/\/www.africa-press.net\/centrafricaine\/#website","url":"https:\/\/www.africa-press.net\/centrafricaine\/","name":"centrafricaine","description":"Just another Africa News Agency Sites site","potentialAction":[{"@type":"SearchAction","target":{"@type":"EntryPoint","urlTemplate":"https:\/\/www.africa-press.net\/centrafricaine\/?s={search_term_string}"},"query-input":{"@type":"PropertyValueSpecification","valueRequired":true,"valueName":"search_term_string"}}],"inLanguage":"fr-FR"},{"@type":"Person","@id":"https:\/\/www.africa-press.net\/centrafricaine\/#\/schema\/person\/2b1cf3cd81a31e3cd26889ca66d677f1","name":"cfeditorfr"}]}},"_links":{"self":[{"href":"https:\/\/www.africa-press.net\/centrafricaine\/wp-json\/wp\/v2\/posts\/7290","targetHints":{"allow":["GET"]}}],"collection":[{"href":"https:\/\/www.africa-press.net\/centrafricaine\/wp-json\/wp\/v2\/posts"}],"about":[{"href":"https:\/\/www.africa-press.net\/centrafricaine\/wp-json\/wp\/v2\/types\/post"}],"author":[{"embeddable":true,"href":"https:\/\/www.africa-press.net\/centrafricaine\/wp-json\/wp\/v2\/users\/82"}],"replies":[{"embeddable":true,"href":"https:\/\/www.africa-press.net\/centrafricaine\/wp-json\/wp\/v2\/comments?post=7290"}],"version-history":[{"count":0,"href":"https:\/\/www.africa-press.net\/centrafricaine\/wp-json\/wp\/v2\/posts\/7290\/revisions"}],"wp:featuredmedia":[{"embeddable":true,"href":"https:\/\/www.africa-press.net\/centrafricaine\/wp-json\/wp\/v2\/media\/7289"}],"wp:attachment":[{"href":"https:\/\/www.africa-press.net\/centrafricaine\/wp-json\/wp\/v2\/media?parent=7290"}],"wp:term":[{"taxonomy":"category","embeddable":true,"href":"https:\/\/www.africa-press.net\/centrafricaine\/wp-json\/wp\/v2\/categories?post=7290"},{"taxonomy":"post_tag","embeddable":true,"href":"https:\/\/www.africa-press.net\/centrafricaine\/wp-json\/wp\/v2\/tags?post=7290"}],"curies":[{"name":"wp","href":"https:\/\/api.w.org\/{rel}","templated":true}]}}