{"id":7296,"date":"2021-05-23T12:49:55","date_gmt":"2021-05-23T12:49:55","guid":{"rendered":"https:\/\/www.africa-press.net\/centrafricaine\/?p=7296"},"modified":"2021-05-23T17:33:56","modified_gmt":"2021-05-23T17:33:56","slug":"centrafrique-labsence-du-president-de-la-republique-au-sommet-sur-le-financement-des-economies-africaines-a-paris-enterine-t-elle-lisolement-de-notre-diplomatie-de-developpement","status":"publish","type":"post","link":"https:\/\/www.africa-press.net\/centrafricaine\/economie\/centrafrique-labsence-du-president-de-la-republique-au-sommet-sur-le-financement-des-economies-africaines-a-paris-enterine-t-elle-lisolement-de-notre-diplomatie-de-developpement","title":{"rendered":"L\u2019ABSENCE DU PR\u00c9SIDENT DE LA R\u00c9PUBLIQUE AU SOMMET SUR LE FINANCEMENT DES \u00c9CONOMIES AFRICAINES \u00c0 PARIS ENT\u00c9RINE T-ELLE L\u2019ISOLEMENT DE NOTRE DIPLOMATIE DE D\u00c9VELOPPEMENT ?"},"content":{"rendered":"<p><span style=\"color: #ff6600\"><strong><a href=\"https:\/\/www.africa-press.net\/\">Africa-Press<\/a> &#8211; <a href=\"https:\/\/www.africa-press.net\/centrafricaine\">CentrAfricaine<\/a>. <\/strong><\/span>La pand\u00e9mie du coronavirus connu sous le nom scientifique de Covid-19 a perturb\u00e9 l\u2019\u00e9quilibre \u00e9conomique de tous les \u00e9tats du monde en g\u00e9n\u00e9ral et surtout les \u00e9tats africains en particulier. Ce ph\u00e9nom\u00e8ne sanitaire mondial a \u00e9videmment d\u00e9s\u00e9quilibr\u00e9 de mani\u00e8re sensible les pr\u00e9visions \u00e9conomiques et budg\u00e9taires des \u00e9tats africains d\u00e9j\u00e0 fragilis\u00e9es. C\u2019est dans ce cadre conceptuel que sur initiative du pr\u00e9sident fran\u00e7ais, un sommet a \u00e9t\u00e9 organis\u00e9 dans la capitale fran\u00e7aise le 18 mai 2021 pour d\u00e9finir des voies et moyens pour relancer les \u00e9conomies africaines apr\u00e8s le passage du Covid-19 qui a fragilis\u00e9 et asphyxi\u00e9 les tissus \u00e9conomiques. Tous les acteurs internationaux du monde des finances \u00e9taient pr\u00e9sents, d\u2019autres en visioconf\u00e9rence y compris des partenaires au d\u00e9veloppement bilat\u00e9raux ou multilat\u00e9raux. Les conclusions de ce sommet ont abouti \u00e0 l\u2019annonce de l\u2019annulation des dettes de certains \u00e9tats africains et \u00e0 des promesses de financement des \u00e9conomies africaines.<\/p>\n<p>Ces diff\u00e9rentes mesures qui s\u2019assimilent \u00e0 des perfusions \u00e0 un patient au service des urgences hospitali\u00e8res permettront aux \u00e9conomies africaines de souffler et de prendre un nouvel \u00e9lan en s\u2019inscrivant dans le dynamisme de l\u2019\u00e9conomie mondiale. Un peu perdu et toujours inquiet sur l\u2019avenir \u00e9conomique de notre nation car beaucoup d\u2019observateurs de la vie politique ont glos\u00e9 sur l\u2019absence de la Centrafrique \u00e0 ce sommet de la derni\u00e8re chance, le citoyen lambda s\u2019interroge :<\/p>\n<p>L\u2019absence du pouvoir centrafricain au sommet sur les financements des \u00e9conomies africaines ent\u00e9rine t-elle notre isolement de la diplomatie du d\u00e9veloppement ?<\/p>\n<p>Quelles en seront les cons\u00e9quences \u00e0 court, moyen et long terme sur nos projections et financements \u00e9conomiques ?<\/p>\n<p>S\u2019inscrivant dans un \u00e9lan de d\u00e9veloppement, le pouvoir centrafricain a t-il rat\u00e9 un rendez-vous crucial \u00e0 son envol \u00e9conomique ?<\/p>\n<p>Se r\u00e9f\u00e9rant \u00e0 la g\u00e9opolitique et \u00e0 la guerre froide insipide entretenue et aliment\u00e9e par le pouvoir centrafricain, participer \u00e0 ce sommet serait-elle per\u00e7ue comme un acte de trahison envers son alli\u00e9 russe ?<\/p>\n<p>Comment peut-on comprendre ou expliquer l\u2019absence de la Centrafrique \u00e0 ce sommet alors que le Rwanda qui est son nouvel alli\u00e9 sur les th\u00e9\u00e2tres des op\u00e9rations militaires est repr\u00e9sent\u00e9 par son guide lui-m\u00eame ?<\/p>\n<p>Existe t-il une incoh\u00e9rence ou une incompr\u00e9hension dans la lecture de la trajectoire politique centrafricaine ?<\/p>\n<p>Apr\u00e8s avoir boud\u00e9 l\u2019organisme sous r\u00e9gionale (CEMAC), la CEEAC et les partenaires traditionnels au d\u00e9veloppement, l\u2019option \u00ab solitaire \u00bb serait-elle l\u2019id\u00e9ale ? \u00c0 contrario, le pouvoir centrafricain aurait t-il raison de s\u2019absenter \u00e0 ce sommet qui rappelle les frasques de la France Afrique au regard de l\u2019absence d\u2019un ferme engagement financier de la part des bailleurs ?<\/p>\n<p>Au regard de l\u2019unanimit\u00e9 des m\u00e9dias fran\u00e7ais, ce sommet repr\u00e9sente t-il une op\u00e9ration de charme ou une parodie de sommet ?<\/p>\n<p>Enfin, les conclusions du sommet qui ont l\u2019apparence du \u00ab d\u00e9j\u00e0 vue \u00bb seront-elles r\u00e9elles et\/ou r\u00e9alisables ?<\/p>\n<p>Fort de ces multiples interrogations, nous appelons les diff\u00e9rents scrutateurs de la vie politique centrafricaine \u00e0 la \u00ab prudence \u00bb \u00e9tant donn\u00e9 que ce genre de sommet annonc\u00e9 en pompe n\u2019est pas le premier.<\/p>\n<p>\u00c0 contrario, les d\u00e9placements \u00e0 Paris de certaines puissances \u00e9conomiques africaines comme le Nig\u00e9ria et l\u2019Afrique du Sud rev\u00eat ce sommet d\u2019un caract\u00e8re s\u00e9rieux et utile pour les \u00e9conomies africaines d\u2019o\u00f9 l\u2019absence sans explication coh\u00e9rente de nos autorit\u00e9s l\u00e9gitimes pose des questions. Au risque de s\u2019enflammer pr\u00e9cocement dans un sens ou dans l\u2019autre, l\u2019avenir nous le dira\u2026<\/p>\n<p>&nbsp;<\/p>\n","protected":false},"excerpt":{"rendered":"<p>Africa-Press &#8211; CentrAfricaine. La pand\u00e9mie du coronavirus connu sous le nom scientifique de Covid-19 a perturb\u00e9 l\u2019\u00e9quilibre \u00e9conomique de tous les \u00e9tats du monde en g\u00e9n\u00e9ral et surtout les \u00e9tats africains en particulier. Ce ph\u00e9nom\u00e8ne sanitaire mondial a \u00e9videmment d\u00e9s\u00e9quilibr\u00e9 de mani\u00e8re sensible les pr\u00e9visions \u00e9conomiques et budg\u00e9taires des \u00e9tats africains d\u00e9j\u00e0 fragilis\u00e9es. C\u2019est dans [&hellip;]<\/p>\n","protected":false},"author":82,"featured_media":7295,"comment_status":"open","ping_status":"closed","sticky":false,"template":"","format":"standard","meta":{"footnotes":""},"categories":[3,11,20,10],"tags":[36,58,30],"class_list":["post-7296","post","type-post","status-publish","format-standard","has-post-thumbnail","hentry","category-economie","category-homepage-french","category-top-nouvelles","category-toutes-les-actualites","tag-africa-press","tag-africa-press-centrafricaine","tag-centrafricaine"],"yoast_head":"<!-- This site is optimized with the Yoast SEO Premium plugin v26.1 (Yoast SEO v27.0) - https:\/\/yoast.com\/product\/yoast-seo-premium-wordpress\/ -->\n<title>L\u2019ABSENCE DU PR\u00c9SIDENT DE LA R\u00c9PUBLIQUE AU SOMMET SUR LE FINANCEMENT DES \u00c9CONOMIES AFRICAINES \u00c0 PARIS ENT\u00c9RINE T-ELLE L\u2019ISOLEMENT DE NOTRE DIPLOMATIE DE D\u00c9VELOPPEMENT ? - centrafricaine<\/title>\n<meta name=\"description\" content=\"Bangui, R\u00e9publique centrafricaine, dimanche, 23 mai 2021, 10:22:09 ( Corbeaunews-Centrafrique ). La pand\u00e9mie du ...\" \/>\n<meta name=\"robots\" content=\"index, follow, max-snippet:-1, max-image-preview:large, max-video-preview:-1\" \/>\n<link rel=\"canonical\" href=\"https:\/\/www.africa-press.net\/centrafricaine\/economie\/centrafrique-labsence-du-president-de-la-republique-au-sommet-sur-le-financement-des-economies-africaines-a-paris-enterine-t-elle-lisolement-de-notre-diplomatie-de-developpement\" \/>\n<meta property=\"og:locale\" content=\"fr_FR\" \/>\n<meta property=\"og:type\" content=\"article\" \/>\n<meta property=\"og:title\" content=\"L\u2019ABSENCE DU PR\u00c9SIDENT DE LA R\u00c9PUBLIQUE AU SOMMET SUR LE FINANCEMENT DES \u00c9CONOMIES AFRICAINES \u00c0 PARIS ENT\u00c9RINE T-ELLE L\u2019ISOLEMENT DE NOTRE DIPLOMATIE DE D\u00c9VELOPPEMENT ?\" \/>\n<meta property=\"og:description\" content=\"Bangui, R\u00e9publique centrafricaine, dimanche, 23 mai 2021, 10:22:09 ( Corbeaunews-Centrafrique ). La pand\u00e9mie du ...\" \/>\n<meta property=\"og:url\" content=\"https:\/\/www.africa-press.net\/centrafricaine\/economie\/centrafrique-labsence-du-president-de-la-republique-au-sommet-sur-le-financement-des-economies-africaines-a-paris-enterine-t-elle-lisolement-de-notre-diplomatie-de-developpement\" \/>\n<meta property=\"og:site_name\" content=\"centrafricaine\" \/>\n<meta property=\"article:published_time\" content=\"2021-05-23T12:49:55+00:00\" \/>\n<meta property=\"article:modified_time\" content=\"2021-05-23T17:33:56+00:00\" \/>\n<meta property=\"og:image\" content=\"https:\/\/static.africa-press.net\/centrafricaine\/sites\/45\/2021\/05\/img-60aa4a3d75314.jpg\" \/>\n\t<meta property=\"og:image:width\" content=\"1000\" \/>\n\t<meta property=\"og:image:height\" content=\"580\" \/>\n\t<meta property=\"og:image:type\" content=\"image\/jpeg\" \/>\n<meta name=\"author\" content=\"cfeditorfr\" \/>\n<meta name=\"twitter:card\" content=\"summary_large_image\" \/>\n<meta name=\"twitter:label1\" content=\"\u00c9crit par\" \/>\n\t<meta name=\"twitter:data1\" content=\"cfeditorfr\" \/>\n\t<meta name=\"twitter:label2\" content=\"Dur\u00e9e de lecture estim\u00e9e\" \/>\n\t<meta name=\"twitter:data2\" content=\"3 minutes\" \/>\n<script type=\"application\/ld+json\" class=\"yoast-schema-graph\">{\"@context\":\"https:\/\/schema.org\",\"@graph\":[{\"@type\":\"Article\",\"@id\":\"https:\/\/www.africa-press.net\/centrafricaine\/economie\/centrafrique-labsence-du-president-de-la-republique-au-sommet-sur-le-financement-des-economies-africaines-a-paris-enterine-t-elle-lisolement-de-notre-diplomatie-de-developpement#article\",\"isPartOf\":{\"@id\":\"https:\/\/www.africa-press.net\/centrafricaine\/economie\/centrafrique-labsence-du-president-de-la-republique-au-sommet-sur-le-financement-des-economies-africaines-a-paris-enterine-t-elle-lisolement-de-notre-diplomatie-de-developpement\"},\"author\":{\"name\":\"cfeditorfr\",\"@id\":\"https:\/\/www.africa-press.net\/centrafricaine\/#\/schema\/person\/2b1cf3cd81a31e3cd26889ca66d677f1\"},\"headline\":\"L\u2019ABSENCE DU PR\u00c9SIDENT DE LA R\u00c9PUBLIQUE AU SOMMET SUR LE FINANCEMENT DES \u00c9CONOMIES AFRICAINES \u00c0 PARIS ENT\u00c9RINE T-ELLE L\u2019ISOLEMENT DE NOTRE DIPLOMATIE DE D\u00c9VELOPPEMENT ?\",\"datePublished\":\"2021-05-23T12:49:55+00:00\",\"dateModified\":\"2021-05-23T17:33:56+00:00\",\"mainEntityOfPage\":{\"@id\":\"https:\/\/www.africa-press.net\/centrafricaine\/economie\/centrafrique-labsence-du-president-de-la-republique-au-sommet-sur-le-financement-des-economies-africaines-a-paris-enterine-t-elle-lisolement-de-notre-diplomatie-de-developpement\"},\"wordCount\":642,\"commentCount\":0,\"image\":{\"@id\":\"https:\/\/www.africa-press.net\/centrafricaine\/economie\/centrafrique-labsence-du-president-de-la-republique-au-sommet-sur-le-financement-des-economies-africaines-a-paris-enterine-t-elle-lisolement-de-notre-diplomatie-de-developpement#primaryimage\"},\"thumbnailUrl\":\"https:\/\/static.africa-press.net\/centrafricaine\/sites\/45\/2021\/05\/img-60aa4a3d75314.jpg\",\"keywords\":[\"Africa Press\",\"Africa Press-CentrAfricaine\",\"CentrAfricaine\"],\"articleSection\":[\"\u00c9conomie\",\"homepage-french\",\"Top Nouvelles\",\"Toutes les actualit\u00e9s\"],\"inLanguage\":\"fr-FR\",\"potentialAction\":[{\"@type\":\"CommentAction\",\"name\":\"Comment\",\"target\":[\"https:\/\/www.africa-press.net\/centrafricaine\/economie\/centrafrique-labsence-du-president-de-la-republique-au-sommet-sur-le-financement-des-economies-africaines-a-paris-enterine-t-elle-lisolement-de-notre-diplomatie-de-developpement#respond\"]}]},{\"@type\":\"WebPage\",\"@id\":\"https:\/\/www.africa-press.net\/centrafricaine\/economie\/centrafrique-labsence-du-president-de-la-republique-au-sommet-sur-le-financement-des-economies-africaines-a-paris-enterine-t-elle-lisolement-de-notre-diplomatie-de-developpement\",\"url\":\"https:\/\/www.africa-press.net\/centrafricaine\/economie\/centrafrique-labsence-du-president-de-la-republique-au-sommet-sur-le-financement-des-economies-africaines-a-paris-enterine-t-elle-lisolement-de-notre-diplomatie-de-developpement\",\"name\":\"L\u2019ABSENCE DU PR\u00c9SIDENT DE LA R\u00c9PUBLIQUE AU SOMMET SUR LE FINANCEMENT DES \u00c9CONOMIES AFRICAINES \u00c0 PARIS ENT\u00c9RINE T-ELLE L\u2019ISOLEMENT DE NOTRE DIPLOMATIE DE D\u00c9VELOPPEMENT ? - centrafricaine\",\"isPartOf\":{\"@id\":\"https:\/\/www.africa-press.net\/centrafricaine\/#website\"},\"primaryImageOfPage\":{\"@id\":\"https:\/\/www.africa-press.net\/centrafricaine\/economie\/centrafrique-labsence-du-president-de-la-republique-au-sommet-sur-le-financement-des-economies-africaines-a-paris-enterine-t-elle-lisolement-de-notre-diplomatie-de-developpement#primaryimage\"},\"image\":{\"@id\":\"https:\/\/www.africa-press.net\/centrafricaine\/economie\/centrafrique-labsence-du-president-de-la-republique-au-sommet-sur-le-financement-des-economies-africaines-a-paris-enterine-t-elle-lisolement-de-notre-diplomatie-de-developpement#primaryimage\"},\"thumbnailUrl\":\"https:\/\/static.africa-press.net\/centrafricaine\/sites\/45\/2021\/05\/img-60aa4a3d75314.jpg\",\"datePublished\":\"2021-05-23T12:49:55+00:00\",\"dateModified\":\"2021-05-23T17:33:56+00:00\",\"author\":{\"@id\":\"https:\/\/www.africa-press.net\/centrafricaine\/#\/schema\/person\/2b1cf3cd81a31e3cd26889ca66d677f1\"},\"description\":\"Bangui, R\u00e9publique centrafricaine, dimanche, 23 mai 2021, 10:22:09 ( Corbeaunews-Centrafrique ). La pand\u00e9mie du ...\",\"breadcrumb\":{\"@id\":\"https:\/\/www.africa-press.net\/centrafricaine\/economie\/centrafrique-labsence-du-president-de-la-republique-au-sommet-sur-le-financement-des-economies-africaines-a-paris-enterine-t-elle-lisolement-de-notre-diplomatie-de-developpement#breadcrumb\"},\"inLanguage\":\"fr-FR\",\"potentialAction\":[{\"@type\":\"ReadAction\",\"target\":[\"https:\/\/www.africa-press.net\/centrafricaine\/economie\/centrafrique-labsence-du-president-de-la-republique-au-sommet-sur-le-financement-des-economies-africaines-a-paris-enterine-t-elle-lisolement-de-notre-diplomatie-de-developpement\"]}]},{\"@type\":\"ImageObject\",\"inLanguage\":\"fr-FR\",\"@id\":\"https:\/\/www.africa-press.net\/centrafricaine\/economie\/centrafrique-labsence-du-president-de-la-republique-au-sommet-sur-le-financement-des-economies-africaines-a-paris-enterine-t-elle-lisolement-de-notre-diplomatie-de-developpement#primaryimage\",\"url\":\"https:\/\/static.africa-press.net\/centrafricaine\/sites\/45\/2021\/05\/img-60aa4a3d75314.jpg\",\"contentUrl\":\"https:\/\/static.africa-press.net\/centrafricaine\/sites\/45\/2021\/05\/img-60aa4a3d75314.jpg\",\"width\":1000,\"height\":580,\"caption\":\"CENTRAFRIQUE : L\u2019ABSENCE DU PR\u00c9SIDENT DE LA R\u00c9PUBLIQUE AU SOMMET SUR LE FINANCEMENT DES \u00c9CONOMIES AFRICAINES \u00c0 PARIS ENT\u00c9RINE T-ELLE L\u2019ISOLEMENT DE NOTRE DIPLOMATIE DE D\u00c9VELOPPEMENT ?\"},{\"@type\":\"BreadcrumbList\",\"@id\":\"https:\/\/www.africa-press.net\/centrafricaine\/economie\/centrafrique-labsence-du-president-de-la-republique-au-sommet-sur-le-financement-des-economies-africaines-a-paris-enterine-t-elle-lisolement-de-notre-diplomatie-de-developpement#breadcrumb\",\"itemListElement\":[{\"@type\":\"ListItem\",\"position\":1,\"name\":\"Accueil\",\"item\":\"https:\/\/www.africa-press.net\/centrafricaine\/\"},{\"@type\":\"ListItem\",\"position\":2,\"name\":\"L\u2019ABSENCE DU PR\u00c9SIDENT DE LA R\u00c9PUBLIQUE AU SOMMET SUR LE FINANCEMENT DES \u00c9CONOMIES AFRICAINES \u00c0 PARIS ENT\u00c9RINE T-ELLE L\u2019ISOLEMENT DE NOTRE DIPLOMATIE DE D\u00c9VELOPPEMENT ?\"}]},{\"@type\":\"WebSite\",\"@id\":\"https:\/\/www.africa-press.net\/centrafricaine\/#website\",\"url\":\"https:\/\/www.africa-press.net\/centrafricaine\/\",\"name\":\"centrafricaine\",\"description\":\"Just another Africa News Agency Sites site\",\"potentialAction\":[{\"@type\":\"SearchAction\",\"target\":{\"@type\":\"EntryPoint\",\"urlTemplate\":\"https:\/\/www.africa-press.net\/centrafricaine\/?s={search_term_string}\"},\"query-input\":{\"@type\":\"PropertyValueSpecification\",\"valueRequired\":true,\"valueName\":\"search_term_string\"}}],\"inLanguage\":\"fr-FR\"},{\"@type\":\"Person\",\"@id\":\"https:\/\/www.africa-press.net\/centrafricaine\/#\/schema\/person\/2b1cf3cd81a31e3cd26889ca66d677f1\",\"name\":\"cfeditorfr\"}]}<\/script>\n<!-- \/ Yoast SEO Premium plugin. -->","yoast_head_json":{"title":"L\u2019ABSENCE DU PR\u00c9SIDENT DE LA R\u00c9PUBLIQUE AU SOMMET SUR LE FINANCEMENT DES \u00c9CONOMIES AFRICAINES \u00c0 PARIS ENT\u00c9RINE T-ELLE L\u2019ISOLEMENT DE NOTRE DIPLOMATIE DE D\u00c9VELOPPEMENT ? - centrafricaine","description":"Bangui, R\u00e9publique centrafricaine, dimanche, 23 mai 2021, 10:22:09 ( Corbeaunews-Centrafrique ). La pand\u00e9mie du ...","robots":{"index":"index","follow":"follow","max-snippet":"max-snippet:-1","max-image-preview":"max-image-preview:large","max-video-preview":"max-video-preview:-1"},"canonical":"https:\/\/www.africa-press.net\/centrafricaine\/economie\/centrafrique-labsence-du-president-de-la-republique-au-sommet-sur-le-financement-des-economies-africaines-a-paris-enterine-t-elle-lisolement-de-notre-diplomatie-de-developpement","og_locale":"fr_FR","og_type":"article","og_title":"L\u2019ABSENCE DU PR\u00c9SIDENT DE LA R\u00c9PUBLIQUE AU SOMMET SUR LE FINANCEMENT DES \u00c9CONOMIES AFRICAINES \u00c0 PARIS ENT\u00c9RINE T-ELLE L\u2019ISOLEMENT DE NOTRE DIPLOMATIE DE D\u00c9VELOPPEMENT ?","og_description":"Bangui, R\u00e9publique centrafricaine, dimanche, 23 mai 2021, 10:22:09 ( Corbeaunews-Centrafrique ). La pand\u00e9mie du ...","og_url":"https:\/\/www.africa-press.net\/centrafricaine\/economie\/centrafrique-labsence-du-president-de-la-republique-au-sommet-sur-le-financement-des-economies-africaines-a-paris-enterine-t-elle-lisolement-de-notre-diplomatie-de-developpement","og_site_name":"centrafricaine","article_published_time":"2021-05-23T12:49:55+00:00","article_modified_time":"2021-05-23T17:33:56+00:00","og_image":[{"width":1000,"height":580,"url":"https:\/\/static.africa-press.net\/centrafricaine\/sites\/45\/2021\/05\/img-60aa4a3d75314.jpg","type":"image\/jpeg"}],"author":"cfeditorfr","twitter_card":"summary_large_image","twitter_misc":{"\u00c9crit par":"cfeditorfr","Dur\u00e9e de lecture estim\u00e9e":"3 minutes"},"schema":{"@context":"https:\/\/schema.org","@graph":[{"@type":"Article","@id":"https:\/\/www.africa-press.net\/centrafricaine\/economie\/centrafrique-labsence-du-president-de-la-republique-au-sommet-sur-le-financement-des-economies-africaines-a-paris-enterine-t-elle-lisolement-de-notre-diplomatie-de-developpement#article","isPartOf":{"@id":"https:\/\/www.africa-press.net\/centrafricaine\/economie\/centrafrique-labsence-du-president-de-la-republique-au-sommet-sur-le-financement-des-economies-africaines-a-paris-enterine-t-elle-lisolement-de-notre-diplomatie-de-developpement"},"author":{"name":"cfeditorfr","@id":"https:\/\/www.africa-press.net\/centrafricaine\/#\/schema\/person\/2b1cf3cd81a31e3cd26889ca66d677f1"},"headline":"L\u2019ABSENCE DU PR\u00c9SIDENT DE LA R\u00c9PUBLIQUE AU SOMMET SUR LE FINANCEMENT DES \u00c9CONOMIES AFRICAINES \u00c0 PARIS ENT\u00c9RINE T-ELLE L\u2019ISOLEMENT DE NOTRE DIPLOMATIE DE D\u00c9VELOPPEMENT ?","datePublished":"2021-05-23T12:49:55+00:00","dateModified":"2021-05-23T17:33:56+00:00","mainEntityOfPage":{"@id":"https:\/\/www.africa-press.net\/centrafricaine\/economie\/centrafrique-labsence-du-president-de-la-republique-au-sommet-sur-le-financement-des-economies-africaines-a-paris-enterine-t-elle-lisolement-de-notre-diplomatie-de-developpement"},"wordCount":642,"commentCount":0,"image":{"@id":"https:\/\/www.africa-press.net\/centrafricaine\/economie\/centrafrique-labsence-du-president-de-la-republique-au-sommet-sur-le-financement-des-economies-africaines-a-paris-enterine-t-elle-lisolement-de-notre-diplomatie-de-developpement#primaryimage"},"thumbnailUrl":"https:\/\/static.africa-press.net\/centrafricaine\/sites\/45\/2021\/05\/img-60aa4a3d75314.jpg","keywords":["Africa Press","Africa Press-CentrAfricaine","CentrAfricaine"],"articleSection":["\u00c9conomie","homepage-french","Top Nouvelles","Toutes les actualit\u00e9s"],"inLanguage":"fr-FR","potentialAction":[{"@type":"CommentAction","name":"Comment","target":["https:\/\/www.africa-press.net\/centrafricaine\/economie\/centrafrique-labsence-du-president-de-la-republique-au-sommet-sur-le-financement-des-economies-africaines-a-paris-enterine-t-elle-lisolement-de-notre-diplomatie-de-developpement#respond"]}]},{"@type":"WebPage","@id":"https:\/\/www.africa-press.net\/centrafricaine\/economie\/centrafrique-labsence-du-president-de-la-republique-au-sommet-sur-le-financement-des-economies-africaines-a-paris-enterine-t-elle-lisolement-de-notre-diplomatie-de-developpement","url":"https:\/\/www.africa-press.net\/centrafricaine\/economie\/centrafrique-labsence-du-president-de-la-republique-au-sommet-sur-le-financement-des-economies-africaines-a-paris-enterine-t-elle-lisolement-de-notre-diplomatie-de-developpement","name":"L\u2019ABSENCE DU PR\u00c9SIDENT DE LA R\u00c9PUBLIQUE AU SOMMET SUR LE FINANCEMENT DES \u00c9CONOMIES AFRICAINES \u00c0 PARIS ENT\u00c9RINE T-ELLE L\u2019ISOLEMENT DE NOTRE DIPLOMATIE DE D\u00c9VELOPPEMENT ? - centrafricaine","isPartOf":{"@id":"https:\/\/www.africa-press.net\/centrafricaine\/#website"},"primaryImageOfPage":{"@id":"https:\/\/www.africa-press.net\/centrafricaine\/economie\/centrafrique-labsence-du-president-de-la-republique-au-sommet-sur-le-financement-des-economies-africaines-a-paris-enterine-t-elle-lisolement-de-notre-diplomatie-de-developpement#primaryimage"},"image":{"@id":"https:\/\/www.africa-press.net\/centrafricaine\/economie\/centrafrique-labsence-du-president-de-la-republique-au-sommet-sur-le-financement-des-economies-africaines-a-paris-enterine-t-elle-lisolement-de-notre-diplomatie-de-developpement#primaryimage"},"thumbnailUrl":"https:\/\/static.africa-press.net\/centrafricaine\/sites\/45\/2021\/05\/img-60aa4a3d75314.jpg","datePublished":"2021-05-23T12:49:55+00:00","dateModified":"2021-05-23T17:33:56+00:00","author":{"@id":"https:\/\/www.africa-press.net\/centrafricaine\/#\/schema\/person\/2b1cf3cd81a31e3cd26889ca66d677f1"},"description":"Bangui, R\u00e9publique centrafricaine, dimanche, 23 mai 2021, 10:22:09 ( Corbeaunews-Centrafrique ). La pand\u00e9mie du ...","breadcrumb":{"@id":"https:\/\/www.africa-press.net\/centrafricaine\/economie\/centrafrique-labsence-du-president-de-la-republique-au-sommet-sur-le-financement-des-economies-africaines-a-paris-enterine-t-elle-lisolement-de-notre-diplomatie-de-developpement#breadcrumb"},"inLanguage":"fr-FR","potentialAction":[{"@type":"ReadAction","target":["https:\/\/www.africa-press.net\/centrafricaine\/economie\/centrafrique-labsence-du-president-de-la-republique-au-sommet-sur-le-financement-des-economies-africaines-a-paris-enterine-t-elle-lisolement-de-notre-diplomatie-de-developpement"]}]},{"@type":"ImageObject","inLanguage":"fr-FR","@id":"https:\/\/www.africa-press.net\/centrafricaine\/economie\/centrafrique-labsence-du-president-de-la-republique-au-sommet-sur-le-financement-des-economies-africaines-a-paris-enterine-t-elle-lisolement-de-notre-diplomatie-de-developpement#primaryimage","url":"https:\/\/static.africa-press.net\/centrafricaine\/sites\/45\/2021\/05\/img-60aa4a3d75314.jpg","contentUrl":"https:\/\/static.africa-press.net\/centrafricaine\/sites\/45\/2021\/05\/img-60aa4a3d75314.jpg","width":1000,"height":580,"caption":"CENTRAFRIQUE : L\u2019ABSENCE DU PR\u00c9SIDENT DE LA R\u00c9PUBLIQUE AU SOMMET SUR LE FINANCEMENT DES \u00c9CONOMIES AFRICAINES \u00c0 PARIS ENT\u00c9RINE T-ELLE L\u2019ISOLEMENT DE NOTRE DIPLOMATIE DE D\u00c9VELOPPEMENT ?"},{"@type":"BreadcrumbList","@id":"https:\/\/www.africa-press.net\/centrafricaine\/economie\/centrafrique-labsence-du-president-de-la-republique-au-sommet-sur-le-financement-des-economies-africaines-a-paris-enterine-t-elle-lisolement-de-notre-diplomatie-de-developpement#breadcrumb","itemListElement":[{"@type":"ListItem","position":1,"name":"Accueil","item":"https:\/\/www.africa-press.net\/centrafricaine\/"},{"@type":"ListItem","position":2,"name":"L\u2019ABSENCE DU PR\u00c9SIDENT DE LA R\u00c9PUBLIQUE AU SOMMET SUR LE FINANCEMENT DES \u00c9CONOMIES AFRICAINES \u00c0 PARIS ENT\u00c9RINE T-ELLE L\u2019ISOLEMENT DE NOTRE DIPLOMATIE DE D\u00c9VELOPPEMENT ?"}]},{"@type":"WebSite","@id":"https:\/\/www.africa-press.net\/centrafricaine\/#website","url":"https:\/\/www.africa-press.net\/centrafricaine\/","name":"centrafricaine","description":"Just another Africa News Agency Sites site","potentialAction":[{"@type":"SearchAction","target":{"@type":"EntryPoint","urlTemplate":"https:\/\/www.africa-press.net\/centrafricaine\/?s={search_term_string}"},"query-input":{"@type":"PropertyValueSpecification","valueRequired":true,"valueName":"search_term_string"}}],"inLanguage":"fr-FR"},{"@type":"Person","@id":"https:\/\/www.africa-press.net\/centrafricaine\/#\/schema\/person\/2b1cf3cd81a31e3cd26889ca66d677f1","name":"cfeditorfr"}]}},"_links":{"self":[{"href":"https:\/\/www.africa-press.net\/centrafricaine\/wp-json\/wp\/v2\/posts\/7296","targetHints":{"allow":["GET"]}}],"collection":[{"href":"https:\/\/www.africa-press.net\/centrafricaine\/wp-json\/wp\/v2\/posts"}],"about":[{"href":"https:\/\/www.africa-press.net\/centrafricaine\/wp-json\/wp\/v2\/types\/post"}],"author":[{"embeddable":true,"href":"https:\/\/www.africa-press.net\/centrafricaine\/wp-json\/wp\/v2\/users\/82"}],"replies":[{"embeddable":true,"href":"https:\/\/www.africa-press.net\/centrafricaine\/wp-json\/wp\/v2\/comments?post=7296"}],"version-history":[{"count":0,"href":"https:\/\/www.africa-press.net\/centrafricaine\/wp-json\/wp\/v2\/posts\/7296\/revisions"}],"wp:featuredmedia":[{"embeddable":true,"href":"https:\/\/www.africa-press.net\/centrafricaine\/wp-json\/wp\/v2\/media\/7295"}],"wp:attachment":[{"href":"https:\/\/www.africa-press.net\/centrafricaine\/wp-json\/wp\/v2\/media?parent=7296"}],"wp:term":[{"taxonomy":"category","embeddable":true,"href":"https:\/\/www.africa-press.net\/centrafricaine\/wp-json\/wp\/v2\/categories?post=7296"},{"taxonomy":"post_tag","embeddable":true,"href":"https:\/\/www.africa-press.net\/centrafricaine\/wp-json\/wp\/v2\/tags?post=7296"}],"curies":[{"name":"wp","href":"https:\/\/api.w.org\/{rel}","templated":true}]}}