{"id":7326,"date":"2021-05-24T10:05:27","date_gmt":"2021-05-24T10:05:27","guid":{"rendered":"https:\/\/www.africa-press.net\/centrafricaine\/?p=7326"},"modified":"2021-05-24T14:09:50","modified_gmt":"2021-05-24T14:09:50","slug":"rca-un-eleveur-peul-assassine-dans-la-localite-de-batangafo","status":"publish","type":"post","link":"https:\/\/www.africa-press.net\/centrafricaine\/toutes-les-actualites\/rca-un-eleveur-peul-assassine-dans-la-localite-de-batangafo","title":{"rendered":"un \u00e9leveur peul assassin\u00e9 dans la localit\u00e9 de Batangafo"},"content":{"rendered":"<p><span style=\"color: #ff6600\"><strong><a href=\"https:\/\/www.africa-press.net\/\">Africa-Press<\/a> &#8211; <a href=\"https:\/\/www.africa-press.net\/centrafricaine\">CentrAfricaine<\/a>.\u00a0 <\/strong><\/span>Selon des sources locales, la victime s\u2019appelle Yakhoub Assilek, un marchand de b\u00e9tail \u00e0 Kaga-Bandoro, et propri\u00e9taire d\u2019un \u00e9levage de troupeau dans la localit\u00e9 de Batangafo, chef-lieu de la pr\u00e9fecture de l\u2019Ouham-Fafa, pr\u00e8s de la fronti\u00e8re avec le Tchad. Il a \u00e9t\u00e9 tu\u00e9 par un groupe d\u2019individus non identifi\u00e9s, mais certaines sources parlent d\u2019une exaction commise par des soldats FACA.<\/p>\n<p>\u00c0 en croire les membres de sa famille, monsieur Yakhoub Assilek serait venu \u00e0 Batangafo le mercredi 19 mai dans le seul but de rendre visite \u00e0 ses \u00e9leveurs qui se trouvent dans un campement entre Batangafo et Bouca. C\u2019est ainsi que le lendemain, c\u2019est-\u00e0-dire le jeudi 20 mai, il prenait la route \u00e0 destination de Bouca, mais \u00e0 8 kilom\u00e8tres de Batangafo, il est tomb\u00e9 dans le filet des individus mal intentionn\u00e9s. Il a \u00e9t\u00e9 assassin\u00e9 puis d\u00e9capit\u00e9 par ses agresseurs. Son corps sans vie a \u00e9t\u00e9 retrouv\u00e9 le lendemain vendredi 21 mai \u00e0 16 heures par des passants. Ramen\u00e9e \u00e0 Batangafo, la d\u00e9pouille a \u00e9t\u00e9 inhum\u00e9e le m\u00eame jour.<\/p>\n<p>Pour les populations, monsieur Yakhoub Assilek aurait \u00e9t\u00e9 assassin\u00e9 par des individus mal intentionn\u00e9s qui seraient venus de la sous-pr\u00e9fecture de Bouca. Or, selon des sources proches de la famille, ce sont plut\u00f4t les soldats FACA et les mercenaires russes qui se sont d\u00e9guis\u00e9s aux miliciens Anti-Balaka et commettre cet acte criminel afin de cr\u00e9er \u00e0 nouveau la zizanie entre les musulmans et les chr\u00e9tiens.<\/p>\n<p>Mais ce qui est sur, on ne saurait jamais les identit\u00e9s de ces criminels un jour.<\/p>\n<p><b>\u00a0<\/b><\/p>\n","protected":false},"excerpt":{"rendered":"<p>Africa-Press &#8211; CentrAfricaine.\u00a0 Selon des sources locales, la victime s\u2019appelle Yakhoub Assilek, un marchand de b\u00e9tail \u00e0 Kaga-Bandoro, et propri\u00e9taire d\u2019un \u00e9levage de troupeau dans la localit\u00e9 de Batangafo, chef-lieu de la pr\u00e9fecture de l\u2019Ouham-Fafa, pr\u00e8s de la fronti\u00e8re avec le Tchad. Il a \u00e9t\u00e9 tu\u00e9 par un groupe d\u2019individus non identifi\u00e9s, mais certaines sources [&hellip;]<\/p>\n","protected":false},"author":82,"featured_media":7325,"comment_status":"open","ping_status":"closed","sticky":false,"template":"","format":"standard","meta":{"footnotes":""},"categories":[21,11,10],"tags":[36,58,30],"class_list":["post-7326","post","type-post","status-publish","format-standard","has-post-thumbnail","hentry","category-communaute","category-homepage-french","category-toutes-les-actualites","tag-africa-press","tag-africa-press-centrafricaine","tag-centrafricaine"],"yoast_head":"<!-- This site is optimized with the Yoast SEO Premium plugin v26.1 (Yoast SEO v27.0) - https:\/\/yoast.com\/product\/yoast-seo-premium-wordpress\/ -->\n<title>un \u00e9leveur peul assassin\u00e9 dans la localit\u00e9 de Batangafo - centrafricaine<\/title>\n<meta name=\"description\" content=\"Batangafo, R\u00e9publique centrafricaine, lundi, 24 mai 2021, 03:18:27 ( Corbeaunews-Centrafrique ). Selon des sourc ...\" \/>\n<meta name=\"robots\" content=\"index, follow, max-snippet:-1, max-image-preview:large, max-video-preview:-1\" \/>\n<link rel=\"canonical\" href=\"https:\/\/www.africa-press.net\/centrafricaine\/toutes-les-actualites\/rca-un-eleveur-peul-assassine-dans-la-localite-de-batangafo\" \/>\n<meta property=\"og:locale\" content=\"fr_FR\" \/>\n<meta property=\"og:type\" content=\"article\" \/>\n<meta property=\"og:title\" content=\"un \u00e9leveur peul assassin\u00e9 dans la localit\u00e9 de Batangafo\" \/>\n<meta property=\"og:description\" content=\"Batangafo, R\u00e9publique centrafricaine, lundi, 24 mai 2021, 03:18:27 ( Corbeaunews-Centrafrique ). Selon des sourc ...\" \/>\n<meta property=\"og:url\" content=\"https:\/\/www.africa-press.net\/centrafricaine\/toutes-les-actualites\/rca-un-eleveur-peul-assassine-dans-la-localite-de-batangafo\" \/>\n<meta property=\"og:site_name\" content=\"centrafricaine\" \/>\n<meta property=\"article:published_time\" content=\"2021-05-24T10:05:27+00:00\" \/>\n<meta property=\"article:modified_time\" content=\"2021-05-24T14:09:50+00:00\" \/>\n<meta property=\"og:image\" content=\"https:\/\/static.africa-press.net\/centrafricaine\/sites\/45\/2021\/05\/img-60ab792ab3018.jpg\" \/>\n\t<meta property=\"og:image:width\" content=\"750\" \/>\n\t<meta property=\"og:image:height\" content=\"421\" \/>\n\t<meta property=\"og:image:type\" content=\"image\/jpeg\" \/>\n<meta name=\"author\" content=\"cfeditorfr\" \/>\n<meta name=\"twitter:card\" content=\"summary_large_image\" \/>\n<meta name=\"twitter:label1\" content=\"\u00c9crit par\" \/>\n\t<meta name=\"twitter:data1\" content=\"cfeditorfr\" \/>\n\t<meta name=\"twitter:label2\" content=\"Dur\u00e9e de lecture estim\u00e9e\" \/>\n\t<meta name=\"twitter:data2\" content=\"2 minutes\" \/>\n<script type=\"application\/ld+json\" class=\"yoast-schema-graph\">{\"@context\":\"https:\/\/schema.org\",\"@graph\":[{\"@type\":\"Article\",\"@id\":\"https:\/\/www.africa-press.net\/centrafricaine\/toutes-les-actualites\/rca-un-eleveur-peul-assassine-dans-la-localite-de-batangafo#article\",\"isPartOf\":{\"@id\":\"https:\/\/www.africa-press.net\/centrafricaine\/toutes-les-actualites\/rca-un-eleveur-peul-assassine-dans-la-localite-de-batangafo\"},\"author\":{\"name\":\"cfeditorfr\",\"@id\":\"https:\/\/www.africa-press.net\/centrafricaine\/#\/schema\/person\/2b1cf3cd81a31e3cd26889ca66d677f1\"},\"headline\":\"un \u00e9leveur peul assassin\u00e9 dans la localit\u00e9 de Batangafo\",\"datePublished\":\"2021-05-24T10:05:27+00:00\",\"dateModified\":\"2021-05-24T14:09:50+00:00\",\"mainEntityOfPage\":{\"@id\":\"https:\/\/www.africa-press.net\/centrafricaine\/toutes-les-actualites\/rca-un-eleveur-peul-assassine-dans-la-localite-de-batangafo\"},\"wordCount\":279,\"commentCount\":0,\"image\":{\"@id\":\"https:\/\/www.africa-press.net\/centrafricaine\/toutes-les-actualites\/rca-un-eleveur-peul-assassine-dans-la-localite-de-batangafo#primaryimage\"},\"thumbnailUrl\":\"https:\/\/static.africa-press.net\/centrafricaine\/sites\/45\/2021\/05\/img-60ab792ab3018.jpg\",\"keywords\":[\"Africa Press\",\"Africa Press-CentrAfricaine\",\"CentrAfricaine\"],\"articleSection\":[\"Communaut\u00e9\",\"homepage-french\",\"Toutes les actualit\u00e9s\"],\"inLanguage\":\"fr-FR\",\"potentialAction\":[{\"@type\":\"CommentAction\",\"name\":\"Comment\",\"target\":[\"https:\/\/www.africa-press.net\/centrafricaine\/toutes-les-actualites\/rca-un-eleveur-peul-assassine-dans-la-localite-de-batangafo#respond\"]}]},{\"@type\":\"WebPage\",\"@id\":\"https:\/\/www.africa-press.net\/centrafricaine\/toutes-les-actualites\/rca-un-eleveur-peul-assassine-dans-la-localite-de-batangafo\",\"url\":\"https:\/\/www.africa-press.net\/centrafricaine\/toutes-les-actualites\/rca-un-eleveur-peul-assassine-dans-la-localite-de-batangafo\",\"name\":\"un \u00e9leveur peul assassin\u00e9 dans la localit\u00e9 de Batangafo - centrafricaine\",\"isPartOf\":{\"@id\":\"https:\/\/www.africa-press.net\/centrafricaine\/#website\"},\"primaryImageOfPage\":{\"@id\":\"https:\/\/www.africa-press.net\/centrafricaine\/toutes-les-actualites\/rca-un-eleveur-peul-assassine-dans-la-localite-de-batangafo#primaryimage\"},\"image\":{\"@id\":\"https:\/\/www.africa-press.net\/centrafricaine\/toutes-les-actualites\/rca-un-eleveur-peul-assassine-dans-la-localite-de-batangafo#primaryimage\"},\"thumbnailUrl\":\"https:\/\/static.africa-press.net\/centrafricaine\/sites\/45\/2021\/05\/img-60ab792ab3018.jpg\",\"datePublished\":\"2021-05-24T10:05:27+00:00\",\"dateModified\":\"2021-05-24T14:09:50+00:00\",\"author\":{\"@id\":\"https:\/\/www.africa-press.net\/centrafricaine\/#\/schema\/person\/2b1cf3cd81a31e3cd26889ca66d677f1\"},\"description\":\"Batangafo, R\u00e9publique centrafricaine, lundi, 24 mai 2021, 03:18:27 ( Corbeaunews-Centrafrique ). Selon des sourc ...\",\"breadcrumb\":{\"@id\":\"https:\/\/www.africa-press.net\/centrafricaine\/toutes-les-actualites\/rca-un-eleveur-peul-assassine-dans-la-localite-de-batangafo#breadcrumb\"},\"inLanguage\":\"fr-FR\",\"potentialAction\":[{\"@type\":\"ReadAction\",\"target\":[\"https:\/\/www.africa-press.net\/centrafricaine\/toutes-les-actualites\/rca-un-eleveur-peul-assassine-dans-la-localite-de-batangafo\"]}]},{\"@type\":\"ImageObject\",\"inLanguage\":\"fr-FR\",\"@id\":\"https:\/\/www.africa-press.net\/centrafricaine\/toutes-les-actualites\/rca-un-eleveur-peul-assassine-dans-la-localite-de-batangafo#primaryimage\",\"url\":\"https:\/\/static.africa-press.net\/centrafricaine\/sites\/45\/2021\/05\/img-60ab792ab3018.jpg\",\"contentUrl\":\"https:\/\/static.africa-press.net\/centrafricaine\/sites\/45\/2021\/05\/img-60ab792ab3018.jpg\",\"width\":750,\"height\":421,\"caption\":\"RCA\u00a0: un \u00e9leveur peul assassin\u00e9 dans la localit\u00e9 de Batangafo\"},{\"@type\":\"BreadcrumbList\",\"@id\":\"https:\/\/www.africa-press.net\/centrafricaine\/toutes-les-actualites\/rca-un-eleveur-peul-assassine-dans-la-localite-de-batangafo#breadcrumb\",\"itemListElement\":[{\"@type\":\"ListItem\",\"position\":1,\"name\":\"Accueil\",\"item\":\"https:\/\/www.africa-press.net\/centrafricaine\/\"},{\"@type\":\"ListItem\",\"position\":2,\"name\":\"un \u00e9leveur peul assassin\u00e9 dans la localit\u00e9 de Batangafo\"}]},{\"@type\":\"WebSite\",\"@id\":\"https:\/\/www.africa-press.net\/centrafricaine\/#website\",\"url\":\"https:\/\/www.africa-press.net\/centrafricaine\/\",\"name\":\"centrafricaine\",\"description\":\"Just another Africa News Agency Sites site\",\"potentialAction\":[{\"@type\":\"SearchAction\",\"target\":{\"@type\":\"EntryPoint\",\"urlTemplate\":\"https:\/\/www.africa-press.net\/centrafricaine\/?s={search_term_string}\"},\"query-input\":{\"@type\":\"PropertyValueSpecification\",\"valueRequired\":true,\"valueName\":\"search_term_string\"}}],\"inLanguage\":\"fr-FR\"},{\"@type\":\"Person\",\"@id\":\"https:\/\/www.africa-press.net\/centrafricaine\/#\/schema\/person\/2b1cf3cd81a31e3cd26889ca66d677f1\",\"name\":\"cfeditorfr\"}]}<\/script>\n<!-- \/ Yoast SEO Premium plugin. -->","yoast_head_json":{"title":"un \u00e9leveur peul assassin\u00e9 dans la localit\u00e9 de Batangafo - centrafricaine","description":"Batangafo, R\u00e9publique centrafricaine, lundi, 24 mai 2021, 03:18:27 ( Corbeaunews-Centrafrique ). Selon des sourc ...","robots":{"index":"index","follow":"follow","max-snippet":"max-snippet:-1","max-image-preview":"max-image-preview:large","max-video-preview":"max-video-preview:-1"},"canonical":"https:\/\/www.africa-press.net\/centrafricaine\/toutes-les-actualites\/rca-un-eleveur-peul-assassine-dans-la-localite-de-batangafo","og_locale":"fr_FR","og_type":"article","og_title":"un \u00e9leveur peul assassin\u00e9 dans la localit\u00e9 de Batangafo","og_description":"Batangafo, R\u00e9publique centrafricaine, lundi, 24 mai 2021, 03:18:27 ( Corbeaunews-Centrafrique ). Selon des sourc ...","og_url":"https:\/\/www.africa-press.net\/centrafricaine\/toutes-les-actualites\/rca-un-eleveur-peul-assassine-dans-la-localite-de-batangafo","og_site_name":"centrafricaine","article_published_time":"2021-05-24T10:05:27+00:00","article_modified_time":"2021-05-24T14:09:50+00:00","og_image":[{"width":750,"height":421,"url":"https:\/\/static.africa-press.net\/centrafricaine\/sites\/45\/2021\/05\/img-60ab792ab3018.jpg","type":"image\/jpeg"}],"author":"cfeditorfr","twitter_card":"summary_large_image","twitter_misc":{"\u00c9crit par":"cfeditorfr","Dur\u00e9e de lecture estim\u00e9e":"2 minutes"},"schema":{"@context":"https:\/\/schema.org","@graph":[{"@type":"Article","@id":"https:\/\/www.africa-press.net\/centrafricaine\/toutes-les-actualites\/rca-un-eleveur-peul-assassine-dans-la-localite-de-batangafo#article","isPartOf":{"@id":"https:\/\/www.africa-press.net\/centrafricaine\/toutes-les-actualites\/rca-un-eleveur-peul-assassine-dans-la-localite-de-batangafo"},"author":{"name":"cfeditorfr","@id":"https:\/\/www.africa-press.net\/centrafricaine\/#\/schema\/person\/2b1cf3cd81a31e3cd26889ca66d677f1"},"headline":"un \u00e9leveur peul assassin\u00e9 dans la localit\u00e9 de Batangafo","datePublished":"2021-05-24T10:05:27+00:00","dateModified":"2021-05-24T14:09:50+00:00","mainEntityOfPage":{"@id":"https:\/\/www.africa-press.net\/centrafricaine\/toutes-les-actualites\/rca-un-eleveur-peul-assassine-dans-la-localite-de-batangafo"},"wordCount":279,"commentCount":0,"image":{"@id":"https:\/\/www.africa-press.net\/centrafricaine\/toutes-les-actualites\/rca-un-eleveur-peul-assassine-dans-la-localite-de-batangafo#primaryimage"},"thumbnailUrl":"https:\/\/static.africa-press.net\/centrafricaine\/sites\/45\/2021\/05\/img-60ab792ab3018.jpg","keywords":["Africa Press","Africa Press-CentrAfricaine","CentrAfricaine"],"articleSection":["Communaut\u00e9","homepage-french","Toutes les actualit\u00e9s"],"inLanguage":"fr-FR","potentialAction":[{"@type":"CommentAction","name":"Comment","target":["https:\/\/www.africa-press.net\/centrafricaine\/toutes-les-actualites\/rca-un-eleveur-peul-assassine-dans-la-localite-de-batangafo#respond"]}]},{"@type":"WebPage","@id":"https:\/\/www.africa-press.net\/centrafricaine\/toutes-les-actualites\/rca-un-eleveur-peul-assassine-dans-la-localite-de-batangafo","url":"https:\/\/www.africa-press.net\/centrafricaine\/toutes-les-actualites\/rca-un-eleveur-peul-assassine-dans-la-localite-de-batangafo","name":"un \u00e9leveur peul assassin\u00e9 dans la localit\u00e9 de Batangafo - centrafricaine","isPartOf":{"@id":"https:\/\/www.africa-press.net\/centrafricaine\/#website"},"primaryImageOfPage":{"@id":"https:\/\/www.africa-press.net\/centrafricaine\/toutes-les-actualites\/rca-un-eleveur-peul-assassine-dans-la-localite-de-batangafo#primaryimage"},"image":{"@id":"https:\/\/www.africa-press.net\/centrafricaine\/toutes-les-actualites\/rca-un-eleveur-peul-assassine-dans-la-localite-de-batangafo#primaryimage"},"thumbnailUrl":"https:\/\/static.africa-press.net\/centrafricaine\/sites\/45\/2021\/05\/img-60ab792ab3018.jpg","datePublished":"2021-05-24T10:05:27+00:00","dateModified":"2021-05-24T14:09:50+00:00","author":{"@id":"https:\/\/www.africa-press.net\/centrafricaine\/#\/schema\/person\/2b1cf3cd81a31e3cd26889ca66d677f1"},"description":"Batangafo, R\u00e9publique centrafricaine, lundi, 24 mai 2021, 03:18:27 ( Corbeaunews-Centrafrique ). Selon des sourc ...","breadcrumb":{"@id":"https:\/\/www.africa-press.net\/centrafricaine\/toutes-les-actualites\/rca-un-eleveur-peul-assassine-dans-la-localite-de-batangafo#breadcrumb"},"inLanguage":"fr-FR","potentialAction":[{"@type":"ReadAction","target":["https:\/\/www.africa-press.net\/centrafricaine\/toutes-les-actualites\/rca-un-eleveur-peul-assassine-dans-la-localite-de-batangafo"]}]},{"@type":"ImageObject","inLanguage":"fr-FR","@id":"https:\/\/www.africa-press.net\/centrafricaine\/toutes-les-actualites\/rca-un-eleveur-peul-assassine-dans-la-localite-de-batangafo#primaryimage","url":"https:\/\/static.africa-press.net\/centrafricaine\/sites\/45\/2021\/05\/img-60ab792ab3018.jpg","contentUrl":"https:\/\/static.africa-press.net\/centrafricaine\/sites\/45\/2021\/05\/img-60ab792ab3018.jpg","width":750,"height":421,"caption":"RCA\u00a0: un \u00e9leveur peul assassin\u00e9 dans la localit\u00e9 de Batangafo"},{"@type":"BreadcrumbList","@id":"https:\/\/www.africa-press.net\/centrafricaine\/toutes-les-actualites\/rca-un-eleveur-peul-assassine-dans-la-localite-de-batangafo#breadcrumb","itemListElement":[{"@type":"ListItem","position":1,"name":"Accueil","item":"https:\/\/www.africa-press.net\/centrafricaine\/"},{"@type":"ListItem","position":2,"name":"un \u00e9leveur peul assassin\u00e9 dans la localit\u00e9 de Batangafo"}]},{"@type":"WebSite","@id":"https:\/\/www.africa-press.net\/centrafricaine\/#website","url":"https:\/\/www.africa-press.net\/centrafricaine\/","name":"centrafricaine","description":"Just another Africa News Agency Sites site","potentialAction":[{"@type":"SearchAction","target":{"@type":"EntryPoint","urlTemplate":"https:\/\/www.africa-press.net\/centrafricaine\/?s={search_term_string}"},"query-input":{"@type":"PropertyValueSpecification","valueRequired":true,"valueName":"search_term_string"}}],"inLanguage":"fr-FR"},{"@type":"Person","@id":"https:\/\/www.africa-press.net\/centrafricaine\/#\/schema\/person\/2b1cf3cd81a31e3cd26889ca66d677f1","name":"cfeditorfr"}]}},"_links":{"self":[{"href":"https:\/\/www.africa-press.net\/centrafricaine\/wp-json\/wp\/v2\/posts\/7326","targetHints":{"allow":["GET"]}}],"collection":[{"href":"https:\/\/www.africa-press.net\/centrafricaine\/wp-json\/wp\/v2\/posts"}],"about":[{"href":"https:\/\/www.africa-press.net\/centrafricaine\/wp-json\/wp\/v2\/types\/post"}],"author":[{"embeddable":true,"href":"https:\/\/www.africa-press.net\/centrafricaine\/wp-json\/wp\/v2\/users\/82"}],"replies":[{"embeddable":true,"href":"https:\/\/www.africa-press.net\/centrafricaine\/wp-json\/wp\/v2\/comments?post=7326"}],"version-history":[{"count":0,"href":"https:\/\/www.africa-press.net\/centrafricaine\/wp-json\/wp\/v2\/posts\/7326\/revisions"}],"wp:featuredmedia":[{"embeddable":true,"href":"https:\/\/www.africa-press.net\/centrafricaine\/wp-json\/wp\/v2\/media\/7325"}],"wp:attachment":[{"href":"https:\/\/www.africa-press.net\/centrafricaine\/wp-json\/wp\/v2\/media?parent=7326"}],"wp:term":[{"taxonomy":"category","embeddable":true,"href":"https:\/\/www.africa-press.net\/centrafricaine\/wp-json\/wp\/v2\/categories?post=7326"},{"taxonomy":"post_tag","embeddable":true,"href":"https:\/\/www.africa-press.net\/centrafricaine\/wp-json\/wp\/v2\/tags?post=7326"}],"curies":[{"name":"wp","href":"https:\/\/api.w.org\/{rel}","templated":true}]}}