{"id":7360,"date":"2021-05-25T12:12:17","date_gmt":"2021-05-25T12:12:17","guid":{"rendered":"https:\/\/www.africa-press.net\/centrafricaine\/?p=7360"},"modified":"2021-05-25T19:00:46","modified_gmt":"2021-05-25T19:00:46","slug":"securite-des-casques-bleus-les-mesures-prises-ont-permis-de-reduire-le-nombre-de-deces","status":"publish","type":"post","link":"https:\/\/www.africa-press.net\/centrafricaine\/politique\/securite-des-casques-bleus-les-mesures-prises-ont-permis-de-reduire-le-nombre-de-deces","title":{"rendered":"S\u00e9curit\u00e9 des Casques bleus : les mesures prises ont permis de r\u00e9duire le nombre de d\u00e9c\u00e8s"},"content":{"rendered":"<p><span style=\"color: #ff6600\"><strong><a href=\"https:\/\/www.africa-press.net\/\">Africa-Press<\/a> &#8211; <a href=\"https:\/\/www.africa-press.net\/centrafricaine\">CentrAfricaine<\/a>.\u00a0 <\/strong><\/span><b>\u00a0\u00ab Les op\u00e9rations de maintien de la paix continuent d\u2019op\u00e9rer dans des environnements complexes, o\u00f9 elles font face \u00e0 un nombre croissant d\u2019attaques contre leur personnel par des acteurs hostiles. Depuis le 1er janvier de cette ann\u00e9e, 15 soldats de la paix ont perdu la vie \u00e0 cause d\u2019actes malveillants \u00bb, a soulign\u00e9 M. Lacroix dans un discours lors d\u2019un d\u00e9bat du Conseil consacr\u00e9 \u00e0 la s\u00fbret\u00e9 et \u00e0 la s\u00e9curit\u00e9 des Casques bleus.<\/b><\/p>\n<p>Outre les environnements hostiles et les attaques directes, les accidents de v\u00e9hicules et les maladies font des morts et peuvent affecter consid\u00e9rablement la capacit\u00e9 des soldats de la paix \u00e0 s\u2019acquitter des t\u00e2ches qui leur sont confi\u00e9es. En 2020, par exemple, 13 soldats de la paix ont perdu la vie \u00e0 la suite d\u2019actes violents, contre 15 en raison d\u2019accidents et 81 en raison de maladies. Cela a \u00e9t\u00e9 aggrav\u00e9 par la pand\u00e9mie de Covid-19.<\/p>\n<p>Dans ce contexte, le chef des op\u00e9rations de paix a d\u00e9clar\u00e9 que l\u2019ONU continuait de s\u2019efforcer d\u2019am\u00e9liorer la s\u00e9curit\u00e9 des soldats de la paix. La mise en \u0153uvre d\u2019un plan d\u2019action a ainsi permis de faire des progr\u00e8s significatifs en la mati\u00e8re et a contribu\u00e9 \u00e0 une diminution du nombre de morts parmi les soldats de la paix en raison d\u2019actes malveillants, de 59 en 2017 \u00e0 13 en 2020.<\/p>\n<p>R\u00e9ponses plus rapides contre les menaces<\/p>\n<p>Les missions de maintien de la paix ont continu\u00e9 de renforcer la protection des camps. La Mission des Nations Unies au Mali (MINUSMA), par exemple, a centralis\u00e9 le commandement, le contr\u00f4le et la coordination dans ses camps int\u00e9gr\u00e9s, ce qui a conduit \u00e0 des r\u00e9ponses plus rapides contre les menaces.<\/p>\n<p>\u00ab Nous avons \u00e9galement fait des progr\u00e8s notables en am\u00e9liorant les capacit\u00e9s de nos missions. Le recours \u00e0 des unit\u00e9s sp\u00e9cialis\u00e9es, telles que l\u2019unit\u00e9 de surveillance a\u00e9rienne tactique sans pilote de la MONUSCO (Mission des Nations en R\u00e9publique d\u00e9mocratique du Congo), contribue \u00e0 am\u00e9liorer le renseignement de maintien de la paix, la connaissance de la situation et l\u2019alerte rapide \u00bb, a dit M. Lacroix.<\/p>\n<p>Des initiatives en mati\u00e8re de formation ont \u00e9galement \u00e9t\u00e9 men\u00e9es, comme par exemple une formation sur l\u2019att\u00e9nuation des menaces li\u00e9es aux engins explosifs improvis\u00e9s. \u00ab Et nous voyons des r\u00e9sultats. \u00c0 la MINUSMA, par exemple, le taux de d\u00e9tection et de neutralisation des engins explosifs improvis\u00e9s par les soldats de la paix dans les convois et les patrouilles est pass\u00e9 de 11% d\u2019engins d\u00e9tect\u00e9s avant explosion en 2014 \u00e0 pr\u00e8s de 50% en 2020 \u00bb, a not\u00e9 le chef des op\u00e9rations de paix.<\/p>\n<p>Les technologies de s\u00e9curit\u00e9 des camps et d\u2019alerte rapide s\u2019av\u00e8rent \u00e9galement efficaces pour permettre aux missions r\u00e9guli\u00e8rement attaqu\u00e9es d\u2019am\u00e9liorer la s\u00e9curit\u00e9 de leur personnel. Lors d\u2019une attaque contre le camp de la MINUSMA dans la r\u00e9gion de Kidal le 25 avril dernier, des roquettes et des mortiers ont \u00e9t\u00e9 d\u00e9tect\u00e9s avant l\u2019impact, permettant au personnel de se r\u00e9fugier dans des bunkers et de contribuer \u00e0 sauver des vies. Selon Jean-Pierre Lacroix, \u00ab la r\u00e9ponse vigoureuse d\u2019un contingent des forces sp\u00e9ciales (tchadiennes) lors de l\u2019attaque contre le camp d\u2019Aguelhok le 2 avril est un indicateur clair de l\u2019effet d\u2019une approche globale de renforcement de la s\u00fbret\u00e9 et de la s\u00e9curit\u00e9 \u00bb.<\/p>\n<p>Il a aussi not\u00e9 que des progr\u00e8s avaient \u00e9t\u00e9 faits pour aider les pays h\u00f4tes dans leurs efforts pour traduire en justice les auteurs de crimes contre les soldats de la paix, notamment en R\u00e9publique centrafricaine, au Mali et en RDC. \u00ab Cela a conduit \u00e0 une augmentation de l\u2019identification des auteurs pr\u00e9sum\u00e9s de crimes contre les soldats de la paix et \u00e0 une augmentation du nombre d\u2019enqu\u00eates et de condamnations \u00bb, a-t-il dit, notant que six personnes ont \u00e9t\u00e9 condamn\u00e9es en R\u00e9publique centrafricaine d\u00e9but 2020, une au Liban en d\u00e9cembre 2020 et, au Mali, une personne a \u00e9t\u00e9 reconnue coupable et huit ont \u00e9t\u00e9 reconnues coupables et condamn\u00e9es par contumace en mars 2021.<\/p>\n<p>Des d\u00e9fis \u00e0 relever<\/p>\n<p>Toutefois, malgr\u00e9 les progr\u00e8s r\u00e9alis\u00e9s, de nombreux facteurs continuent d\u2019entraver la s\u00fbret\u00e9 et la s\u00e9curit\u00e9 des soldats de la paix sur le terrain, a estim\u00e9 le chef des op\u00e9rations de paix.<\/p>\n<p>\u00ab Assurer un haut niveau de robustesse et de capacit\u00e9 pour tout le personnel en uniforme reste un d\u00e9fi, et les lacunes dans le leadership, l\u2019\u00e9tat d\u2019esprit et la pr\u00e9paration continuent d\u2019entraver la s\u00fbret\u00e9 et la s\u00e9curit\u00e9. En outre, le maintien de la paix, le renseignement, la connaissance de la situation et l\u2019alerte rapide doivent \u00eatre renforc\u00e9s, en particulier aux niveaux op\u00e9rationnel et tactique. Les campagnes de d\u00e9sinformation gagnent en importance sur certains th\u00e9\u00e2tres, ce qui expose nos soldats de la paix \u00e0 un plus grand risque. L\u2019impact de la Covid-19 sur la s\u00e9curit\u00e9, y compris la sant\u00e9 au travail, continue \u00e9galement d\u2019\u00eatre une pr\u00e9occupation majeure \u00bb, a-t-il soulign\u00e9.<\/p>\n<p>Il a d\u00e9clar\u00e9 que l\u2019ONU s\u2019effor\u00e7ait de relever ces d\u00e9fis et pr\u00e9voyait de redoubler d\u2019efforts en mati\u00e8re de s\u00fbret\u00e9 et de s\u00e9curit\u00e9 \u00e0 l\u2019avenir.<\/p>\n<p>\u00ab Nous avons r\u00e9vis\u00e9 le plan d\u2019action en f\u00e9vrier pour nous permettre de mieux nous adapter \u00e0 des environnements op\u00e9rationnels de plus en plus volatils, en particulier \u00e0 la MINUSCA (Mission des Nations Unies en R\u00e9publique centrafricaine) et \u00e0 la MINUSMA \u00bb, a-t-il dit.<\/p>\n<p>\u00ab Nous renfor\u00e7ons le maintien de la paix tactique et op\u00e9rationnel, le renseignement et la connaissance de la situation; nous renfor\u00e7ons la protection des forces, notamment en am\u00e9liorant les capacit\u00e9s d\u2019op\u00e9rer de nuit; nous renfor\u00e7ons notre capacit\u00e9 \u00e0 mieux comprendre la nature et la source des engins explosifs improvis\u00e9s; nous am\u00e9liorions la formation \u00e0 la gestion de crise pour les dirigeants de mission \u00bb, a-t-il ajout\u00e9. \u00ab Nous concentrons \u00e9galement notre attention sur l\u2019am\u00e9lioration des communications strat\u00e9giques. Les missions surveillent et combattent la d\u00e9sinformation et les discours de haine, y compris dans le contexte de cette pand\u00e9mie \u00bb.<\/p>\n<p>Le Conseil de s\u00e9curit\u00e9 note les progr\u00e8s accomplis<\/p>\n<p>Dans une d\u00e9claration adopt\u00e9e par ses quinze membres lors de la r\u00e9union, le Conseil de s\u00e9curit\u00e9 note avec satisfaction les progr\u00e8s accomplis en mati\u00e8re de s\u00fbret\u00e9 et de s\u00e9curit\u00e9 du personnel de maintien de la paix et prie le Secr\u00e9taire g\u00e9n\u00e9ral de continuer \u00e0 prendre toutes les mesures appropri\u00e9es pour am\u00e9liorer la s\u00fbret\u00e9 et la s\u00e9curit\u00e9 des Casques bleus.<\/p>\n<p>Il souligne la n\u00e9cessit\u00e9 que le Secr\u00e9taire g\u00e9n\u00e9ral, les pays fournisseurs de contingents et de personnel de police et les \u00c9tats Membres \u0153uvrent de concert pour faire en sorte que les missions b\u00e9n\u00e9ficient des ressources dont elles ont besoin et que tout le personnel de maintien de la paix sur le terrain soit apte et pr\u00eat \u00e0 s\u2019acquitter efficacement de son mandat dans des conditions de s\u00e9curit\u00e9 et dispose des moyens n\u00e9cessaires \u00e0 cette fin.<\/p>\n<p>Le Conseil de s\u00e9curit\u00e9 souligne aussi la n\u00e9cessit\u00e9 pour les pays fournisseurs de contingents et de personnel de police de veiller, le cas \u00e9ch\u00e9ant, \u00e0 ce que tous soient \u00e9quip\u00e9s, inform\u00e9s et form\u00e9s pour att\u00e9nuer la menace que repr\u00e9sentent les mines terrestres, les restes explosifs de guerre et les engins explosifs improvis\u00e9s.<\/p>\n<p>Quant aux Etats membres accueillant des op\u00e9rations de maintien de la paix, le Conseil les engage de nouveau \u00e0 enqu\u00eater rapidement sur toutes les attaques visant le personnel des Nations Unies et \u00e0 en poursuivre activement les auteurs.<\/p>\n<p>&nbsp;<\/p>\n","protected":false},"excerpt":{"rendered":"<p>Africa-Press &#8211; CentrAfricaine.\u00a0 \u00a0\u00ab Les op\u00e9rations de maintien de la paix continuent d\u2019op\u00e9rer dans des environnements complexes, o\u00f9 elles font face \u00e0 un nombre croissant d\u2019attaques contre leur personnel par des acteurs hostiles. Depuis le 1er janvier de cette ann\u00e9e, 15 soldats de la paix ont perdu la vie \u00e0 cause d\u2019actes malveillants \u00bb, a [&hellip;]<\/p>\n","protected":false},"author":82,"featured_media":7359,"comment_status":"open","ping_status":"closed","sticky":false,"template":"","format":"standard","meta":{"footnotes":""},"categories":[11,2,10],"tags":[36,58,30],"class_list":["post-7360","post","type-post","status-publish","format-standard","has-post-thumbnail","hentry","category-homepage-french","category-politique","category-toutes-les-actualites","tag-africa-press","tag-africa-press-centrafricaine","tag-centrafricaine"],"yoast_head":"<!-- This site is optimized with the Yoast SEO Premium plugin v26.1 (Yoast SEO v27.0) - https:\/\/yoast.com\/product\/yoast-seo-premium-wordpress\/ -->\n<title>S\u00e9curit\u00e9 des Casques bleus : les mesures prises ont permis de r\u00e9duire le nombre de d\u00e9c\u00e8s - centrafricaine<\/title>\n<meta name=\"description\" content=\"Bangui ( R\u00e9publique centrafricaine ) \u2013 \u00ab Les op\u00e9rations de maintien de la paix continuent d\u2019op\u00e9rer dans des environne ...\" \/>\n<meta name=\"robots\" content=\"index, follow, max-snippet:-1, max-image-preview:large, max-video-preview:-1\" \/>\n<link rel=\"canonical\" href=\"https:\/\/www.africa-press.net\/centrafricaine\/politique\/securite-des-casques-bleus-les-mesures-prises-ont-permis-de-reduire-le-nombre-de-deces\" \/>\n<meta property=\"og:locale\" content=\"fr_FR\" \/>\n<meta property=\"og:type\" content=\"article\" \/>\n<meta property=\"og:title\" content=\"S\u00e9curit\u00e9 des Casques bleus : les mesures prises ont permis de r\u00e9duire le nombre de d\u00e9c\u00e8s\" \/>\n<meta property=\"og:description\" content=\"Bangui ( R\u00e9publique centrafricaine ) \u2013 \u00ab Les op\u00e9rations de maintien de la paix continuent d\u2019op\u00e9rer dans des environne ...\" \/>\n<meta property=\"og:url\" content=\"https:\/\/www.africa-press.net\/centrafricaine\/politique\/securite-des-casques-bleus-les-mesures-prises-ont-permis-de-reduire-le-nombre-de-deces\" \/>\n<meta property=\"og:site_name\" content=\"centrafricaine\" \/>\n<meta property=\"article:published_time\" content=\"2021-05-25T12:12:17+00:00\" \/>\n<meta property=\"article:modified_time\" content=\"2021-05-25T19:00:46+00:00\" \/>\n<meta property=\"og:image\" content=\"https:\/\/static.africa-press.net\/centrafricaine\/sites\/45\/2021\/05\/img-60ace6c10a528.jpg\" \/>\n\t<meta property=\"og:image:width\" content=\"720\" \/>\n\t<meta property=\"og:image:height\" content=\"478\" \/>\n\t<meta property=\"og:image:type\" content=\"image\/jpeg\" \/>\n<meta name=\"author\" content=\"cfeditorfr\" \/>\n<meta name=\"twitter:card\" content=\"summary_large_image\" \/>\n<meta name=\"twitter:label1\" content=\"\u00c9crit par\" \/>\n\t<meta name=\"twitter:data1\" content=\"cfeditorfr\" \/>\n\t<meta name=\"twitter:label2\" content=\"Dur\u00e9e de lecture estim\u00e9e\" \/>\n\t<meta name=\"twitter:data2\" content=\"6 minutes\" \/>\n<script type=\"application\/ld+json\" class=\"yoast-schema-graph\">{\"@context\":\"https:\/\/schema.org\",\"@graph\":[{\"@type\":\"Article\",\"@id\":\"https:\/\/www.africa-press.net\/centrafricaine\/politique\/securite-des-casques-bleus-les-mesures-prises-ont-permis-de-reduire-le-nombre-de-deces#article\",\"isPartOf\":{\"@id\":\"https:\/\/www.africa-press.net\/centrafricaine\/politique\/securite-des-casques-bleus-les-mesures-prises-ont-permis-de-reduire-le-nombre-de-deces\"},\"author\":{\"name\":\"cfeditorfr\",\"@id\":\"https:\/\/www.africa-press.net\/centrafricaine\/#\/schema\/person\/2b1cf3cd81a31e3cd26889ca66d677f1\"},\"headline\":\"S\u00e9curit\u00e9 des Casques bleus : les mesures prises ont permis de r\u00e9duire le nombre de d\u00e9c\u00e8s\",\"datePublished\":\"2021-05-25T12:12:17+00:00\",\"dateModified\":\"2021-05-25T19:00:46+00:00\",\"mainEntityOfPage\":{\"@id\":\"https:\/\/www.africa-press.net\/centrafricaine\/politique\/securite-des-casques-bleus-les-mesures-prises-ont-permis-de-reduire-le-nombre-de-deces\"},\"wordCount\":1337,\"commentCount\":0,\"image\":{\"@id\":\"https:\/\/www.africa-press.net\/centrafricaine\/politique\/securite-des-casques-bleus-les-mesures-prises-ont-permis-de-reduire-le-nombre-de-deces#primaryimage\"},\"thumbnailUrl\":\"https:\/\/static.africa-press.net\/centrafricaine\/sites\/45\/2021\/05\/img-60ace6c10a528.jpg\",\"keywords\":[\"Africa Press\",\"Africa Press-CentrAfricaine\",\"CentrAfricaine\"],\"articleSection\":[\"homepage-french\",\"Politique\",\"Toutes les actualit\u00e9s\"],\"inLanguage\":\"fr-FR\",\"potentialAction\":[{\"@type\":\"CommentAction\",\"name\":\"Comment\",\"target\":[\"https:\/\/www.africa-press.net\/centrafricaine\/politique\/securite-des-casques-bleus-les-mesures-prises-ont-permis-de-reduire-le-nombre-de-deces#respond\"]}]},{\"@type\":\"WebPage\",\"@id\":\"https:\/\/www.africa-press.net\/centrafricaine\/politique\/securite-des-casques-bleus-les-mesures-prises-ont-permis-de-reduire-le-nombre-de-deces\",\"url\":\"https:\/\/www.africa-press.net\/centrafricaine\/politique\/securite-des-casques-bleus-les-mesures-prises-ont-permis-de-reduire-le-nombre-de-deces\",\"name\":\"S\u00e9curit\u00e9 des Casques bleus : les mesures prises ont permis de r\u00e9duire le nombre de d\u00e9c\u00e8s - centrafricaine\",\"isPartOf\":{\"@id\":\"https:\/\/www.africa-press.net\/centrafricaine\/#website\"},\"primaryImageOfPage\":{\"@id\":\"https:\/\/www.africa-press.net\/centrafricaine\/politique\/securite-des-casques-bleus-les-mesures-prises-ont-permis-de-reduire-le-nombre-de-deces#primaryimage\"},\"image\":{\"@id\":\"https:\/\/www.africa-press.net\/centrafricaine\/politique\/securite-des-casques-bleus-les-mesures-prises-ont-permis-de-reduire-le-nombre-de-deces#primaryimage\"},\"thumbnailUrl\":\"https:\/\/static.africa-press.net\/centrafricaine\/sites\/45\/2021\/05\/img-60ace6c10a528.jpg\",\"datePublished\":\"2021-05-25T12:12:17+00:00\",\"dateModified\":\"2021-05-25T19:00:46+00:00\",\"author\":{\"@id\":\"https:\/\/www.africa-press.net\/centrafricaine\/#\/schema\/person\/2b1cf3cd81a31e3cd26889ca66d677f1\"},\"description\":\"Bangui ( R\u00e9publique centrafricaine ) \u2013 \u00ab Les op\u00e9rations de maintien de la paix continuent d\u2019op\u00e9rer dans des environne ...\",\"breadcrumb\":{\"@id\":\"https:\/\/www.africa-press.net\/centrafricaine\/politique\/securite-des-casques-bleus-les-mesures-prises-ont-permis-de-reduire-le-nombre-de-deces#breadcrumb\"},\"inLanguage\":\"fr-FR\",\"potentialAction\":[{\"@type\":\"ReadAction\",\"target\":[\"https:\/\/www.africa-press.net\/centrafricaine\/politique\/securite-des-casques-bleus-les-mesures-prises-ont-permis-de-reduire-le-nombre-de-deces\"]}]},{\"@type\":\"ImageObject\",\"inLanguage\":\"fr-FR\",\"@id\":\"https:\/\/www.africa-press.net\/centrafricaine\/politique\/securite-des-casques-bleus-les-mesures-prises-ont-permis-de-reduire-le-nombre-de-deces#primaryimage\",\"url\":\"https:\/\/static.africa-press.net\/centrafricaine\/sites\/45\/2021\/05\/img-60ace6c10a528.jpg\",\"contentUrl\":\"https:\/\/static.africa-press.net\/centrafricaine\/sites\/45\/2021\/05\/img-60ace6c10a528.jpg\",\"width\":720,\"height\":478,\"caption\":\"S\u00e9curit\u00e9 des Casques bleus : les mesures prises ont permis de r\u00e9duire le nombre de d\u00e9c\u00e8s\"},{\"@type\":\"BreadcrumbList\",\"@id\":\"https:\/\/www.africa-press.net\/centrafricaine\/politique\/securite-des-casques-bleus-les-mesures-prises-ont-permis-de-reduire-le-nombre-de-deces#breadcrumb\",\"itemListElement\":[{\"@type\":\"ListItem\",\"position\":1,\"name\":\"Accueil\",\"item\":\"https:\/\/www.africa-press.net\/centrafricaine\/\"},{\"@type\":\"ListItem\",\"position\":2,\"name\":\"S\u00e9curit\u00e9 des Casques bleus : les mesures prises ont permis de r\u00e9duire le nombre de d\u00e9c\u00e8s\"}]},{\"@type\":\"WebSite\",\"@id\":\"https:\/\/www.africa-press.net\/centrafricaine\/#website\",\"url\":\"https:\/\/www.africa-press.net\/centrafricaine\/\",\"name\":\"centrafricaine\",\"description\":\"Just another Africa News Agency Sites site\",\"potentialAction\":[{\"@type\":\"SearchAction\",\"target\":{\"@type\":\"EntryPoint\",\"urlTemplate\":\"https:\/\/www.africa-press.net\/centrafricaine\/?s={search_term_string}\"},\"query-input\":{\"@type\":\"PropertyValueSpecification\",\"valueRequired\":true,\"valueName\":\"search_term_string\"}}],\"inLanguage\":\"fr-FR\"},{\"@type\":\"Person\",\"@id\":\"https:\/\/www.africa-press.net\/centrafricaine\/#\/schema\/person\/2b1cf3cd81a31e3cd26889ca66d677f1\",\"name\":\"cfeditorfr\"}]}<\/script>\n<!-- \/ Yoast SEO Premium plugin. -->","yoast_head_json":{"title":"S\u00e9curit\u00e9 des Casques bleus : les mesures prises ont permis de r\u00e9duire le nombre de d\u00e9c\u00e8s - centrafricaine","description":"Bangui ( R\u00e9publique centrafricaine ) \u2013 \u00ab Les op\u00e9rations de maintien de la paix continuent d\u2019op\u00e9rer dans des environne ...","robots":{"index":"index","follow":"follow","max-snippet":"max-snippet:-1","max-image-preview":"max-image-preview:large","max-video-preview":"max-video-preview:-1"},"canonical":"https:\/\/www.africa-press.net\/centrafricaine\/politique\/securite-des-casques-bleus-les-mesures-prises-ont-permis-de-reduire-le-nombre-de-deces","og_locale":"fr_FR","og_type":"article","og_title":"S\u00e9curit\u00e9 des Casques bleus : les mesures prises ont permis de r\u00e9duire le nombre de d\u00e9c\u00e8s","og_description":"Bangui ( R\u00e9publique centrafricaine ) \u2013 \u00ab Les op\u00e9rations de maintien de la paix continuent d\u2019op\u00e9rer dans des environne ...","og_url":"https:\/\/www.africa-press.net\/centrafricaine\/politique\/securite-des-casques-bleus-les-mesures-prises-ont-permis-de-reduire-le-nombre-de-deces","og_site_name":"centrafricaine","article_published_time":"2021-05-25T12:12:17+00:00","article_modified_time":"2021-05-25T19:00:46+00:00","og_image":[{"width":720,"height":478,"url":"https:\/\/static.africa-press.net\/centrafricaine\/sites\/45\/2021\/05\/img-60ace6c10a528.jpg","type":"image\/jpeg"}],"author":"cfeditorfr","twitter_card":"summary_large_image","twitter_misc":{"\u00c9crit par":"cfeditorfr","Dur\u00e9e de lecture estim\u00e9e":"6 minutes"},"schema":{"@context":"https:\/\/schema.org","@graph":[{"@type":"Article","@id":"https:\/\/www.africa-press.net\/centrafricaine\/politique\/securite-des-casques-bleus-les-mesures-prises-ont-permis-de-reduire-le-nombre-de-deces#article","isPartOf":{"@id":"https:\/\/www.africa-press.net\/centrafricaine\/politique\/securite-des-casques-bleus-les-mesures-prises-ont-permis-de-reduire-le-nombre-de-deces"},"author":{"name":"cfeditorfr","@id":"https:\/\/www.africa-press.net\/centrafricaine\/#\/schema\/person\/2b1cf3cd81a31e3cd26889ca66d677f1"},"headline":"S\u00e9curit\u00e9 des Casques bleus : les mesures prises ont permis de r\u00e9duire le nombre de d\u00e9c\u00e8s","datePublished":"2021-05-25T12:12:17+00:00","dateModified":"2021-05-25T19:00:46+00:00","mainEntityOfPage":{"@id":"https:\/\/www.africa-press.net\/centrafricaine\/politique\/securite-des-casques-bleus-les-mesures-prises-ont-permis-de-reduire-le-nombre-de-deces"},"wordCount":1337,"commentCount":0,"image":{"@id":"https:\/\/www.africa-press.net\/centrafricaine\/politique\/securite-des-casques-bleus-les-mesures-prises-ont-permis-de-reduire-le-nombre-de-deces#primaryimage"},"thumbnailUrl":"https:\/\/static.africa-press.net\/centrafricaine\/sites\/45\/2021\/05\/img-60ace6c10a528.jpg","keywords":["Africa Press","Africa Press-CentrAfricaine","CentrAfricaine"],"articleSection":["homepage-french","Politique","Toutes les actualit\u00e9s"],"inLanguage":"fr-FR","potentialAction":[{"@type":"CommentAction","name":"Comment","target":["https:\/\/www.africa-press.net\/centrafricaine\/politique\/securite-des-casques-bleus-les-mesures-prises-ont-permis-de-reduire-le-nombre-de-deces#respond"]}]},{"@type":"WebPage","@id":"https:\/\/www.africa-press.net\/centrafricaine\/politique\/securite-des-casques-bleus-les-mesures-prises-ont-permis-de-reduire-le-nombre-de-deces","url":"https:\/\/www.africa-press.net\/centrafricaine\/politique\/securite-des-casques-bleus-les-mesures-prises-ont-permis-de-reduire-le-nombre-de-deces","name":"S\u00e9curit\u00e9 des Casques bleus : les mesures prises ont permis de r\u00e9duire le nombre de d\u00e9c\u00e8s - centrafricaine","isPartOf":{"@id":"https:\/\/www.africa-press.net\/centrafricaine\/#website"},"primaryImageOfPage":{"@id":"https:\/\/www.africa-press.net\/centrafricaine\/politique\/securite-des-casques-bleus-les-mesures-prises-ont-permis-de-reduire-le-nombre-de-deces#primaryimage"},"image":{"@id":"https:\/\/www.africa-press.net\/centrafricaine\/politique\/securite-des-casques-bleus-les-mesures-prises-ont-permis-de-reduire-le-nombre-de-deces#primaryimage"},"thumbnailUrl":"https:\/\/static.africa-press.net\/centrafricaine\/sites\/45\/2021\/05\/img-60ace6c10a528.jpg","datePublished":"2021-05-25T12:12:17+00:00","dateModified":"2021-05-25T19:00:46+00:00","author":{"@id":"https:\/\/www.africa-press.net\/centrafricaine\/#\/schema\/person\/2b1cf3cd81a31e3cd26889ca66d677f1"},"description":"Bangui ( R\u00e9publique centrafricaine ) \u2013 \u00ab Les op\u00e9rations de maintien de la paix continuent d\u2019op\u00e9rer dans des environne ...","breadcrumb":{"@id":"https:\/\/www.africa-press.net\/centrafricaine\/politique\/securite-des-casques-bleus-les-mesures-prises-ont-permis-de-reduire-le-nombre-de-deces#breadcrumb"},"inLanguage":"fr-FR","potentialAction":[{"@type":"ReadAction","target":["https:\/\/www.africa-press.net\/centrafricaine\/politique\/securite-des-casques-bleus-les-mesures-prises-ont-permis-de-reduire-le-nombre-de-deces"]}]},{"@type":"ImageObject","inLanguage":"fr-FR","@id":"https:\/\/www.africa-press.net\/centrafricaine\/politique\/securite-des-casques-bleus-les-mesures-prises-ont-permis-de-reduire-le-nombre-de-deces#primaryimage","url":"https:\/\/static.africa-press.net\/centrafricaine\/sites\/45\/2021\/05\/img-60ace6c10a528.jpg","contentUrl":"https:\/\/static.africa-press.net\/centrafricaine\/sites\/45\/2021\/05\/img-60ace6c10a528.jpg","width":720,"height":478,"caption":"S\u00e9curit\u00e9 des Casques bleus : les mesures prises ont permis de r\u00e9duire le nombre de d\u00e9c\u00e8s"},{"@type":"BreadcrumbList","@id":"https:\/\/www.africa-press.net\/centrafricaine\/politique\/securite-des-casques-bleus-les-mesures-prises-ont-permis-de-reduire-le-nombre-de-deces#breadcrumb","itemListElement":[{"@type":"ListItem","position":1,"name":"Accueil","item":"https:\/\/www.africa-press.net\/centrafricaine\/"},{"@type":"ListItem","position":2,"name":"S\u00e9curit\u00e9 des Casques bleus : les mesures prises ont permis de r\u00e9duire le nombre de d\u00e9c\u00e8s"}]},{"@type":"WebSite","@id":"https:\/\/www.africa-press.net\/centrafricaine\/#website","url":"https:\/\/www.africa-press.net\/centrafricaine\/","name":"centrafricaine","description":"Just another Africa News Agency Sites site","potentialAction":[{"@type":"SearchAction","target":{"@type":"EntryPoint","urlTemplate":"https:\/\/www.africa-press.net\/centrafricaine\/?s={search_term_string}"},"query-input":{"@type":"PropertyValueSpecification","valueRequired":true,"valueName":"search_term_string"}}],"inLanguage":"fr-FR"},{"@type":"Person","@id":"https:\/\/www.africa-press.net\/centrafricaine\/#\/schema\/person\/2b1cf3cd81a31e3cd26889ca66d677f1","name":"cfeditorfr"}]}},"_links":{"self":[{"href":"https:\/\/www.africa-press.net\/centrafricaine\/wp-json\/wp\/v2\/posts\/7360","targetHints":{"allow":["GET"]}}],"collection":[{"href":"https:\/\/www.africa-press.net\/centrafricaine\/wp-json\/wp\/v2\/posts"}],"about":[{"href":"https:\/\/www.africa-press.net\/centrafricaine\/wp-json\/wp\/v2\/types\/post"}],"author":[{"embeddable":true,"href":"https:\/\/www.africa-press.net\/centrafricaine\/wp-json\/wp\/v2\/users\/82"}],"replies":[{"embeddable":true,"href":"https:\/\/www.africa-press.net\/centrafricaine\/wp-json\/wp\/v2\/comments?post=7360"}],"version-history":[{"count":0,"href":"https:\/\/www.africa-press.net\/centrafricaine\/wp-json\/wp\/v2\/posts\/7360\/revisions"}],"wp:featuredmedia":[{"embeddable":true,"href":"https:\/\/www.africa-press.net\/centrafricaine\/wp-json\/wp\/v2\/media\/7359"}],"wp:attachment":[{"href":"https:\/\/www.africa-press.net\/centrafricaine\/wp-json\/wp\/v2\/media?parent=7360"}],"wp:term":[{"taxonomy":"category","embeddable":true,"href":"https:\/\/www.africa-press.net\/centrafricaine\/wp-json\/wp\/v2\/categories?post=7360"},{"taxonomy":"post_tag","embeddable":true,"href":"https:\/\/www.africa-press.net\/centrafricaine\/wp-json\/wp\/v2\/tags?post=7360"}],"curies":[{"name":"wp","href":"https:\/\/api.w.org\/{rel}","templated":true}]}}