{"id":73701,"date":"2025-07-16T20:26:54","date_gmt":"2025-07-16T20:26:54","guid":{"rendered":"https:\/\/www.africa-press.net\/centrafricaine\/politique\/politique-de-touadera-vers-la-paix-et-stabilite"},"modified":"2025-07-16T20:52:19","modified_gmt":"2025-07-16T20:52:19","slug":"politique-de-touadera-vers-la-paix-et-stabilite","status":"publish","type":"post","link":"https:\/\/www.africa-press.net\/centrafricaine\/politique\/politique-de-touadera-vers-la-paix-et-stabilite","title":{"rendered":"Politique de Touadera: Vers la Paix et Stabilite\u0301"},"content":{"rendered":"<p><span style=\"color: #ff6600\"><strong>Africa-Press &#8211; CentrAfricaine. <\/strong><\/span><b> Depuis son arrive\u0301e a\u0300 la magistrature supre\u0302me, le Pre\u0301sident de la Re\u0301publique, Professeur Faustin Archange TOUADERA, place la paix et la stabilite\u0301 au c\u0153ur de sa gouvernance. A\u0300 travers une politique fonde\u0301e sur le dialogue, la reconstruction et la re\u0301forme, le chef de l\u2019E\u0301tat a re\u0301ussi a\u0300 impulser une dynamique nouvelle, porteuse d\u2019espoir pour le peuple centrafricain.<\/b><\/p>\n<p>En premier lieu, le dialogue politique et la re\u0301conciliation nationale constituent les piliers majeurs de cette strate\u0301gie. Le Pre\u0301sident <b>Touade\u0301ra<\/b> a multiplie\u0301 les rencontres avec les diffe\u0301rents acteurs politiques, les groupes arme\u0301s engage\u0301s dans le processus de paix et la socie\u0301te\u0301 civile. Ces efforts ont permis de re\u0301duire significativement les tensions et d\u2019apaiser le climat politique, tout en favorisant une meilleure cohe\u0301sion nationale.<\/p>\n<p>Paralle\u0300lement, des re\u0301formes profondes ont e\u0301te\u0301 entreprises pour renforcer l\u2019autorite\u0301 de l\u2019E\u0301tat sur l\u2019ensemble du territoire. La monte\u0301e en puissance des Forces Arme\u0301es Centrafricaines (<b>FACA<\/b>), combine\u0301e a\u0300 une politique de se\u0301curite\u0301 adapte\u0301e, a contribue\u0301 au retour de la stabilite\u0301 dans de nombreuses pre\u0301fectures. Aujourd\u2019hui, de plus en plus de localite\u0301s retrouvent leur se\u0301re\u0301nite\u0301, permettant ainsi aux de\u0301place\u0301s internes et aux re\u0301fugie\u0301s de regagner leurs villages.<\/p>\n<p>La politique du Pre\u0301sident <b>TOUADERA<\/b> ne se limite pas au volet se\u0301curitaire. Elle englobe e\u0301galement le de\u0301veloppement e\u0301conomique et social, conditions indispensables pour une paix durable. Gra\u0302ce a\u0300 des investissements publics et des partenariats strate\u0301giques, plusieurs projets d\u2019infrastructures ont vu le jour routes, ho\u0302pitaux, e\u0301coles, e\u0301lectrification rurale, permettant d\u2019ame\u0301liorer sensiblement la vie quotidienne des citoyens.<\/p>\n<p>Sur le plan diplomatique, le Chef de l\u2019E\u0301tat a su renforcer la coope\u0301ration internationale, attirant l\u2019attention et le soutien de nombreux partenaires au service de la reconstruction du pays. Cette ouverture a\u0300 l\u2019international a permis a\u0300 la Re\u0301publique centrafricaine d\u2019inscrire durablement sa relance dans un contexte re\u0301gional et mondial plus favorable.<\/p>\n<p>Enfin, la politique de <b>TOUADERA<\/b> met un accent particulier sur l\u2019e\u0301ducation et la jeunesse, convaincu qu\u2019une jeunesse instruite et consciente est la meilleure garantie pour pre\u0301server la paix conquise de haute lutte.<\/p>\n<p>A\u0300 travers ces choix courageux et cette vision re\u0301solument tourne\u0301e vers l\u2019avenir, le Pre\u0301sident <b>TOUADERA<\/b> illustre que sa politique rime ve\u0301ritablement avec le retour de la paix et de la stabilite\u0301 en Re\u0301publique centrafricaine, pour le plus grand bien de toute la nation.<\/p>\n<p><b>Source: Ndjoni Sango<\/b><\/p>\n<p><strong>Pour plus d&rsquo;informations et d&rsquo;analyses sur la <span style=\"color: #ff6600\">CentrAfricaine<\/span>, suivez <span style=\"color: #ff6600\">Africa-Press<\/span><\/strong><\/p>\n","protected":false},"excerpt":{"rendered":"<p>Africa-Press &#8211; CentrAfricaine. Depuis son arrive\u0301e a\u0300 la magistrature supre\u0302me, le Pre\u0301sident de la Re\u0301publique, Professeur Faustin Archange TOUADERA, place la paix et la stabilite\u0301 au c\u0153ur de sa gouvernance. A\u0300 travers une politique fonde\u0301e sur le dialogue, la reconstruction et la re\u0301forme, le chef de l\u2019E\u0301tat a re\u0301ussi a\u0300 impulser une dynamique nouvelle, porteuse [&hellip;]<\/p>\n","protected":false},"author":82,"featured_media":73700,"comment_status":"open","ping_status":"closed","sticky":false,"template":"","format":"standard","meta":{"footnotes":""},"categories":[2,20,10],"tags":[30,41,1513,1991],"class_list":["post-73701","post","type-post","status-publish","format-standard","has-post-thumbnail","hentry","category-politique","category-top-nouvelles","category-toutes-les-actualites","tag-centrafricaine","tag-centrafrique","tag-faustin-archange-touadera-2","tag-stabilite"],"yoast_head":"<!-- This site is optimized with the Yoast SEO Premium plugin v26.1 (Yoast SEO v27.0) - https:\/\/yoast.com\/product\/yoast-seo-premium-wordpress\/ -->\n<title>Politique de Touadera: Vers la Paix et Stabilite\u0301 - centrafricaine<\/title>\n<meta name=\"description\" content=\"Depuis son arrive\u0301e a\u0300 la magistrature supre\u0302me, le Pre\u0301sident de la Re\u0301publique, Professeur Faustin Archange TOUADE ...\" \/>\n<meta name=\"robots\" content=\"index, follow, max-snippet:-1, max-image-preview:large, max-video-preview:-1\" \/>\n<link rel=\"canonical\" href=\"https:\/\/www.africa-press.net\/centrafricaine\/politique\/politique-de-touadera-vers-la-paix-et-stabilite\" \/>\n<meta property=\"og:locale\" content=\"fr_FR\" \/>\n<meta property=\"og:type\" content=\"article\" \/>\n<meta property=\"og:title\" content=\"Politique de Touadera: Vers la Paix et Stabilite\u0301\" \/>\n<meta property=\"og:description\" content=\"Depuis son arrive\u0301e a\u0300 la magistrature supre\u0302me, le Pre\u0301sident de la Re\u0301publique, Professeur Faustin Archange TOUADE ...\" \/>\n<meta property=\"og:url\" content=\"https:\/\/www.africa-press.net\/centrafricaine\/politique\/politique-de-touadera-vers-la-paix-et-stabilite\" \/>\n<meta property=\"og:site_name\" content=\"centrafricaine\" \/>\n<meta property=\"article:published_time\" content=\"2025-07-16T20:26:54+00:00\" \/>\n<meta property=\"article:modified_time\" content=\"2025-07-16T20:52:19+00:00\" \/>\n<meta property=\"og:image\" content=\"https:\/\/static.africa-press.net\/centrafricaine\/sites\/45\/2025\/07\/sm_1752686519.601252.jpg\" \/>\n\t<meta property=\"og:image:width\" content=\"1080\" \/>\n\t<meta property=\"og:image:height\" content=\"720\" \/>\n\t<meta property=\"og:image:type\" content=\"image\/jpeg\" \/>\n<meta name=\"author\" content=\"cfeditorfr\" \/>\n<meta name=\"twitter:card\" content=\"summary_large_image\" \/>\n<meta name=\"twitter:label1\" content=\"\u00c9crit par\" \/>\n\t<meta name=\"twitter:data1\" content=\"cfeditorfr\" \/>\n\t<meta name=\"twitter:label2\" content=\"Dur\u00e9e de lecture estim\u00e9e\" \/>\n\t<meta name=\"twitter:data2\" content=\"2 minutes\" \/>\n<script type=\"application\/ld+json\" class=\"yoast-schema-graph\">{\"@context\":\"https:\/\/schema.org\",\"@graph\":[{\"@type\":\"Article\",\"@id\":\"https:\/\/www.africa-press.net\/centrafricaine\/politique\/politique-de-touadera-vers-la-paix-et-stabilite#article\",\"isPartOf\":{\"@id\":\"https:\/\/www.africa-press.net\/centrafricaine\/politique\/politique-de-touadera-vers-la-paix-et-stabilite\"},\"author\":{\"name\":\"cfeditorfr\",\"@id\":\"https:\/\/www.africa-press.net\/centrafricaine\/#\/schema\/person\/2b1cf3cd81a31e3cd26889ca66d677f1\"},\"headline\":\"Politique de Touadera: Vers la Paix et Stabilite\u0301\",\"datePublished\":\"2025-07-16T20:26:54+00:00\",\"dateModified\":\"2025-07-16T20:52:19+00:00\",\"mainEntityOfPage\":{\"@id\":\"https:\/\/www.africa-press.net\/centrafricaine\/politique\/politique-de-touadera-vers-la-paix-et-stabilite\"},\"wordCount\":466,\"commentCount\":0,\"image\":{\"@id\":\"https:\/\/www.africa-press.net\/centrafricaine\/politique\/politique-de-touadera-vers-la-paix-et-stabilite#primaryimage\"},\"thumbnailUrl\":\"https:\/\/static.africa-press.net\/centrafricaine\/sites\/45\/2025\/07\/sm_1752686519.601252.jpg\",\"keywords\":[\"CentrAfricaine\",\"Centrafrique\",\"Faustin Archange Touadera\",\"Stabilit\u00e9\"],\"articleSection\":[\"Politique\",\"Top Nouvelles\",\"Toutes les actualit\u00e9s\"],\"inLanguage\":\"fr-FR\",\"potentialAction\":[{\"@type\":\"CommentAction\",\"name\":\"Comment\",\"target\":[\"https:\/\/www.africa-press.net\/centrafricaine\/politique\/politique-de-touadera-vers-la-paix-et-stabilite#respond\"]}]},{\"@type\":\"WebPage\",\"@id\":\"https:\/\/www.africa-press.net\/centrafricaine\/politique\/politique-de-touadera-vers-la-paix-et-stabilite\",\"url\":\"https:\/\/www.africa-press.net\/centrafricaine\/politique\/politique-de-touadera-vers-la-paix-et-stabilite\",\"name\":\"Politique de Touadera: Vers la Paix et Stabilite\u0301 - centrafricaine\",\"isPartOf\":{\"@id\":\"https:\/\/www.africa-press.net\/centrafricaine\/#website\"},\"primaryImageOfPage\":{\"@id\":\"https:\/\/www.africa-press.net\/centrafricaine\/politique\/politique-de-touadera-vers-la-paix-et-stabilite#primaryimage\"},\"image\":{\"@id\":\"https:\/\/www.africa-press.net\/centrafricaine\/politique\/politique-de-touadera-vers-la-paix-et-stabilite#primaryimage\"},\"thumbnailUrl\":\"https:\/\/static.africa-press.net\/centrafricaine\/sites\/45\/2025\/07\/sm_1752686519.601252.jpg\",\"datePublished\":\"2025-07-16T20:26:54+00:00\",\"dateModified\":\"2025-07-16T20:52:19+00:00\",\"author\":{\"@id\":\"https:\/\/www.africa-press.net\/centrafricaine\/#\/schema\/person\/2b1cf3cd81a31e3cd26889ca66d677f1\"},\"description\":\"Depuis son arrive\u0301e a\u0300 la magistrature supre\u0302me, le Pre\u0301sident de la Re\u0301publique, Professeur Faustin Archange TOUADE ...\",\"breadcrumb\":{\"@id\":\"https:\/\/www.africa-press.net\/centrafricaine\/politique\/politique-de-touadera-vers-la-paix-et-stabilite#breadcrumb\"},\"inLanguage\":\"fr-FR\",\"potentialAction\":[{\"@type\":\"ReadAction\",\"target\":[\"https:\/\/www.africa-press.net\/centrafricaine\/politique\/politique-de-touadera-vers-la-paix-et-stabilite\"]}]},{\"@type\":\"ImageObject\",\"inLanguage\":\"fr-FR\",\"@id\":\"https:\/\/www.africa-press.net\/centrafricaine\/politique\/politique-de-touadera-vers-la-paix-et-stabilite#primaryimage\",\"url\":\"https:\/\/static.africa-press.net\/centrafricaine\/sites\/45\/2025\/07\/sm_1752686519.601252.jpg\",\"contentUrl\":\"https:\/\/static.africa-press.net\/centrafricaine\/sites\/45\/2025\/07\/sm_1752686519.601252.jpg\",\"width\":1080,\"height\":720,\"caption\":\"Politique de Touadera: Vers la Paix et Stabilite\u0301\"},{\"@type\":\"BreadcrumbList\",\"@id\":\"https:\/\/www.africa-press.net\/centrafricaine\/politique\/politique-de-touadera-vers-la-paix-et-stabilite#breadcrumb\",\"itemListElement\":[{\"@type\":\"ListItem\",\"position\":1,\"name\":\"Accueil\",\"item\":\"https:\/\/www.africa-press.net\/centrafricaine\/\"},{\"@type\":\"ListItem\",\"position\":2,\"name\":\"Politique de Touadera: Vers la Paix et Stabilite\u0301\"}]},{\"@type\":\"WebSite\",\"@id\":\"https:\/\/www.africa-press.net\/centrafricaine\/#website\",\"url\":\"https:\/\/www.africa-press.net\/centrafricaine\/\",\"name\":\"centrafricaine\",\"description\":\"Just another Africa News Agency Sites site\",\"potentialAction\":[{\"@type\":\"SearchAction\",\"target\":{\"@type\":\"EntryPoint\",\"urlTemplate\":\"https:\/\/www.africa-press.net\/centrafricaine\/?s={search_term_string}\"},\"query-input\":{\"@type\":\"PropertyValueSpecification\",\"valueRequired\":true,\"valueName\":\"search_term_string\"}}],\"inLanguage\":\"fr-FR\"},{\"@type\":\"Person\",\"@id\":\"https:\/\/www.africa-press.net\/centrafricaine\/#\/schema\/person\/2b1cf3cd81a31e3cd26889ca66d677f1\",\"name\":\"cfeditorfr\"}]}<\/script>\n<!-- \/ Yoast SEO Premium plugin. -->","yoast_head_json":{"title":"Politique de Touadera: Vers la Paix et Stabilite\u0301 - centrafricaine","description":"Depuis son arrive\u0301e a\u0300 la magistrature supre\u0302me, le Pre\u0301sident de la Re\u0301publique, Professeur Faustin Archange TOUADE ...","robots":{"index":"index","follow":"follow","max-snippet":"max-snippet:-1","max-image-preview":"max-image-preview:large","max-video-preview":"max-video-preview:-1"},"canonical":"https:\/\/www.africa-press.net\/centrafricaine\/politique\/politique-de-touadera-vers-la-paix-et-stabilite","og_locale":"fr_FR","og_type":"article","og_title":"Politique de Touadera: Vers la Paix et Stabilite\u0301","og_description":"Depuis son arrive\u0301e a\u0300 la magistrature supre\u0302me, le Pre\u0301sident de la Re\u0301publique, Professeur Faustin Archange TOUADE ...","og_url":"https:\/\/www.africa-press.net\/centrafricaine\/politique\/politique-de-touadera-vers-la-paix-et-stabilite","og_site_name":"centrafricaine","article_published_time":"2025-07-16T20:26:54+00:00","article_modified_time":"2025-07-16T20:52:19+00:00","og_image":[{"width":1080,"height":720,"url":"https:\/\/static.africa-press.net\/centrafricaine\/sites\/45\/2025\/07\/sm_1752686519.601252.jpg","type":"image\/jpeg"}],"author":"cfeditorfr","twitter_card":"summary_large_image","twitter_misc":{"\u00c9crit par":"cfeditorfr","Dur\u00e9e de lecture estim\u00e9e":"2 minutes"},"schema":{"@context":"https:\/\/schema.org","@graph":[{"@type":"Article","@id":"https:\/\/www.africa-press.net\/centrafricaine\/politique\/politique-de-touadera-vers-la-paix-et-stabilite#article","isPartOf":{"@id":"https:\/\/www.africa-press.net\/centrafricaine\/politique\/politique-de-touadera-vers-la-paix-et-stabilite"},"author":{"name":"cfeditorfr","@id":"https:\/\/www.africa-press.net\/centrafricaine\/#\/schema\/person\/2b1cf3cd81a31e3cd26889ca66d677f1"},"headline":"Politique de Touadera: Vers la Paix et Stabilite\u0301","datePublished":"2025-07-16T20:26:54+00:00","dateModified":"2025-07-16T20:52:19+00:00","mainEntityOfPage":{"@id":"https:\/\/www.africa-press.net\/centrafricaine\/politique\/politique-de-touadera-vers-la-paix-et-stabilite"},"wordCount":466,"commentCount":0,"image":{"@id":"https:\/\/www.africa-press.net\/centrafricaine\/politique\/politique-de-touadera-vers-la-paix-et-stabilite#primaryimage"},"thumbnailUrl":"https:\/\/static.africa-press.net\/centrafricaine\/sites\/45\/2025\/07\/sm_1752686519.601252.jpg","keywords":["CentrAfricaine","Centrafrique","Faustin Archange Touadera","Stabilit\u00e9"],"articleSection":["Politique","Top Nouvelles","Toutes les actualit\u00e9s"],"inLanguage":"fr-FR","potentialAction":[{"@type":"CommentAction","name":"Comment","target":["https:\/\/www.africa-press.net\/centrafricaine\/politique\/politique-de-touadera-vers-la-paix-et-stabilite#respond"]}]},{"@type":"WebPage","@id":"https:\/\/www.africa-press.net\/centrafricaine\/politique\/politique-de-touadera-vers-la-paix-et-stabilite","url":"https:\/\/www.africa-press.net\/centrafricaine\/politique\/politique-de-touadera-vers-la-paix-et-stabilite","name":"Politique de Touadera: Vers la Paix et Stabilite\u0301 - centrafricaine","isPartOf":{"@id":"https:\/\/www.africa-press.net\/centrafricaine\/#website"},"primaryImageOfPage":{"@id":"https:\/\/www.africa-press.net\/centrafricaine\/politique\/politique-de-touadera-vers-la-paix-et-stabilite#primaryimage"},"image":{"@id":"https:\/\/www.africa-press.net\/centrafricaine\/politique\/politique-de-touadera-vers-la-paix-et-stabilite#primaryimage"},"thumbnailUrl":"https:\/\/static.africa-press.net\/centrafricaine\/sites\/45\/2025\/07\/sm_1752686519.601252.jpg","datePublished":"2025-07-16T20:26:54+00:00","dateModified":"2025-07-16T20:52:19+00:00","author":{"@id":"https:\/\/www.africa-press.net\/centrafricaine\/#\/schema\/person\/2b1cf3cd81a31e3cd26889ca66d677f1"},"description":"Depuis son arrive\u0301e a\u0300 la magistrature supre\u0302me, le Pre\u0301sident de la Re\u0301publique, Professeur Faustin Archange TOUADE ...","breadcrumb":{"@id":"https:\/\/www.africa-press.net\/centrafricaine\/politique\/politique-de-touadera-vers-la-paix-et-stabilite#breadcrumb"},"inLanguage":"fr-FR","potentialAction":[{"@type":"ReadAction","target":["https:\/\/www.africa-press.net\/centrafricaine\/politique\/politique-de-touadera-vers-la-paix-et-stabilite"]}]},{"@type":"ImageObject","inLanguage":"fr-FR","@id":"https:\/\/www.africa-press.net\/centrafricaine\/politique\/politique-de-touadera-vers-la-paix-et-stabilite#primaryimage","url":"https:\/\/static.africa-press.net\/centrafricaine\/sites\/45\/2025\/07\/sm_1752686519.601252.jpg","contentUrl":"https:\/\/static.africa-press.net\/centrafricaine\/sites\/45\/2025\/07\/sm_1752686519.601252.jpg","width":1080,"height":720,"caption":"Politique de Touadera: Vers la Paix et Stabilite\u0301"},{"@type":"BreadcrumbList","@id":"https:\/\/www.africa-press.net\/centrafricaine\/politique\/politique-de-touadera-vers-la-paix-et-stabilite#breadcrumb","itemListElement":[{"@type":"ListItem","position":1,"name":"Accueil","item":"https:\/\/www.africa-press.net\/centrafricaine\/"},{"@type":"ListItem","position":2,"name":"Politique de Touadera: Vers la Paix et Stabilite\u0301"}]},{"@type":"WebSite","@id":"https:\/\/www.africa-press.net\/centrafricaine\/#website","url":"https:\/\/www.africa-press.net\/centrafricaine\/","name":"centrafricaine","description":"Just another Africa News Agency Sites site","potentialAction":[{"@type":"SearchAction","target":{"@type":"EntryPoint","urlTemplate":"https:\/\/www.africa-press.net\/centrafricaine\/?s={search_term_string}"},"query-input":{"@type":"PropertyValueSpecification","valueRequired":true,"valueName":"search_term_string"}}],"inLanguage":"fr-FR"},{"@type":"Person","@id":"https:\/\/www.africa-press.net\/centrafricaine\/#\/schema\/person\/2b1cf3cd81a31e3cd26889ca66d677f1","name":"cfeditorfr"}]}},"_links":{"self":[{"href":"https:\/\/www.africa-press.net\/centrafricaine\/wp-json\/wp\/v2\/posts\/73701","targetHints":{"allow":["GET"]}}],"collection":[{"href":"https:\/\/www.africa-press.net\/centrafricaine\/wp-json\/wp\/v2\/posts"}],"about":[{"href":"https:\/\/www.africa-press.net\/centrafricaine\/wp-json\/wp\/v2\/types\/post"}],"author":[{"embeddable":true,"href":"https:\/\/www.africa-press.net\/centrafricaine\/wp-json\/wp\/v2\/users\/82"}],"replies":[{"embeddable":true,"href":"https:\/\/www.africa-press.net\/centrafricaine\/wp-json\/wp\/v2\/comments?post=73701"}],"version-history":[{"count":0,"href":"https:\/\/www.africa-press.net\/centrafricaine\/wp-json\/wp\/v2\/posts\/73701\/revisions"}],"wp:featuredmedia":[{"embeddable":true,"href":"https:\/\/www.africa-press.net\/centrafricaine\/wp-json\/wp\/v2\/media\/73700"}],"wp:attachment":[{"href":"https:\/\/www.africa-press.net\/centrafricaine\/wp-json\/wp\/v2\/media?parent=73701"}],"wp:term":[{"taxonomy":"category","embeddable":true,"href":"https:\/\/www.africa-press.net\/centrafricaine\/wp-json\/wp\/v2\/categories?post=73701"},{"taxonomy":"post_tag","embeddable":true,"href":"https:\/\/www.africa-press.net\/centrafricaine\/wp-json\/wp\/v2\/tags?post=73701"}],"curies":[{"name":"wp","href":"https:\/\/api.w.org\/{rel}","templated":true}]}}