{"id":7396,"date":"2021-05-27T16:49:26","date_gmt":"2021-05-27T16:49:26","guid":{"rendered":"https:\/\/www.africa-press.net\/centrafricaine\/?p=7396"},"modified":"2021-05-27T20:48:29","modified_gmt":"2021-05-27T20:48:29","slug":"rca-dementi-du-programme-alimentaire-mondial-relatif-au-suppose-assassinat-du-chauffeur-du-pam-et-son-apprenti-a-la-sortie-de-mboki","status":"publish","type":"post","link":"https:\/\/www.africa-press.net\/centrafricaine\/politique\/rca-dementi-du-programme-alimentaire-mondial-relatif-au-suppose-assassinat-du-chauffeur-du-pam-et-son-apprenti-a-la-sortie-de-mboki","title":{"rendered":"d\u00e9menti du programme alimentaire mondial relatif au suppos\u00e9 assassinat du \u00ab\u00a0chauffeur du PAM et son apprenti\u00a0\u00bb \u00e0 la sortie de Mboki"},"content":{"rendered":"<p><span style=\"color: #ff6600\"><strong><a href=\"https:\/\/www.africa-press.net\/\">Africa-Press<\/a> &#8211; <a href=\"https:\/\/www.africa-press.net\/centrafricaine\">CentrAfricaine<\/a>.\u00a0 <\/strong><\/span><b>Le programme alimentaire mondial (PAM) a d\u00e9menti lundi qu\u2019aucun de ses camions n\u2019est impliqu\u00e9 dans un accident de circulation survenu dans la localit\u00e9 de Mboki, au sud-Est de la RCA. Ce d\u00e9menti intervient apr\u00e8s la publication par CNC le 21 mai dernier d\u2019un article intitul\u00e9 \u00abUn chauffeur du PAM et son apprenti tu\u00e9 dans une embuscade au sud-Est de la RCA \u00bb. Le conducteur et son apprenti \u00e9taient \u00e0 bord d\u2019un camion transportant des vivres destin\u00e9s aux populations de la ville d\u2019Obo. Mais apr\u00e8s plusieurs contacts, le camion \u00e9tait effectivement affr\u00e9t\u00e9 par le HCR et non le PAM comme nous l\u2019avions mentionn\u00e9 dans notre article. \u00c0 ce titre, la r\u00e9daction du CNC pr\u00e9sente toutes ses excuses au programme alimentaire mondial pour cette confusion, et tient \u00e0 pr\u00e9ciser que l\u2019article avait \u00e9t\u00e9 corriger depuis lundi dernier.<\/b><\/p>\n<p>Aucun camion du Programme Alimentaire n\u2019est impliqu\u00e9 dans un accident de circulation dans la localit\u00e9 que vous mentionnez dans votre article, et le PAM ne d\u00e9plore aucun mort parmi son staff ou ses partenaires coop\u00e9rants.<\/p>\n<p>Dans votre article vous aviez \u00e9crit que \u00ab Le programme alimentaire mondial des Nations unies (PAM) est profond\u00e9ment attrist\u00e9 et choqu\u00e9 par le d\u00e9c\u00e8s de deux de ses employ\u00e9s lors d\u2019une embuscade survenue le mercredi 19 mai, au sud-est de la RCA \u00bb et plus loin vous aviez attribu\u00e9 une citation a un pr\u00e9tendu responsable local du PAM selon lequel \u00ab le d\u00e9c\u00e8s de ses deux employ\u00e9s est un recul pour tous ceux qui croient en la paix et la prosp\u00e9rit\u00e9 en RCA. C\u2019est un cas concret d\u2019ins\u00e9curit\u00e9 qui fragilise la stabilit\u00e9 de la r\u00e9gion du sud-Est. \u00bb<\/p>\n<p>Tout ceci, est un tissu de mensonge et de contrev\u00e9rit\u00e9s. Aucun responsable local du PAM n\u2019a communiqu\u00e9 avec vos journalistes. En plus, la photo illustrative est une image d\u2019archives que vous aviez utilis\u00e9e sans faire cette pr\u00e9cision comme l\u2019exige la d\u00e9ontologie du m\u00e9tier.<\/p>\n<p>Je vous saurais gr\u00e9 de bien vouloir publier le communiqu\u00e9 rectificatif suivant dans un meilleur d\u00e9lai d\u00e8s la r\u00e9ception de la pr\u00e9sente.<\/p>\n","protected":false},"excerpt":{"rendered":"<p>Africa-Press &#8211; CentrAfricaine.\u00a0 Le programme alimentaire mondial (PAM) a d\u00e9menti lundi qu\u2019aucun de ses camions n\u2019est impliqu\u00e9 dans un accident de circulation survenu dans la localit\u00e9 de Mboki, au sud-Est de la RCA. Ce d\u00e9menti intervient apr\u00e8s la publication par CNC le 21 mai dernier d\u2019un article intitul\u00e9 \u00abUn chauffeur du PAM et son apprenti [&hellip;]<\/p>\n","protected":false},"author":82,"featured_media":7395,"comment_status":"open","ping_status":"closed","sticky":false,"template":"","format":"standard","meta":{"footnotes":""},"categories":[11,2,10],"tags":[36,58,30],"class_list":["post-7396","post","type-post","status-publish","format-standard","has-post-thumbnail","hentry","category-homepage-french","category-politique","category-toutes-les-actualites","tag-africa-press","tag-africa-press-centrafricaine","tag-centrafricaine"],"yoast_head":"<!-- This site is optimized with the Yoast SEO Premium plugin v26.1 (Yoast SEO v27.0) - https:\/\/yoast.com\/product\/yoast-seo-premium-wordpress\/ -->\n<title>d\u00e9menti du programme alimentaire mondial relatif au suppos\u00e9 assassinat du \u00ab\u00a0chauffeur du PAM et son apprenti\u00a0\u00bb \u00e0 la sortie de Mboki - centrafricaine<\/title>\n<meta name=\"description\" content=\"Bangui, R\u00e9publique centrafricaine, jeudi, 27 mai 2021 ( Corbeaunews-Centrafrique). Le programme alimentaire mondial ( ...\" \/>\n<meta name=\"robots\" content=\"index, follow, max-snippet:-1, max-image-preview:large, max-video-preview:-1\" \/>\n<link rel=\"canonical\" href=\"https:\/\/www.africa-press.net\/centrafricaine\/politique\/rca-dementi-du-programme-alimentaire-mondial-relatif-au-suppose-assassinat-du-chauffeur-du-pam-et-son-apprenti-a-la-sortie-de-mboki\" \/>\n<meta property=\"og:locale\" content=\"fr_FR\" \/>\n<meta property=\"og:type\" content=\"article\" \/>\n<meta property=\"og:title\" content=\"d\u00e9menti du programme alimentaire mondial relatif au suppos\u00e9 assassinat du \u00ab\u00a0chauffeur du PAM et son apprenti\u00a0\u00bb \u00e0 la sortie de Mboki\" \/>\n<meta property=\"og:description\" content=\"Bangui, R\u00e9publique centrafricaine, jeudi, 27 mai 2021 ( Corbeaunews-Centrafrique). Le programme alimentaire mondial ( ...\" \/>\n<meta property=\"og:url\" content=\"https:\/\/www.africa-press.net\/centrafricaine\/politique\/rca-dementi-du-programme-alimentaire-mondial-relatif-au-suppose-assassinat-du-chauffeur-du-pam-et-son-apprenti-a-la-sortie-de-mboki\" \/>\n<meta property=\"og:site_name\" content=\"centrafricaine\" \/>\n<meta property=\"article:published_time\" content=\"2021-05-27T16:49:26+00:00\" \/>\n<meta property=\"article:modified_time\" content=\"2021-05-27T20:48:29+00:00\" \/>\n<meta property=\"og:image\" content=\"https:\/\/static.africa-press.net\/centrafricaine\/sites\/45\/2021\/05\/img-60afcc955697f.jpg\" \/>\n\t<meta property=\"og:image:width\" content=\"750\" \/>\n\t<meta property=\"og:image:height\" content=\"733\" \/>\n\t<meta property=\"og:image:type\" content=\"image\/jpeg\" \/>\n<meta name=\"author\" content=\"cfeditorfr\" \/>\n<meta name=\"twitter:card\" content=\"summary_large_image\" \/>\n<meta name=\"twitter:label1\" content=\"\u00c9crit par\" \/>\n\t<meta name=\"twitter:data1\" content=\"cfeditorfr\" \/>\n\t<meta name=\"twitter:label2\" content=\"Dur\u00e9e de lecture estim\u00e9e\" \/>\n\t<meta name=\"twitter:data2\" content=\"2 minutes\" \/>\n<script type=\"application\/ld+json\" class=\"yoast-schema-graph\">{\"@context\":\"https:\/\/schema.org\",\"@graph\":[{\"@type\":\"Article\",\"@id\":\"https:\/\/www.africa-press.net\/centrafricaine\/politique\/rca-dementi-du-programme-alimentaire-mondial-relatif-au-suppose-assassinat-du-chauffeur-du-pam-et-son-apprenti-a-la-sortie-de-mboki#article\",\"isPartOf\":{\"@id\":\"https:\/\/www.africa-press.net\/centrafricaine\/politique\/rca-dementi-du-programme-alimentaire-mondial-relatif-au-suppose-assassinat-du-chauffeur-du-pam-et-son-apprenti-a-la-sortie-de-mboki\"},\"author\":{\"name\":\"cfeditorfr\",\"@id\":\"https:\/\/www.africa-press.net\/centrafricaine\/#\/schema\/person\/2b1cf3cd81a31e3cd26889ca66d677f1\"},\"headline\":\"d\u00e9menti du programme alimentaire mondial relatif au suppos\u00e9 assassinat du \u00ab\u00a0chauffeur du PAM et son apprenti\u00a0\u00bb \u00e0 la sortie de Mboki\",\"datePublished\":\"2021-05-27T16:49:26+00:00\",\"dateModified\":\"2021-05-27T20:48:29+00:00\",\"mainEntityOfPage\":{\"@id\":\"https:\/\/www.africa-press.net\/centrafricaine\/politique\/rca-dementi-du-programme-alimentaire-mondial-relatif-au-suppose-assassinat-du-chauffeur-du-pam-et-son-apprenti-a-la-sortie-de-mboki\"},\"wordCount\":393,\"commentCount\":0,\"image\":{\"@id\":\"https:\/\/www.africa-press.net\/centrafricaine\/politique\/rca-dementi-du-programme-alimentaire-mondial-relatif-au-suppose-assassinat-du-chauffeur-du-pam-et-son-apprenti-a-la-sortie-de-mboki#primaryimage\"},\"thumbnailUrl\":\"https:\/\/static.africa-press.net\/centrafricaine\/sites\/45\/2021\/05\/img-60afcc955697f.jpg\",\"keywords\":[\"Africa Press\",\"Africa Press-CentrAfricaine\",\"CentrAfricaine\"],\"articleSection\":[\"homepage-french\",\"Politique\",\"Toutes les actualit\u00e9s\"],\"inLanguage\":\"fr-FR\",\"potentialAction\":[{\"@type\":\"CommentAction\",\"name\":\"Comment\",\"target\":[\"https:\/\/www.africa-press.net\/centrafricaine\/politique\/rca-dementi-du-programme-alimentaire-mondial-relatif-au-suppose-assassinat-du-chauffeur-du-pam-et-son-apprenti-a-la-sortie-de-mboki#respond\"]}]},{\"@type\":\"WebPage\",\"@id\":\"https:\/\/www.africa-press.net\/centrafricaine\/politique\/rca-dementi-du-programme-alimentaire-mondial-relatif-au-suppose-assassinat-du-chauffeur-du-pam-et-son-apprenti-a-la-sortie-de-mboki\",\"url\":\"https:\/\/www.africa-press.net\/centrafricaine\/politique\/rca-dementi-du-programme-alimentaire-mondial-relatif-au-suppose-assassinat-du-chauffeur-du-pam-et-son-apprenti-a-la-sortie-de-mboki\",\"name\":\"d\u00e9menti du programme alimentaire mondial relatif au suppos\u00e9 assassinat du \u00ab\u00a0chauffeur du PAM et son apprenti\u00a0\u00bb \u00e0 la sortie de Mboki - centrafricaine\",\"isPartOf\":{\"@id\":\"https:\/\/www.africa-press.net\/centrafricaine\/#website\"},\"primaryImageOfPage\":{\"@id\":\"https:\/\/www.africa-press.net\/centrafricaine\/politique\/rca-dementi-du-programme-alimentaire-mondial-relatif-au-suppose-assassinat-du-chauffeur-du-pam-et-son-apprenti-a-la-sortie-de-mboki#primaryimage\"},\"image\":{\"@id\":\"https:\/\/www.africa-press.net\/centrafricaine\/politique\/rca-dementi-du-programme-alimentaire-mondial-relatif-au-suppose-assassinat-du-chauffeur-du-pam-et-son-apprenti-a-la-sortie-de-mboki#primaryimage\"},\"thumbnailUrl\":\"https:\/\/static.africa-press.net\/centrafricaine\/sites\/45\/2021\/05\/img-60afcc955697f.jpg\",\"datePublished\":\"2021-05-27T16:49:26+00:00\",\"dateModified\":\"2021-05-27T20:48:29+00:00\",\"author\":{\"@id\":\"https:\/\/www.africa-press.net\/centrafricaine\/#\/schema\/person\/2b1cf3cd81a31e3cd26889ca66d677f1\"},\"description\":\"Bangui, R\u00e9publique centrafricaine, jeudi, 27 mai 2021 ( Corbeaunews-Centrafrique). Le programme alimentaire mondial ( ...\",\"breadcrumb\":{\"@id\":\"https:\/\/www.africa-press.net\/centrafricaine\/politique\/rca-dementi-du-programme-alimentaire-mondial-relatif-au-suppose-assassinat-du-chauffeur-du-pam-et-son-apprenti-a-la-sortie-de-mboki#breadcrumb\"},\"inLanguage\":\"fr-FR\",\"potentialAction\":[{\"@type\":\"ReadAction\",\"target\":[\"https:\/\/www.africa-press.net\/centrafricaine\/politique\/rca-dementi-du-programme-alimentaire-mondial-relatif-au-suppose-assassinat-du-chauffeur-du-pam-et-son-apprenti-a-la-sortie-de-mboki\"]}]},{\"@type\":\"ImageObject\",\"inLanguage\":\"fr-FR\",\"@id\":\"https:\/\/www.africa-press.net\/centrafricaine\/politique\/rca-dementi-du-programme-alimentaire-mondial-relatif-au-suppose-assassinat-du-chauffeur-du-pam-et-son-apprenti-a-la-sortie-de-mboki#primaryimage\",\"url\":\"https:\/\/static.africa-press.net\/centrafricaine\/sites\/45\/2021\/05\/img-60afcc955697f.jpg\",\"contentUrl\":\"https:\/\/static.africa-press.net\/centrafricaine\/sites\/45\/2021\/05\/img-60afcc955697f.jpg\",\"width\":750,\"height\":733,\"caption\":\"RCA\u00a0: d\u00e9menti du programme alimentaire mondial relatif au suppos\u00e9 assassinat du \u00ab\u00a0chauffeur du PAM et son apprenti\u00a0\u00bb \u00e0 la sortie de Mboki\"},{\"@type\":\"BreadcrumbList\",\"@id\":\"https:\/\/www.africa-press.net\/centrafricaine\/politique\/rca-dementi-du-programme-alimentaire-mondial-relatif-au-suppose-assassinat-du-chauffeur-du-pam-et-son-apprenti-a-la-sortie-de-mboki#breadcrumb\",\"itemListElement\":[{\"@type\":\"ListItem\",\"position\":1,\"name\":\"Accueil\",\"item\":\"https:\/\/www.africa-press.net\/centrafricaine\/\"},{\"@type\":\"ListItem\",\"position\":2,\"name\":\"d\u00e9menti du programme alimentaire mondial relatif au suppos\u00e9 assassinat du \u00ab\u00a0chauffeur du PAM et son apprenti\u00a0\u00bb \u00e0 la sortie de Mboki\"}]},{\"@type\":\"WebSite\",\"@id\":\"https:\/\/www.africa-press.net\/centrafricaine\/#website\",\"url\":\"https:\/\/www.africa-press.net\/centrafricaine\/\",\"name\":\"centrafricaine\",\"description\":\"Just another Africa News Agency Sites site\",\"potentialAction\":[{\"@type\":\"SearchAction\",\"target\":{\"@type\":\"EntryPoint\",\"urlTemplate\":\"https:\/\/www.africa-press.net\/centrafricaine\/?s={search_term_string}\"},\"query-input\":{\"@type\":\"PropertyValueSpecification\",\"valueRequired\":true,\"valueName\":\"search_term_string\"}}],\"inLanguage\":\"fr-FR\"},{\"@type\":\"Person\",\"@id\":\"https:\/\/www.africa-press.net\/centrafricaine\/#\/schema\/person\/2b1cf3cd81a31e3cd26889ca66d677f1\",\"name\":\"cfeditorfr\"}]}<\/script>\n<!-- \/ Yoast SEO Premium plugin. -->","yoast_head_json":{"title":"d\u00e9menti du programme alimentaire mondial relatif au suppos\u00e9 assassinat du \u00ab\u00a0chauffeur du PAM et son apprenti\u00a0\u00bb \u00e0 la sortie de Mboki - centrafricaine","description":"Bangui, R\u00e9publique centrafricaine, jeudi, 27 mai 2021 ( Corbeaunews-Centrafrique). Le programme alimentaire mondial ( ...","robots":{"index":"index","follow":"follow","max-snippet":"max-snippet:-1","max-image-preview":"max-image-preview:large","max-video-preview":"max-video-preview:-1"},"canonical":"https:\/\/www.africa-press.net\/centrafricaine\/politique\/rca-dementi-du-programme-alimentaire-mondial-relatif-au-suppose-assassinat-du-chauffeur-du-pam-et-son-apprenti-a-la-sortie-de-mboki","og_locale":"fr_FR","og_type":"article","og_title":"d\u00e9menti du programme alimentaire mondial relatif au suppos\u00e9 assassinat du \u00ab\u00a0chauffeur du PAM et son apprenti\u00a0\u00bb \u00e0 la sortie de Mboki","og_description":"Bangui, R\u00e9publique centrafricaine, jeudi, 27 mai 2021 ( Corbeaunews-Centrafrique). Le programme alimentaire mondial ( ...","og_url":"https:\/\/www.africa-press.net\/centrafricaine\/politique\/rca-dementi-du-programme-alimentaire-mondial-relatif-au-suppose-assassinat-du-chauffeur-du-pam-et-son-apprenti-a-la-sortie-de-mboki","og_site_name":"centrafricaine","article_published_time":"2021-05-27T16:49:26+00:00","article_modified_time":"2021-05-27T20:48:29+00:00","og_image":[{"width":750,"height":733,"url":"https:\/\/static.africa-press.net\/centrafricaine\/sites\/45\/2021\/05\/img-60afcc955697f.jpg","type":"image\/jpeg"}],"author":"cfeditorfr","twitter_card":"summary_large_image","twitter_misc":{"\u00c9crit par":"cfeditorfr","Dur\u00e9e de lecture estim\u00e9e":"2 minutes"},"schema":{"@context":"https:\/\/schema.org","@graph":[{"@type":"Article","@id":"https:\/\/www.africa-press.net\/centrafricaine\/politique\/rca-dementi-du-programme-alimentaire-mondial-relatif-au-suppose-assassinat-du-chauffeur-du-pam-et-son-apprenti-a-la-sortie-de-mboki#article","isPartOf":{"@id":"https:\/\/www.africa-press.net\/centrafricaine\/politique\/rca-dementi-du-programme-alimentaire-mondial-relatif-au-suppose-assassinat-du-chauffeur-du-pam-et-son-apprenti-a-la-sortie-de-mboki"},"author":{"name":"cfeditorfr","@id":"https:\/\/www.africa-press.net\/centrafricaine\/#\/schema\/person\/2b1cf3cd81a31e3cd26889ca66d677f1"},"headline":"d\u00e9menti du programme alimentaire mondial relatif au suppos\u00e9 assassinat du \u00ab\u00a0chauffeur du PAM et son apprenti\u00a0\u00bb \u00e0 la sortie de Mboki","datePublished":"2021-05-27T16:49:26+00:00","dateModified":"2021-05-27T20:48:29+00:00","mainEntityOfPage":{"@id":"https:\/\/www.africa-press.net\/centrafricaine\/politique\/rca-dementi-du-programme-alimentaire-mondial-relatif-au-suppose-assassinat-du-chauffeur-du-pam-et-son-apprenti-a-la-sortie-de-mboki"},"wordCount":393,"commentCount":0,"image":{"@id":"https:\/\/www.africa-press.net\/centrafricaine\/politique\/rca-dementi-du-programme-alimentaire-mondial-relatif-au-suppose-assassinat-du-chauffeur-du-pam-et-son-apprenti-a-la-sortie-de-mboki#primaryimage"},"thumbnailUrl":"https:\/\/static.africa-press.net\/centrafricaine\/sites\/45\/2021\/05\/img-60afcc955697f.jpg","keywords":["Africa Press","Africa Press-CentrAfricaine","CentrAfricaine"],"articleSection":["homepage-french","Politique","Toutes les actualit\u00e9s"],"inLanguage":"fr-FR","potentialAction":[{"@type":"CommentAction","name":"Comment","target":["https:\/\/www.africa-press.net\/centrafricaine\/politique\/rca-dementi-du-programme-alimentaire-mondial-relatif-au-suppose-assassinat-du-chauffeur-du-pam-et-son-apprenti-a-la-sortie-de-mboki#respond"]}]},{"@type":"WebPage","@id":"https:\/\/www.africa-press.net\/centrafricaine\/politique\/rca-dementi-du-programme-alimentaire-mondial-relatif-au-suppose-assassinat-du-chauffeur-du-pam-et-son-apprenti-a-la-sortie-de-mboki","url":"https:\/\/www.africa-press.net\/centrafricaine\/politique\/rca-dementi-du-programme-alimentaire-mondial-relatif-au-suppose-assassinat-du-chauffeur-du-pam-et-son-apprenti-a-la-sortie-de-mboki","name":"d\u00e9menti du programme alimentaire mondial relatif au suppos\u00e9 assassinat du \u00ab\u00a0chauffeur du PAM et son apprenti\u00a0\u00bb \u00e0 la sortie de Mboki - centrafricaine","isPartOf":{"@id":"https:\/\/www.africa-press.net\/centrafricaine\/#website"},"primaryImageOfPage":{"@id":"https:\/\/www.africa-press.net\/centrafricaine\/politique\/rca-dementi-du-programme-alimentaire-mondial-relatif-au-suppose-assassinat-du-chauffeur-du-pam-et-son-apprenti-a-la-sortie-de-mboki#primaryimage"},"image":{"@id":"https:\/\/www.africa-press.net\/centrafricaine\/politique\/rca-dementi-du-programme-alimentaire-mondial-relatif-au-suppose-assassinat-du-chauffeur-du-pam-et-son-apprenti-a-la-sortie-de-mboki#primaryimage"},"thumbnailUrl":"https:\/\/static.africa-press.net\/centrafricaine\/sites\/45\/2021\/05\/img-60afcc955697f.jpg","datePublished":"2021-05-27T16:49:26+00:00","dateModified":"2021-05-27T20:48:29+00:00","author":{"@id":"https:\/\/www.africa-press.net\/centrafricaine\/#\/schema\/person\/2b1cf3cd81a31e3cd26889ca66d677f1"},"description":"Bangui, R\u00e9publique centrafricaine, jeudi, 27 mai 2021 ( Corbeaunews-Centrafrique). Le programme alimentaire mondial ( ...","breadcrumb":{"@id":"https:\/\/www.africa-press.net\/centrafricaine\/politique\/rca-dementi-du-programme-alimentaire-mondial-relatif-au-suppose-assassinat-du-chauffeur-du-pam-et-son-apprenti-a-la-sortie-de-mboki#breadcrumb"},"inLanguage":"fr-FR","potentialAction":[{"@type":"ReadAction","target":["https:\/\/www.africa-press.net\/centrafricaine\/politique\/rca-dementi-du-programme-alimentaire-mondial-relatif-au-suppose-assassinat-du-chauffeur-du-pam-et-son-apprenti-a-la-sortie-de-mboki"]}]},{"@type":"ImageObject","inLanguage":"fr-FR","@id":"https:\/\/www.africa-press.net\/centrafricaine\/politique\/rca-dementi-du-programme-alimentaire-mondial-relatif-au-suppose-assassinat-du-chauffeur-du-pam-et-son-apprenti-a-la-sortie-de-mboki#primaryimage","url":"https:\/\/static.africa-press.net\/centrafricaine\/sites\/45\/2021\/05\/img-60afcc955697f.jpg","contentUrl":"https:\/\/static.africa-press.net\/centrafricaine\/sites\/45\/2021\/05\/img-60afcc955697f.jpg","width":750,"height":733,"caption":"RCA\u00a0: d\u00e9menti du programme alimentaire mondial relatif au suppos\u00e9 assassinat du \u00ab\u00a0chauffeur du PAM et son apprenti\u00a0\u00bb \u00e0 la sortie de Mboki"},{"@type":"BreadcrumbList","@id":"https:\/\/www.africa-press.net\/centrafricaine\/politique\/rca-dementi-du-programme-alimentaire-mondial-relatif-au-suppose-assassinat-du-chauffeur-du-pam-et-son-apprenti-a-la-sortie-de-mboki#breadcrumb","itemListElement":[{"@type":"ListItem","position":1,"name":"Accueil","item":"https:\/\/www.africa-press.net\/centrafricaine\/"},{"@type":"ListItem","position":2,"name":"d\u00e9menti du programme alimentaire mondial relatif au suppos\u00e9 assassinat du \u00ab\u00a0chauffeur du PAM et son apprenti\u00a0\u00bb \u00e0 la sortie de Mboki"}]},{"@type":"WebSite","@id":"https:\/\/www.africa-press.net\/centrafricaine\/#website","url":"https:\/\/www.africa-press.net\/centrafricaine\/","name":"centrafricaine","description":"Just another Africa News Agency Sites site","potentialAction":[{"@type":"SearchAction","target":{"@type":"EntryPoint","urlTemplate":"https:\/\/www.africa-press.net\/centrafricaine\/?s={search_term_string}"},"query-input":{"@type":"PropertyValueSpecification","valueRequired":true,"valueName":"search_term_string"}}],"inLanguage":"fr-FR"},{"@type":"Person","@id":"https:\/\/www.africa-press.net\/centrafricaine\/#\/schema\/person\/2b1cf3cd81a31e3cd26889ca66d677f1","name":"cfeditorfr"}]}},"_links":{"self":[{"href":"https:\/\/www.africa-press.net\/centrafricaine\/wp-json\/wp\/v2\/posts\/7396","targetHints":{"allow":["GET"]}}],"collection":[{"href":"https:\/\/www.africa-press.net\/centrafricaine\/wp-json\/wp\/v2\/posts"}],"about":[{"href":"https:\/\/www.africa-press.net\/centrafricaine\/wp-json\/wp\/v2\/types\/post"}],"author":[{"embeddable":true,"href":"https:\/\/www.africa-press.net\/centrafricaine\/wp-json\/wp\/v2\/users\/82"}],"replies":[{"embeddable":true,"href":"https:\/\/www.africa-press.net\/centrafricaine\/wp-json\/wp\/v2\/comments?post=7396"}],"version-history":[{"count":0,"href":"https:\/\/www.africa-press.net\/centrafricaine\/wp-json\/wp\/v2\/posts\/7396\/revisions"}],"wp:featuredmedia":[{"embeddable":true,"href":"https:\/\/www.africa-press.net\/centrafricaine\/wp-json\/wp\/v2\/media\/7395"}],"wp:attachment":[{"href":"https:\/\/www.africa-press.net\/centrafricaine\/wp-json\/wp\/v2\/media?parent=7396"}],"wp:term":[{"taxonomy":"category","embeddable":true,"href":"https:\/\/www.africa-press.net\/centrafricaine\/wp-json\/wp\/v2\/categories?post=7396"},{"taxonomy":"post_tag","embeddable":true,"href":"https:\/\/www.africa-press.net\/centrafricaine\/wp-json\/wp\/v2\/tags?post=7396"}],"curies":[{"name":"wp","href":"https:\/\/api.w.org\/{rel}","templated":true}]}}