{"id":7402,"date":"2021-05-27T17:03:33","date_gmt":"2021-05-27T17:03:33","guid":{"rendered":"https:\/\/www.africa-press.net\/centrafricaine\/?p=7402"},"modified":"2021-05-27T20:48:53","modified_gmt":"2021-05-27T20:48:53","slug":"vers-un-renforcement-de-la-cooperation-entre-angola-et-la-rca","status":"publish","type":"post","link":"https:\/\/www.africa-press.net\/centrafricaine\/politique\/vers-un-renforcement-de-la-cooperation-entre-angola-et-la-rca","title":{"rendered":"Vers un renforcement de la coop\u00e9ration entre Angola et la RCA"},"content":{"rendered":"<p><span style=\"color: #ff6600\"><strong><a href=\"https:\/\/www.africa-press.net\/\">Africa-Press<\/a> &#8211; <a href=\"https:\/\/www.africa-press.net\/centrafricaine\">CentrAfricaine<\/a>. <\/strong><\/span>\u00a0Les autorit\u00e9s angolaises et centrafricaines ont exprim\u00e9 mercredi leur volont\u00e9 de renforcer la coop\u00e9ration bilat\u00e9rale entre les deux pays.<\/p>\n<p>Cette volont\u00e9 a \u00e9t\u00e9 exprim\u00e9 lors d\u2019une s\u00e9ance de travail qui a r\u00e9uni mercredi \u00e0 Luanda le pr\u00e9sident angolais Joao Lourenco et son homologue centrafricain Archange Faustin Touad\u00e9ra.<\/p>\n<p>Les deux chefs d\u2019Etat ont notamment discut\u00e9 \u201cdes diff\u00e9rentes perspectives de d\u00e9veloppement profitables aux deux pays, \u00e0 m\u00eame de redynamiser et de renforcer les relations diplomatiques entre l\u2019Angola et la R\u00e9publique Centrafricaine\u201d, a annonc\u00e9 la pr\u00e9sidence centrafricaine sur son site.<\/p>\n<p>Les autorit\u00e9s angolaises et centrafricaines ont fait le tour d\u2019horizon des \u201cnombreux accords de coop\u00e9ration sign\u00e9s entre les deux pays, et ont d\u00e9cid\u00e9 de les redynamiser selon le contexte actuel\u201d.<\/p>\n<p>Le d\u00e9senclavement a\u00e9rien de la RCA et la desserte de Bangui par la compagnie nationale a\u00e9rienne angolaise a \u00e9t\u00e9 cit\u00e9 en exemple pour illustrer cette volont\u00e9 du renforcement de la coop\u00e9ration entre la RCA et l\u2019Angola.<\/p>\n<p>D\u2019apr\u00e8s la pr\u00e9sidence centrafricaine, les deux parties vont d\u00e9signer dans un bref d\u00e9lai des experts qui se pencheront sur ces nouvelles perspectives qui vont permettre \u00e0 la RCA et \u00e0 l\u2019Angola de consolider leur relation diplomatique.<\/p>\n<p>En octobre 2016, les deux pays avaient sign\u00e9 \u00e0 Luanda, deux nouveaux accords dans le but de renforcer leur coop\u00e9ration dans plusieurs domaines, parmi lesquels la r\u00e9organisation et le renforcement des FACA (Forces arm\u00e9es centrafricaines).<\/p>\n<p>Depuis la derni\u00e8re pr\u00e9sidentielle, la RCA a connu un regain de violence d\u2019une vaste ampleur causant la mort de plusieurs civils et des d\u00e9placements massifs de la population.<\/p>\n<p>Lors du sommet des pays des Grands Lacs tenu en avril dernier en Angola, le pr\u00e9sident Touad\u00e9ra a appel\u00e9 les autorit\u00e9s angolaises \u00e0 militer en faveur de la lev\u00e9e de l\u2019embargo sur les armes \u00e0 destination de la Centrafrique.<\/p>\n<p>&nbsp;<\/p>\n","protected":false},"excerpt":{"rendered":"<p>Africa-Press &#8211; CentrAfricaine. \u00a0Les autorit\u00e9s angolaises et centrafricaines ont exprim\u00e9 mercredi leur volont\u00e9 de renforcer la coop\u00e9ration bilat\u00e9rale entre les deux pays. Cette volont\u00e9 a \u00e9t\u00e9 exprim\u00e9 lors d\u2019une s\u00e9ance de travail qui a r\u00e9uni mercredi \u00e0 Luanda le pr\u00e9sident angolais Joao Lourenco et son homologue centrafricain Archange Faustin Touad\u00e9ra. Les deux chefs d\u2019Etat ont [&hellip;]<\/p>\n","protected":false},"author":82,"featured_media":7401,"comment_status":"open","ping_status":"closed","sticky":false,"template":"","format":"standard","meta":{"footnotes":""},"categories":[11,2,20,10],"tags":[36,58,30],"class_list":["post-7402","post","type-post","status-publish","format-standard","has-post-thumbnail","hentry","category-homepage-french","category-politique","category-top-nouvelles","category-toutes-les-actualites","tag-africa-press","tag-africa-press-centrafricaine","tag-centrafricaine"],"yoast_head":"<!-- This site is optimized with the Yoast SEO Premium plugin v26.1 (Yoast SEO v27.0) - https:\/\/yoast.com\/product\/yoast-seo-premium-wordpress\/ -->\n<title>Vers un renforcement de la coop\u00e9ration entre Angola et la RCA - centrafricaine<\/title>\n<meta name=\"description\" content=\"Bangui, R\u00e9publique centrafricaine, jeudi, 27 mai 2021, 03:31:18 ( Corbeaunews-Centrafrique ). Les autorit\u00e9s an ...\" \/>\n<meta name=\"robots\" content=\"index, follow, max-snippet:-1, max-image-preview:large, max-video-preview:-1\" \/>\n<link rel=\"canonical\" href=\"https:\/\/www.africa-press.net\/centrafricaine\/politique\/vers-un-renforcement-de-la-cooperation-entre-angola-et-la-rca\" \/>\n<meta property=\"og:locale\" content=\"fr_FR\" \/>\n<meta property=\"og:type\" content=\"article\" \/>\n<meta property=\"og:title\" content=\"Vers un renforcement de la coop\u00e9ration entre Angola et la RCA\" \/>\n<meta property=\"og:description\" content=\"Bangui, R\u00e9publique centrafricaine, jeudi, 27 mai 2021, 03:31:18 ( Corbeaunews-Centrafrique ). Les autorit\u00e9s an ...\" \/>\n<meta property=\"og:url\" content=\"https:\/\/www.africa-press.net\/centrafricaine\/politique\/vers-un-renforcement-de-la-cooperation-entre-angola-et-la-rca\" \/>\n<meta property=\"og:site_name\" content=\"centrafricaine\" \/>\n<meta property=\"article:published_time\" content=\"2021-05-27T17:03:33+00:00\" \/>\n<meta property=\"article:modified_time\" content=\"2021-05-27T20:48:53+00:00\" \/>\n<meta property=\"og:image\" content=\"https:\/\/static.africa-press.net\/centrafricaine\/sites\/45\/2021\/05\/img-60afcd108c140.jpg\" \/>\n\t<meta property=\"og:image:width\" content=\"720\" \/>\n\t<meta property=\"og:image:height\" content=\"360\" \/>\n\t<meta property=\"og:image:type\" content=\"image\/jpeg\" \/>\n<meta name=\"author\" content=\"cfeditorfr\" \/>\n<meta name=\"twitter:card\" content=\"summary_large_image\" \/>\n<meta name=\"twitter:label1\" content=\"\u00c9crit par\" \/>\n\t<meta name=\"twitter:data1\" content=\"cfeditorfr\" \/>\n\t<meta name=\"twitter:label2\" content=\"Dur\u00e9e de lecture estim\u00e9e\" \/>\n\t<meta name=\"twitter:data2\" content=\"2 minutes\" \/>\n<script type=\"application\/ld+json\" class=\"yoast-schema-graph\">{\"@context\":\"https:\/\/schema.org\",\"@graph\":[{\"@type\":\"Article\",\"@id\":\"https:\/\/www.africa-press.net\/centrafricaine\/politique\/vers-un-renforcement-de-la-cooperation-entre-angola-et-la-rca#article\",\"isPartOf\":{\"@id\":\"https:\/\/www.africa-press.net\/centrafricaine\/politique\/vers-un-renforcement-de-la-cooperation-entre-angola-et-la-rca\"},\"author\":{\"name\":\"cfeditorfr\",\"@id\":\"https:\/\/www.africa-press.net\/centrafricaine\/#\/schema\/person\/2b1cf3cd81a31e3cd26889ca66d677f1\"},\"headline\":\"Vers un renforcement de la coop\u00e9ration entre Angola et la RCA\",\"datePublished\":\"2021-05-27T17:03:33+00:00\",\"dateModified\":\"2021-05-27T20:48:53+00:00\",\"mainEntityOfPage\":{\"@id\":\"https:\/\/www.africa-press.net\/centrafricaine\/politique\/vers-un-renforcement-de-la-cooperation-entre-angola-et-la-rca\"},\"wordCount\":342,\"commentCount\":0,\"image\":{\"@id\":\"https:\/\/www.africa-press.net\/centrafricaine\/politique\/vers-un-renforcement-de-la-cooperation-entre-angola-et-la-rca#primaryimage\"},\"thumbnailUrl\":\"https:\/\/static.africa-press.net\/centrafricaine\/sites\/45\/2021\/05\/img-60afcd108c140.jpg\",\"keywords\":[\"Africa Press\",\"Africa Press-CentrAfricaine\",\"CentrAfricaine\"],\"articleSection\":[\"homepage-french\",\"Politique\",\"Top Nouvelles\",\"Toutes les actualit\u00e9s\"],\"inLanguage\":\"fr-FR\",\"potentialAction\":[{\"@type\":\"CommentAction\",\"name\":\"Comment\",\"target\":[\"https:\/\/www.africa-press.net\/centrafricaine\/politique\/vers-un-renforcement-de-la-cooperation-entre-angola-et-la-rca#respond\"]}]},{\"@type\":\"WebPage\",\"@id\":\"https:\/\/www.africa-press.net\/centrafricaine\/politique\/vers-un-renforcement-de-la-cooperation-entre-angola-et-la-rca\",\"url\":\"https:\/\/www.africa-press.net\/centrafricaine\/politique\/vers-un-renforcement-de-la-cooperation-entre-angola-et-la-rca\",\"name\":\"Vers un renforcement de la coop\u00e9ration entre Angola et la RCA - centrafricaine\",\"isPartOf\":{\"@id\":\"https:\/\/www.africa-press.net\/centrafricaine\/#website\"},\"primaryImageOfPage\":{\"@id\":\"https:\/\/www.africa-press.net\/centrafricaine\/politique\/vers-un-renforcement-de-la-cooperation-entre-angola-et-la-rca#primaryimage\"},\"image\":{\"@id\":\"https:\/\/www.africa-press.net\/centrafricaine\/politique\/vers-un-renforcement-de-la-cooperation-entre-angola-et-la-rca#primaryimage\"},\"thumbnailUrl\":\"https:\/\/static.africa-press.net\/centrafricaine\/sites\/45\/2021\/05\/img-60afcd108c140.jpg\",\"datePublished\":\"2021-05-27T17:03:33+00:00\",\"dateModified\":\"2021-05-27T20:48:53+00:00\",\"author\":{\"@id\":\"https:\/\/www.africa-press.net\/centrafricaine\/#\/schema\/person\/2b1cf3cd81a31e3cd26889ca66d677f1\"},\"description\":\"Bangui, R\u00e9publique centrafricaine, jeudi, 27 mai 2021, 03:31:18 ( Corbeaunews-Centrafrique ). Les autorit\u00e9s an ...\",\"breadcrumb\":{\"@id\":\"https:\/\/www.africa-press.net\/centrafricaine\/politique\/vers-un-renforcement-de-la-cooperation-entre-angola-et-la-rca#breadcrumb\"},\"inLanguage\":\"fr-FR\",\"potentialAction\":[{\"@type\":\"ReadAction\",\"target\":[\"https:\/\/www.africa-press.net\/centrafricaine\/politique\/vers-un-renforcement-de-la-cooperation-entre-angola-et-la-rca\"]}]},{\"@type\":\"ImageObject\",\"inLanguage\":\"fr-FR\",\"@id\":\"https:\/\/www.africa-press.net\/centrafricaine\/politique\/vers-un-renforcement-de-la-cooperation-entre-angola-et-la-rca#primaryimage\",\"url\":\"https:\/\/static.africa-press.net\/centrafricaine\/sites\/45\/2021\/05\/img-60afcd108c140.jpg\",\"contentUrl\":\"https:\/\/static.africa-press.net\/centrafricaine\/sites\/45\/2021\/05\/img-60afcd108c140.jpg\",\"width\":720,\"height\":360,\"caption\":\"Vers un renforcement de la coop\u00e9ration entre Angola et la RCA\"},{\"@type\":\"BreadcrumbList\",\"@id\":\"https:\/\/www.africa-press.net\/centrafricaine\/politique\/vers-un-renforcement-de-la-cooperation-entre-angola-et-la-rca#breadcrumb\",\"itemListElement\":[{\"@type\":\"ListItem\",\"position\":1,\"name\":\"Accueil\",\"item\":\"https:\/\/www.africa-press.net\/centrafricaine\/\"},{\"@type\":\"ListItem\",\"position\":2,\"name\":\"Vers un renforcement de la coop\u00e9ration entre Angola et la RCA\"}]},{\"@type\":\"WebSite\",\"@id\":\"https:\/\/www.africa-press.net\/centrafricaine\/#website\",\"url\":\"https:\/\/www.africa-press.net\/centrafricaine\/\",\"name\":\"centrafricaine\",\"description\":\"Just another Africa News Agency Sites site\",\"potentialAction\":[{\"@type\":\"SearchAction\",\"target\":{\"@type\":\"EntryPoint\",\"urlTemplate\":\"https:\/\/www.africa-press.net\/centrafricaine\/?s={search_term_string}\"},\"query-input\":{\"@type\":\"PropertyValueSpecification\",\"valueRequired\":true,\"valueName\":\"search_term_string\"}}],\"inLanguage\":\"fr-FR\"},{\"@type\":\"Person\",\"@id\":\"https:\/\/www.africa-press.net\/centrafricaine\/#\/schema\/person\/2b1cf3cd81a31e3cd26889ca66d677f1\",\"name\":\"cfeditorfr\"}]}<\/script>\n<!-- \/ Yoast SEO Premium plugin. -->","yoast_head_json":{"title":"Vers un renforcement de la coop\u00e9ration entre Angola et la RCA - centrafricaine","description":"Bangui, R\u00e9publique centrafricaine, jeudi, 27 mai 2021, 03:31:18 ( Corbeaunews-Centrafrique ). Les autorit\u00e9s an ...","robots":{"index":"index","follow":"follow","max-snippet":"max-snippet:-1","max-image-preview":"max-image-preview:large","max-video-preview":"max-video-preview:-1"},"canonical":"https:\/\/www.africa-press.net\/centrafricaine\/politique\/vers-un-renforcement-de-la-cooperation-entre-angola-et-la-rca","og_locale":"fr_FR","og_type":"article","og_title":"Vers un renforcement de la coop\u00e9ration entre Angola et la RCA","og_description":"Bangui, R\u00e9publique centrafricaine, jeudi, 27 mai 2021, 03:31:18 ( Corbeaunews-Centrafrique ). Les autorit\u00e9s an ...","og_url":"https:\/\/www.africa-press.net\/centrafricaine\/politique\/vers-un-renforcement-de-la-cooperation-entre-angola-et-la-rca","og_site_name":"centrafricaine","article_published_time":"2021-05-27T17:03:33+00:00","article_modified_time":"2021-05-27T20:48:53+00:00","og_image":[{"width":720,"height":360,"url":"https:\/\/static.africa-press.net\/centrafricaine\/sites\/45\/2021\/05\/img-60afcd108c140.jpg","type":"image\/jpeg"}],"author":"cfeditorfr","twitter_card":"summary_large_image","twitter_misc":{"\u00c9crit par":"cfeditorfr","Dur\u00e9e de lecture estim\u00e9e":"2 minutes"},"schema":{"@context":"https:\/\/schema.org","@graph":[{"@type":"Article","@id":"https:\/\/www.africa-press.net\/centrafricaine\/politique\/vers-un-renforcement-de-la-cooperation-entre-angola-et-la-rca#article","isPartOf":{"@id":"https:\/\/www.africa-press.net\/centrafricaine\/politique\/vers-un-renforcement-de-la-cooperation-entre-angola-et-la-rca"},"author":{"name":"cfeditorfr","@id":"https:\/\/www.africa-press.net\/centrafricaine\/#\/schema\/person\/2b1cf3cd81a31e3cd26889ca66d677f1"},"headline":"Vers un renforcement de la coop\u00e9ration entre Angola et la RCA","datePublished":"2021-05-27T17:03:33+00:00","dateModified":"2021-05-27T20:48:53+00:00","mainEntityOfPage":{"@id":"https:\/\/www.africa-press.net\/centrafricaine\/politique\/vers-un-renforcement-de-la-cooperation-entre-angola-et-la-rca"},"wordCount":342,"commentCount":0,"image":{"@id":"https:\/\/www.africa-press.net\/centrafricaine\/politique\/vers-un-renforcement-de-la-cooperation-entre-angola-et-la-rca#primaryimage"},"thumbnailUrl":"https:\/\/static.africa-press.net\/centrafricaine\/sites\/45\/2021\/05\/img-60afcd108c140.jpg","keywords":["Africa Press","Africa Press-CentrAfricaine","CentrAfricaine"],"articleSection":["homepage-french","Politique","Top Nouvelles","Toutes les actualit\u00e9s"],"inLanguage":"fr-FR","potentialAction":[{"@type":"CommentAction","name":"Comment","target":["https:\/\/www.africa-press.net\/centrafricaine\/politique\/vers-un-renforcement-de-la-cooperation-entre-angola-et-la-rca#respond"]}]},{"@type":"WebPage","@id":"https:\/\/www.africa-press.net\/centrafricaine\/politique\/vers-un-renforcement-de-la-cooperation-entre-angola-et-la-rca","url":"https:\/\/www.africa-press.net\/centrafricaine\/politique\/vers-un-renforcement-de-la-cooperation-entre-angola-et-la-rca","name":"Vers un renforcement de la coop\u00e9ration entre Angola et la RCA - centrafricaine","isPartOf":{"@id":"https:\/\/www.africa-press.net\/centrafricaine\/#website"},"primaryImageOfPage":{"@id":"https:\/\/www.africa-press.net\/centrafricaine\/politique\/vers-un-renforcement-de-la-cooperation-entre-angola-et-la-rca#primaryimage"},"image":{"@id":"https:\/\/www.africa-press.net\/centrafricaine\/politique\/vers-un-renforcement-de-la-cooperation-entre-angola-et-la-rca#primaryimage"},"thumbnailUrl":"https:\/\/static.africa-press.net\/centrafricaine\/sites\/45\/2021\/05\/img-60afcd108c140.jpg","datePublished":"2021-05-27T17:03:33+00:00","dateModified":"2021-05-27T20:48:53+00:00","author":{"@id":"https:\/\/www.africa-press.net\/centrafricaine\/#\/schema\/person\/2b1cf3cd81a31e3cd26889ca66d677f1"},"description":"Bangui, R\u00e9publique centrafricaine, jeudi, 27 mai 2021, 03:31:18 ( Corbeaunews-Centrafrique ). Les autorit\u00e9s an ...","breadcrumb":{"@id":"https:\/\/www.africa-press.net\/centrafricaine\/politique\/vers-un-renforcement-de-la-cooperation-entre-angola-et-la-rca#breadcrumb"},"inLanguage":"fr-FR","potentialAction":[{"@type":"ReadAction","target":["https:\/\/www.africa-press.net\/centrafricaine\/politique\/vers-un-renforcement-de-la-cooperation-entre-angola-et-la-rca"]}]},{"@type":"ImageObject","inLanguage":"fr-FR","@id":"https:\/\/www.africa-press.net\/centrafricaine\/politique\/vers-un-renforcement-de-la-cooperation-entre-angola-et-la-rca#primaryimage","url":"https:\/\/static.africa-press.net\/centrafricaine\/sites\/45\/2021\/05\/img-60afcd108c140.jpg","contentUrl":"https:\/\/static.africa-press.net\/centrafricaine\/sites\/45\/2021\/05\/img-60afcd108c140.jpg","width":720,"height":360,"caption":"Vers un renforcement de la coop\u00e9ration entre Angola et la RCA"},{"@type":"BreadcrumbList","@id":"https:\/\/www.africa-press.net\/centrafricaine\/politique\/vers-un-renforcement-de-la-cooperation-entre-angola-et-la-rca#breadcrumb","itemListElement":[{"@type":"ListItem","position":1,"name":"Accueil","item":"https:\/\/www.africa-press.net\/centrafricaine\/"},{"@type":"ListItem","position":2,"name":"Vers un renforcement de la coop\u00e9ration entre Angola et la RCA"}]},{"@type":"WebSite","@id":"https:\/\/www.africa-press.net\/centrafricaine\/#website","url":"https:\/\/www.africa-press.net\/centrafricaine\/","name":"centrafricaine","description":"Just another Africa News Agency Sites site","potentialAction":[{"@type":"SearchAction","target":{"@type":"EntryPoint","urlTemplate":"https:\/\/www.africa-press.net\/centrafricaine\/?s={search_term_string}"},"query-input":{"@type":"PropertyValueSpecification","valueRequired":true,"valueName":"search_term_string"}}],"inLanguage":"fr-FR"},{"@type":"Person","@id":"https:\/\/www.africa-press.net\/centrafricaine\/#\/schema\/person\/2b1cf3cd81a31e3cd26889ca66d677f1","name":"cfeditorfr"}]}},"_links":{"self":[{"href":"https:\/\/www.africa-press.net\/centrafricaine\/wp-json\/wp\/v2\/posts\/7402","targetHints":{"allow":["GET"]}}],"collection":[{"href":"https:\/\/www.africa-press.net\/centrafricaine\/wp-json\/wp\/v2\/posts"}],"about":[{"href":"https:\/\/www.africa-press.net\/centrafricaine\/wp-json\/wp\/v2\/types\/post"}],"author":[{"embeddable":true,"href":"https:\/\/www.africa-press.net\/centrafricaine\/wp-json\/wp\/v2\/users\/82"}],"replies":[{"embeddable":true,"href":"https:\/\/www.africa-press.net\/centrafricaine\/wp-json\/wp\/v2\/comments?post=7402"}],"version-history":[{"count":0,"href":"https:\/\/www.africa-press.net\/centrafricaine\/wp-json\/wp\/v2\/posts\/7402\/revisions"}],"wp:featuredmedia":[{"embeddable":true,"href":"https:\/\/www.africa-press.net\/centrafricaine\/wp-json\/wp\/v2\/media\/7401"}],"wp:attachment":[{"href":"https:\/\/www.africa-press.net\/centrafricaine\/wp-json\/wp\/v2\/media?parent=7402"}],"wp:term":[{"taxonomy":"category","embeddable":true,"href":"https:\/\/www.africa-press.net\/centrafricaine\/wp-json\/wp\/v2\/categories?post=7402"},{"taxonomy":"post_tag","embeddable":true,"href":"https:\/\/www.africa-press.net\/centrafricaine\/wp-json\/wp\/v2\/tags?post=7402"}],"curies":[{"name":"wp","href":"https:\/\/api.w.org\/{rel}","templated":true}]}}