{"id":7432,"date":"2021-05-28T08:18:44","date_gmt":"2021-05-28T08:18:44","guid":{"rendered":"https:\/\/www.africa-press.net\/centrafricaine\/?p=7432"},"modified":"2021-05-28T14:09:30","modified_gmt":"2021-05-28T14:09:30","slug":"lonu-rend-hommage-aux-plus-de-4-000-casques-bleus-qui-ont-perdu-la-vie-dans-lexercice-de-leurs-fonctions","status":"publish","type":"post","link":"https:\/\/www.africa-press.net\/centrafricaine\/politique\/lonu-rend-hommage-aux-plus-de-4-000-casques-bleus-qui-ont-perdu-la-vie-dans-lexercice-de-leurs-fonctions","title":{"rendered":"L\u2019ONU rend hommage aux plus de 4.000 Casques bleus qui ont perdu la vie dans l\u2019exercice de leurs fonctions"},"content":{"rendered":"<p><span style=\"color: #ff6600\"><strong><a href=\"https:\/\/www.africa-press.net\/\">Africa-Press<\/a> &#8211; <a href=\"https:\/\/www.africa-press.net\/centrafricaine\">CentrAfricaine<\/a>.\u00a0 <\/strong><\/span><b>\u00a0Plus de 4.000 femmes et hommes ont perdu la vie depuis 1948 alors qu\u2019ils servaient sous le drapeau bleu de l\u2019organisation internationale.<\/b><\/p>\n<p>Lors d\u2019une autre c\u00e9r\u00e9monie, en ligne, le Secr\u00e9taire g\u00e9n\u00e9ral a d\u00e9cern\u00e9 la m\u00e9daille Dag Hammarskj\u00f6ld \u00e0 129 Casques bleus qui ont perdu la vie en 2020 et au cours des premiers mois de 2021.<\/p>\n<p>Ils \u00ab ont perdu la vie \u00e0 cause d\u2019actes malveillants, d\u2019accidents et de maladies \u2013 y compris la Covid-19 \u00bb, a soulign\u00e9 le chef de l\u2019ONU, pr\u00e9cisant que ces Casques bleus venaient de 44 pays et d\u2019horizons divers. Il a pr\u00e9sent\u00e9 ses sinc\u00e8res condol\u00e9ances \u00e0 leurs familles et amis. \u00ab Leur sacrifice ultime ne sera pas oubli\u00e9 et ils seront toujours dans nos c\u0153urs \u00bb, a-t-il ajout\u00e9.<\/p>\n<p>Le Secr\u00e9taire g\u00e9n\u00e9ral a rappel\u00e9 que \u00ab les d\u00e9fis et les menaces auxquels sont confront\u00e9s nos soldats de la paix sont immenses \u00bb. \u00ab Ils travaillent dur chaque jour pour prot\u00e9ger certaines des personnes les plus vuln\u00e9rables du monde, tout en faisant face \u00e0 la double menace de violence et \u00e0 une pand\u00e9mie mondiale \u00bb, a-t-il soulign\u00e9 lors de cette c\u00e9r\u00e9monie marquant la Journ\u00e9e internationale des Casques bleus des Nations Unies, qui est officiellement c\u00e9l\u00e9br\u00e9e le 29 mai chaque ann\u00e9e.<\/p>\n<p>Ant\u00f3nio Guterres a not\u00e9 que malgr\u00e9 la pand\u00e9mie de Covid-19, les Casques bleus se sont non seulement adapt\u00e9s pour continuer \u00e0 s\u2019acquitter de leurs t\u00e2ches essentielles, mais ont soutenu \u00e9galement les efforts nationaux et communautaires pour lutter contre le virus.<\/p>\n<p>\u00ab Je suis fier du travail qu\u2019ils ont accompli \u00bb, a-t-il d\u00e9clar\u00e9.<\/p>\n<p>R\u00e9aliser la paix avec la participation active des jeunes<\/p>\n<p>S\u2019exprimant au sujet du th\u00e8me de la Journ\u00e9e des Casques bleus cette ann\u00e9e qui porte sur la jeunesse, la paix et la s\u00e9curit\u00e9, le Secr\u00e9taire g\u00e9n\u00e9ral a soulign\u00e9 que \u00ab dans les pays o\u00f9 op\u00e8rent nos missions, la paix ne peut \u00eatre r\u00e9alis\u00e9e sans la participation active des jeunes \u00bb.<\/p>\n<p>\u00ab De la R\u00e9publique centrafricaine \u00e0 la R\u00e9publique d\u00e9mocratique du Congo en passant par le Liban, nos soldats de la paix travaillent avec les jeunes pour r\u00e9duire la violence et maintenir la paix, notamment par le biais de programmes de d\u00e9sarmement, d\u00e9mobilisation et r\u00e9int\u00e9gration et de r\u00e9duction de la violence communautaire \u00bb, a-t-il ajout\u00e9.<\/p>\n<p>Il a not\u00e9 \u00e9galement que les jeunes Casques bleus apportent aussi de nouvelles id\u00e9es, de l\u2019espoir et de l\u2019\u00e9nergie aux op\u00e9rations de paix des Nations Unies. \u00ab Ils s\u2019engagent efficacement avec les populations locales et contribuent \u00e0 l\u2019am\u00e9lioration de la performance globale et de l\u2019ex\u00e9cution des mandats \u00bb, a-t-il soulign\u00e9, saluant le d\u00e9vouement et la bravoure de tous les soldats de la paix.<\/p>\n<p>Prix de la d\u00e9fense de l\u2019\u00e9galit\u00e9 des genres<\/p>\n<p>Le Secr\u00e9taire g\u00e9n\u00e9ral a remis \u00e9galement jeudi le \u00ab Prix de la d\u00e9fense de l\u2019\u00e9galit\u00e9 des genres de l\u2019ann\u00e9e \u00bb [Military Gender Advocate of the Year] au major Steplyne Nyaboga. Cette jeune femme du Kenya, \u00e2g\u00e9e de 32 ans, a servi au sein de l\u2019Op\u00e9ration des Nations Unies et de l\u2019Union africaine au Darfour (MINUAD), qui a ferm\u00e9 en d\u00e9cembre dernier.<\/p>\n<p>Pendant son service au Darfour, la major Nyaboga a vu d\u2019innombrables femmes souffrir pendant le conflit arm\u00e9, sujettes au d\u00e9placement, \u00e0 la violence sexuelle et \u00e0 la marginalisation politique.<\/p>\n<p>\u00ab Leurs voix n\u2019\u00e9taient souvent pas entendues. Elles avaient besoin d\u2019une championne. Elles en ont trouv\u00e9 une avec la major Nyaboga \u00bb, a d\u00e9clar\u00e9 le Secr\u00e9taire g\u00e9n\u00e9ral.<\/p>\n<p>Pour prot\u00e9ger les femmes d\u00e9plac\u00e9es \u00e0 Zalingei, elle a encourag\u00e9 des patrouilles conjointes le long des terres agricoles pour leur permettre de s\u2019occuper de leurs champs en paix et a \u00e9galement form\u00e9 pr\u00e8s de 95% du contingent militaire de la mission sur des questions de protection cruciales, notamment la violence sexuelle et sexiste.<\/p>\n<p>\u00ab Son approche pratique et enthousiaste a fait une profonde diff\u00e9rence pour ses coll\u00e8gues et pour la population du Darfour. Ses efforts, son engagement et sa passion repr\u00e9sentent un exemple pour nous tous \u00bb, a d\u00e9clar\u00e9 le chef de l\u2019ONU.<\/p>\n<p>En acceptant le prix, la major Nyaboga a d\u00e9clar\u00e9 : \u00abJe suis tellement ravie que nos efforts au service de l\u2019humanit\u00e9 aient eu un impact et ne soient pas pass\u00e9s inaper\u00e7us \u00bb.<\/p>\n<p>Cr\u00e9\u00e9 en 2016, le Prix de la d\u00e9fense de l\u2019\u00e9galit\u00e9 des genres r\u00e9compense le d\u00e9vouement et les efforts d\u2019un soldat de la paix militaire pour promouvoir les principes de la r\u00e9solution 1325 du Conseil de s\u00e9curit\u00e9 des Nations Unies sur les femmes, la paix et la s\u00e9curit\u00e9 dans un contexte d\u2019op\u00e9ration de paix.<\/p>\n<p>&nbsp;<\/p>\n","protected":false},"excerpt":{"rendered":"<p>Africa-Press &#8211; CentrAfricaine.\u00a0 \u00a0Plus de 4.000 femmes et hommes ont perdu la vie depuis 1948 alors qu\u2019ils servaient sous le drapeau bleu de l\u2019organisation internationale. Lors d\u2019une autre c\u00e9r\u00e9monie, en ligne, le Secr\u00e9taire g\u00e9n\u00e9ral a d\u00e9cern\u00e9 la m\u00e9daille Dag Hammarskj\u00f6ld \u00e0 129 Casques bleus qui ont perdu la vie en 2020 et au cours des [&hellip;]<\/p>\n","protected":false},"author":82,"featured_media":7431,"comment_status":"open","ping_status":"closed","sticky":false,"template":"","format":"standard","meta":{"footnotes":""},"categories":[11,2,20,10],"tags":[36,58,30],"class_list":["post-7432","post","type-post","status-publish","format-standard","has-post-thumbnail","hentry","category-homepage-french","category-politique","category-top-nouvelles","category-toutes-les-actualites","tag-africa-press","tag-africa-press-centrafricaine","tag-centrafricaine"],"yoast_head":"<!-- This site is optimized with the Yoast SEO Premium plugin v26.1 (Yoast SEO v27.0) - https:\/\/yoast.com\/product\/yoast-seo-premium-wordpress\/ -->\n<title>L\u2019ONU rend hommage aux plus de 4.000 Casques bleus qui ont perdu la vie dans l\u2019exercice de leurs fonctions - centrafricaine<\/title>\n<meta name=\"description\" content=\"Bangui ( R\u00e9publique centrafricaine ) \u2013 Plus de 4.000 femmes et hommes ont perdu la vie depuis 1948 alors qu\u2019ils serva ...\" \/>\n<meta name=\"robots\" content=\"index, follow, max-snippet:-1, max-image-preview:large, max-video-preview:-1\" \/>\n<link rel=\"canonical\" href=\"https:\/\/www.africa-press.net\/centrafricaine\/politique\/lonu-rend-hommage-aux-plus-de-4-000-casques-bleus-qui-ont-perdu-la-vie-dans-lexercice-de-leurs-fonctions\" \/>\n<meta property=\"og:locale\" content=\"fr_FR\" \/>\n<meta property=\"og:type\" content=\"article\" \/>\n<meta property=\"og:title\" content=\"L\u2019ONU rend hommage aux plus de 4.000 Casques bleus qui ont perdu la vie dans l\u2019exercice de leurs fonctions\" \/>\n<meta property=\"og:description\" content=\"Bangui ( R\u00e9publique centrafricaine ) \u2013 Plus de 4.000 femmes et hommes ont perdu la vie depuis 1948 alors qu\u2019ils serva ...\" \/>\n<meta property=\"og:url\" content=\"https:\/\/www.africa-press.net\/centrafricaine\/politique\/lonu-rend-hommage-aux-plus-de-4-000-casques-bleus-qui-ont-perdu-la-vie-dans-lexercice-de-leurs-fonctions\" \/>\n<meta property=\"og:site_name\" content=\"centrafricaine\" \/>\n<meta property=\"article:published_time\" content=\"2021-05-28T08:18:44+00:00\" \/>\n<meta property=\"article:modified_time\" content=\"2021-05-28T14:09:30+00:00\" \/>\n<meta property=\"og:image\" content=\"https:\/\/static.africa-press.net\/centrafricaine\/sites\/45\/2021\/05\/img-60b0a62b0d017.jpg\" \/>\n\t<meta property=\"og:image:width\" content=\"720\" \/>\n\t<meta property=\"og:image:height\" content=\"442\" \/>\n\t<meta property=\"og:image:type\" content=\"image\/jpeg\" \/>\n<meta name=\"author\" content=\"cfeditorfr\" \/>\n<meta name=\"twitter:card\" content=\"summary_large_image\" \/>\n<meta name=\"twitter:label1\" content=\"\u00c9crit par\" \/>\n\t<meta name=\"twitter:data1\" content=\"cfeditorfr\" \/>\n\t<meta name=\"twitter:label2\" content=\"Dur\u00e9e de lecture estim\u00e9e\" \/>\n\t<meta name=\"twitter:data2\" content=\"4 minutes\" \/>\n<script type=\"application\/ld+json\" class=\"yoast-schema-graph\">{\"@context\":\"https:\/\/schema.org\",\"@graph\":[{\"@type\":\"Article\",\"@id\":\"https:\/\/www.africa-press.net\/centrafricaine\/politique\/lonu-rend-hommage-aux-plus-de-4-000-casques-bleus-qui-ont-perdu-la-vie-dans-lexercice-de-leurs-fonctions#article\",\"isPartOf\":{\"@id\":\"https:\/\/www.africa-press.net\/centrafricaine\/politique\/lonu-rend-hommage-aux-plus-de-4-000-casques-bleus-qui-ont-perdu-la-vie-dans-lexercice-de-leurs-fonctions\"},\"author\":{\"name\":\"cfeditorfr\",\"@id\":\"https:\/\/www.africa-press.net\/centrafricaine\/#\/schema\/person\/2b1cf3cd81a31e3cd26889ca66d677f1\"},\"headline\":\"L\u2019ONU rend hommage aux plus de 4.000 Casques bleus qui ont perdu la vie dans l\u2019exercice de leurs fonctions\",\"datePublished\":\"2021-05-28T08:18:44+00:00\",\"dateModified\":\"2021-05-28T14:09:30+00:00\",\"mainEntityOfPage\":{\"@id\":\"https:\/\/www.africa-press.net\/centrafricaine\/politique\/lonu-rend-hommage-aux-plus-de-4-000-casques-bleus-qui-ont-perdu-la-vie-dans-lexercice-de-leurs-fonctions\"},\"wordCount\":830,\"commentCount\":0,\"image\":{\"@id\":\"https:\/\/www.africa-press.net\/centrafricaine\/politique\/lonu-rend-hommage-aux-plus-de-4-000-casques-bleus-qui-ont-perdu-la-vie-dans-lexercice-de-leurs-fonctions#primaryimage\"},\"thumbnailUrl\":\"https:\/\/static.africa-press.net\/centrafricaine\/sites\/45\/2021\/05\/img-60b0a62b0d017.jpg\",\"keywords\":[\"Africa Press\",\"Africa Press-CentrAfricaine\",\"CentrAfricaine\"],\"articleSection\":[\"homepage-french\",\"Politique\",\"Top Nouvelles\",\"Toutes les actualit\u00e9s\"],\"inLanguage\":\"fr-FR\",\"potentialAction\":[{\"@type\":\"CommentAction\",\"name\":\"Comment\",\"target\":[\"https:\/\/www.africa-press.net\/centrafricaine\/politique\/lonu-rend-hommage-aux-plus-de-4-000-casques-bleus-qui-ont-perdu-la-vie-dans-lexercice-de-leurs-fonctions#respond\"]}]},{\"@type\":\"WebPage\",\"@id\":\"https:\/\/www.africa-press.net\/centrafricaine\/politique\/lonu-rend-hommage-aux-plus-de-4-000-casques-bleus-qui-ont-perdu-la-vie-dans-lexercice-de-leurs-fonctions\",\"url\":\"https:\/\/www.africa-press.net\/centrafricaine\/politique\/lonu-rend-hommage-aux-plus-de-4-000-casques-bleus-qui-ont-perdu-la-vie-dans-lexercice-de-leurs-fonctions\",\"name\":\"L\u2019ONU rend hommage aux plus de 4.000 Casques bleus qui ont perdu la vie dans l\u2019exercice de leurs fonctions - centrafricaine\",\"isPartOf\":{\"@id\":\"https:\/\/www.africa-press.net\/centrafricaine\/#website\"},\"primaryImageOfPage\":{\"@id\":\"https:\/\/www.africa-press.net\/centrafricaine\/politique\/lonu-rend-hommage-aux-plus-de-4-000-casques-bleus-qui-ont-perdu-la-vie-dans-lexercice-de-leurs-fonctions#primaryimage\"},\"image\":{\"@id\":\"https:\/\/www.africa-press.net\/centrafricaine\/politique\/lonu-rend-hommage-aux-plus-de-4-000-casques-bleus-qui-ont-perdu-la-vie-dans-lexercice-de-leurs-fonctions#primaryimage\"},\"thumbnailUrl\":\"https:\/\/static.africa-press.net\/centrafricaine\/sites\/45\/2021\/05\/img-60b0a62b0d017.jpg\",\"datePublished\":\"2021-05-28T08:18:44+00:00\",\"dateModified\":\"2021-05-28T14:09:30+00:00\",\"author\":{\"@id\":\"https:\/\/www.africa-press.net\/centrafricaine\/#\/schema\/person\/2b1cf3cd81a31e3cd26889ca66d677f1\"},\"description\":\"Bangui ( R\u00e9publique centrafricaine ) \u2013 Plus de 4.000 femmes et hommes ont perdu la vie depuis 1948 alors qu\u2019ils serva ...\",\"breadcrumb\":{\"@id\":\"https:\/\/www.africa-press.net\/centrafricaine\/politique\/lonu-rend-hommage-aux-plus-de-4-000-casques-bleus-qui-ont-perdu-la-vie-dans-lexercice-de-leurs-fonctions#breadcrumb\"},\"inLanguage\":\"fr-FR\",\"potentialAction\":[{\"@type\":\"ReadAction\",\"target\":[\"https:\/\/www.africa-press.net\/centrafricaine\/politique\/lonu-rend-hommage-aux-plus-de-4-000-casques-bleus-qui-ont-perdu-la-vie-dans-lexercice-de-leurs-fonctions\"]}]},{\"@type\":\"ImageObject\",\"inLanguage\":\"fr-FR\",\"@id\":\"https:\/\/www.africa-press.net\/centrafricaine\/politique\/lonu-rend-hommage-aux-plus-de-4-000-casques-bleus-qui-ont-perdu-la-vie-dans-lexercice-de-leurs-fonctions#primaryimage\",\"url\":\"https:\/\/static.africa-press.net\/centrafricaine\/sites\/45\/2021\/05\/img-60b0a62b0d017.jpg\",\"contentUrl\":\"https:\/\/static.africa-press.net\/centrafricaine\/sites\/45\/2021\/05\/img-60b0a62b0d017.jpg\",\"width\":720,\"height\":442,\"caption\":\"L\u2019ONU rend hommage aux plus de 4.000 Casques bleus qui ont perdu la vie dans l\u2019exercice de leurs fonctions\"},{\"@type\":\"BreadcrumbList\",\"@id\":\"https:\/\/www.africa-press.net\/centrafricaine\/politique\/lonu-rend-hommage-aux-plus-de-4-000-casques-bleus-qui-ont-perdu-la-vie-dans-lexercice-de-leurs-fonctions#breadcrumb\",\"itemListElement\":[{\"@type\":\"ListItem\",\"position\":1,\"name\":\"Accueil\",\"item\":\"https:\/\/www.africa-press.net\/centrafricaine\/\"},{\"@type\":\"ListItem\",\"position\":2,\"name\":\"L\u2019ONU rend hommage aux plus de 4.000 Casques bleus qui ont perdu la vie dans l\u2019exercice de leurs fonctions\"}]},{\"@type\":\"WebSite\",\"@id\":\"https:\/\/www.africa-press.net\/centrafricaine\/#website\",\"url\":\"https:\/\/www.africa-press.net\/centrafricaine\/\",\"name\":\"centrafricaine\",\"description\":\"Just another Africa News Agency Sites site\",\"potentialAction\":[{\"@type\":\"SearchAction\",\"target\":{\"@type\":\"EntryPoint\",\"urlTemplate\":\"https:\/\/www.africa-press.net\/centrafricaine\/?s={search_term_string}\"},\"query-input\":{\"@type\":\"PropertyValueSpecification\",\"valueRequired\":true,\"valueName\":\"search_term_string\"}}],\"inLanguage\":\"fr-FR\"},{\"@type\":\"Person\",\"@id\":\"https:\/\/www.africa-press.net\/centrafricaine\/#\/schema\/person\/2b1cf3cd81a31e3cd26889ca66d677f1\",\"name\":\"cfeditorfr\"}]}<\/script>\n<!-- \/ Yoast SEO Premium plugin. -->","yoast_head_json":{"title":"L\u2019ONU rend hommage aux plus de 4.000 Casques bleus qui ont perdu la vie dans l\u2019exercice de leurs fonctions - centrafricaine","description":"Bangui ( R\u00e9publique centrafricaine ) \u2013 Plus de 4.000 femmes et hommes ont perdu la vie depuis 1948 alors qu\u2019ils serva ...","robots":{"index":"index","follow":"follow","max-snippet":"max-snippet:-1","max-image-preview":"max-image-preview:large","max-video-preview":"max-video-preview:-1"},"canonical":"https:\/\/www.africa-press.net\/centrafricaine\/politique\/lonu-rend-hommage-aux-plus-de-4-000-casques-bleus-qui-ont-perdu-la-vie-dans-lexercice-de-leurs-fonctions","og_locale":"fr_FR","og_type":"article","og_title":"L\u2019ONU rend hommage aux plus de 4.000 Casques bleus qui ont perdu la vie dans l\u2019exercice de leurs fonctions","og_description":"Bangui ( R\u00e9publique centrafricaine ) \u2013 Plus de 4.000 femmes et hommes ont perdu la vie depuis 1948 alors qu\u2019ils serva ...","og_url":"https:\/\/www.africa-press.net\/centrafricaine\/politique\/lonu-rend-hommage-aux-plus-de-4-000-casques-bleus-qui-ont-perdu-la-vie-dans-lexercice-de-leurs-fonctions","og_site_name":"centrafricaine","article_published_time":"2021-05-28T08:18:44+00:00","article_modified_time":"2021-05-28T14:09:30+00:00","og_image":[{"width":720,"height":442,"url":"https:\/\/static.africa-press.net\/centrafricaine\/sites\/45\/2021\/05\/img-60b0a62b0d017.jpg","type":"image\/jpeg"}],"author":"cfeditorfr","twitter_card":"summary_large_image","twitter_misc":{"\u00c9crit par":"cfeditorfr","Dur\u00e9e de lecture estim\u00e9e":"4 minutes"},"schema":{"@context":"https:\/\/schema.org","@graph":[{"@type":"Article","@id":"https:\/\/www.africa-press.net\/centrafricaine\/politique\/lonu-rend-hommage-aux-plus-de-4-000-casques-bleus-qui-ont-perdu-la-vie-dans-lexercice-de-leurs-fonctions#article","isPartOf":{"@id":"https:\/\/www.africa-press.net\/centrafricaine\/politique\/lonu-rend-hommage-aux-plus-de-4-000-casques-bleus-qui-ont-perdu-la-vie-dans-lexercice-de-leurs-fonctions"},"author":{"name":"cfeditorfr","@id":"https:\/\/www.africa-press.net\/centrafricaine\/#\/schema\/person\/2b1cf3cd81a31e3cd26889ca66d677f1"},"headline":"L\u2019ONU rend hommage aux plus de 4.000 Casques bleus qui ont perdu la vie dans l\u2019exercice de leurs fonctions","datePublished":"2021-05-28T08:18:44+00:00","dateModified":"2021-05-28T14:09:30+00:00","mainEntityOfPage":{"@id":"https:\/\/www.africa-press.net\/centrafricaine\/politique\/lonu-rend-hommage-aux-plus-de-4-000-casques-bleus-qui-ont-perdu-la-vie-dans-lexercice-de-leurs-fonctions"},"wordCount":830,"commentCount":0,"image":{"@id":"https:\/\/www.africa-press.net\/centrafricaine\/politique\/lonu-rend-hommage-aux-plus-de-4-000-casques-bleus-qui-ont-perdu-la-vie-dans-lexercice-de-leurs-fonctions#primaryimage"},"thumbnailUrl":"https:\/\/static.africa-press.net\/centrafricaine\/sites\/45\/2021\/05\/img-60b0a62b0d017.jpg","keywords":["Africa Press","Africa Press-CentrAfricaine","CentrAfricaine"],"articleSection":["homepage-french","Politique","Top Nouvelles","Toutes les actualit\u00e9s"],"inLanguage":"fr-FR","potentialAction":[{"@type":"CommentAction","name":"Comment","target":["https:\/\/www.africa-press.net\/centrafricaine\/politique\/lonu-rend-hommage-aux-plus-de-4-000-casques-bleus-qui-ont-perdu-la-vie-dans-lexercice-de-leurs-fonctions#respond"]}]},{"@type":"WebPage","@id":"https:\/\/www.africa-press.net\/centrafricaine\/politique\/lonu-rend-hommage-aux-plus-de-4-000-casques-bleus-qui-ont-perdu-la-vie-dans-lexercice-de-leurs-fonctions","url":"https:\/\/www.africa-press.net\/centrafricaine\/politique\/lonu-rend-hommage-aux-plus-de-4-000-casques-bleus-qui-ont-perdu-la-vie-dans-lexercice-de-leurs-fonctions","name":"L\u2019ONU rend hommage aux plus de 4.000 Casques bleus qui ont perdu la vie dans l\u2019exercice de leurs fonctions - centrafricaine","isPartOf":{"@id":"https:\/\/www.africa-press.net\/centrafricaine\/#website"},"primaryImageOfPage":{"@id":"https:\/\/www.africa-press.net\/centrafricaine\/politique\/lonu-rend-hommage-aux-plus-de-4-000-casques-bleus-qui-ont-perdu-la-vie-dans-lexercice-de-leurs-fonctions#primaryimage"},"image":{"@id":"https:\/\/www.africa-press.net\/centrafricaine\/politique\/lonu-rend-hommage-aux-plus-de-4-000-casques-bleus-qui-ont-perdu-la-vie-dans-lexercice-de-leurs-fonctions#primaryimage"},"thumbnailUrl":"https:\/\/static.africa-press.net\/centrafricaine\/sites\/45\/2021\/05\/img-60b0a62b0d017.jpg","datePublished":"2021-05-28T08:18:44+00:00","dateModified":"2021-05-28T14:09:30+00:00","author":{"@id":"https:\/\/www.africa-press.net\/centrafricaine\/#\/schema\/person\/2b1cf3cd81a31e3cd26889ca66d677f1"},"description":"Bangui ( R\u00e9publique centrafricaine ) \u2013 Plus de 4.000 femmes et hommes ont perdu la vie depuis 1948 alors qu\u2019ils serva ...","breadcrumb":{"@id":"https:\/\/www.africa-press.net\/centrafricaine\/politique\/lonu-rend-hommage-aux-plus-de-4-000-casques-bleus-qui-ont-perdu-la-vie-dans-lexercice-de-leurs-fonctions#breadcrumb"},"inLanguage":"fr-FR","potentialAction":[{"@type":"ReadAction","target":["https:\/\/www.africa-press.net\/centrafricaine\/politique\/lonu-rend-hommage-aux-plus-de-4-000-casques-bleus-qui-ont-perdu-la-vie-dans-lexercice-de-leurs-fonctions"]}]},{"@type":"ImageObject","inLanguage":"fr-FR","@id":"https:\/\/www.africa-press.net\/centrafricaine\/politique\/lonu-rend-hommage-aux-plus-de-4-000-casques-bleus-qui-ont-perdu-la-vie-dans-lexercice-de-leurs-fonctions#primaryimage","url":"https:\/\/static.africa-press.net\/centrafricaine\/sites\/45\/2021\/05\/img-60b0a62b0d017.jpg","contentUrl":"https:\/\/static.africa-press.net\/centrafricaine\/sites\/45\/2021\/05\/img-60b0a62b0d017.jpg","width":720,"height":442,"caption":"L\u2019ONU rend hommage aux plus de 4.000 Casques bleus qui ont perdu la vie dans l\u2019exercice de leurs fonctions"},{"@type":"BreadcrumbList","@id":"https:\/\/www.africa-press.net\/centrafricaine\/politique\/lonu-rend-hommage-aux-plus-de-4-000-casques-bleus-qui-ont-perdu-la-vie-dans-lexercice-de-leurs-fonctions#breadcrumb","itemListElement":[{"@type":"ListItem","position":1,"name":"Accueil","item":"https:\/\/www.africa-press.net\/centrafricaine\/"},{"@type":"ListItem","position":2,"name":"L\u2019ONU rend hommage aux plus de 4.000 Casques bleus qui ont perdu la vie dans l\u2019exercice de leurs fonctions"}]},{"@type":"WebSite","@id":"https:\/\/www.africa-press.net\/centrafricaine\/#website","url":"https:\/\/www.africa-press.net\/centrafricaine\/","name":"centrafricaine","description":"Just another Africa News Agency Sites site","potentialAction":[{"@type":"SearchAction","target":{"@type":"EntryPoint","urlTemplate":"https:\/\/www.africa-press.net\/centrafricaine\/?s={search_term_string}"},"query-input":{"@type":"PropertyValueSpecification","valueRequired":true,"valueName":"search_term_string"}}],"inLanguage":"fr-FR"},{"@type":"Person","@id":"https:\/\/www.africa-press.net\/centrafricaine\/#\/schema\/person\/2b1cf3cd81a31e3cd26889ca66d677f1","name":"cfeditorfr"}]}},"_links":{"self":[{"href":"https:\/\/www.africa-press.net\/centrafricaine\/wp-json\/wp\/v2\/posts\/7432","targetHints":{"allow":["GET"]}}],"collection":[{"href":"https:\/\/www.africa-press.net\/centrafricaine\/wp-json\/wp\/v2\/posts"}],"about":[{"href":"https:\/\/www.africa-press.net\/centrafricaine\/wp-json\/wp\/v2\/types\/post"}],"author":[{"embeddable":true,"href":"https:\/\/www.africa-press.net\/centrafricaine\/wp-json\/wp\/v2\/users\/82"}],"replies":[{"embeddable":true,"href":"https:\/\/www.africa-press.net\/centrafricaine\/wp-json\/wp\/v2\/comments?post=7432"}],"version-history":[{"count":0,"href":"https:\/\/www.africa-press.net\/centrafricaine\/wp-json\/wp\/v2\/posts\/7432\/revisions"}],"wp:featuredmedia":[{"embeddable":true,"href":"https:\/\/www.africa-press.net\/centrafricaine\/wp-json\/wp\/v2\/media\/7431"}],"wp:attachment":[{"href":"https:\/\/www.africa-press.net\/centrafricaine\/wp-json\/wp\/v2\/media?parent=7432"}],"wp:term":[{"taxonomy":"category","embeddable":true,"href":"https:\/\/www.africa-press.net\/centrafricaine\/wp-json\/wp\/v2\/categories?post=7432"},{"taxonomy":"post_tag","embeddable":true,"href":"https:\/\/www.africa-press.net\/centrafricaine\/wp-json\/wp\/v2\/tags?post=7432"}],"curies":[{"name":"wp","href":"https:\/\/api.w.org\/{rel}","templated":true}]}}