{"id":7435,"date":"2021-05-28T08:23:25","date_gmt":"2021-05-28T08:23:25","guid":{"rendered":"https:\/\/www.africa-press.net\/centrafricaine\/?p=7435"},"modified":"2021-05-28T14:10:02","modified_gmt":"2021-05-28T14:10:02","slug":"un-temoin-cle-raconte-aux-juges-de-la-cpi-la-naissance-des-anti-balaka","status":"publish","type":"post","link":"https:\/\/www.africa-press.net\/centrafricaine\/politique\/un-temoin-cle-raconte-aux-juges-de-la-cpi-la-naissance-des-anti-balaka","title":{"rendered":"un t\u00e9moin-cl\u00e9 raconte aux juges de la CPI la naissance des anti-balaka"},"content":{"rendered":"<p><span style=\"color: #ff6600\"><strong><a href=\"https:\/\/www.africa-press.net\/\">Africa-Press<\/a> &#8211; <a href=\"https:\/\/www.africa-press.net\/centrafricaine\">CentrAfricaine<\/a>.\u00a0 <\/strong><\/span><b>La sc\u00e8ne se d\u00e9roule dans une suite de l\u2019h\u00f4tel Hilton de Yaound\u00e9. Quelques jours plus t\u00f4t, le 24 mars 2013, la Seleka a renvers\u00e9 le chef d\u2019\u00c9tat de la Centrafrique et plong\u00e9 de nouveau le pays dans la guerre civile. Depuis son exil du Cameroun, Fran\u00e7ois Boziz\u00e9 re\u00e7oit. \u00ab Il \u00e9tait dans tous ses \u00e9tats, raconte Joachim Kokat\u00e9 lors de son audition devant les juges de la CPI. Il n\u2019acceptait pas de perdre ce pouvoir \u00bb.<\/b><\/p>\n<p>La rencontre, en pr\u00e9sence de quelques fid\u00e8les du chef d\u2019\u00c9tat d\u00e9chu, s\u2019\u00e9tend sur pr\u00e8s de 45 minutes. Le g\u00e9n\u00e9ral Boziz\u00e9 esp\u00e8re un soutien de ses homologues de la CEAC (Communaut\u00e9 des \u00c9tats d\u2019Afrique centrale). Mais \u00ab si je me souviens bien, M. Boziz\u00e9 a tent\u00e9 d\u2019appeler les autorit\u00e9s tchadiennes, a tent\u00e9 d\u2019appeler les autorit\u00e9s congolaises, et quand il appelait, personne ne d\u00e9crochait ! \u00bb, a racont\u00e9 ce t\u00e9moin-cl\u00e9, s\u2019adressant aux trois juges de la CPI par liaison vid\u00e9o depuis la Centrafrique.<\/p>\n<p>Acteur de la riposte au coup d\u2019\u00c9tat de la Seleka, Joachim Kokat\u00e9, officier form\u00e9 \u00e0 l\u2019\u00c9cole militaire des enfants de troupe d\u00e8s l\u2019\u00e2ge de 9 ans, devenu plusieurs fois ministre, compara\u00eet au c\u00f4t\u00e9 de son avocat. Ses propos sont pes\u00e9s de sorte \u00e0 \u00e9viter de s\u2019accuser lui-m\u00eame. Joachim Kokat\u00e9 a \u00ab combattu \u00bb Fran\u00e7ois Boziz\u00e9 \u00ab pendant des ann\u00e9es \u00bb. Mais si l\u2019ex-chef d\u2019\u00c9tat le convie \u00e0 cette r\u00e9union de Yaound\u00e9, c\u2019est pour s\u2019allier un opposant de poids, sugg\u00e8re le t\u00e9moin.<\/p>\n<p>&nbsp;<\/p>\n<p>Les deux r\u00e9unions suivantes se d\u00e9roulent dans les locaux de l\u2019ambassade de Centrafrique au Cameroun. Au pays, la Seleka r\u00e9pand la terreur. \u00ab Il y avait des religieux assassin\u00e9s, il y avait l\u2019\u00e9glise chr\u00e9tienne \u00e0 Bossangoa qui avait \u00e9t\u00e9 d\u00e9truite et il [M. Boziz\u00e9] avait re\u00e7u un appel disant que la tombe de sa maman avait \u00e9t\u00e9 profan\u00e9e \u00bb. L\u2019ex-pr\u00e9sident \u00ab lui-m\u00eame pleurait, il versait des larmes, il \u00e9tait dans tous ses \u00e9tats \u00bb, se rappelle le t\u00e9moin. Au fil des r\u00e9unions, la reconqu\u00eate se construit lentement. \u00ab Il y avait des r\u00e9unions ouvertes \u00e0 tous, et d\u2019autres dans un cercle tr\u00e8s restreint \u00bb.<\/p>\n<p>\u00ab Qui ? \u00bb, interroge le procureur Kweku Vanderpuye. Les membres de sa famille, dont au premier chef ses fils, Patrice-\u00c9douard Nga\u00efssona, Maxime Mokom, Lin Banoukepa, et d\u2019autres. Pour l\u2019accusation, les anti-balaka sont form\u00e9s d\u2019officiers et de membres de la garde pr\u00e9sidentielle rest\u00e9s loyaux \u00e0 Fran\u00e7ois Boziz\u00e9, alli\u00e9s \u00e0 des groupes d\u2019auto-d\u00e9fense transform\u00e9s en bataillons lors de l\u2019\u00e9t\u00e9 2013.<\/p>\n<p>\u00ab Tous les moyens \u00bb pour reprendre le pouvoir<\/p>\n<p>Le projet de reconqu\u00eate se concr\u00e9tise plus s\u00e9rieusement au cours d\u2019un d\u00e9jeuner organis\u00e9 dans un h\u00f4tel proche de la gare du Nord \u00e0 Paris, en ao\u00fbt 2013. Fran\u00e7ois Boziz\u00e9 d\u00e9voile alors \u00ab son intention de mani\u00e8re claire \u00bb, estime Joachim Kokat\u00e9. L\u2019ancien pr\u00e9sident annonce la cr\u00e9ation du Front pour le retour \u00e0 l\u2019ordre constitutionnel en Centrafrique (Froca). Avec ce mouvement, \u00ab il a dit qu\u2019il utilisera tous les moyens\u2026 Je dis bien tous les moyens, insiste le t\u00e9moin, pour revenir au pouvoir. \u00bb<\/p>\n<p>C\u2019est Me Lin Banoukepa qui prend la t\u00eate du Froca, et Patrice-\u00c9douard Nga\u00efssona l\u2019aile militaire. Le t\u00e9moin le conna\u00eet depuis un s\u00e9jour en prison en 2002. Il avait \u00e9t\u00e9 incarc\u00e9r\u00e9 pour des raisons politiques, assure-t-il. M. Nga\u00efssona \u00ab avait des probl\u00e8mes au niveau du Tr\u00e9sor public \u00bb. Onze ans plus tard, les deux hommes partagent pour quelques mois le m\u00eame combat. \u00ab Il m\u2019a dit qu\u2019il organisait les anti-balaka sur les terrains, que les anti-balaka lui rendait compte de tout \u00bb, et \u00ab il a dit qu\u2019il avait beaucoup d\u00e9pens\u00e9 pour les anti-balaka [\u2026] les anti-balaka qu\u2019il finan\u00e7ait \u00bb, ajoute le t\u00e9moin en balan\u00e7ant la t\u00eate en arri\u00e8re sur son si\u00e8ge, prenant une grande aspiration.<\/p>\n<p>C\u2019est, lui aussi, qui aurait financ\u00e9 l\u2019attaque du 5 d\u00e9cembre 2013 sur Bangui, renversant le pr\u00e9sident Djotodia install\u00e9 par la Seleka neuf mois plus t\u00f4t, et laissant place \u00e0 des autorit\u00e9s de transition. Fran\u00e7ois Boziz\u00e9 devra encore attendre. C\u2019est Catherine Samba-Panza qui occupe le poste.<\/p>\n<p>Le num\u00e9ro 1<\/p>\n<p>Le r\u00f4le de Patrice-\u00c9douard Nga\u00efssona, que le procureur doit prouver, se pr\u00e9cise lors d\u2019une r\u00e9union organis\u00e9e en f\u00e9vrier 2014 \u00e0 Bangui, par la pr\u00e9sidente de la transition. Plusieurs anti-balaka \u00e9taient pr\u00e9sents, rapporte le t\u00e9moin, des membres de la Mission des Nations unies (Misca) observaient. La pr\u00e9sidente \u00ab voulait savoir qui ? Qui est le num\u00e9ro 1 des anti-balaka ? Et d\u2019une mani\u00e8re unanime, ils ont tous dit que leur responsable, c\u2019est M. \u00c9douard Nga\u00efssona. C\u2019est lui qui s\u2019occupait d\u2019eux, c\u2019est lui qui leur donnait \u00e0 manger, c\u2019est lui qui les organisait \u00bb.<\/p>\n<p>Au sein de la transition, le t\u00e9moin est charg\u00e9 du d\u00e9sarmement et de la d\u00e9mobilisation des milices. Devant la Cour, il affirme avoir pris ses distances avec les anti-balaka. Il nie avoir \u00e9t\u00e9 coordinateur militaire. Un r\u00f4le attribu\u00e9 \u00e0 Maxime Mokom, assure-t-il, malgr\u00e9 les documents que lui pr\u00e9sente le procureur.<\/p>\n<p>Il reconna\u00eet sans r\u00e9sistance avoir \u00e9t\u00e9 charg\u00e9 des relations ext\u00e9rieures des anti-balaka. Un r\u00f4le qui permettait peut-\u00eatre \u00e0 M. Nga\u00efssona et d\u2019autres responsables anti-balaka d\u2019avoir l\u2019oreille des autorit\u00e9s, sugg\u00e8re le procureur. Il cherchait des contacts avec la primature et la pr\u00e9sidence, reconna\u00eet Joachim Kokat\u00e9. \u00ab Il y avait beaucoup de cr\u00e9pitements dans la ville, il y avait un climat d\u2019ins\u00e9curit\u00e9 \u00e0 Bangui et \u00e0 l\u2019int\u00e9rieur du pays \u00bb, rappelle le t\u00e9moin. Catherine Samba-Panza \u00ab voulait que M. Nga\u00efssona puisse participer \u00e0 la paix \u00bb.<\/p>\n<p>&nbsp;<\/p>\n","protected":false},"excerpt":{"rendered":"<p>Africa-Press &#8211; CentrAfricaine.\u00a0 La sc\u00e8ne se d\u00e9roule dans une suite de l\u2019h\u00f4tel Hilton de Yaound\u00e9. Quelques jours plus t\u00f4t, le 24 mars 2013, la Seleka a renvers\u00e9 le chef d\u2019\u00c9tat de la Centrafrique et plong\u00e9 de nouveau le pays dans la guerre civile. Depuis son exil du Cameroun, Fran\u00e7ois Boziz\u00e9 re\u00e7oit. \u00ab Il \u00e9tait dans [&hellip;]<\/p>\n","protected":false},"author":82,"featured_media":7434,"comment_status":"open","ping_status":"closed","sticky":false,"template":"","format":"standard","meta":{"footnotes":""},"categories":[11,2,10],"tags":[36,58,30],"class_list":["post-7435","post","type-post","status-publish","format-standard","has-post-thumbnail","hentry","category-homepage-french","category-politique","category-toutes-les-actualites","tag-africa-press","tag-africa-press-centrafricaine","tag-centrafricaine"],"yoast_head":"<!-- This site is optimized with the Yoast SEO Premium plugin v26.1 (Yoast SEO v27.0) - https:\/\/yoast.com\/product\/yoast-seo-premium-wordpress\/ -->\n<title>un t\u00e9moin-cl\u00e9 raconte aux juges de la CPI la naissance des anti-balaka - centrafricaine<\/title>\n<meta name=\"description\" content=\"Bangui ( R\u00e9publique centrafricaine ) \u2013 La sc\u00e8ne se d\u00e9roule dans une suite de l\u2019h\u00f4tel Hilton de Yaound\u00e9. Quelques jour ...\" \/>\n<meta name=\"robots\" content=\"index, follow, max-snippet:-1, max-image-preview:large, max-video-preview:-1\" \/>\n<link rel=\"canonical\" href=\"https:\/\/www.africa-press.net\/centrafricaine\/politique\/un-temoin-cle-raconte-aux-juges-de-la-cpi-la-naissance-des-anti-balaka\" \/>\n<meta property=\"og:locale\" content=\"fr_FR\" \/>\n<meta property=\"og:type\" content=\"article\" \/>\n<meta property=\"og:title\" content=\"un t\u00e9moin-cl\u00e9 raconte aux juges de la CPI la naissance des anti-balaka\" \/>\n<meta property=\"og:description\" content=\"Bangui ( R\u00e9publique centrafricaine ) \u2013 La sc\u00e8ne se d\u00e9roule dans une suite de l\u2019h\u00f4tel Hilton de Yaound\u00e9. Quelques jour ...\" \/>\n<meta property=\"og:url\" content=\"https:\/\/www.africa-press.net\/centrafricaine\/politique\/un-temoin-cle-raconte-aux-juges-de-la-cpi-la-naissance-des-anti-balaka\" \/>\n<meta property=\"og:site_name\" content=\"centrafricaine\" \/>\n<meta property=\"article:published_time\" content=\"2021-05-28T08:23:25+00:00\" \/>\n<meta property=\"article:modified_time\" content=\"2021-05-28T14:10:02+00:00\" \/>\n<meta property=\"og:image\" content=\"https:\/\/static.africa-press.net\/centrafricaine\/sites\/45\/2021\/05\/img-60b0a654b7986.jpg\" \/>\n\t<meta property=\"og:image:width\" content=\"720\" \/>\n\t<meta property=\"og:image:height\" content=\"480\" \/>\n\t<meta property=\"og:image:type\" content=\"image\/jpeg\" \/>\n<meta name=\"author\" content=\"cfeditorfr\" \/>\n<meta name=\"twitter:card\" content=\"summary_large_image\" \/>\n<meta name=\"twitter:label1\" content=\"\u00c9crit par\" \/>\n\t<meta name=\"twitter:data1\" content=\"cfeditorfr\" \/>\n\t<meta name=\"twitter:label2\" content=\"Dur\u00e9e de lecture estim\u00e9e\" \/>\n\t<meta name=\"twitter:data2\" content=\"4 minutes\" \/>\n<script type=\"application\/ld+json\" class=\"yoast-schema-graph\">{\"@context\":\"https:\/\/schema.org\",\"@graph\":[{\"@type\":\"Article\",\"@id\":\"https:\/\/www.africa-press.net\/centrafricaine\/politique\/un-temoin-cle-raconte-aux-juges-de-la-cpi-la-naissance-des-anti-balaka#article\",\"isPartOf\":{\"@id\":\"https:\/\/www.africa-press.net\/centrafricaine\/politique\/un-temoin-cle-raconte-aux-juges-de-la-cpi-la-naissance-des-anti-balaka\"},\"author\":{\"name\":\"cfeditorfr\",\"@id\":\"https:\/\/www.africa-press.net\/centrafricaine\/#\/schema\/person\/2b1cf3cd81a31e3cd26889ca66d677f1\"},\"headline\":\"un t\u00e9moin-cl\u00e9 raconte aux juges de la CPI la naissance des anti-balaka\",\"datePublished\":\"2021-05-28T08:23:25+00:00\",\"dateModified\":\"2021-05-28T14:10:02+00:00\",\"mainEntityOfPage\":{\"@id\":\"https:\/\/www.africa-press.net\/centrafricaine\/politique\/un-temoin-cle-raconte-aux-juges-de-la-cpi-la-naissance-des-anti-balaka\"},\"wordCount\":1006,\"commentCount\":0,\"image\":{\"@id\":\"https:\/\/www.africa-press.net\/centrafricaine\/politique\/un-temoin-cle-raconte-aux-juges-de-la-cpi-la-naissance-des-anti-balaka#primaryimage\"},\"thumbnailUrl\":\"https:\/\/static.africa-press.net\/centrafricaine\/sites\/45\/2021\/05\/img-60b0a654b7986.jpg\",\"keywords\":[\"Africa Press\",\"Africa Press-CentrAfricaine\",\"CentrAfricaine\"],\"articleSection\":[\"homepage-french\",\"Politique\",\"Toutes les actualit\u00e9s\"],\"inLanguage\":\"fr-FR\",\"potentialAction\":[{\"@type\":\"CommentAction\",\"name\":\"Comment\",\"target\":[\"https:\/\/www.africa-press.net\/centrafricaine\/politique\/un-temoin-cle-raconte-aux-juges-de-la-cpi-la-naissance-des-anti-balaka#respond\"]}]},{\"@type\":\"WebPage\",\"@id\":\"https:\/\/www.africa-press.net\/centrafricaine\/politique\/un-temoin-cle-raconte-aux-juges-de-la-cpi-la-naissance-des-anti-balaka\",\"url\":\"https:\/\/www.africa-press.net\/centrafricaine\/politique\/un-temoin-cle-raconte-aux-juges-de-la-cpi-la-naissance-des-anti-balaka\",\"name\":\"un t\u00e9moin-cl\u00e9 raconte aux juges de la CPI la naissance des anti-balaka - centrafricaine\",\"isPartOf\":{\"@id\":\"https:\/\/www.africa-press.net\/centrafricaine\/#website\"},\"primaryImageOfPage\":{\"@id\":\"https:\/\/www.africa-press.net\/centrafricaine\/politique\/un-temoin-cle-raconte-aux-juges-de-la-cpi-la-naissance-des-anti-balaka#primaryimage\"},\"image\":{\"@id\":\"https:\/\/www.africa-press.net\/centrafricaine\/politique\/un-temoin-cle-raconte-aux-juges-de-la-cpi-la-naissance-des-anti-balaka#primaryimage\"},\"thumbnailUrl\":\"https:\/\/static.africa-press.net\/centrafricaine\/sites\/45\/2021\/05\/img-60b0a654b7986.jpg\",\"datePublished\":\"2021-05-28T08:23:25+00:00\",\"dateModified\":\"2021-05-28T14:10:02+00:00\",\"author\":{\"@id\":\"https:\/\/www.africa-press.net\/centrafricaine\/#\/schema\/person\/2b1cf3cd81a31e3cd26889ca66d677f1\"},\"description\":\"Bangui ( R\u00e9publique centrafricaine ) \u2013 La sc\u00e8ne se d\u00e9roule dans une suite de l\u2019h\u00f4tel Hilton de Yaound\u00e9. Quelques jour ...\",\"breadcrumb\":{\"@id\":\"https:\/\/www.africa-press.net\/centrafricaine\/politique\/un-temoin-cle-raconte-aux-juges-de-la-cpi-la-naissance-des-anti-balaka#breadcrumb\"},\"inLanguage\":\"fr-FR\",\"potentialAction\":[{\"@type\":\"ReadAction\",\"target\":[\"https:\/\/www.africa-press.net\/centrafricaine\/politique\/un-temoin-cle-raconte-aux-juges-de-la-cpi-la-naissance-des-anti-balaka\"]}]},{\"@type\":\"ImageObject\",\"inLanguage\":\"fr-FR\",\"@id\":\"https:\/\/www.africa-press.net\/centrafricaine\/politique\/un-temoin-cle-raconte-aux-juges-de-la-cpi-la-naissance-des-anti-balaka#primaryimage\",\"url\":\"https:\/\/static.africa-press.net\/centrafricaine\/sites\/45\/2021\/05\/img-60b0a654b7986.jpg\",\"contentUrl\":\"https:\/\/static.africa-press.net\/centrafricaine\/sites\/45\/2021\/05\/img-60b0a654b7986.jpg\",\"width\":720,\"height\":480,\"caption\":\"un t\u00e9moin-cl\u00e9 raconte aux juges de la CPI la naissance des anti-balaka\"},{\"@type\":\"BreadcrumbList\",\"@id\":\"https:\/\/www.africa-press.net\/centrafricaine\/politique\/un-temoin-cle-raconte-aux-juges-de-la-cpi-la-naissance-des-anti-balaka#breadcrumb\",\"itemListElement\":[{\"@type\":\"ListItem\",\"position\":1,\"name\":\"Accueil\",\"item\":\"https:\/\/www.africa-press.net\/centrafricaine\/\"},{\"@type\":\"ListItem\",\"position\":2,\"name\":\"un t\u00e9moin-cl\u00e9 raconte aux juges de la CPI la naissance des anti-balaka\"}]},{\"@type\":\"WebSite\",\"@id\":\"https:\/\/www.africa-press.net\/centrafricaine\/#website\",\"url\":\"https:\/\/www.africa-press.net\/centrafricaine\/\",\"name\":\"centrafricaine\",\"description\":\"Just another Africa News Agency Sites site\",\"potentialAction\":[{\"@type\":\"SearchAction\",\"target\":{\"@type\":\"EntryPoint\",\"urlTemplate\":\"https:\/\/www.africa-press.net\/centrafricaine\/?s={search_term_string}\"},\"query-input\":{\"@type\":\"PropertyValueSpecification\",\"valueRequired\":true,\"valueName\":\"search_term_string\"}}],\"inLanguage\":\"fr-FR\"},{\"@type\":\"Person\",\"@id\":\"https:\/\/www.africa-press.net\/centrafricaine\/#\/schema\/person\/2b1cf3cd81a31e3cd26889ca66d677f1\",\"name\":\"cfeditorfr\"}]}<\/script>\n<!-- \/ Yoast SEO Premium plugin. -->","yoast_head_json":{"title":"un t\u00e9moin-cl\u00e9 raconte aux juges de la CPI la naissance des anti-balaka - centrafricaine","description":"Bangui ( R\u00e9publique centrafricaine ) \u2013 La sc\u00e8ne se d\u00e9roule dans une suite de l\u2019h\u00f4tel Hilton de Yaound\u00e9. Quelques jour ...","robots":{"index":"index","follow":"follow","max-snippet":"max-snippet:-1","max-image-preview":"max-image-preview:large","max-video-preview":"max-video-preview:-1"},"canonical":"https:\/\/www.africa-press.net\/centrafricaine\/politique\/un-temoin-cle-raconte-aux-juges-de-la-cpi-la-naissance-des-anti-balaka","og_locale":"fr_FR","og_type":"article","og_title":"un t\u00e9moin-cl\u00e9 raconte aux juges de la CPI la naissance des anti-balaka","og_description":"Bangui ( R\u00e9publique centrafricaine ) \u2013 La sc\u00e8ne se d\u00e9roule dans une suite de l\u2019h\u00f4tel Hilton de Yaound\u00e9. Quelques jour ...","og_url":"https:\/\/www.africa-press.net\/centrafricaine\/politique\/un-temoin-cle-raconte-aux-juges-de-la-cpi-la-naissance-des-anti-balaka","og_site_name":"centrafricaine","article_published_time":"2021-05-28T08:23:25+00:00","article_modified_time":"2021-05-28T14:10:02+00:00","og_image":[{"width":720,"height":480,"url":"https:\/\/static.africa-press.net\/centrafricaine\/sites\/45\/2021\/05\/img-60b0a654b7986.jpg","type":"image\/jpeg"}],"author":"cfeditorfr","twitter_card":"summary_large_image","twitter_misc":{"\u00c9crit par":"cfeditorfr","Dur\u00e9e de lecture estim\u00e9e":"4 minutes"},"schema":{"@context":"https:\/\/schema.org","@graph":[{"@type":"Article","@id":"https:\/\/www.africa-press.net\/centrafricaine\/politique\/un-temoin-cle-raconte-aux-juges-de-la-cpi-la-naissance-des-anti-balaka#article","isPartOf":{"@id":"https:\/\/www.africa-press.net\/centrafricaine\/politique\/un-temoin-cle-raconte-aux-juges-de-la-cpi-la-naissance-des-anti-balaka"},"author":{"name":"cfeditorfr","@id":"https:\/\/www.africa-press.net\/centrafricaine\/#\/schema\/person\/2b1cf3cd81a31e3cd26889ca66d677f1"},"headline":"un t\u00e9moin-cl\u00e9 raconte aux juges de la CPI la naissance des anti-balaka","datePublished":"2021-05-28T08:23:25+00:00","dateModified":"2021-05-28T14:10:02+00:00","mainEntityOfPage":{"@id":"https:\/\/www.africa-press.net\/centrafricaine\/politique\/un-temoin-cle-raconte-aux-juges-de-la-cpi-la-naissance-des-anti-balaka"},"wordCount":1006,"commentCount":0,"image":{"@id":"https:\/\/www.africa-press.net\/centrafricaine\/politique\/un-temoin-cle-raconte-aux-juges-de-la-cpi-la-naissance-des-anti-balaka#primaryimage"},"thumbnailUrl":"https:\/\/static.africa-press.net\/centrafricaine\/sites\/45\/2021\/05\/img-60b0a654b7986.jpg","keywords":["Africa Press","Africa Press-CentrAfricaine","CentrAfricaine"],"articleSection":["homepage-french","Politique","Toutes les actualit\u00e9s"],"inLanguage":"fr-FR","potentialAction":[{"@type":"CommentAction","name":"Comment","target":["https:\/\/www.africa-press.net\/centrafricaine\/politique\/un-temoin-cle-raconte-aux-juges-de-la-cpi-la-naissance-des-anti-balaka#respond"]}]},{"@type":"WebPage","@id":"https:\/\/www.africa-press.net\/centrafricaine\/politique\/un-temoin-cle-raconte-aux-juges-de-la-cpi-la-naissance-des-anti-balaka","url":"https:\/\/www.africa-press.net\/centrafricaine\/politique\/un-temoin-cle-raconte-aux-juges-de-la-cpi-la-naissance-des-anti-balaka","name":"un t\u00e9moin-cl\u00e9 raconte aux juges de la CPI la naissance des anti-balaka - centrafricaine","isPartOf":{"@id":"https:\/\/www.africa-press.net\/centrafricaine\/#website"},"primaryImageOfPage":{"@id":"https:\/\/www.africa-press.net\/centrafricaine\/politique\/un-temoin-cle-raconte-aux-juges-de-la-cpi-la-naissance-des-anti-balaka#primaryimage"},"image":{"@id":"https:\/\/www.africa-press.net\/centrafricaine\/politique\/un-temoin-cle-raconte-aux-juges-de-la-cpi-la-naissance-des-anti-balaka#primaryimage"},"thumbnailUrl":"https:\/\/static.africa-press.net\/centrafricaine\/sites\/45\/2021\/05\/img-60b0a654b7986.jpg","datePublished":"2021-05-28T08:23:25+00:00","dateModified":"2021-05-28T14:10:02+00:00","author":{"@id":"https:\/\/www.africa-press.net\/centrafricaine\/#\/schema\/person\/2b1cf3cd81a31e3cd26889ca66d677f1"},"description":"Bangui ( R\u00e9publique centrafricaine ) \u2013 La sc\u00e8ne se d\u00e9roule dans une suite de l\u2019h\u00f4tel Hilton de Yaound\u00e9. Quelques jour ...","breadcrumb":{"@id":"https:\/\/www.africa-press.net\/centrafricaine\/politique\/un-temoin-cle-raconte-aux-juges-de-la-cpi-la-naissance-des-anti-balaka#breadcrumb"},"inLanguage":"fr-FR","potentialAction":[{"@type":"ReadAction","target":["https:\/\/www.africa-press.net\/centrafricaine\/politique\/un-temoin-cle-raconte-aux-juges-de-la-cpi-la-naissance-des-anti-balaka"]}]},{"@type":"ImageObject","inLanguage":"fr-FR","@id":"https:\/\/www.africa-press.net\/centrafricaine\/politique\/un-temoin-cle-raconte-aux-juges-de-la-cpi-la-naissance-des-anti-balaka#primaryimage","url":"https:\/\/static.africa-press.net\/centrafricaine\/sites\/45\/2021\/05\/img-60b0a654b7986.jpg","contentUrl":"https:\/\/static.africa-press.net\/centrafricaine\/sites\/45\/2021\/05\/img-60b0a654b7986.jpg","width":720,"height":480,"caption":"un t\u00e9moin-cl\u00e9 raconte aux juges de la CPI la naissance des anti-balaka"},{"@type":"BreadcrumbList","@id":"https:\/\/www.africa-press.net\/centrafricaine\/politique\/un-temoin-cle-raconte-aux-juges-de-la-cpi-la-naissance-des-anti-balaka#breadcrumb","itemListElement":[{"@type":"ListItem","position":1,"name":"Accueil","item":"https:\/\/www.africa-press.net\/centrafricaine\/"},{"@type":"ListItem","position":2,"name":"un t\u00e9moin-cl\u00e9 raconte aux juges de la CPI la naissance des anti-balaka"}]},{"@type":"WebSite","@id":"https:\/\/www.africa-press.net\/centrafricaine\/#website","url":"https:\/\/www.africa-press.net\/centrafricaine\/","name":"centrafricaine","description":"Just another Africa News Agency Sites site","potentialAction":[{"@type":"SearchAction","target":{"@type":"EntryPoint","urlTemplate":"https:\/\/www.africa-press.net\/centrafricaine\/?s={search_term_string}"},"query-input":{"@type":"PropertyValueSpecification","valueRequired":true,"valueName":"search_term_string"}}],"inLanguage":"fr-FR"},{"@type":"Person","@id":"https:\/\/www.africa-press.net\/centrafricaine\/#\/schema\/person\/2b1cf3cd81a31e3cd26889ca66d677f1","name":"cfeditorfr"}]}},"_links":{"self":[{"href":"https:\/\/www.africa-press.net\/centrafricaine\/wp-json\/wp\/v2\/posts\/7435","targetHints":{"allow":["GET"]}}],"collection":[{"href":"https:\/\/www.africa-press.net\/centrafricaine\/wp-json\/wp\/v2\/posts"}],"about":[{"href":"https:\/\/www.africa-press.net\/centrafricaine\/wp-json\/wp\/v2\/types\/post"}],"author":[{"embeddable":true,"href":"https:\/\/www.africa-press.net\/centrafricaine\/wp-json\/wp\/v2\/users\/82"}],"replies":[{"embeddable":true,"href":"https:\/\/www.africa-press.net\/centrafricaine\/wp-json\/wp\/v2\/comments?post=7435"}],"version-history":[{"count":0,"href":"https:\/\/www.africa-press.net\/centrafricaine\/wp-json\/wp\/v2\/posts\/7435\/revisions"}],"wp:featuredmedia":[{"embeddable":true,"href":"https:\/\/www.africa-press.net\/centrafricaine\/wp-json\/wp\/v2\/media\/7434"}],"wp:attachment":[{"href":"https:\/\/www.africa-press.net\/centrafricaine\/wp-json\/wp\/v2\/media?parent=7435"}],"wp:term":[{"taxonomy":"category","embeddable":true,"href":"https:\/\/www.africa-press.net\/centrafricaine\/wp-json\/wp\/v2\/categories?post=7435"},{"taxonomy":"post_tag","embeddable":true,"href":"https:\/\/www.africa-press.net\/centrafricaine\/wp-json\/wp\/v2\/tags?post=7435"}],"curies":[{"name":"wp","href":"https:\/\/api.w.org\/{rel}","templated":true}]}}