{"id":7438,"date":"2021-05-28T08:31:10","date_gmt":"2021-05-28T08:31:10","guid":{"rendered":"https:\/\/www.africa-press.net\/centrafricaine\/?p=7438"},"modified":"2021-05-28T14:10:17","modified_gmt":"2021-05-28T14:10:17","slug":"bria-un-mort-dans-un-acte-de-braquage-au-village-yanga","status":"publish","type":"post","link":"https:\/\/www.africa-press.net\/centrafricaine\/politique\/bria-un-mort-dans-un-acte-de-braquage-au-village-yanga","title":{"rendered":"Bria, un mort dans un acte de braquage au village Yanga"},"content":{"rendered":"<p><span style=\"color: #ff6600\"><strong><a href=\"https:\/\/www.africa-press.net\/\">Africa-Press<\/a> &#8211; <a href=\"https:\/\/www.africa-press.net\/centrafricaine\">CentrAfricaine<\/a>. <\/strong><\/span>\u00a0Un p\u00e8re d\u2019une famille de trois enfants a \u00e9t\u00e9 sauvagement assassin\u00e9 dans un acte pr\u00e9sum\u00e9 de braquage dans la localit\u00e9 de Bria, au centre nord du pays, a constat\u00e9 sur place un journaliste du CNC.<\/p>\n<p>Selon les quelques membres de sa famille, l\u2019homme avait quitt\u00e9 mardi la ville de Bria pour se rendre sur le chantier minier de Yanga, situ\u00e9 \u00e0 82 kilom\u00e8tres de Bria sur l\u2019axe Nd\u00e9l\u00e9. Mais en arrivant \u00e0 80 kilom\u00e8tres, il est tomb\u00e9 dans le filet des malfaiteurs bien arm\u00e9s qui l\u2019ont intercept\u00e9, puis totalement d\u00e9pouill\u00e9 avant de le mortellement agress\u00e9. Sa moto a \u00e9galement \u00e9t\u00e9 emport\u00e9e par les assaillants ainsi que son portefeuille.<\/p>\n<p>Son corps sans vie a \u00e9t\u00e9 abandonn\u00e9 sur le lieu du crime. Il a \u00e9t\u00e9 retrouv\u00e9 par les passants deux jours plus tard, c\u2019est-\u00e0-dire ce jeudi 27 mai dans l\u2019apr\u00e8s-midi.<\/p>\n<p>Pour l\u2019heure, les identit\u00e9s des assaillants ne sont pas connues, mais plusieurs sources s\u00e9curitaires locales attribuent cet acte aux \u00e9l\u00e9ments rebelles de la coalition des patriotes pour le changement (CPC).<\/p>\n<p>Il y\u2019a lieu de rappeler que depuis la reprise de la ville de Bria par les forces loyalistes, plusieurs rebelles se sont retranch\u00e9s dans des zones p\u00e9riph\u00e9riques de la ville, suscitant plus d\u2019inqui\u00e9tude au sein de la population locale qui ne peut plus vaquer librement \u00e0 leurs occupations quotidiennes.<\/p>\n<p><b>\u00a0<\/b><\/p>\n","protected":false},"excerpt":{"rendered":"<p>Africa-Press &#8211; CentrAfricaine. \u00a0Un p\u00e8re d\u2019une famille de trois enfants a \u00e9t\u00e9 sauvagement assassin\u00e9 dans un acte pr\u00e9sum\u00e9 de braquage dans la localit\u00e9 de Bria, au centre nord du pays, a constat\u00e9 sur place un journaliste du CNC. Selon les quelques membres de sa famille, l\u2019homme avait quitt\u00e9 mardi la ville de Bria pour se [&hellip;]<\/p>\n","protected":false},"author":82,"featured_media":7437,"comment_status":"open","ping_status":"closed","sticky":false,"template":"","format":"standard","meta":{"footnotes":""},"categories":[11,2,20,10],"tags":[36,58,30],"class_list":["post-7438","post","type-post","status-publish","format-standard","has-post-thumbnail","hentry","category-homepage-french","category-politique","category-top-nouvelles","category-toutes-les-actualites","tag-africa-press","tag-africa-press-centrafricaine","tag-centrafricaine"],"yoast_head":"<!-- This site is optimized with the Yoast SEO Premium plugin v26.1 (Yoast SEO v27.0) - https:\/\/yoast.com\/product\/yoast-seo-premium-wordpress\/ -->\n<title>Bria, un mort dans un acte de braquage au village Yanga - centrafricaine<\/title>\n<meta name=\"description\" content=\"Bria, R\u00e9publique centrafricaine, vendredi, 28 mai 2021, 03:30:03 ( Corbeaunews-Centrafrique ). Un p\u00e8re d\u2019une fam ...\" \/>\n<meta name=\"robots\" content=\"index, follow, max-snippet:-1, max-image-preview:large, max-video-preview:-1\" \/>\n<link rel=\"canonical\" href=\"https:\/\/www.africa-press.net\/centrafricaine\/politique\/bria-un-mort-dans-un-acte-de-braquage-au-village-yanga\" \/>\n<meta property=\"og:locale\" content=\"fr_FR\" \/>\n<meta property=\"og:type\" content=\"article\" \/>\n<meta property=\"og:title\" content=\"Bria, un mort dans un acte de braquage au village Yanga\" \/>\n<meta property=\"og:description\" content=\"Bria, R\u00e9publique centrafricaine, vendredi, 28 mai 2021, 03:30:03 ( Corbeaunews-Centrafrique ). Un p\u00e8re d\u2019une fam ...\" \/>\n<meta property=\"og:url\" content=\"https:\/\/www.africa-press.net\/centrafricaine\/politique\/bria-un-mort-dans-un-acte-de-braquage-au-village-yanga\" \/>\n<meta property=\"og:site_name\" content=\"centrafricaine\" \/>\n<meta property=\"article:published_time\" content=\"2021-05-28T08:31:10+00:00\" \/>\n<meta property=\"article:modified_time\" content=\"2021-05-28T14:10:17+00:00\" \/>\n<meta property=\"og:image\" content=\"https:\/\/static.africa-press.net\/centrafricaine\/sites\/45\/2021\/05\/img-60b0a67b74fa0.jpg\" \/>\n\t<meta property=\"og:image:width\" content=\"720\" \/>\n\t<meta property=\"og:image:height\" content=\"360\" \/>\n\t<meta property=\"og:image:type\" content=\"image\/jpeg\" \/>\n<meta name=\"author\" content=\"cfeditorfr\" \/>\n<meta name=\"twitter:card\" content=\"summary_large_image\" \/>\n<meta name=\"twitter:label1\" content=\"\u00c9crit par\" \/>\n\t<meta name=\"twitter:data1\" content=\"cfeditorfr\" \/>\n\t<meta name=\"twitter:label2\" content=\"Dur\u00e9e de lecture estim\u00e9e\" \/>\n\t<meta name=\"twitter:data2\" content=\"1 minute\" \/>\n<script type=\"application\/ld+json\" class=\"yoast-schema-graph\">{\"@context\":\"https:\/\/schema.org\",\"@graph\":[{\"@type\":\"Article\",\"@id\":\"https:\/\/www.africa-press.net\/centrafricaine\/politique\/bria-un-mort-dans-un-acte-de-braquage-au-village-yanga#article\",\"isPartOf\":{\"@id\":\"https:\/\/www.africa-press.net\/centrafricaine\/politique\/bria-un-mort-dans-un-acte-de-braquage-au-village-yanga\"},\"author\":{\"name\":\"cfeditorfr\",\"@id\":\"https:\/\/www.africa-press.net\/centrafricaine\/#\/schema\/person\/2b1cf3cd81a31e3cd26889ca66d677f1\"},\"headline\":\"Bria, un mort dans un acte de braquage au village Yanga\",\"datePublished\":\"2021-05-28T08:31:10+00:00\",\"dateModified\":\"2021-05-28T14:10:17+00:00\",\"mainEntityOfPage\":{\"@id\":\"https:\/\/www.africa-press.net\/centrafricaine\/politique\/bria-un-mort-dans-un-acte-de-braquage-au-village-yanga\"},\"wordCount\":251,\"commentCount\":0,\"image\":{\"@id\":\"https:\/\/www.africa-press.net\/centrafricaine\/politique\/bria-un-mort-dans-un-acte-de-braquage-au-village-yanga#primaryimage\"},\"thumbnailUrl\":\"https:\/\/static.africa-press.net\/centrafricaine\/sites\/45\/2021\/05\/img-60b0a67b74fa0.jpg\",\"keywords\":[\"Africa Press\",\"Africa Press-CentrAfricaine\",\"CentrAfricaine\"],\"articleSection\":[\"homepage-french\",\"Politique\",\"Top Nouvelles\",\"Toutes les actualit\u00e9s\"],\"inLanguage\":\"fr-FR\",\"potentialAction\":[{\"@type\":\"CommentAction\",\"name\":\"Comment\",\"target\":[\"https:\/\/www.africa-press.net\/centrafricaine\/politique\/bria-un-mort-dans-un-acte-de-braquage-au-village-yanga#respond\"]}]},{\"@type\":\"WebPage\",\"@id\":\"https:\/\/www.africa-press.net\/centrafricaine\/politique\/bria-un-mort-dans-un-acte-de-braquage-au-village-yanga\",\"url\":\"https:\/\/www.africa-press.net\/centrafricaine\/politique\/bria-un-mort-dans-un-acte-de-braquage-au-village-yanga\",\"name\":\"Bria, un mort dans un acte de braquage au village Yanga - centrafricaine\",\"isPartOf\":{\"@id\":\"https:\/\/www.africa-press.net\/centrafricaine\/#website\"},\"primaryImageOfPage\":{\"@id\":\"https:\/\/www.africa-press.net\/centrafricaine\/politique\/bria-un-mort-dans-un-acte-de-braquage-au-village-yanga#primaryimage\"},\"image\":{\"@id\":\"https:\/\/www.africa-press.net\/centrafricaine\/politique\/bria-un-mort-dans-un-acte-de-braquage-au-village-yanga#primaryimage\"},\"thumbnailUrl\":\"https:\/\/static.africa-press.net\/centrafricaine\/sites\/45\/2021\/05\/img-60b0a67b74fa0.jpg\",\"datePublished\":\"2021-05-28T08:31:10+00:00\",\"dateModified\":\"2021-05-28T14:10:17+00:00\",\"author\":{\"@id\":\"https:\/\/www.africa-press.net\/centrafricaine\/#\/schema\/person\/2b1cf3cd81a31e3cd26889ca66d677f1\"},\"description\":\"Bria, R\u00e9publique centrafricaine, vendredi, 28 mai 2021, 03:30:03 ( Corbeaunews-Centrafrique ). Un p\u00e8re d\u2019une fam ...\",\"breadcrumb\":{\"@id\":\"https:\/\/www.africa-press.net\/centrafricaine\/politique\/bria-un-mort-dans-un-acte-de-braquage-au-village-yanga#breadcrumb\"},\"inLanguage\":\"fr-FR\",\"potentialAction\":[{\"@type\":\"ReadAction\",\"target\":[\"https:\/\/www.africa-press.net\/centrafricaine\/politique\/bria-un-mort-dans-un-acte-de-braquage-au-village-yanga\"]}]},{\"@type\":\"ImageObject\",\"inLanguage\":\"fr-FR\",\"@id\":\"https:\/\/www.africa-press.net\/centrafricaine\/politique\/bria-un-mort-dans-un-acte-de-braquage-au-village-yanga#primaryimage\",\"url\":\"https:\/\/static.africa-press.net\/centrafricaine\/sites\/45\/2021\/05\/img-60b0a67b74fa0.jpg\",\"contentUrl\":\"https:\/\/static.africa-press.net\/centrafricaine\/sites\/45\/2021\/05\/img-60b0a67b74fa0.jpg\",\"width\":720,\"height\":360,\"caption\":\"Bria, un mort dans un acte de braquage au village Yanga\"},{\"@type\":\"BreadcrumbList\",\"@id\":\"https:\/\/www.africa-press.net\/centrafricaine\/politique\/bria-un-mort-dans-un-acte-de-braquage-au-village-yanga#breadcrumb\",\"itemListElement\":[{\"@type\":\"ListItem\",\"position\":1,\"name\":\"Accueil\",\"item\":\"https:\/\/www.africa-press.net\/centrafricaine\/\"},{\"@type\":\"ListItem\",\"position\":2,\"name\":\"Bria, un mort dans un acte de braquage au village Yanga\"}]},{\"@type\":\"WebSite\",\"@id\":\"https:\/\/www.africa-press.net\/centrafricaine\/#website\",\"url\":\"https:\/\/www.africa-press.net\/centrafricaine\/\",\"name\":\"centrafricaine\",\"description\":\"Just another Africa News Agency Sites site\",\"potentialAction\":[{\"@type\":\"SearchAction\",\"target\":{\"@type\":\"EntryPoint\",\"urlTemplate\":\"https:\/\/www.africa-press.net\/centrafricaine\/?s={search_term_string}\"},\"query-input\":{\"@type\":\"PropertyValueSpecification\",\"valueRequired\":true,\"valueName\":\"search_term_string\"}}],\"inLanguage\":\"fr-FR\"},{\"@type\":\"Person\",\"@id\":\"https:\/\/www.africa-press.net\/centrafricaine\/#\/schema\/person\/2b1cf3cd81a31e3cd26889ca66d677f1\",\"name\":\"cfeditorfr\"}]}<\/script>\n<!-- \/ Yoast SEO Premium plugin. -->","yoast_head_json":{"title":"Bria, un mort dans un acte de braquage au village Yanga - centrafricaine","description":"Bria, R\u00e9publique centrafricaine, vendredi, 28 mai 2021, 03:30:03 ( Corbeaunews-Centrafrique ). Un p\u00e8re d\u2019une fam ...","robots":{"index":"index","follow":"follow","max-snippet":"max-snippet:-1","max-image-preview":"max-image-preview:large","max-video-preview":"max-video-preview:-1"},"canonical":"https:\/\/www.africa-press.net\/centrafricaine\/politique\/bria-un-mort-dans-un-acte-de-braquage-au-village-yanga","og_locale":"fr_FR","og_type":"article","og_title":"Bria, un mort dans un acte de braquage au village Yanga","og_description":"Bria, R\u00e9publique centrafricaine, vendredi, 28 mai 2021, 03:30:03 ( Corbeaunews-Centrafrique ). Un p\u00e8re d\u2019une fam ...","og_url":"https:\/\/www.africa-press.net\/centrafricaine\/politique\/bria-un-mort-dans-un-acte-de-braquage-au-village-yanga","og_site_name":"centrafricaine","article_published_time":"2021-05-28T08:31:10+00:00","article_modified_time":"2021-05-28T14:10:17+00:00","og_image":[{"width":720,"height":360,"url":"https:\/\/static.africa-press.net\/centrafricaine\/sites\/45\/2021\/05\/img-60b0a67b74fa0.jpg","type":"image\/jpeg"}],"author":"cfeditorfr","twitter_card":"summary_large_image","twitter_misc":{"\u00c9crit par":"cfeditorfr","Dur\u00e9e de lecture estim\u00e9e":"1 minute"},"schema":{"@context":"https:\/\/schema.org","@graph":[{"@type":"Article","@id":"https:\/\/www.africa-press.net\/centrafricaine\/politique\/bria-un-mort-dans-un-acte-de-braquage-au-village-yanga#article","isPartOf":{"@id":"https:\/\/www.africa-press.net\/centrafricaine\/politique\/bria-un-mort-dans-un-acte-de-braquage-au-village-yanga"},"author":{"name":"cfeditorfr","@id":"https:\/\/www.africa-press.net\/centrafricaine\/#\/schema\/person\/2b1cf3cd81a31e3cd26889ca66d677f1"},"headline":"Bria, un mort dans un acte de braquage au village Yanga","datePublished":"2021-05-28T08:31:10+00:00","dateModified":"2021-05-28T14:10:17+00:00","mainEntityOfPage":{"@id":"https:\/\/www.africa-press.net\/centrafricaine\/politique\/bria-un-mort-dans-un-acte-de-braquage-au-village-yanga"},"wordCount":251,"commentCount":0,"image":{"@id":"https:\/\/www.africa-press.net\/centrafricaine\/politique\/bria-un-mort-dans-un-acte-de-braquage-au-village-yanga#primaryimage"},"thumbnailUrl":"https:\/\/static.africa-press.net\/centrafricaine\/sites\/45\/2021\/05\/img-60b0a67b74fa0.jpg","keywords":["Africa Press","Africa Press-CentrAfricaine","CentrAfricaine"],"articleSection":["homepage-french","Politique","Top Nouvelles","Toutes les actualit\u00e9s"],"inLanguage":"fr-FR","potentialAction":[{"@type":"CommentAction","name":"Comment","target":["https:\/\/www.africa-press.net\/centrafricaine\/politique\/bria-un-mort-dans-un-acte-de-braquage-au-village-yanga#respond"]}]},{"@type":"WebPage","@id":"https:\/\/www.africa-press.net\/centrafricaine\/politique\/bria-un-mort-dans-un-acte-de-braquage-au-village-yanga","url":"https:\/\/www.africa-press.net\/centrafricaine\/politique\/bria-un-mort-dans-un-acte-de-braquage-au-village-yanga","name":"Bria, un mort dans un acte de braquage au village Yanga - centrafricaine","isPartOf":{"@id":"https:\/\/www.africa-press.net\/centrafricaine\/#website"},"primaryImageOfPage":{"@id":"https:\/\/www.africa-press.net\/centrafricaine\/politique\/bria-un-mort-dans-un-acte-de-braquage-au-village-yanga#primaryimage"},"image":{"@id":"https:\/\/www.africa-press.net\/centrafricaine\/politique\/bria-un-mort-dans-un-acte-de-braquage-au-village-yanga#primaryimage"},"thumbnailUrl":"https:\/\/static.africa-press.net\/centrafricaine\/sites\/45\/2021\/05\/img-60b0a67b74fa0.jpg","datePublished":"2021-05-28T08:31:10+00:00","dateModified":"2021-05-28T14:10:17+00:00","author":{"@id":"https:\/\/www.africa-press.net\/centrafricaine\/#\/schema\/person\/2b1cf3cd81a31e3cd26889ca66d677f1"},"description":"Bria, R\u00e9publique centrafricaine, vendredi, 28 mai 2021, 03:30:03 ( Corbeaunews-Centrafrique ). Un p\u00e8re d\u2019une fam ...","breadcrumb":{"@id":"https:\/\/www.africa-press.net\/centrafricaine\/politique\/bria-un-mort-dans-un-acte-de-braquage-au-village-yanga#breadcrumb"},"inLanguage":"fr-FR","potentialAction":[{"@type":"ReadAction","target":["https:\/\/www.africa-press.net\/centrafricaine\/politique\/bria-un-mort-dans-un-acte-de-braquage-au-village-yanga"]}]},{"@type":"ImageObject","inLanguage":"fr-FR","@id":"https:\/\/www.africa-press.net\/centrafricaine\/politique\/bria-un-mort-dans-un-acte-de-braquage-au-village-yanga#primaryimage","url":"https:\/\/static.africa-press.net\/centrafricaine\/sites\/45\/2021\/05\/img-60b0a67b74fa0.jpg","contentUrl":"https:\/\/static.africa-press.net\/centrafricaine\/sites\/45\/2021\/05\/img-60b0a67b74fa0.jpg","width":720,"height":360,"caption":"Bria, un mort dans un acte de braquage au village Yanga"},{"@type":"BreadcrumbList","@id":"https:\/\/www.africa-press.net\/centrafricaine\/politique\/bria-un-mort-dans-un-acte-de-braquage-au-village-yanga#breadcrumb","itemListElement":[{"@type":"ListItem","position":1,"name":"Accueil","item":"https:\/\/www.africa-press.net\/centrafricaine\/"},{"@type":"ListItem","position":2,"name":"Bria, un mort dans un acte de braquage au village Yanga"}]},{"@type":"WebSite","@id":"https:\/\/www.africa-press.net\/centrafricaine\/#website","url":"https:\/\/www.africa-press.net\/centrafricaine\/","name":"centrafricaine","description":"Just another Africa News Agency Sites site","potentialAction":[{"@type":"SearchAction","target":{"@type":"EntryPoint","urlTemplate":"https:\/\/www.africa-press.net\/centrafricaine\/?s={search_term_string}"},"query-input":{"@type":"PropertyValueSpecification","valueRequired":true,"valueName":"search_term_string"}}],"inLanguage":"fr-FR"},{"@type":"Person","@id":"https:\/\/www.africa-press.net\/centrafricaine\/#\/schema\/person\/2b1cf3cd81a31e3cd26889ca66d677f1","name":"cfeditorfr"}]}},"_links":{"self":[{"href":"https:\/\/www.africa-press.net\/centrafricaine\/wp-json\/wp\/v2\/posts\/7438","targetHints":{"allow":["GET"]}}],"collection":[{"href":"https:\/\/www.africa-press.net\/centrafricaine\/wp-json\/wp\/v2\/posts"}],"about":[{"href":"https:\/\/www.africa-press.net\/centrafricaine\/wp-json\/wp\/v2\/types\/post"}],"author":[{"embeddable":true,"href":"https:\/\/www.africa-press.net\/centrafricaine\/wp-json\/wp\/v2\/users\/82"}],"replies":[{"embeddable":true,"href":"https:\/\/www.africa-press.net\/centrafricaine\/wp-json\/wp\/v2\/comments?post=7438"}],"version-history":[{"count":0,"href":"https:\/\/www.africa-press.net\/centrafricaine\/wp-json\/wp\/v2\/posts\/7438\/revisions"}],"wp:featuredmedia":[{"embeddable":true,"href":"https:\/\/www.africa-press.net\/centrafricaine\/wp-json\/wp\/v2\/media\/7437"}],"wp:attachment":[{"href":"https:\/\/www.africa-press.net\/centrafricaine\/wp-json\/wp\/v2\/media?parent=7438"}],"wp:term":[{"taxonomy":"category","embeddable":true,"href":"https:\/\/www.africa-press.net\/centrafricaine\/wp-json\/wp\/v2\/categories?post=7438"},{"taxonomy":"post_tag","embeddable":true,"href":"https:\/\/www.africa-press.net\/centrafricaine\/wp-json\/wp\/v2\/tags?post=7438"}],"curies":[{"name":"wp","href":"https:\/\/api.w.org\/{rel}","templated":true}]}}