{"id":7491,"date":"2021-05-29T11:23:43","date_gmt":"2021-05-29T11:23:43","guid":{"rendered":"https:\/\/www.africa-press.net\/centrafricaine\/?p=7491"},"modified":"2021-05-29T14:23:11","modified_gmt":"2021-05-29T14:23:11","slug":"rca-retour-au-calme-a-bozoum-les-rebelles-se-sont-retires-de-la-ville","status":"publish","type":"post","link":"https:\/\/www.africa-press.net\/centrafricaine\/politique\/rca-retour-au-calme-a-bozoum-les-rebelles-se-sont-retires-de-la-ville","title":{"rendered":"retour au calme \u00e0 Bozoum, les rebelles se sont retir\u00e9s de la ville"},"content":{"rendered":"<p><span style=\"color: #ff6600\"><strong><a href=\"https:\/\/www.africa-press.net\/\">Africa-Press<\/a> &#8211; <a href=\"https:\/\/www.africa-press.net\/centrafricaine\">CentrAfricaine<\/a>.\u00a0 <\/strong><\/span>Apr\u00e8s une journ\u00e9e de tension et de panique \u00e0 Bozoum, les rebelles de 3R, membres de la coalition des patriotes pour le changement (CPC) ont finalement desserr\u00e9 l\u2019\u00e9tau autour de la ville ce vendredi apr\u00e8s-midi. Selon les t\u00e9moins, il n\u2019y avait aucun \u00e9change des tirs entre les assaillants et les forces de d\u00e9fense au moment de l\u2019attaque.<\/p>\n<p>Selon certaines sources s\u00e9curitaires locales, les rebelles se seraient venus \u00e0 Bozoum juste pour lib\u00e9rer certains Peuls qui sont incarc\u00e9r\u00e9s depuis quelques jours dans la ge\u00f4le de la brigade de gendarmerie de la ville. Apr\u00e8s leur lib\u00e9ration, les rebelles se sont retir\u00e9s de la ville, laissant derri\u00e8re eux plusieurs d\u00e9g\u00e2ts mat\u00e9riels qu\u2019ils auraient commis. Pendant ce temps, les forces de d\u00e9fense se sont positionn\u00e9es \u00e0 l\u2019\u00e9cart, \u00e9vitant de r\u00e9pondre militairement \u00e0 leur provocation.<\/p>\n<p>Au m\u00eame moment, \u00e0 Ndim, les Casques bleus Bangladesh de la Minusca ont transport\u00e9 le corps de soldat FACA tu\u00e9 dans les attaques des rebelles de 3R pour amener \u00e0 Bocaranga.<\/p>\n<p>Notons qu\u2019\u00e0 Bozoum, apr\u00e8s l\u2019attaque des rebelles du CPC sur la ville, la brigade de la gendarmerie a \u00e9t\u00e9 compl\u00e8tement saccag\u00e9e par les assaillants, laissant fuir les criminels qui \u00e9taient en d\u00e9tention.<\/p>\n<p><b>\u00a0<\/b><\/p>\n","protected":false},"excerpt":{"rendered":"<p>Africa-Press &#8211; CentrAfricaine.\u00a0 Apr\u00e8s une journ\u00e9e de tension et de panique \u00e0 Bozoum, les rebelles de 3R, membres de la coalition des patriotes pour le changement (CPC) ont finalement desserr\u00e9 l\u2019\u00e9tau autour de la ville ce vendredi apr\u00e8s-midi. Selon les t\u00e9moins, il n\u2019y avait aucun \u00e9change des tirs entre les assaillants et les forces de [&hellip;]<\/p>\n","protected":false},"author":82,"featured_media":7490,"comment_status":"open","ping_status":"closed","sticky":false,"template":"","format":"standard","meta":{"footnotes":""},"categories":[11,2,10],"tags":[36,58,30],"class_list":["post-7491","post","type-post","status-publish","format-standard","has-post-thumbnail","hentry","category-homepage-french","category-politique","category-toutes-les-actualites","tag-africa-press","tag-africa-press-centrafricaine","tag-centrafricaine"],"yoast_head":"<!-- This site is optimized with the Yoast SEO Premium plugin v26.1 (Yoast SEO v27.0) - https:\/\/yoast.com\/product\/yoast-seo-premium-wordpress\/ -->\n<title>retour au calme \u00e0 Bozoum, les rebelles se sont retir\u00e9s de la ville - centrafricaine<\/title>\n<meta name=\"description\" content=\"Bangui, R\u00e9publique centrafricaine, samedi, 29 mai 2021, 03:39:09 ( Corbeaunews-Centrafrique ). Apr\u00e8s une journ\u00e9e ...\" \/>\n<meta name=\"robots\" content=\"index, follow, max-snippet:-1, max-image-preview:large, max-video-preview:-1\" \/>\n<link rel=\"canonical\" href=\"https:\/\/www.africa-press.net\/centrafricaine\/politique\/rca-retour-au-calme-a-bozoum-les-rebelles-se-sont-retires-de-la-ville\" \/>\n<meta property=\"og:locale\" content=\"fr_FR\" \/>\n<meta property=\"og:type\" content=\"article\" \/>\n<meta property=\"og:title\" content=\"retour au calme \u00e0 Bozoum, les rebelles se sont retir\u00e9s de la ville\" \/>\n<meta property=\"og:description\" content=\"Bangui, R\u00e9publique centrafricaine, samedi, 29 mai 2021, 03:39:09 ( Corbeaunews-Centrafrique ). Apr\u00e8s une journ\u00e9e ...\" \/>\n<meta property=\"og:url\" content=\"https:\/\/www.africa-press.net\/centrafricaine\/politique\/rca-retour-au-calme-a-bozoum-les-rebelles-se-sont-retires-de-la-ville\" \/>\n<meta property=\"og:site_name\" content=\"centrafricaine\" \/>\n<meta property=\"article:published_time\" content=\"2021-05-29T11:23:43+00:00\" \/>\n<meta property=\"article:modified_time\" content=\"2021-05-29T14:23:11+00:00\" \/>\n<meta property=\"og:image\" content=\"https:\/\/static.africa-press.net\/centrafricaine\/sites\/45\/2021\/05\/img-60b21e1b2c013.jpg\" \/>\n\t<meta property=\"og:image:width\" content=\"720\" \/>\n\t<meta property=\"og:image:height\" content=\"540\" \/>\n\t<meta property=\"og:image:type\" content=\"image\/jpeg\" \/>\n<meta name=\"author\" content=\"cfeditorfr\" \/>\n<meta name=\"twitter:card\" content=\"summary_large_image\" \/>\n<meta name=\"twitter:label1\" content=\"\u00c9crit par\" \/>\n\t<meta name=\"twitter:data1\" content=\"cfeditorfr\" \/>\n\t<meta name=\"twitter:label2\" content=\"Dur\u00e9e de lecture estim\u00e9e\" \/>\n\t<meta name=\"twitter:data2\" content=\"1 minute\" \/>\n<script type=\"application\/ld+json\" class=\"yoast-schema-graph\">{\"@context\":\"https:\/\/schema.org\",\"@graph\":[{\"@type\":\"Article\",\"@id\":\"https:\/\/www.africa-press.net\/centrafricaine\/politique\/rca-retour-au-calme-a-bozoum-les-rebelles-se-sont-retires-de-la-ville#article\",\"isPartOf\":{\"@id\":\"https:\/\/www.africa-press.net\/centrafricaine\/politique\/rca-retour-au-calme-a-bozoum-les-rebelles-se-sont-retires-de-la-ville\"},\"author\":{\"name\":\"cfeditorfr\",\"@id\":\"https:\/\/www.africa-press.net\/centrafricaine\/#\/schema\/person\/2b1cf3cd81a31e3cd26889ca66d677f1\"},\"headline\":\"retour au calme \u00e0 Bozoum, les rebelles se sont retir\u00e9s de la ville\",\"datePublished\":\"2021-05-29T11:23:43+00:00\",\"dateModified\":\"2021-05-29T14:23:11+00:00\",\"mainEntityOfPage\":{\"@id\":\"https:\/\/www.africa-press.net\/centrafricaine\/politique\/rca-retour-au-calme-a-bozoum-les-rebelles-se-sont-retires-de-la-ville\"},\"wordCount\":234,\"commentCount\":0,\"image\":{\"@id\":\"https:\/\/www.africa-press.net\/centrafricaine\/politique\/rca-retour-au-calme-a-bozoum-les-rebelles-se-sont-retires-de-la-ville#primaryimage\"},\"thumbnailUrl\":\"https:\/\/static.africa-press.net\/centrafricaine\/sites\/45\/2021\/05\/img-60b21e1b2c013.jpg\",\"keywords\":[\"Africa Press\",\"Africa Press-CentrAfricaine\",\"CentrAfricaine\"],\"articleSection\":[\"homepage-french\",\"Politique\",\"Toutes les actualit\u00e9s\"],\"inLanguage\":\"fr-FR\",\"potentialAction\":[{\"@type\":\"CommentAction\",\"name\":\"Comment\",\"target\":[\"https:\/\/www.africa-press.net\/centrafricaine\/politique\/rca-retour-au-calme-a-bozoum-les-rebelles-se-sont-retires-de-la-ville#respond\"]}]},{\"@type\":\"WebPage\",\"@id\":\"https:\/\/www.africa-press.net\/centrafricaine\/politique\/rca-retour-au-calme-a-bozoum-les-rebelles-se-sont-retires-de-la-ville\",\"url\":\"https:\/\/www.africa-press.net\/centrafricaine\/politique\/rca-retour-au-calme-a-bozoum-les-rebelles-se-sont-retires-de-la-ville\",\"name\":\"retour au calme \u00e0 Bozoum, les rebelles se sont retir\u00e9s de la ville - centrafricaine\",\"isPartOf\":{\"@id\":\"https:\/\/www.africa-press.net\/centrafricaine\/#website\"},\"primaryImageOfPage\":{\"@id\":\"https:\/\/www.africa-press.net\/centrafricaine\/politique\/rca-retour-au-calme-a-bozoum-les-rebelles-se-sont-retires-de-la-ville#primaryimage\"},\"image\":{\"@id\":\"https:\/\/www.africa-press.net\/centrafricaine\/politique\/rca-retour-au-calme-a-bozoum-les-rebelles-se-sont-retires-de-la-ville#primaryimage\"},\"thumbnailUrl\":\"https:\/\/static.africa-press.net\/centrafricaine\/sites\/45\/2021\/05\/img-60b21e1b2c013.jpg\",\"datePublished\":\"2021-05-29T11:23:43+00:00\",\"dateModified\":\"2021-05-29T14:23:11+00:00\",\"author\":{\"@id\":\"https:\/\/www.africa-press.net\/centrafricaine\/#\/schema\/person\/2b1cf3cd81a31e3cd26889ca66d677f1\"},\"description\":\"Bangui, R\u00e9publique centrafricaine, samedi, 29 mai 2021, 03:39:09 ( Corbeaunews-Centrafrique ). Apr\u00e8s une journ\u00e9e ...\",\"breadcrumb\":{\"@id\":\"https:\/\/www.africa-press.net\/centrafricaine\/politique\/rca-retour-au-calme-a-bozoum-les-rebelles-se-sont-retires-de-la-ville#breadcrumb\"},\"inLanguage\":\"fr-FR\",\"potentialAction\":[{\"@type\":\"ReadAction\",\"target\":[\"https:\/\/www.africa-press.net\/centrafricaine\/politique\/rca-retour-au-calme-a-bozoum-les-rebelles-se-sont-retires-de-la-ville\"]}]},{\"@type\":\"ImageObject\",\"inLanguage\":\"fr-FR\",\"@id\":\"https:\/\/www.africa-press.net\/centrafricaine\/politique\/rca-retour-au-calme-a-bozoum-les-rebelles-se-sont-retires-de-la-ville#primaryimage\",\"url\":\"https:\/\/static.africa-press.net\/centrafricaine\/sites\/45\/2021\/05\/img-60b21e1b2c013.jpg\",\"contentUrl\":\"https:\/\/static.africa-press.net\/centrafricaine\/sites\/45\/2021\/05\/img-60b21e1b2c013.jpg\",\"width\":720,\"height\":540,\"caption\":\"RCA\u00a0: retour au calme \u00e0 Bozoum, les rebelles se sont retir\u00e9s de la ville\"},{\"@type\":\"BreadcrumbList\",\"@id\":\"https:\/\/www.africa-press.net\/centrafricaine\/politique\/rca-retour-au-calme-a-bozoum-les-rebelles-se-sont-retires-de-la-ville#breadcrumb\",\"itemListElement\":[{\"@type\":\"ListItem\",\"position\":1,\"name\":\"Accueil\",\"item\":\"https:\/\/www.africa-press.net\/centrafricaine\/\"},{\"@type\":\"ListItem\",\"position\":2,\"name\":\"retour au calme \u00e0 Bozoum, les rebelles se sont retir\u00e9s de la ville\"}]},{\"@type\":\"WebSite\",\"@id\":\"https:\/\/www.africa-press.net\/centrafricaine\/#website\",\"url\":\"https:\/\/www.africa-press.net\/centrafricaine\/\",\"name\":\"centrafricaine\",\"description\":\"Just another Africa News Agency Sites site\",\"potentialAction\":[{\"@type\":\"SearchAction\",\"target\":{\"@type\":\"EntryPoint\",\"urlTemplate\":\"https:\/\/www.africa-press.net\/centrafricaine\/?s={search_term_string}\"},\"query-input\":{\"@type\":\"PropertyValueSpecification\",\"valueRequired\":true,\"valueName\":\"search_term_string\"}}],\"inLanguage\":\"fr-FR\"},{\"@type\":\"Person\",\"@id\":\"https:\/\/www.africa-press.net\/centrafricaine\/#\/schema\/person\/2b1cf3cd81a31e3cd26889ca66d677f1\",\"name\":\"cfeditorfr\"}]}<\/script>\n<!-- \/ Yoast SEO Premium plugin. -->","yoast_head_json":{"title":"retour au calme \u00e0 Bozoum, les rebelles se sont retir\u00e9s de la ville - centrafricaine","description":"Bangui, R\u00e9publique centrafricaine, samedi, 29 mai 2021, 03:39:09 ( Corbeaunews-Centrafrique ). Apr\u00e8s une journ\u00e9e ...","robots":{"index":"index","follow":"follow","max-snippet":"max-snippet:-1","max-image-preview":"max-image-preview:large","max-video-preview":"max-video-preview:-1"},"canonical":"https:\/\/www.africa-press.net\/centrafricaine\/politique\/rca-retour-au-calme-a-bozoum-les-rebelles-se-sont-retires-de-la-ville","og_locale":"fr_FR","og_type":"article","og_title":"retour au calme \u00e0 Bozoum, les rebelles se sont retir\u00e9s de la ville","og_description":"Bangui, R\u00e9publique centrafricaine, samedi, 29 mai 2021, 03:39:09 ( Corbeaunews-Centrafrique ). Apr\u00e8s une journ\u00e9e ...","og_url":"https:\/\/www.africa-press.net\/centrafricaine\/politique\/rca-retour-au-calme-a-bozoum-les-rebelles-se-sont-retires-de-la-ville","og_site_name":"centrafricaine","article_published_time":"2021-05-29T11:23:43+00:00","article_modified_time":"2021-05-29T14:23:11+00:00","og_image":[{"width":720,"height":540,"url":"https:\/\/static.africa-press.net\/centrafricaine\/sites\/45\/2021\/05\/img-60b21e1b2c013.jpg","type":"image\/jpeg"}],"author":"cfeditorfr","twitter_card":"summary_large_image","twitter_misc":{"\u00c9crit par":"cfeditorfr","Dur\u00e9e de lecture estim\u00e9e":"1 minute"},"schema":{"@context":"https:\/\/schema.org","@graph":[{"@type":"Article","@id":"https:\/\/www.africa-press.net\/centrafricaine\/politique\/rca-retour-au-calme-a-bozoum-les-rebelles-se-sont-retires-de-la-ville#article","isPartOf":{"@id":"https:\/\/www.africa-press.net\/centrafricaine\/politique\/rca-retour-au-calme-a-bozoum-les-rebelles-se-sont-retires-de-la-ville"},"author":{"name":"cfeditorfr","@id":"https:\/\/www.africa-press.net\/centrafricaine\/#\/schema\/person\/2b1cf3cd81a31e3cd26889ca66d677f1"},"headline":"retour au calme \u00e0 Bozoum, les rebelles se sont retir\u00e9s de la ville","datePublished":"2021-05-29T11:23:43+00:00","dateModified":"2021-05-29T14:23:11+00:00","mainEntityOfPage":{"@id":"https:\/\/www.africa-press.net\/centrafricaine\/politique\/rca-retour-au-calme-a-bozoum-les-rebelles-se-sont-retires-de-la-ville"},"wordCount":234,"commentCount":0,"image":{"@id":"https:\/\/www.africa-press.net\/centrafricaine\/politique\/rca-retour-au-calme-a-bozoum-les-rebelles-se-sont-retires-de-la-ville#primaryimage"},"thumbnailUrl":"https:\/\/static.africa-press.net\/centrafricaine\/sites\/45\/2021\/05\/img-60b21e1b2c013.jpg","keywords":["Africa Press","Africa Press-CentrAfricaine","CentrAfricaine"],"articleSection":["homepage-french","Politique","Toutes les actualit\u00e9s"],"inLanguage":"fr-FR","potentialAction":[{"@type":"CommentAction","name":"Comment","target":["https:\/\/www.africa-press.net\/centrafricaine\/politique\/rca-retour-au-calme-a-bozoum-les-rebelles-se-sont-retires-de-la-ville#respond"]}]},{"@type":"WebPage","@id":"https:\/\/www.africa-press.net\/centrafricaine\/politique\/rca-retour-au-calme-a-bozoum-les-rebelles-se-sont-retires-de-la-ville","url":"https:\/\/www.africa-press.net\/centrafricaine\/politique\/rca-retour-au-calme-a-bozoum-les-rebelles-se-sont-retires-de-la-ville","name":"retour au calme \u00e0 Bozoum, les rebelles se sont retir\u00e9s de la ville - centrafricaine","isPartOf":{"@id":"https:\/\/www.africa-press.net\/centrafricaine\/#website"},"primaryImageOfPage":{"@id":"https:\/\/www.africa-press.net\/centrafricaine\/politique\/rca-retour-au-calme-a-bozoum-les-rebelles-se-sont-retires-de-la-ville#primaryimage"},"image":{"@id":"https:\/\/www.africa-press.net\/centrafricaine\/politique\/rca-retour-au-calme-a-bozoum-les-rebelles-se-sont-retires-de-la-ville#primaryimage"},"thumbnailUrl":"https:\/\/static.africa-press.net\/centrafricaine\/sites\/45\/2021\/05\/img-60b21e1b2c013.jpg","datePublished":"2021-05-29T11:23:43+00:00","dateModified":"2021-05-29T14:23:11+00:00","author":{"@id":"https:\/\/www.africa-press.net\/centrafricaine\/#\/schema\/person\/2b1cf3cd81a31e3cd26889ca66d677f1"},"description":"Bangui, R\u00e9publique centrafricaine, samedi, 29 mai 2021, 03:39:09 ( Corbeaunews-Centrafrique ). Apr\u00e8s une journ\u00e9e ...","breadcrumb":{"@id":"https:\/\/www.africa-press.net\/centrafricaine\/politique\/rca-retour-au-calme-a-bozoum-les-rebelles-se-sont-retires-de-la-ville#breadcrumb"},"inLanguage":"fr-FR","potentialAction":[{"@type":"ReadAction","target":["https:\/\/www.africa-press.net\/centrafricaine\/politique\/rca-retour-au-calme-a-bozoum-les-rebelles-se-sont-retires-de-la-ville"]}]},{"@type":"ImageObject","inLanguage":"fr-FR","@id":"https:\/\/www.africa-press.net\/centrafricaine\/politique\/rca-retour-au-calme-a-bozoum-les-rebelles-se-sont-retires-de-la-ville#primaryimage","url":"https:\/\/static.africa-press.net\/centrafricaine\/sites\/45\/2021\/05\/img-60b21e1b2c013.jpg","contentUrl":"https:\/\/static.africa-press.net\/centrafricaine\/sites\/45\/2021\/05\/img-60b21e1b2c013.jpg","width":720,"height":540,"caption":"RCA\u00a0: retour au calme \u00e0 Bozoum, les rebelles se sont retir\u00e9s de la ville"},{"@type":"BreadcrumbList","@id":"https:\/\/www.africa-press.net\/centrafricaine\/politique\/rca-retour-au-calme-a-bozoum-les-rebelles-se-sont-retires-de-la-ville#breadcrumb","itemListElement":[{"@type":"ListItem","position":1,"name":"Accueil","item":"https:\/\/www.africa-press.net\/centrafricaine\/"},{"@type":"ListItem","position":2,"name":"retour au calme \u00e0 Bozoum, les rebelles se sont retir\u00e9s de la ville"}]},{"@type":"WebSite","@id":"https:\/\/www.africa-press.net\/centrafricaine\/#website","url":"https:\/\/www.africa-press.net\/centrafricaine\/","name":"centrafricaine","description":"Just another Africa News Agency Sites site","potentialAction":[{"@type":"SearchAction","target":{"@type":"EntryPoint","urlTemplate":"https:\/\/www.africa-press.net\/centrafricaine\/?s={search_term_string}"},"query-input":{"@type":"PropertyValueSpecification","valueRequired":true,"valueName":"search_term_string"}}],"inLanguage":"fr-FR"},{"@type":"Person","@id":"https:\/\/www.africa-press.net\/centrafricaine\/#\/schema\/person\/2b1cf3cd81a31e3cd26889ca66d677f1","name":"cfeditorfr"}]}},"_links":{"self":[{"href":"https:\/\/www.africa-press.net\/centrafricaine\/wp-json\/wp\/v2\/posts\/7491","targetHints":{"allow":["GET"]}}],"collection":[{"href":"https:\/\/www.africa-press.net\/centrafricaine\/wp-json\/wp\/v2\/posts"}],"about":[{"href":"https:\/\/www.africa-press.net\/centrafricaine\/wp-json\/wp\/v2\/types\/post"}],"author":[{"embeddable":true,"href":"https:\/\/www.africa-press.net\/centrafricaine\/wp-json\/wp\/v2\/users\/82"}],"replies":[{"embeddable":true,"href":"https:\/\/www.africa-press.net\/centrafricaine\/wp-json\/wp\/v2\/comments?post=7491"}],"version-history":[{"count":0,"href":"https:\/\/www.africa-press.net\/centrafricaine\/wp-json\/wp\/v2\/posts\/7491\/revisions"}],"wp:featuredmedia":[{"embeddable":true,"href":"https:\/\/www.africa-press.net\/centrafricaine\/wp-json\/wp\/v2\/media\/7490"}],"wp:attachment":[{"href":"https:\/\/www.africa-press.net\/centrafricaine\/wp-json\/wp\/v2\/media?parent=7491"}],"wp:term":[{"taxonomy":"category","embeddable":true,"href":"https:\/\/www.africa-press.net\/centrafricaine\/wp-json\/wp\/v2\/categories?post=7491"},{"taxonomy":"post_tag","embeddable":true,"href":"https:\/\/www.africa-press.net\/centrafricaine\/wp-json\/wp\/v2\/tags?post=7491"}],"curies":[{"name":"wp","href":"https:\/\/api.w.org\/{rel}","templated":true}]}}