{"id":74999,"date":"2025-08-20T18:02:25","date_gmt":"2025-08-20T18:02:25","guid":{"rendered":"https:\/\/www.africa-press.net\/centrafricaine\/politique\/pouvoir-a-bout-de-souffle-le-regime-de-bangui-est-fini"},"modified":"2025-08-20T18:32:11","modified_gmt":"2025-08-20T18:32:11","slug":"pouvoir-a-bout-de-souffle-le-regime-de-bangui-est-fini","status":"publish","type":"post","link":"https:\/\/www.africa-press.net\/centrafricaine\/politique\/pouvoir-a-bout-de-souffle-le-regime-de-bangui-est-fini","title":{"rendered":"Pouvoir a\u0300 bout de souffle: le re\u0301gime de Bangui est fini"},"content":{"rendered":"<p><span style=\"color: #ff6600\"><strong>Africa-Press &#8211; CentrAfricaine. <\/strong><\/span><b> <\/b><br \/>\n<b>La reprise officielle de la coope\u0301ration militaire entre Paris et Bangui, symbolise\u0301e par la visite du ge\u0301ne\u0301ral franc\u0327ais Pascal Yanni en Centrafrique, n\u2019a pas convaincu l\u2019analyste Thierry Vircoulon. <\/b><\/p>\n<p>Dans un entretien accorde\u0301 a\u0300 notre confre\u0300res de la Radio France Internationale (RFI), le chercheur associe\u0301 a\u0300 l\u2019IFRI estime que le re\u0301gime du pre\u0301sident Faustin-Archange Touade\u0301ra est <b>\u00ab a\u0300 bout de souffle \u00bb,<\/b> et questionne l\u2019inte\u0301re\u0302t strate\u0301gique de la France a\u0300 renouer avec un pouvoir qu\u2019il de\u0301crit comme affaibli, verrouille\u0301 et de\u0301pendant de puissances e\u0301trange\u0300res.<\/p>\n<p>Selon lui, <b>la France n\u2019a aujourd\u2019hui plus d\u2019inte\u0301re\u0302ts majeurs en Centrafrique: les grands groupes comme Total et Bollore\u0301 ont quitte\u0301 le pays, les entreprises franc\u0327aises y sont de\u0301sormais marginales, et la communaute\u0301 franc\u0327aise est re\u0301duite a\u0300 une poigne\u0301e de re\u0301sidents.<\/b> Dans ces conditions, Vircoulon affirme ne pas comprendre ce qui pousse Paris a\u0300 re\u0301tablir des liens officiels avec Bangui, qualifiant le re\u0301gime en place de <b>\u00ab fini \u00bb.<\/b> Cette affirmation traduit, selon ses termes, une re\u0301alite\u0301 politique dans laquelle le pouvoir centrafricain ne disposerait plus d\u2019aucune autonomie strate\u0301gique ni de le\u0301gitimite\u0301 de\u0301mocratique se\u0301rieuse.<\/p>\n<p>Le chercheur souligne que la pre\u0301sence de Wagner reste intacte dans l\u2019appareil se\u0301curitaire, que la propagande anti-franc\u0327aise s\u2019est seulement calme\u0301e en fac\u0327ade, et que les principales de\u0301cisions du pre\u0301sident Touade\u0301ra se prennent de\u0301sormais sous l\u2019influence de <b>Moscou<\/b> et d<b>\u2019Abou-Dabi<\/b>. A\u0300 ses yeux, le rapprochement avec Paris n\u2019est qu\u2019un simulacre sans effet re\u0301el sur l\u2019e\u0301quilibre des forces en place. <b>\u00ab La mainmise de Wagner reste totale sur l\u2019appareil se\u0301curitaire centrafricain \u00bb,<\/b> note-t-il, rappelant que c\u2019est a\u0300 Moscou que le pre\u0301sident Touade\u0301ra est alle\u0301 chercher sa garantie de re\u0301e\u0301lection, du moins de son troisie\u0300me mandat ille\u0301gal.<\/p>\n<p><b>Thierry Vircoulon<\/b> va plus loin en pointant les man\u0153uvres constitutionnelles du re\u0301gime pour verrouiller l\u2019e\u0301lection pre\u0301sidentielle pre\u0301vue en de\u0301cembre 2025. Il affirme que les nouvelles re\u0300gles mises en place e\u0301liminent discre\u0300tement, mais efficacement, plusieurs opposants politiques majeurs, dont les candidatures pourraient e\u0302tre rejete\u0301es par l\u2019Autorite\u0301 nationale des e\u0301lections (ANE). Le pouvoir ne miserait donc ni sur un bilan politique, ni sur un soutien populaire, mais sur un appareil judiciaire et militaire verrouille\u0301 et une protection e\u0301trange\u0300re consolide\u0301e.<\/p>\n<p>A\u0300 travers cette analyse, Vircoulon dresse le portrait d\u2019un re\u0301gime vide\u0301 de sa substance, sans perspective inte\u0301rieure, dont la survie de\u0301pend de forces exte\u0301rieures et d\u2019une re\u0301pression institutionnalise\u0301e. Derrie\u0300re l\u2019apparente normalisation diplomatique avec la France, <b>c\u2019est un pouvoir isole\u0301, fragilise\u0301 et sous tutelle que de\u0301crit l\u2019expert.<\/b><\/p>\n<p>A\u0300 ses yeux, la visite du ge\u0301ne\u0301ral Yanni ne change rien a\u0300 l\u2019e\u0301quation fondamentale: <b>le pouvoir de Bangui, selon ses mots, ne tient plus que par une forme de soutien militaire russe, des alliances financie\u0300res opaques, et des dispositifs juridiques conc\u0327us pour bloquer toute alternance&#8230;.<\/b><br \/>\n<b> <\/b><\/p>\n<p><b>Source: Corbeau News Centrafrique<\/b><\/p>\n<p><strong>Pour plus d&rsquo;informations et d&rsquo;analyses sur la <span style=\"color: #ff6600\">CentrAfricaine<\/span>, suivez <span style=\"color: #ff6600\">Africa-Press<\/span><\/strong><\/p>\n","protected":false},"excerpt":{"rendered":"<p>Africa-Press &#8211; CentrAfricaine. La reprise officielle de la coope\u0301ration militaire entre Paris et Bangui, symbolise\u0301e par la visite du ge\u0301ne\u0301ral franc\u0327ais Pascal Yanni en Centrafrique, n\u2019a pas convaincu l\u2019analyste Thierry Vircoulon. Dans un entretien accorde\u0301 a\u0300 notre confre\u0300res de la Radio France Internationale (RFI), le chercheur associe\u0301 a\u0300 l\u2019IFRI estime que le re\u0301gime du pre\u0301sident [&hellip;]<\/p>\n","protected":false},"author":82,"featured_media":74998,"comment_status":"open","ping_status":"closed","sticky":false,"template":"","format":"standard","meta":{"footnotes":""},"categories":[2,10],"tags":[30],"class_list":["post-74999","post","type-post","status-publish","format-standard","has-post-thumbnail","hentry","category-politique","category-toutes-les-actualites","tag-centrafricaine"],"yoast_head":"<!-- This site is optimized with the Yoast SEO Premium plugin v26.1 (Yoast SEO v27.0) - https:\/\/yoast.com\/product\/yoast-seo-premium-wordpress\/ -->\n<title>Pouvoir a\u0300 bout de souffle: le re\u0301gime de Bangui est fini - centrafricaine<\/title>\n<meta name=\"description\" content=\"La reprise officielle de la coope\u0301ration militaire entre Paris et Bangui, symbolise\u0301e par la visite du ge\u0301ne ...\" \/>\n<meta name=\"robots\" content=\"index, follow, max-snippet:-1, max-image-preview:large, max-video-preview:-1\" \/>\n<link rel=\"canonical\" href=\"https:\/\/www.africa-press.net\/centrafricaine\/politique\/pouvoir-a-bout-de-souffle-le-regime-de-bangui-est-fini\" \/>\n<meta property=\"og:locale\" content=\"fr_FR\" \/>\n<meta property=\"og:type\" content=\"article\" \/>\n<meta property=\"og:title\" content=\"Pouvoir a\u0300 bout de souffle: le re\u0301gime de Bangui est fini\" \/>\n<meta property=\"og:description\" content=\"La reprise officielle de la coope\u0301ration militaire entre Paris et Bangui, symbolise\u0301e par la visite du ge\u0301ne ...\" \/>\n<meta property=\"og:url\" content=\"https:\/\/www.africa-press.net\/centrafricaine\/politique\/pouvoir-a-bout-de-souffle-le-regime-de-bangui-est-fini\" \/>\n<meta property=\"og:site_name\" content=\"centrafricaine\" \/>\n<meta property=\"article:published_time\" content=\"2025-08-20T18:02:25+00:00\" \/>\n<meta property=\"article:modified_time\" content=\"2025-08-20T18:32:11+00:00\" \/>\n<meta property=\"og:image\" content=\"https:\/\/static.africa-press.net\/centrafricaine\/sites\/45\/2025\/08\/sm_1755702083.261193.jpg\" \/>\n\t<meta property=\"og:image:width\" content=\"1280\" \/>\n\t<meta property=\"og:image:height\" content=\"720\" \/>\n\t<meta property=\"og:image:type\" content=\"image\/jpeg\" \/>\n<meta name=\"author\" content=\"cfeditorfr\" \/>\n<meta name=\"twitter:card\" content=\"summary_large_image\" \/>\n<meta name=\"twitter:label1\" content=\"\u00c9crit par\" \/>\n\t<meta name=\"twitter:data1\" content=\"cfeditorfr\" \/>\n\t<meta name=\"twitter:label2\" content=\"Dur\u00e9e de lecture estim\u00e9e\" \/>\n\t<meta name=\"twitter:data2\" content=\"3 minutes\" \/>\n<script type=\"application\/ld+json\" class=\"yoast-schema-graph\">{\"@context\":\"https:\/\/schema.org\",\"@graph\":[{\"@type\":\"Article\",\"@id\":\"https:\/\/www.africa-press.net\/centrafricaine\/politique\/pouvoir-a-bout-de-souffle-le-regime-de-bangui-est-fini#article\",\"isPartOf\":{\"@id\":\"https:\/\/www.africa-press.net\/centrafricaine\/politique\/pouvoir-a-bout-de-souffle-le-regime-de-bangui-est-fini\"},\"author\":{\"name\":\"cfeditorfr\",\"@id\":\"https:\/\/www.africa-press.net\/centrafricaine\/#\/schema\/person\/2b1cf3cd81a31e3cd26889ca66d677f1\"},\"headline\":\"Pouvoir a\u0300 bout de souffle: le re\u0301gime de Bangui est fini\",\"datePublished\":\"2025-08-20T18:02:25+00:00\",\"dateModified\":\"2025-08-20T18:32:11+00:00\",\"mainEntityOfPage\":{\"@id\":\"https:\/\/www.africa-press.net\/centrafricaine\/politique\/pouvoir-a-bout-de-souffle-le-regime-de-bangui-est-fini\"},\"wordCount\":565,\"commentCount\":0,\"image\":{\"@id\":\"https:\/\/www.africa-press.net\/centrafricaine\/politique\/pouvoir-a-bout-de-souffle-le-regime-de-bangui-est-fini#primaryimage\"},\"thumbnailUrl\":\"https:\/\/static.africa-press.net\/centrafricaine\/sites\/45\/2025\/08\/sm_1755702083.261193.jpg\",\"keywords\":[\"CentrAfricaine\"],\"articleSection\":[\"Politique\",\"Toutes les actualit\u00e9s\"],\"inLanguage\":\"fr-FR\",\"potentialAction\":[{\"@type\":\"CommentAction\",\"name\":\"Comment\",\"target\":[\"https:\/\/www.africa-press.net\/centrafricaine\/politique\/pouvoir-a-bout-de-souffle-le-regime-de-bangui-est-fini#respond\"]}]},{\"@type\":\"WebPage\",\"@id\":\"https:\/\/www.africa-press.net\/centrafricaine\/politique\/pouvoir-a-bout-de-souffle-le-regime-de-bangui-est-fini\",\"url\":\"https:\/\/www.africa-press.net\/centrafricaine\/politique\/pouvoir-a-bout-de-souffle-le-regime-de-bangui-est-fini\",\"name\":\"Pouvoir a\u0300 bout de souffle: le re\u0301gime de Bangui est fini - centrafricaine\",\"isPartOf\":{\"@id\":\"https:\/\/www.africa-press.net\/centrafricaine\/#website\"},\"primaryImageOfPage\":{\"@id\":\"https:\/\/www.africa-press.net\/centrafricaine\/politique\/pouvoir-a-bout-de-souffle-le-regime-de-bangui-est-fini#primaryimage\"},\"image\":{\"@id\":\"https:\/\/www.africa-press.net\/centrafricaine\/politique\/pouvoir-a-bout-de-souffle-le-regime-de-bangui-est-fini#primaryimage\"},\"thumbnailUrl\":\"https:\/\/static.africa-press.net\/centrafricaine\/sites\/45\/2025\/08\/sm_1755702083.261193.jpg\",\"datePublished\":\"2025-08-20T18:02:25+00:00\",\"dateModified\":\"2025-08-20T18:32:11+00:00\",\"author\":{\"@id\":\"https:\/\/www.africa-press.net\/centrafricaine\/#\/schema\/person\/2b1cf3cd81a31e3cd26889ca66d677f1\"},\"description\":\"La reprise officielle de la coope\u0301ration militaire entre Paris et Bangui, symbolise\u0301e par la visite du ge\u0301ne ...\",\"breadcrumb\":{\"@id\":\"https:\/\/www.africa-press.net\/centrafricaine\/politique\/pouvoir-a-bout-de-souffle-le-regime-de-bangui-est-fini#breadcrumb\"},\"inLanguage\":\"fr-FR\",\"potentialAction\":[{\"@type\":\"ReadAction\",\"target\":[\"https:\/\/www.africa-press.net\/centrafricaine\/politique\/pouvoir-a-bout-de-souffle-le-regime-de-bangui-est-fini\"]}]},{\"@type\":\"ImageObject\",\"inLanguage\":\"fr-FR\",\"@id\":\"https:\/\/www.africa-press.net\/centrafricaine\/politique\/pouvoir-a-bout-de-souffle-le-regime-de-bangui-est-fini#primaryimage\",\"url\":\"https:\/\/static.africa-press.net\/centrafricaine\/sites\/45\/2025\/08\/sm_1755702083.261193.jpg\",\"contentUrl\":\"https:\/\/static.africa-press.net\/centrafricaine\/sites\/45\/2025\/08\/sm_1755702083.261193.jpg\",\"width\":1280,\"height\":720,\"caption\":\"Pouvoir a\u0300 bout de souffle: le re\u0301gime de Bangui est fini\"},{\"@type\":\"BreadcrumbList\",\"@id\":\"https:\/\/www.africa-press.net\/centrafricaine\/politique\/pouvoir-a-bout-de-souffle-le-regime-de-bangui-est-fini#breadcrumb\",\"itemListElement\":[{\"@type\":\"ListItem\",\"position\":1,\"name\":\"Accueil\",\"item\":\"https:\/\/www.africa-press.net\/centrafricaine\/\"},{\"@type\":\"ListItem\",\"position\":2,\"name\":\"Pouvoir a\u0300 bout de souffle: le re\u0301gime de Bangui est fini\"}]},{\"@type\":\"WebSite\",\"@id\":\"https:\/\/www.africa-press.net\/centrafricaine\/#website\",\"url\":\"https:\/\/www.africa-press.net\/centrafricaine\/\",\"name\":\"centrafricaine\",\"description\":\"Just another Africa News Agency Sites site\",\"potentialAction\":[{\"@type\":\"SearchAction\",\"target\":{\"@type\":\"EntryPoint\",\"urlTemplate\":\"https:\/\/www.africa-press.net\/centrafricaine\/?s={search_term_string}\"},\"query-input\":{\"@type\":\"PropertyValueSpecification\",\"valueRequired\":true,\"valueName\":\"search_term_string\"}}],\"inLanguage\":\"fr-FR\"},{\"@type\":\"Person\",\"@id\":\"https:\/\/www.africa-press.net\/centrafricaine\/#\/schema\/person\/2b1cf3cd81a31e3cd26889ca66d677f1\",\"name\":\"cfeditorfr\"}]}<\/script>\n<!-- \/ Yoast SEO Premium plugin. -->","yoast_head_json":{"title":"Pouvoir a\u0300 bout de souffle: le re\u0301gime de Bangui est fini - centrafricaine","description":"La reprise officielle de la coope\u0301ration militaire entre Paris et Bangui, symbolise\u0301e par la visite du ge\u0301ne ...","robots":{"index":"index","follow":"follow","max-snippet":"max-snippet:-1","max-image-preview":"max-image-preview:large","max-video-preview":"max-video-preview:-1"},"canonical":"https:\/\/www.africa-press.net\/centrafricaine\/politique\/pouvoir-a-bout-de-souffle-le-regime-de-bangui-est-fini","og_locale":"fr_FR","og_type":"article","og_title":"Pouvoir a\u0300 bout de souffle: le re\u0301gime de Bangui est fini","og_description":"La reprise officielle de la coope\u0301ration militaire entre Paris et Bangui, symbolise\u0301e par la visite du ge\u0301ne ...","og_url":"https:\/\/www.africa-press.net\/centrafricaine\/politique\/pouvoir-a-bout-de-souffle-le-regime-de-bangui-est-fini","og_site_name":"centrafricaine","article_published_time":"2025-08-20T18:02:25+00:00","article_modified_time":"2025-08-20T18:32:11+00:00","og_image":[{"width":1280,"height":720,"url":"https:\/\/static.africa-press.net\/centrafricaine\/sites\/45\/2025\/08\/sm_1755702083.261193.jpg","type":"image\/jpeg"}],"author":"cfeditorfr","twitter_card":"summary_large_image","twitter_misc":{"\u00c9crit par":"cfeditorfr","Dur\u00e9e de lecture estim\u00e9e":"3 minutes"},"schema":{"@context":"https:\/\/schema.org","@graph":[{"@type":"Article","@id":"https:\/\/www.africa-press.net\/centrafricaine\/politique\/pouvoir-a-bout-de-souffle-le-regime-de-bangui-est-fini#article","isPartOf":{"@id":"https:\/\/www.africa-press.net\/centrafricaine\/politique\/pouvoir-a-bout-de-souffle-le-regime-de-bangui-est-fini"},"author":{"name":"cfeditorfr","@id":"https:\/\/www.africa-press.net\/centrafricaine\/#\/schema\/person\/2b1cf3cd81a31e3cd26889ca66d677f1"},"headline":"Pouvoir a\u0300 bout de souffle: le re\u0301gime de Bangui est fini","datePublished":"2025-08-20T18:02:25+00:00","dateModified":"2025-08-20T18:32:11+00:00","mainEntityOfPage":{"@id":"https:\/\/www.africa-press.net\/centrafricaine\/politique\/pouvoir-a-bout-de-souffle-le-regime-de-bangui-est-fini"},"wordCount":565,"commentCount":0,"image":{"@id":"https:\/\/www.africa-press.net\/centrafricaine\/politique\/pouvoir-a-bout-de-souffle-le-regime-de-bangui-est-fini#primaryimage"},"thumbnailUrl":"https:\/\/static.africa-press.net\/centrafricaine\/sites\/45\/2025\/08\/sm_1755702083.261193.jpg","keywords":["CentrAfricaine"],"articleSection":["Politique","Toutes les actualit\u00e9s"],"inLanguage":"fr-FR","potentialAction":[{"@type":"CommentAction","name":"Comment","target":["https:\/\/www.africa-press.net\/centrafricaine\/politique\/pouvoir-a-bout-de-souffle-le-regime-de-bangui-est-fini#respond"]}]},{"@type":"WebPage","@id":"https:\/\/www.africa-press.net\/centrafricaine\/politique\/pouvoir-a-bout-de-souffle-le-regime-de-bangui-est-fini","url":"https:\/\/www.africa-press.net\/centrafricaine\/politique\/pouvoir-a-bout-de-souffle-le-regime-de-bangui-est-fini","name":"Pouvoir a\u0300 bout de souffle: le re\u0301gime de Bangui est fini - centrafricaine","isPartOf":{"@id":"https:\/\/www.africa-press.net\/centrafricaine\/#website"},"primaryImageOfPage":{"@id":"https:\/\/www.africa-press.net\/centrafricaine\/politique\/pouvoir-a-bout-de-souffle-le-regime-de-bangui-est-fini#primaryimage"},"image":{"@id":"https:\/\/www.africa-press.net\/centrafricaine\/politique\/pouvoir-a-bout-de-souffle-le-regime-de-bangui-est-fini#primaryimage"},"thumbnailUrl":"https:\/\/static.africa-press.net\/centrafricaine\/sites\/45\/2025\/08\/sm_1755702083.261193.jpg","datePublished":"2025-08-20T18:02:25+00:00","dateModified":"2025-08-20T18:32:11+00:00","author":{"@id":"https:\/\/www.africa-press.net\/centrafricaine\/#\/schema\/person\/2b1cf3cd81a31e3cd26889ca66d677f1"},"description":"La reprise officielle de la coope\u0301ration militaire entre Paris et Bangui, symbolise\u0301e par la visite du ge\u0301ne ...","breadcrumb":{"@id":"https:\/\/www.africa-press.net\/centrafricaine\/politique\/pouvoir-a-bout-de-souffle-le-regime-de-bangui-est-fini#breadcrumb"},"inLanguage":"fr-FR","potentialAction":[{"@type":"ReadAction","target":["https:\/\/www.africa-press.net\/centrafricaine\/politique\/pouvoir-a-bout-de-souffle-le-regime-de-bangui-est-fini"]}]},{"@type":"ImageObject","inLanguage":"fr-FR","@id":"https:\/\/www.africa-press.net\/centrafricaine\/politique\/pouvoir-a-bout-de-souffle-le-regime-de-bangui-est-fini#primaryimage","url":"https:\/\/static.africa-press.net\/centrafricaine\/sites\/45\/2025\/08\/sm_1755702083.261193.jpg","contentUrl":"https:\/\/static.africa-press.net\/centrafricaine\/sites\/45\/2025\/08\/sm_1755702083.261193.jpg","width":1280,"height":720,"caption":"Pouvoir a\u0300 bout de souffle: le re\u0301gime de Bangui est fini"},{"@type":"BreadcrumbList","@id":"https:\/\/www.africa-press.net\/centrafricaine\/politique\/pouvoir-a-bout-de-souffle-le-regime-de-bangui-est-fini#breadcrumb","itemListElement":[{"@type":"ListItem","position":1,"name":"Accueil","item":"https:\/\/www.africa-press.net\/centrafricaine\/"},{"@type":"ListItem","position":2,"name":"Pouvoir a\u0300 bout de souffle: le re\u0301gime de Bangui est fini"}]},{"@type":"WebSite","@id":"https:\/\/www.africa-press.net\/centrafricaine\/#website","url":"https:\/\/www.africa-press.net\/centrafricaine\/","name":"centrafricaine","description":"Just another Africa News Agency Sites site","potentialAction":[{"@type":"SearchAction","target":{"@type":"EntryPoint","urlTemplate":"https:\/\/www.africa-press.net\/centrafricaine\/?s={search_term_string}"},"query-input":{"@type":"PropertyValueSpecification","valueRequired":true,"valueName":"search_term_string"}}],"inLanguage":"fr-FR"},{"@type":"Person","@id":"https:\/\/www.africa-press.net\/centrafricaine\/#\/schema\/person\/2b1cf3cd81a31e3cd26889ca66d677f1","name":"cfeditorfr"}]}},"_links":{"self":[{"href":"https:\/\/www.africa-press.net\/centrafricaine\/wp-json\/wp\/v2\/posts\/74999","targetHints":{"allow":["GET"]}}],"collection":[{"href":"https:\/\/www.africa-press.net\/centrafricaine\/wp-json\/wp\/v2\/posts"}],"about":[{"href":"https:\/\/www.africa-press.net\/centrafricaine\/wp-json\/wp\/v2\/types\/post"}],"author":[{"embeddable":true,"href":"https:\/\/www.africa-press.net\/centrafricaine\/wp-json\/wp\/v2\/users\/82"}],"replies":[{"embeddable":true,"href":"https:\/\/www.africa-press.net\/centrafricaine\/wp-json\/wp\/v2\/comments?post=74999"}],"version-history":[{"count":0,"href":"https:\/\/www.africa-press.net\/centrafricaine\/wp-json\/wp\/v2\/posts\/74999\/revisions"}],"wp:featuredmedia":[{"embeddable":true,"href":"https:\/\/www.africa-press.net\/centrafricaine\/wp-json\/wp\/v2\/media\/74998"}],"wp:attachment":[{"href":"https:\/\/www.africa-press.net\/centrafricaine\/wp-json\/wp\/v2\/media?parent=74999"}],"wp:term":[{"taxonomy":"category","embeddable":true,"href":"https:\/\/www.africa-press.net\/centrafricaine\/wp-json\/wp\/v2\/categories?post=74999"},{"taxonomy":"post_tag","embeddable":true,"href":"https:\/\/www.africa-press.net\/centrafricaine\/wp-json\/wp\/v2\/tags?post=74999"}],"curies":[{"name":"wp","href":"https:\/\/api.w.org\/{rel}","templated":true}]}}