{"id":7525,"date":"2021-05-30T14:45:34","date_gmt":"2021-05-30T14:45:34","guid":{"rendered":"https:\/\/www.africa-press.net\/centrafricaine\/?p=7525"},"modified":"2021-05-30T17:14:37","modified_gmt":"2021-05-30T17:14:37","slug":"journee-des-casques-bleus-le-maintien-de-la-paix-est-une-histoire-faite-de-sacrifices-jean-pierre-lacroix","status":"publish","type":"post","link":"https:\/\/www.africa-press.net\/centrafricaine\/politique\/journee-des-casques-bleus-le-maintien-de-la-paix-est-une-histoire-faite-de-sacrifices-jean-pierre-lacroix","title":{"rendered":"Journ\u00e9e des Casques bleus : le maintien de la paix est \u00ab une histoire faite de sacrifices \u00bb \u2013 Jean-Pierre Lacroix"},"content":{"rendered":"<p><span style=\"color: #ff6600\"><strong><a href=\"https:\/\/www.africa-press.net\/\">Africa-Press<\/a> &#8211; <a href=\"https:\/\/www.africa-press.net\/centrafricaine\">CentrAfricaine<\/a>.\u00a0 <\/strong><\/span><b>\u00a0C\u2019est aussi l\u2019occasion d\u2019honorer la m\u00e9moire de plus de 4.000 Casques bleus qui ont perdu la vie en servant sous le drapeau des Nations Unies depuis 1948, dont 129 hommes et femmes en 2020.<\/b><\/p>\n<p>L\u2019\u00e9dition 2021 de la Journ\u00e9e a \u00e9t\u00e9 plac\u00e9e sous le th\u00e8me \u00ab La voie vers une paix durable : mobiliser le pouvoir de la jeunesse en faveur de la paix et de la s\u00e9curit\u00e9 \u00bb.<\/p>\n<p>Pour en savoir plus sur ce th\u00e8me, ONU Info a rencontr\u00e9 le chef des op\u00e9rations de paix, Jean Pierre Lacroix. Cet entretien a \u00e9t\u00e9 r\u00e9alis\u00e9 en collaboration avec trois radios de missions de paix francophones, Mikado FM au Mali (MINUSMA), Guira FM en R\u00e9publique centrafricaine (MINUSCA) et Radio Okapi en R\u00e9publique d\u00e9mocratique du Congo (MONUSCO).<\/p>\n<p>ONU Info a d\u2019abord demand\u00e9 \u00e0 Jean-Pierre Lacroix pourquoi il importe de mettre l\u2019accent sur la jeunesse dans le contexte du maintien de la paix.<\/p>\n<p>Jean-Pierre Lacroix : Pourquoi la jeunesse ? Eh bien d\u2019abord parce que le travail de protection des populations, le travail de soutien aux efforts de paix, c\u2019est un travail qui est tourn\u00e9 vers l\u2019avenir et donc c\u2019est un travail qui est tourn\u00e9 vers la jeunesse et les aspirations de la jeunesse. Et aussi parce que dans nos op\u00e9rations nous avons la majorit\u00e9 de nos coll\u00e8gues qui sont des jeunes, que ce soit des civils, des militaires ou des policiers.<\/p>\n<p>Aussi, troisi\u00e8me raison, parce que la plupart des pays dans lesquels nos op\u00e9rations sont actives ont des populations qui sont tr\u00e8s jeunes. Et donc travailler avec ces populations, avec les jeunes, les femmes, tous ceux qui ont un enjeu particulier dans l\u2019avenir de leur pays c\u2019est essentiel. Et je crois que le th\u00e8me de la jeunesse est vraiment compl\u00e8tement au centre de nos pr\u00e9occupations.<\/p>\n<p>La MINUSMA et ses partenaires, ont organis\u00e9 des Podium de la Paix \u00e0 Bamako, Mopti, Tombouctou et Gao, une vitrine pour que la jeunesse malienne s\u2019exprime<\/p>\n<p>Mikado FM : Que dites-vous \u00e0 un jeune qui voudrait s\u2019engager comme Casque bleu mais qui redoute les conditions difficiles dans lesquelles travaillent parfois les soldats de la paix ?<\/p>\n<p>Jean-Pierre Lacroix : Je lui dirais d\u2019abord que nous sommes tous aujourd\u2019hui dans le m\u00eame bateau. C\u2019est \u00e0 dire que les enjeux de la paix, ils sont universels. S\u2019engager au service de la paix, c\u2019est s\u2019engager pour une sorte d\u2019id\u00e9al collectif et pour quelque chose qui nous concerne tous.<\/p>\n<p>Bien s\u00fbr les conditions dans lesquelles nos coll\u00e8gues travaillent sont toujours difficiles. D\u2019ailleurs sinon il n\u2019y aurait pas d\u2019op\u00e9rations de maintien de la paix d\u00e9ploy\u00e9es dans ces endroits-l\u00e0.<\/p>\n<p>Mais ce que j\u2019ai observ\u00e9 sur le terrain, en parlant avec nos coll\u00e8gues, en parlant avec les jeunes dans nos missions \u2014 les civils, les volontaires, les autres les soldats et les policiers \u2013 c\u2019est qu\u2019il y avait \u00e9norm\u00e9ment d\u2019enthousiasme, \u00e9norm\u00e9ment de d\u00e9termination, \u00e9norm\u00e9ment de volont\u00e9 d\u2019aider, et, je crois, une tr\u00e8s grande joie dans le fait de servir et de servir \u00e0 quelque chose. Servir une cause qui est juste et servir des populations, d\u2019aider des communaut\u00e9s qui en ont besoin.<\/p>\n<p>Et je trouve qu\u2019en les \u00e9coutant il y a quelque chose de tr\u00e8s motivant, presque de d\u2019exaltant, dans cette mission. Donc c\u2019est \u00e7a que je leur dirais.<\/p>\n<p>Il faut faire la part des choses, mais renseignez-vous, parlez \u00e0 ceux qui sont sur le terrain. Et je crois qu\u2019ils auront la m\u00eame impression que moi. Oui c\u2019est difficile. Mais en m\u00eame temps c\u2019est exaltant. C\u2019est tr\u00e8s motivant. Il y a un sens de la communaut\u00e9. Il y a un sens de de l\u2019effort collectif tourn\u00e9 vers des objectifs, vers des id\u00e9es, qui sont vraiment au c\u0153ur de nos valeurs positives des Nations Unies.<\/p>\n<p>Mikado FM : Vous avez visit\u00e9 r\u00e9cemment plusieurs missions de l\u2019ONU. Vous avez \u00e9t\u00e9 notamment au Mali. Est-ce que vous pouvez partager avec nos auditeurs le souvenir de rencontres qui vous ont marqu\u00e9es et qui illustrent l\u2019importance d\u2019impliquer les jeunes dans les op\u00e9rations de maintien de la paix ?<\/p>\n<p>Jean-Pierre Lacroix : Oui bien s\u00fbr. D\u2019abord parce que tr\u00e8s souvent dans les visites avec mes coll\u00e8gues, d\u2019ailleurs souvent accompagn\u00e9 moi-m\u00eame de coll\u00e8gues qui sont des jeunes, nous avons rencontr\u00e9 des repr\u00e9sentants de la jeunesse.<\/p>\n<p>Que ce soit \u00e0 Gao et aussi dans le centre du Mali, j\u2019ai entendu tr\u00e8s clairement ces jeunes \u00e0 la fois dire quels \u00e9taient leurs espoirs, leurs aspirations, mais aussi dire \u00e0 quel point la pr\u00e9sence de nos coll\u00e8gues des missions, la pr\u00e9sence de nos op\u00e9rations, les aidait et les aidait \u00e0 avoir de l\u2019espoir.<\/p>\n<p>Et je crois que c\u2019est tr\u00e8s important d\u2019avoir \u00e7a \u00e0 l\u2019esprit parce qu\u2019on entend beaucoup de choses sur les Nations Unies, sur nos op\u00e9rations, beaucoup de d\u00e9sinformations, beaucoup de \u00ab fake news \u00bb, parfois, de manipulations.<\/p>\n<p>Et je crois qu\u2019il ne faut pas perdre de l\u2019esprit ce que nous disent les populations, l\u00e0 o\u00f9 nous sommes pr\u00e9sents, et notamment ce que nous disent les jeunes. \u00c0 quel point ils peuvent trouver, \u00e0 travers l\u2019action que m\u00e8nent nos coll\u00e8gues une source d\u2019espoir, une source d\u2019esp\u00e9rance, pour l\u2019avenir.<\/p>\n<p>Et je voudrais aussi dire que j\u2019ai fait des rencontres qui sont rest\u00e9es grav\u00e9es dans ma m\u00e9moire. Des rencontres de jeunes coll\u00e8gues, tr\u00e8s souvent de jeunes coll\u00e8gues, qui sont dans nos missions.<\/p>\n<p>Puisqu\u2019on parle du Mali, j\u2019\u00e9tais il n\u2019y a pas tr\u00e8s longtemps dans la r\u00e9gion de Tombouctou \u00e0 Niafounk\u00e9. J\u2019ai rencontr\u00e9 des jeunes soldats du Burkina Faso qui \u00e9taient dans cette zone qui est assez recul\u00e9e. Ils travaillaient avec nos coll\u00e8gues du Mali et on sentait qu\u2019il y avait une solidarit\u00e9, une volont\u00e9 commune, pour que la situation s\u2019am\u00e9liore.<\/p>\n<p>Le bataillon f\u00e9minin de Zambie \u00e0 Birao, en RCA, organise r\u00e9guli\u00e8rement des activit\u00e9s civilo-militaires (CIMIC) dans le but de renforcer la coh\u00e9sion sociale.<\/p>\n<p>Guira FM: Au cours de vos visites en R\u00e9publique centrafricaine vous avez notamment \u00e9t\u00e9 \u00e0 la rencontre des jeunes, qu\u2019avez-vous retenu de ces \u00e9changes et quel r\u00f4le pourraient jouer les jeunes centrafricains dans la pacification de leur pays ?<\/p>\n<p>Jean-Pierre Lacroix : D\u2019abord je crois que la R\u00e9publique centrafricaine est l\u2019un des pays o\u00f9 la population est la plus jeune et aujourd\u2019hui il y a beaucoup de frustration face \u00e0 la situation s\u00e9curitaire. Mais aussi beaucoup d\u2019espoir parce que le pays peut se relever s\u2019il y a un processus qui soit un processus reposant sur plusieurs piliers.<\/p>\n<p>Le pilier d\u2019abord de la stabilit\u00e9 institutionnelle, du respect des institutions, de la poursuite d\u2019efforts de dialogue inclusif, avec tous ceux qui acceptent le dialogue, \u00e9videmment\u2013 pas ceux qui s\u2019en tiennent au recours aux armes.<\/p>\n<p>Le 2\u00e8me pilier, c\u2019est celui de l\u2019action s\u00e9curitaire qui est indispensable, parce qu\u2019il y a en R\u00e9publique centrafricaine ceux qui ne sont pas dans l\u2019esprit de dialogue, il faut le reconna\u00eetre. Pour ceux-l\u00e0, c\u2019est une r\u00e9ponse s\u00e9curitaire qui s\u2019impose.<\/p>\n<p>Le 3\u00e8me pilier, c\u2019est que les principes fondamentaux soient respect\u00e9s et que tous ceux qui sont responsables de crimes, de violations des droits de l\u2019homme, puissent rendre compte de leurs actes d\u2019o\u00f9 qu\u2019ils viennent, quels qu\u2019ils soient.<\/p>\n<p>Je crois que c\u2019est sur ces 3 piliers que l\u2019on peut aider \u00e0 tracer le chemin de la paix, en \u00e9troite coop\u00e9ration avec les responsables centrafricains et les communaut\u00e9s sur le terrain partout en R\u00e9publique centrafricaine.<\/p>\n<p>Guira FM : Des jeunes ont manifest\u00e9 \u00e0 plusieurs reprises \u00e0 Bangui ces dernier temps pour d\u00e9noncer l\u2019Accord politique pour la paix au pr\u00e9texte qu\u2019il va cr\u00e9er des groupes rebelles qui ont repris les armes \u00e0 l\u2019occasion des derni\u00e8res \u00e9lections. O\u00f9 en est la mise en \u0153uvre de l\u2019Accord politique pour la paix ?<\/p>\n<p>Jean-Pierre Lacroix : Que des jeunes manifestent, en R\u00e9publique centrafricaine ou ailleurs, c\u2019est normal. \u00c7a n\u2019a rien de condamnable parce que nous sommes, nous-m\u00eames Nations Unies, promoteur de la d\u00e9mocratie, des droits de l\u2019homme.<\/p>\n<p>Maintenant, quand on regarde le chemin vers la paix et la stabilit\u00e9 en R\u00e9publique centrafricaine, bien s\u00fbr il y a la r\u00e9ponse s\u00e9curitaire n\u00e9cessaire. Encore une fois, je le r\u00e9p\u00e8te, il y a ceux qui aujourd\u2019hui refusent, du c\u00f4t\u00e9 de ceux qui ont pris les armes, refusent le dialogue. Alors dans ce cas, il n\u2019y a pas d\u2019autres approches que de changer le rapport de force pour les ramener au dialogue.<\/p>\n<p>Maintenant, tous les signataires de l\u2019Accord de paix, de l\u2019accord de janvier 2019, n\u2019avaient pas pris les armes. Je constate aussi que m\u00eame dans les groupes qui ont recouru aux armes, pendant les \u00e9lections et au lendemain des \u00e9lections, il y a des scissions, il y a les divisions et je crois que ce sont des opportunit\u00e9s \u00e0 saisir pour ramener vers le dialogue ces personnes et ces groupes.<\/p>\n<p>Et pourquoi je dis \u00e7a ? Parce que, \u00e0 la fin des fins, la stabilit\u00e9 en R\u00e9publique centrafricaine, elle se fera par la r\u00e9union des communaut\u00e9s. Elle se fera par l\u2019instauration d\u2019un climat de paix et d\u2019un climat de dialogue. La r\u00e9ponse s\u00e9curitaire est n\u00e9cessaire mais elle ne peut pas \u00e0 elle seule suffire. Il faut qu\u2019au-del\u00e0 de cette r\u00e9ponse il y ait une approche la plus inclusive possible.<\/p>\n<p>Le Pr\u00e9sident Touad\u00e9ra a d\u2019ailleurs r\u00e9cemment engag\u00e9 un dialogue r\u00e9publicain, ce qui est une bonne chose en soi et nous l\u2019encourageons. Nous encourageons que ce dialogue soit le plus inclusif possible. Mais attention, inclusif \u00e7a ne veut pas dire dialoguer avec ceux qui refusent totalement ce dialogue et qui continuent de privil\u00e9gier le recours \u00e0 la force.<\/p>\n<p>Radio Okapi : Durant tout le mois d\u2019avril, plusieurs manifestations anti-MONUSCO ont eu lieu dans la province du Nord-Kivu, des manifestations men\u00e9es pour la plupart par des jeunes, pour d\u00e9noncer l\u2019inaction de la Mission face aux tueries des populations civiles. Quelles sont les dispositions actuelles prises pour rassurer la population \u00e0 propos de l\u2019implication des Nations Unies dans la recherche effective de la paix ?<\/p>\n<p>Jean-Pierre Lacroix : D\u2019abord je comprends qu\u2019il y ait frustration : parce que la situation dans ces r\u00e9gions est loin d\u2019\u00eatre parfaite et on le sait bien.<\/p>\n<p>Mais je voudrais quand m\u00eame dire, pour m\u2019\u00eatre rendu plusieurs fois dans la r\u00e9gion, pour avoir plusieurs fois visit\u00e9 des zones recul\u00e9es o\u00f9 la MONUSCO est pr\u00e9sente, que notre action fait une diff\u00e9rence et m\u00eame une diff\u00e9rence tr\u00e8s grande pour un grand nombre de Congolais dans cette r\u00e9gion.<\/p>\n<p>Des communaut\u00e9s enti\u00e8res m\u2019ont dit avec beaucoup de sinc\u00e9rit\u00e9, mais en m\u00eame temps beaucoup de de clart\u00e9, qu\u2019elles nous \u00e9taient tr\u00e8s reconnaissantes de ce que nous faisions. Je crois qu\u2019il faut faire la part des choses et ne pas avoir l\u2019impression que ces manifestants repr\u00e9sentent une position majoritaire ou unanime dans ces r\u00e9gions. Mais ils repr\u00e9sentent une frustration qui est r\u00e9elle et donc notre d\u00e9fi collectif, avec les autorit\u00e9s congolaises, c\u2019est de faire davantage.<\/p>\n<p>Pour ce qui est du volet s\u00e9curitaire, nous sommes en train de renforcer la MONUSCO et nous esp\u00e9rons que \u00e7a d\u00e9bouchera sur des capacit\u00e9s de r\u00e9action rapide plus forte. Mais je crois qu\u2019il faut souligner plusieurs autres points.<\/p>\n<p>D\u2019abord nous devons continuer de travailler avec les forces de s\u00e9curit\u00e9 et les forces arm\u00e9es congolaises. C\u2019est essentiel sinon \u00e9videmment nous aurons beaucoup de difficult\u00e9s pour faire des progr\u00e8s. Et d\u2019autre part, nous devons favoriser aussi et travailler activement, encore une fois avec les Congolais, \u00e0 des solutions plus en profondeur. Et je reviens \u00e0 ce que je disais tout \u00e0 l\u2019heure : la r\u00e9conciliation entre les communaut\u00e9s, la promotion d\u2019une \u00e9conomie qui b\u00e9n\u00e9ficie \u00e0 tous et non pas aux circuits criminels, non pas \u00e0 ceux qui perp\u00e9tuent le chaos et n\u2019ont aucun int\u00e9r\u00eat \u00e0 ce que nous atteignions nos objectifs.<\/p>\n<p>Je crois qu\u2019il y a dans ces fausses informations, ces manipulations qui circulent parfois dans les m\u00e9dias au sujet de l\u2019action de la MONUSCO, la main de ceux qui souhaiteraient que nous ne soyons pas l\u00e0, quiI souhaitent en tout cas que nos objectifs de paix, de stabilit\u00e9, de concorde entre les communaut\u00e9s ne soient pas atteints.<\/p>\n<p>ONU Info : Nous arrivons au terme de notre conversation. Un mot pour la fin ?<\/p>\n<p>Jean-Pierre Lacroix : D\u2019abord je voudrais encore une fois rendre hommage \u00e0 nos coll\u00e8gues qui sont sur le terrain. Je crois qu\u2019il faut aussi associer dans cet hommage tous ceux qui ont servi dans nos op\u00e9rations depuis la cr\u00e9ation du maintien de la paix, plus d\u2019un million de personnes et en particulier ceux qui ont perdu la vie.<\/p>\n<p>La Journ\u00e9e des soldats de la paix, c\u2019est aussi une occasion de se rem\u00e9morer tous les sacrifices qui ont jalonn\u00e9 le parcours des op\u00e9rations de maintien de la paix depuis toutes ces d\u00e9cennies, avec plus de 4.000 personnes qui ont servi et qui ont perdu la vie en servant cette cause de la paix au service des Nations Unies.<\/p>\n<p>Je voudrais simplement rappeler qu\u2019il y a une longue histoire, une histoire faite de succ\u00e8s, de r\u00e9alisations tr\u00e8s importantes, au service de la paix mais aussi une histoire qui est faite de sacrifices. Et aujourd\u2019hui je voudrais rendre hommage \u00e0 ces tous ceux qui se sont sacrifi\u00e9s et bien \u00e9videmment aussi \u00e0 leurs familles.<\/p>\n<p>&nbsp;<\/p>\n","protected":false},"excerpt":{"rendered":"<p>Africa-Press &#8211; CentrAfricaine.\u00a0 \u00a0C\u2019est aussi l\u2019occasion d\u2019honorer la m\u00e9moire de plus de 4.000 Casques bleus qui ont perdu la vie en servant sous le drapeau des Nations Unies depuis 1948, dont 129 hommes et femmes en 2020. L\u2019\u00e9dition 2021 de la Journ\u00e9e a \u00e9t\u00e9 plac\u00e9e sous le th\u00e8me \u00ab La voie vers une paix durable [&hellip;]<\/p>\n","protected":false},"author":82,"featured_media":7524,"comment_status":"open","ping_status":"closed","sticky":false,"template":"","format":"standard","meta":{"footnotes":""},"categories":[11,2,10],"tags":[36,58,30],"class_list":["post-7525","post","type-post","status-publish","format-standard","has-post-thumbnail","hentry","category-homepage-french","category-politique","category-toutes-les-actualites","tag-africa-press","tag-africa-press-centrafricaine","tag-centrafricaine"],"yoast_head":"<!-- This site is optimized with the Yoast SEO Premium plugin v26.1 (Yoast SEO v27.0) - https:\/\/yoast.com\/product\/yoast-seo-premium-wordpress\/ -->\n<title>Journ\u00e9e des Casques bleus : le maintien de la paix est \u00ab une histoire faite de sacrifices \u00bb \u2013 Jean-Pierre Lacroix - centrafricaine<\/title>\n<meta name=\"description\" content=\"Bangui ( R\u00e9publique centrafricaine ) \u2013 C\u2019est aussi l\u2019occasion d\u2019honorer la m\u00e9moire de plus de 4.000 Casques bleus qui ...\" \/>\n<meta name=\"robots\" content=\"index, follow, max-snippet:-1, max-image-preview:large, max-video-preview:-1\" \/>\n<link rel=\"canonical\" href=\"https:\/\/www.africa-press.net\/centrafricaine\/politique\/journee-des-casques-bleus-le-maintien-de-la-paix-est-une-histoire-faite-de-sacrifices-jean-pierre-lacroix\" \/>\n<meta property=\"og:locale\" content=\"fr_FR\" \/>\n<meta property=\"og:type\" content=\"article\" \/>\n<meta property=\"og:title\" content=\"Journ\u00e9e des Casques bleus : le maintien de la paix est \u00ab une histoire faite de sacrifices \u00bb \u2013 Jean-Pierre Lacroix\" \/>\n<meta property=\"og:description\" content=\"Bangui ( R\u00e9publique centrafricaine ) \u2013 C\u2019est aussi l\u2019occasion d\u2019honorer la m\u00e9moire de plus de 4.000 Casques bleus qui ...\" \/>\n<meta property=\"og:url\" content=\"https:\/\/www.africa-press.net\/centrafricaine\/politique\/journee-des-casques-bleus-le-maintien-de-la-paix-est-une-histoire-faite-de-sacrifices-jean-pierre-lacroix\" \/>\n<meta property=\"og:site_name\" content=\"centrafricaine\" \/>\n<meta property=\"article:published_time\" content=\"2021-05-30T14:45:34+00:00\" \/>\n<meta property=\"article:modified_time\" content=\"2021-05-30T17:14:37+00:00\" \/>\n<meta property=\"og:image\" content=\"https:\/\/static.africa-press.net\/centrafricaine\/sites\/45\/2021\/05\/img-60b3a32084405.jpg\" \/>\n\t<meta property=\"og:image:width\" content=\"720\" \/>\n\t<meta property=\"og:image:height\" content=\"432\" \/>\n\t<meta property=\"og:image:type\" content=\"image\/jpeg\" \/>\n<meta name=\"author\" content=\"cfeditorfr\" \/>\n<meta name=\"twitter:card\" content=\"summary_large_image\" \/>\n<meta name=\"twitter:label1\" content=\"\u00c9crit par\" \/>\n\t<meta name=\"twitter:data1\" content=\"cfeditorfr\" \/>\n\t<meta name=\"twitter:label2\" content=\"Dur\u00e9e de lecture estim\u00e9e\" \/>\n\t<meta name=\"twitter:data2\" content=\"10 minutes\" \/>\n<script type=\"application\/ld+json\" class=\"yoast-schema-graph\">{\"@context\":\"https:\/\/schema.org\",\"@graph\":[{\"@type\":\"Article\",\"@id\":\"https:\/\/www.africa-press.net\/centrafricaine\/politique\/journee-des-casques-bleus-le-maintien-de-la-paix-est-une-histoire-faite-de-sacrifices-jean-pierre-lacroix#article\",\"isPartOf\":{\"@id\":\"https:\/\/www.africa-press.net\/centrafricaine\/politique\/journee-des-casques-bleus-le-maintien-de-la-paix-est-une-histoire-faite-de-sacrifices-jean-pierre-lacroix\"},\"author\":{\"name\":\"cfeditorfr\",\"@id\":\"https:\/\/www.africa-press.net\/centrafricaine\/#\/schema\/person\/2b1cf3cd81a31e3cd26889ca66d677f1\"},\"headline\":\"Journ\u00e9e des Casques bleus : le maintien de la paix est \u00ab une histoire faite de sacrifices \u00bb \u2013 Jean-Pierre Lacroix\",\"datePublished\":\"2021-05-30T14:45:34+00:00\",\"dateModified\":\"2021-05-30T17:14:37+00:00\",\"mainEntityOfPage\":{\"@id\":\"https:\/\/www.africa-press.net\/centrafricaine\/politique\/journee-des-casques-bleus-le-maintien-de-la-paix-est-une-histoire-faite-de-sacrifices-jean-pierre-lacroix\"},\"wordCount\":2392,\"commentCount\":0,\"image\":{\"@id\":\"https:\/\/www.africa-press.net\/centrafricaine\/politique\/journee-des-casques-bleus-le-maintien-de-la-paix-est-une-histoire-faite-de-sacrifices-jean-pierre-lacroix#primaryimage\"},\"thumbnailUrl\":\"https:\/\/static.africa-press.net\/centrafricaine\/sites\/45\/2021\/05\/img-60b3a32084405.jpg\",\"keywords\":[\"Africa Press\",\"Africa Press-CentrAfricaine\",\"CentrAfricaine\"],\"articleSection\":[\"homepage-french\",\"Politique\",\"Toutes les actualit\u00e9s\"],\"inLanguage\":\"fr-FR\",\"potentialAction\":[{\"@type\":\"CommentAction\",\"name\":\"Comment\",\"target\":[\"https:\/\/www.africa-press.net\/centrafricaine\/politique\/journee-des-casques-bleus-le-maintien-de-la-paix-est-une-histoire-faite-de-sacrifices-jean-pierre-lacroix#respond\"]}]},{\"@type\":\"WebPage\",\"@id\":\"https:\/\/www.africa-press.net\/centrafricaine\/politique\/journee-des-casques-bleus-le-maintien-de-la-paix-est-une-histoire-faite-de-sacrifices-jean-pierre-lacroix\",\"url\":\"https:\/\/www.africa-press.net\/centrafricaine\/politique\/journee-des-casques-bleus-le-maintien-de-la-paix-est-une-histoire-faite-de-sacrifices-jean-pierre-lacroix\",\"name\":\"Journ\u00e9e des Casques bleus : le maintien de la paix est \u00ab une histoire faite de sacrifices \u00bb \u2013 Jean-Pierre Lacroix - centrafricaine\",\"isPartOf\":{\"@id\":\"https:\/\/www.africa-press.net\/centrafricaine\/#website\"},\"primaryImageOfPage\":{\"@id\":\"https:\/\/www.africa-press.net\/centrafricaine\/politique\/journee-des-casques-bleus-le-maintien-de-la-paix-est-une-histoire-faite-de-sacrifices-jean-pierre-lacroix#primaryimage\"},\"image\":{\"@id\":\"https:\/\/www.africa-press.net\/centrafricaine\/politique\/journee-des-casques-bleus-le-maintien-de-la-paix-est-une-histoire-faite-de-sacrifices-jean-pierre-lacroix#primaryimage\"},\"thumbnailUrl\":\"https:\/\/static.africa-press.net\/centrafricaine\/sites\/45\/2021\/05\/img-60b3a32084405.jpg\",\"datePublished\":\"2021-05-30T14:45:34+00:00\",\"dateModified\":\"2021-05-30T17:14:37+00:00\",\"author\":{\"@id\":\"https:\/\/www.africa-press.net\/centrafricaine\/#\/schema\/person\/2b1cf3cd81a31e3cd26889ca66d677f1\"},\"description\":\"Bangui ( R\u00e9publique centrafricaine ) \u2013 C\u2019est aussi l\u2019occasion d\u2019honorer la m\u00e9moire de plus de 4.000 Casques bleus qui ...\",\"breadcrumb\":{\"@id\":\"https:\/\/www.africa-press.net\/centrafricaine\/politique\/journee-des-casques-bleus-le-maintien-de-la-paix-est-une-histoire-faite-de-sacrifices-jean-pierre-lacroix#breadcrumb\"},\"inLanguage\":\"fr-FR\",\"potentialAction\":[{\"@type\":\"ReadAction\",\"target\":[\"https:\/\/www.africa-press.net\/centrafricaine\/politique\/journee-des-casques-bleus-le-maintien-de-la-paix-est-une-histoire-faite-de-sacrifices-jean-pierre-lacroix\"]}]},{\"@type\":\"ImageObject\",\"inLanguage\":\"fr-FR\",\"@id\":\"https:\/\/www.africa-press.net\/centrafricaine\/politique\/journee-des-casques-bleus-le-maintien-de-la-paix-est-une-histoire-faite-de-sacrifices-jean-pierre-lacroix#primaryimage\",\"url\":\"https:\/\/static.africa-press.net\/centrafricaine\/sites\/45\/2021\/05\/img-60b3a32084405.jpg\",\"contentUrl\":\"https:\/\/static.africa-press.net\/centrafricaine\/sites\/45\/2021\/05\/img-60b3a32084405.jpg\",\"width\":720,\"height\":432,\"caption\":\"Journ\u00e9e des Casques bleus : le maintien de la paix est \u00ab une histoire faite de sacrifices \u00bb \u2013 Jean-Pierre Lacroix\"},{\"@type\":\"BreadcrumbList\",\"@id\":\"https:\/\/www.africa-press.net\/centrafricaine\/politique\/journee-des-casques-bleus-le-maintien-de-la-paix-est-une-histoire-faite-de-sacrifices-jean-pierre-lacroix#breadcrumb\",\"itemListElement\":[{\"@type\":\"ListItem\",\"position\":1,\"name\":\"Accueil\",\"item\":\"https:\/\/www.africa-press.net\/centrafricaine\/\"},{\"@type\":\"ListItem\",\"position\":2,\"name\":\"Journ\u00e9e des Casques bleus : le maintien de la paix est \u00ab une histoire faite de sacrifices \u00bb \u2013 Jean-Pierre Lacroix\"}]},{\"@type\":\"WebSite\",\"@id\":\"https:\/\/www.africa-press.net\/centrafricaine\/#website\",\"url\":\"https:\/\/www.africa-press.net\/centrafricaine\/\",\"name\":\"centrafricaine\",\"description\":\"Just another Africa News Agency Sites site\",\"potentialAction\":[{\"@type\":\"SearchAction\",\"target\":{\"@type\":\"EntryPoint\",\"urlTemplate\":\"https:\/\/www.africa-press.net\/centrafricaine\/?s={search_term_string}\"},\"query-input\":{\"@type\":\"PropertyValueSpecification\",\"valueRequired\":true,\"valueName\":\"search_term_string\"}}],\"inLanguage\":\"fr-FR\"},{\"@type\":\"Person\",\"@id\":\"https:\/\/www.africa-press.net\/centrafricaine\/#\/schema\/person\/2b1cf3cd81a31e3cd26889ca66d677f1\",\"name\":\"cfeditorfr\"}]}<\/script>\n<!-- \/ Yoast SEO Premium plugin. -->","yoast_head_json":{"title":"Journ\u00e9e des Casques bleus : le maintien de la paix est \u00ab une histoire faite de sacrifices \u00bb \u2013 Jean-Pierre Lacroix - centrafricaine","description":"Bangui ( R\u00e9publique centrafricaine ) \u2013 C\u2019est aussi l\u2019occasion d\u2019honorer la m\u00e9moire de plus de 4.000 Casques bleus qui ...","robots":{"index":"index","follow":"follow","max-snippet":"max-snippet:-1","max-image-preview":"max-image-preview:large","max-video-preview":"max-video-preview:-1"},"canonical":"https:\/\/www.africa-press.net\/centrafricaine\/politique\/journee-des-casques-bleus-le-maintien-de-la-paix-est-une-histoire-faite-de-sacrifices-jean-pierre-lacroix","og_locale":"fr_FR","og_type":"article","og_title":"Journ\u00e9e des Casques bleus : le maintien de la paix est \u00ab une histoire faite de sacrifices \u00bb \u2013 Jean-Pierre Lacroix","og_description":"Bangui ( R\u00e9publique centrafricaine ) \u2013 C\u2019est aussi l\u2019occasion d\u2019honorer la m\u00e9moire de plus de 4.000 Casques bleus qui ...","og_url":"https:\/\/www.africa-press.net\/centrafricaine\/politique\/journee-des-casques-bleus-le-maintien-de-la-paix-est-une-histoire-faite-de-sacrifices-jean-pierre-lacroix","og_site_name":"centrafricaine","article_published_time":"2021-05-30T14:45:34+00:00","article_modified_time":"2021-05-30T17:14:37+00:00","og_image":[{"width":720,"height":432,"url":"https:\/\/static.africa-press.net\/centrafricaine\/sites\/45\/2021\/05\/img-60b3a32084405.jpg","type":"image\/jpeg"}],"author":"cfeditorfr","twitter_card":"summary_large_image","twitter_misc":{"\u00c9crit par":"cfeditorfr","Dur\u00e9e de lecture estim\u00e9e":"10 minutes"},"schema":{"@context":"https:\/\/schema.org","@graph":[{"@type":"Article","@id":"https:\/\/www.africa-press.net\/centrafricaine\/politique\/journee-des-casques-bleus-le-maintien-de-la-paix-est-une-histoire-faite-de-sacrifices-jean-pierre-lacroix#article","isPartOf":{"@id":"https:\/\/www.africa-press.net\/centrafricaine\/politique\/journee-des-casques-bleus-le-maintien-de-la-paix-est-une-histoire-faite-de-sacrifices-jean-pierre-lacroix"},"author":{"name":"cfeditorfr","@id":"https:\/\/www.africa-press.net\/centrafricaine\/#\/schema\/person\/2b1cf3cd81a31e3cd26889ca66d677f1"},"headline":"Journ\u00e9e des Casques bleus : le maintien de la paix est \u00ab une histoire faite de sacrifices \u00bb \u2013 Jean-Pierre Lacroix","datePublished":"2021-05-30T14:45:34+00:00","dateModified":"2021-05-30T17:14:37+00:00","mainEntityOfPage":{"@id":"https:\/\/www.africa-press.net\/centrafricaine\/politique\/journee-des-casques-bleus-le-maintien-de-la-paix-est-une-histoire-faite-de-sacrifices-jean-pierre-lacroix"},"wordCount":2392,"commentCount":0,"image":{"@id":"https:\/\/www.africa-press.net\/centrafricaine\/politique\/journee-des-casques-bleus-le-maintien-de-la-paix-est-une-histoire-faite-de-sacrifices-jean-pierre-lacroix#primaryimage"},"thumbnailUrl":"https:\/\/static.africa-press.net\/centrafricaine\/sites\/45\/2021\/05\/img-60b3a32084405.jpg","keywords":["Africa Press","Africa Press-CentrAfricaine","CentrAfricaine"],"articleSection":["homepage-french","Politique","Toutes les actualit\u00e9s"],"inLanguage":"fr-FR","potentialAction":[{"@type":"CommentAction","name":"Comment","target":["https:\/\/www.africa-press.net\/centrafricaine\/politique\/journee-des-casques-bleus-le-maintien-de-la-paix-est-une-histoire-faite-de-sacrifices-jean-pierre-lacroix#respond"]}]},{"@type":"WebPage","@id":"https:\/\/www.africa-press.net\/centrafricaine\/politique\/journee-des-casques-bleus-le-maintien-de-la-paix-est-une-histoire-faite-de-sacrifices-jean-pierre-lacroix","url":"https:\/\/www.africa-press.net\/centrafricaine\/politique\/journee-des-casques-bleus-le-maintien-de-la-paix-est-une-histoire-faite-de-sacrifices-jean-pierre-lacroix","name":"Journ\u00e9e des Casques bleus : le maintien de la paix est \u00ab une histoire faite de sacrifices \u00bb \u2013 Jean-Pierre Lacroix - centrafricaine","isPartOf":{"@id":"https:\/\/www.africa-press.net\/centrafricaine\/#website"},"primaryImageOfPage":{"@id":"https:\/\/www.africa-press.net\/centrafricaine\/politique\/journee-des-casques-bleus-le-maintien-de-la-paix-est-une-histoire-faite-de-sacrifices-jean-pierre-lacroix#primaryimage"},"image":{"@id":"https:\/\/www.africa-press.net\/centrafricaine\/politique\/journee-des-casques-bleus-le-maintien-de-la-paix-est-une-histoire-faite-de-sacrifices-jean-pierre-lacroix#primaryimage"},"thumbnailUrl":"https:\/\/static.africa-press.net\/centrafricaine\/sites\/45\/2021\/05\/img-60b3a32084405.jpg","datePublished":"2021-05-30T14:45:34+00:00","dateModified":"2021-05-30T17:14:37+00:00","author":{"@id":"https:\/\/www.africa-press.net\/centrafricaine\/#\/schema\/person\/2b1cf3cd81a31e3cd26889ca66d677f1"},"description":"Bangui ( R\u00e9publique centrafricaine ) \u2013 C\u2019est aussi l\u2019occasion d\u2019honorer la m\u00e9moire de plus de 4.000 Casques bleus qui ...","breadcrumb":{"@id":"https:\/\/www.africa-press.net\/centrafricaine\/politique\/journee-des-casques-bleus-le-maintien-de-la-paix-est-une-histoire-faite-de-sacrifices-jean-pierre-lacroix#breadcrumb"},"inLanguage":"fr-FR","potentialAction":[{"@type":"ReadAction","target":["https:\/\/www.africa-press.net\/centrafricaine\/politique\/journee-des-casques-bleus-le-maintien-de-la-paix-est-une-histoire-faite-de-sacrifices-jean-pierre-lacroix"]}]},{"@type":"ImageObject","inLanguage":"fr-FR","@id":"https:\/\/www.africa-press.net\/centrafricaine\/politique\/journee-des-casques-bleus-le-maintien-de-la-paix-est-une-histoire-faite-de-sacrifices-jean-pierre-lacroix#primaryimage","url":"https:\/\/static.africa-press.net\/centrafricaine\/sites\/45\/2021\/05\/img-60b3a32084405.jpg","contentUrl":"https:\/\/static.africa-press.net\/centrafricaine\/sites\/45\/2021\/05\/img-60b3a32084405.jpg","width":720,"height":432,"caption":"Journ\u00e9e des Casques bleus : le maintien de la paix est \u00ab une histoire faite de sacrifices \u00bb \u2013 Jean-Pierre Lacroix"},{"@type":"BreadcrumbList","@id":"https:\/\/www.africa-press.net\/centrafricaine\/politique\/journee-des-casques-bleus-le-maintien-de-la-paix-est-une-histoire-faite-de-sacrifices-jean-pierre-lacroix#breadcrumb","itemListElement":[{"@type":"ListItem","position":1,"name":"Accueil","item":"https:\/\/www.africa-press.net\/centrafricaine\/"},{"@type":"ListItem","position":2,"name":"Journ\u00e9e des Casques bleus : le maintien de la paix est \u00ab une histoire faite de sacrifices \u00bb \u2013 Jean-Pierre Lacroix"}]},{"@type":"WebSite","@id":"https:\/\/www.africa-press.net\/centrafricaine\/#website","url":"https:\/\/www.africa-press.net\/centrafricaine\/","name":"centrafricaine","description":"Just another Africa News Agency Sites site","potentialAction":[{"@type":"SearchAction","target":{"@type":"EntryPoint","urlTemplate":"https:\/\/www.africa-press.net\/centrafricaine\/?s={search_term_string}"},"query-input":{"@type":"PropertyValueSpecification","valueRequired":true,"valueName":"search_term_string"}}],"inLanguage":"fr-FR"},{"@type":"Person","@id":"https:\/\/www.africa-press.net\/centrafricaine\/#\/schema\/person\/2b1cf3cd81a31e3cd26889ca66d677f1","name":"cfeditorfr"}]}},"_links":{"self":[{"href":"https:\/\/www.africa-press.net\/centrafricaine\/wp-json\/wp\/v2\/posts\/7525","targetHints":{"allow":["GET"]}}],"collection":[{"href":"https:\/\/www.africa-press.net\/centrafricaine\/wp-json\/wp\/v2\/posts"}],"about":[{"href":"https:\/\/www.africa-press.net\/centrafricaine\/wp-json\/wp\/v2\/types\/post"}],"author":[{"embeddable":true,"href":"https:\/\/www.africa-press.net\/centrafricaine\/wp-json\/wp\/v2\/users\/82"}],"replies":[{"embeddable":true,"href":"https:\/\/www.africa-press.net\/centrafricaine\/wp-json\/wp\/v2\/comments?post=7525"}],"version-history":[{"count":0,"href":"https:\/\/www.africa-press.net\/centrafricaine\/wp-json\/wp\/v2\/posts\/7525\/revisions"}],"wp:featuredmedia":[{"embeddable":true,"href":"https:\/\/www.africa-press.net\/centrafricaine\/wp-json\/wp\/v2\/media\/7524"}],"wp:attachment":[{"href":"https:\/\/www.africa-press.net\/centrafricaine\/wp-json\/wp\/v2\/media?parent=7525"}],"wp:term":[{"taxonomy":"category","embeddable":true,"href":"https:\/\/www.africa-press.net\/centrafricaine\/wp-json\/wp\/v2\/categories?post=7525"},{"taxonomy":"post_tag","embeddable":true,"href":"https:\/\/www.africa-press.net\/centrafricaine\/wp-json\/wp\/v2\/tags?post=7525"}],"curies":[{"name":"wp","href":"https:\/\/api.w.org\/{rel}","templated":true}]}}