{"id":75334,"date":"2025-08-28T17:32:06","date_gmt":"2025-08-28T17:32:06","guid":{"rendered":"https:\/\/www.africa-press.net\/centrafricaine\/politique\/faca-a-birao-sans-prime-alimentaire-depuis-sept-mois"},"modified":"2025-08-28T17:44:23","modified_gmt":"2025-08-28T17:44:23","slug":"faca-a-birao-sans-prime-alimentaire-depuis-sept-mois","status":"publish","type":"post","link":"https:\/\/www.africa-press.net\/centrafricaine\/politique\/faca-a-birao-sans-prime-alimentaire-depuis-sept-mois","title":{"rendered":"FACA \u00c0 Birao Sans Prime Alimentaire Depuis Sept Mois"},"content":{"rendered":"<p><span style=\"color: #ff6600\"><strong>Africa-Press &#8211; CentrAfricaine. <\/strong><\/span><b> <\/b><br \/>\n<b>Les soldats du 13e bataillon de\u0301ploye\u0301s dans la Vakaga attendent toujours leurs prime globale d\u2019alimentation (PGA). La MINUSCA de\u0301panne quand elle peut.<\/b><\/p>\n<p>Les soldats des Forces arme\u0301es centrafricaines (FACA) poste\u0301s a\u0300 Birao vivent une situation tre\u0300s tre\u0300s difficile. Depuis leur arrive\u0301e il y a pre\u0300s de 8 mois, les hommes du 13e bataillon ont rec\u0327u seulement 5 000 FCFA comme prime globale d\u2019alimentation (PGA). Le montant normal est de 45 000 FCFA par mois.<\/p>\n<p>Face a\u0300 ce manque, les militaires comptent sur l\u2019aide de la Mission des Nations Unies (MINUSCA). Les Casques bleus donnent des vivres quand ils peuvent: <b>du poulet, de la viande, des le\u0301gumes, du pain.<\/b> Mais cette aide arrive de fac\u0327on irre\u0301gulie\u0300re.<\/p>\n<p>Sans argent suffisant, les FACA peinent a\u0300 manger correctement. Leurs conditions de logement ne sont pas meilleures. Beaucoup pre\u0301fe\u0300rent aller dormir au sein de la gendarmerie.<\/p>\n<p>Cette situation pousse certains soldats a\u0300 abandonner leur poste. D\u2019autres se de\u0301brouillent comme ils peuvent pour survivre, parfois en dehors des re\u0300gles. Un militaire malade a voulu rejoindre Nde\u0301le\u0301 pour atteindre Bangui afin de se soigner, faute d\u2019e\u0301vacuation sanitaire. Il est mort en route.<\/p>\n<p>Birao n\u2019est pas le seul endroit ou\u0300 les FACA ont ces difficulte\u0301s. A\u0300 Bria par exemple, des soldats ont attendu dix-huit mois leur prime alimentaire. Ils n\u2019ont eu que 20 000 FCFA pour leur de\u0301placement. A\u0300 Paoua, certains n\u2019ont rien touche\u0301 depuis un an et demi. Le me\u0302me cas ailleurs.<\/p>\n<p>Ces retards de paiement montrent que l\u2019arme\u0301e centrafricaine a du mal a\u0300 ge\u0301rer ses troupes en mission. L\u2019argent arrive mal ou pas du tout.<\/p>\n<p>La Mission onusienne aide dans la mesure de ses moyens. En juin 2025, elle a distribue\u0301 de la nourriture aux de\u0301place\u0301s autour de Birao. Mais elle a aussi ses propres proble\u0300mes de se\u0301curite\u0301. Le 20 juin, un Casque bleu zambien a e\u0301te\u0301 tue\u0301 dans une attaque pre\u0300s de la ville.<\/p>\n<p>Les Nations Unies peuvent donner un coup de main, mais elles ne peuvent pas remplacer l\u2019E\u0301tat centrafricain dans ses obligations.<\/p>\n<p>Le cas de Birao pose une question simple: comment l\u2019E\u0301tat peut-il demander a\u0300 ses soldats de se\u0301curiser le territoire s\u2019il ne peut pas les nourrir correctement?<\/p>\n<p>Les autorite\u0301s doivent revoir leur fac\u0327on de ge\u0301rer les primes et les conditions de vie des militaires. Sans cela, les FACA auront du mal a\u0300 remplir leur mission. Les soldats mal nourris et mal paye\u0301s ne peuvent pas e\u0302tre efficaces.<\/p>\n<p>Il faut que Bangui trouve des solutions durables pour soutenir ses forces arme\u0301es en province. La se\u0301curite\u0301 du pays en de\u0301pend&#8230;.<br \/>\n<b> <\/b><\/p>\n<p><b>Source: Corbeau News Centrafrique<\/b><\/p>\n<p><strong>Pour plus d&rsquo;informations et d&rsquo;analyses sur la <span style=\"color: #ff6600\">CentrAfricaine<\/span>, suivez <span style=\"color: #ff6600\">Africa-Press<\/span><\/strong><\/p>\n","protected":false},"excerpt":{"rendered":"<p>Africa-Press &#8211; CentrAfricaine. Les soldats du 13e bataillon de\u0301ploye\u0301s dans la Vakaga attendent toujours leurs prime globale d\u2019alimentation (PGA). La MINUSCA de\u0301panne quand elle peut. Les soldats des Forces arme\u0301es centrafricaines (FACA) poste\u0301s a\u0300 Birao vivent une situation tre\u0300s tre\u0300s difficile. Depuis leur arrive\u0301e il y a pre\u0300s de 8 mois, les hommes du 13e [&hellip;]<\/p>\n","protected":false},"author":82,"featured_media":75333,"comment_status":"open","ping_status":"closed","sticky":false,"template":"","format":"standard","meta":{"footnotes":""},"categories":[2,10],"tags":[30],"class_list":["post-75334","post","type-post","status-publish","format-standard","has-post-thumbnail","hentry","category-politique","category-toutes-les-actualites","tag-centrafricaine"],"yoast_head":"<!-- This site is optimized with the Yoast SEO Premium plugin v26.1 (Yoast SEO v27.0) - https:\/\/yoast.com\/product\/yoast-seo-premium-wordpress\/ -->\n<title>FACA \u00c0 Birao Sans Prime Alimentaire Depuis Sept Mois - centrafricaine<\/title>\n<meta name=\"description\" content=\"Les soldats du 13e bataillon de\u0301ploye\u0301s dans la Vakaga attendent toujours leurs prime globale d\u2019alimentation ...\" \/>\n<meta name=\"robots\" content=\"index, follow, max-snippet:-1, max-image-preview:large, max-video-preview:-1\" \/>\n<link rel=\"canonical\" href=\"https:\/\/www.africa-press.net\/centrafricaine\/politique\/faca-a-birao-sans-prime-alimentaire-depuis-sept-mois\" \/>\n<meta property=\"og:locale\" content=\"fr_FR\" \/>\n<meta property=\"og:type\" content=\"article\" \/>\n<meta property=\"og:title\" content=\"FACA \u00c0 Birao Sans Prime Alimentaire Depuis Sept Mois\" \/>\n<meta property=\"og:description\" content=\"Les soldats du 13e bataillon de\u0301ploye\u0301s dans la Vakaga attendent toujours leurs prime globale d\u2019alimentation ...\" \/>\n<meta property=\"og:url\" content=\"https:\/\/www.africa-press.net\/centrafricaine\/politique\/faca-a-birao-sans-prime-alimentaire-depuis-sept-mois\" \/>\n<meta property=\"og:site_name\" content=\"centrafricaine\" \/>\n<meta property=\"article:published_time\" content=\"2025-08-28T17:32:06+00:00\" \/>\n<meta property=\"article:modified_time\" content=\"2025-08-28T17:44:23+00:00\" \/>\n<meta property=\"og:image\" content=\"https:\/\/static.africa-press.net\/centrafricaine\/sites\/45\/2025\/08\/sm_1756390370.479329.jpg\" \/>\n\t<meta property=\"og:image:width\" content=\"750\" \/>\n\t<meta property=\"og:image:height\" content=\"421\" \/>\n\t<meta property=\"og:image:type\" content=\"image\/jpeg\" \/>\n<meta name=\"author\" content=\"cfeditorfr\" \/>\n<meta name=\"twitter:card\" content=\"summary_large_image\" \/>\n<meta name=\"twitter:label1\" content=\"\u00c9crit par\" \/>\n\t<meta name=\"twitter:data1\" content=\"cfeditorfr\" \/>\n\t<meta name=\"twitter:label2\" content=\"Dur\u00e9e de lecture estim\u00e9e\" \/>\n\t<meta name=\"twitter:data2\" content=\"2 minutes\" \/>\n<script type=\"application\/ld+json\" class=\"yoast-schema-graph\">{\"@context\":\"https:\/\/schema.org\",\"@graph\":[{\"@type\":\"Article\",\"@id\":\"https:\/\/www.africa-press.net\/centrafricaine\/politique\/faca-a-birao-sans-prime-alimentaire-depuis-sept-mois#article\",\"isPartOf\":{\"@id\":\"https:\/\/www.africa-press.net\/centrafricaine\/politique\/faca-a-birao-sans-prime-alimentaire-depuis-sept-mois\"},\"author\":{\"name\":\"cfeditorfr\",\"@id\":\"https:\/\/www.africa-press.net\/centrafricaine\/#\/schema\/person\/2b1cf3cd81a31e3cd26889ca66d677f1\"},\"headline\":\"FACA \u00c0 Birao Sans Prime Alimentaire Depuis Sept Mois\",\"datePublished\":\"2025-08-28T17:32:06+00:00\",\"dateModified\":\"2025-08-28T17:44:23+00:00\",\"mainEntityOfPage\":{\"@id\":\"https:\/\/www.africa-press.net\/centrafricaine\/politique\/faca-a-birao-sans-prime-alimentaire-depuis-sept-mois\"},\"wordCount\":489,\"commentCount\":0,\"image\":{\"@id\":\"https:\/\/www.africa-press.net\/centrafricaine\/politique\/faca-a-birao-sans-prime-alimentaire-depuis-sept-mois#primaryimage\"},\"thumbnailUrl\":\"https:\/\/static.africa-press.net\/centrafricaine\/sites\/45\/2025\/08\/sm_1756390370.479329.jpg\",\"keywords\":[\"CentrAfricaine\"],\"articleSection\":[\"Politique\",\"Toutes les actualit\u00e9s\"],\"inLanguage\":\"fr-FR\",\"potentialAction\":[{\"@type\":\"CommentAction\",\"name\":\"Comment\",\"target\":[\"https:\/\/www.africa-press.net\/centrafricaine\/politique\/faca-a-birao-sans-prime-alimentaire-depuis-sept-mois#respond\"]}]},{\"@type\":\"WebPage\",\"@id\":\"https:\/\/www.africa-press.net\/centrafricaine\/politique\/faca-a-birao-sans-prime-alimentaire-depuis-sept-mois\",\"url\":\"https:\/\/www.africa-press.net\/centrafricaine\/politique\/faca-a-birao-sans-prime-alimentaire-depuis-sept-mois\",\"name\":\"FACA \u00c0 Birao Sans Prime Alimentaire Depuis Sept Mois - centrafricaine\",\"isPartOf\":{\"@id\":\"https:\/\/www.africa-press.net\/centrafricaine\/#website\"},\"primaryImageOfPage\":{\"@id\":\"https:\/\/www.africa-press.net\/centrafricaine\/politique\/faca-a-birao-sans-prime-alimentaire-depuis-sept-mois#primaryimage\"},\"image\":{\"@id\":\"https:\/\/www.africa-press.net\/centrafricaine\/politique\/faca-a-birao-sans-prime-alimentaire-depuis-sept-mois#primaryimage\"},\"thumbnailUrl\":\"https:\/\/static.africa-press.net\/centrafricaine\/sites\/45\/2025\/08\/sm_1756390370.479329.jpg\",\"datePublished\":\"2025-08-28T17:32:06+00:00\",\"dateModified\":\"2025-08-28T17:44:23+00:00\",\"author\":{\"@id\":\"https:\/\/www.africa-press.net\/centrafricaine\/#\/schema\/person\/2b1cf3cd81a31e3cd26889ca66d677f1\"},\"description\":\"Les soldats du 13e bataillon de\u0301ploye\u0301s dans la Vakaga attendent toujours leurs prime globale d\u2019alimentation ...\",\"breadcrumb\":{\"@id\":\"https:\/\/www.africa-press.net\/centrafricaine\/politique\/faca-a-birao-sans-prime-alimentaire-depuis-sept-mois#breadcrumb\"},\"inLanguage\":\"fr-FR\",\"potentialAction\":[{\"@type\":\"ReadAction\",\"target\":[\"https:\/\/www.africa-press.net\/centrafricaine\/politique\/faca-a-birao-sans-prime-alimentaire-depuis-sept-mois\"]}]},{\"@type\":\"ImageObject\",\"inLanguage\":\"fr-FR\",\"@id\":\"https:\/\/www.africa-press.net\/centrafricaine\/politique\/faca-a-birao-sans-prime-alimentaire-depuis-sept-mois#primaryimage\",\"url\":\"https:\/\/static.africa-press.net\/centrafricaine\/sites\/45\/2025\/08\/sm_1756390370.479329.jpg\",\"contentUrl\":\"https:\/\/static.africa-press.net\/centrafricaine\/sites\/45\/2025\/08\/sm_1756390370.479329.jpg\",\"width\":750,\"height\":421,\"caption\":\"FACA \u00c0 Birao Sans Prime Alimentaire Depuis Sept Mois\"},{\"@type\":\"BreadcrumbList\",\"@id\":\"https:\/\/www.africa-press.net\/centrafricaine\/politique\/faca-a-birao-sans-prime-alimentaire-depuis-sept-mois#breadcrumb\",\"itemListElement\":[{\"@type\":\"ListItem\",\"position\":1,\"name\":\"Accueil\",\"item\":\"https:\/\/www.africa-press.net\/centrafricaine\/\"},{\"@type\":\"ListItem\",\"position\":2,\"name\":\"FACA \u00c0 Birao Sans Prime Alimentaire Depuis Sept Mois\"}]},{\"@type\":\"WebSite\",\"@id\":\"https:\/\/www.africa-press.net\/centrafricaine\/#website\",\"url\":\"https:\/\/www.africa-press.net\/centrafricaine\/\",\"name\":\"centrafricaine\",\"description\":\"Just another Africa News Agency Sites site\",\"potentialAction\":[{\"@type\":\"SearchAction\",\"target\":{\"@type\":\"EntryPoint\",\"urlTemplate\":\"https:\/\/www.africa-press.net\/centrafricaine\/?s={search_term_string}\"},\"query-input\":{\"@type\":\"PropertyValueSpecification\",\"valueRequired\":true,\"valueName\":\"search_term_string\"}}],\"inLanguage\":\"fr-FR\"},{\"@type\":\"Person\",\"@id\":\"https:\/\/www.africa-press.net\/centrafricaine\/#\/schema\/person\/2b1cf3cd81a31e3cd26889ca66d677f1\",\"name\":\"cfeditorfr\"}]}<\/script>\n<!-- \/ Yoast SEO Premium plugin. -->","yoast_head_json":{"title":"FACA \u00c0 Birao Sans Prime Alimentaire Depuis Sept Mois - centrafricaine","description":"Les soldats du 13e bataillon de\u0301ploye\u0301s dans la Vakaga attendent toujours leurs prime globale d\u2019alimentation ...","robots":{"index":"index","follow":"follow","max-snippet":"max-snippet:-1","max-image-preview":"max-image-preview:large","max-video-preview":"max-video-preview:-1"},"canonical":"https:\/\/www.africa-press.net\/centrafricaine\/politique\/faca-a-birao-sans-prime-alimentaire-depuis-sept-mois","og_locale":"fr_FR","og_type":"article","og_title":"FACA \u00c0 Birao Sans Prime Alimentaire Depuis Sept Mois","og_description":"Les soldats du 13e bataillon de\u0301ploye\u0301s dans la Vakaga attendent toujours leurs prime globale d\u2019alimentation ...","og_url":"https:\/\/www.africa-press.net\/centrafricaine\/politique\/faca-a-birao-sans-prime-alimentaire-depuis-sept-mois","og_site_name":"centrafricaine","article_published_time":"2025-08-28T17:32:06+00:00","article_modified_time":"2025-08-28T17:44:23+00:00","og_image":[{"width":750,"height":421,"url":"https:\/\/static.africa-press.net\/centrafricaine\/sites\/45\/2025\/08\/sm_1756390370.479329.jpg","type":"image\/jpeg"}],"author":"cfeditorfr","twitter_card":"summary_large_image","twitter_misc":{"\u00c9crit par":"cfeditorfr","Dur\u00e9e de lecture estim\u00e9e":"2 minutes"},"schema":{"@context":"https:\/\/schema.org","@graph":[{"@type":"Article","@id":"https:\/\/www.africa-press.net\/centrafricaine\/politique\/faca-a-birao-sans-prime-alimentaire-depuis-sept-mois#article","isPartOf":{"@id":"https:\/\/www.africa-press.net\/centrafricaine\/politique\/faca-a-birao-sans-prime-alimentaire-depuis-sept-mois"},"author":{"name":"cfeditorfr","@id":"https:\/\/www.africa-press.net\/centrafricaine\/#\/schema\/person\/2b1cf3cd81a31e3cd26889ca66d677f1"},"headline":"FACA \u00c0 Birao Sans Prime Alimentaire Depuis Sept Mois","datePublished":"2025-08-28T17:32:06+00:00","dateModified":"2025-08-28T17:44:23+00:00","mainEntityOfPage":{"@id":"https:\/\/www.africa-press.net\/centrafricaine\/politique\/faca-a-birao-sans-prime-alimentaire-depuis-sept-mois"},"wordCount":489,"commentCount":0,"image":{"@id":"https:\/\/www.africa-press.net\/centrafricaine\/politique\/faca-a-birao-sans-prime-alimentaire-depuis-sept-mois#primaryimage"},"thumbnailUrl":"https:\/\/static.africa-press.net\/centrafricaine\/sites\/45\/2025\/08\/sm_1756390370.479329.jpg","keywords":["CentrAfricaine"],"articleSection":["Politique","Toutes les actualit\u00e9s"],"inLanguage":"fr-FR","potentialAction":[{"@type":"CommentAction","name":"Comment","target":["https:\/\/www.africa-press.net\/centrafricaine\/politique\/faca-a-birao-sans-prime-alimentaire-depuis-sept-mois#respond"]}]},{"@type":"WebPage","@id":"https:\/\/www.africa-press.net\/centrafricaine\/politique\/faca-a-birao-sans-prime-alimentaire-depuis-sept-mois","url":"https:\/\/www.africa-press.net\/centrafricaine\/politique\/faca-a-birao-sans-prime-alimentaire-depuis-sept-mois","name":"FACA \u00c0 Birao Sans Prime Alimentaire Depuis Sept Mois - centrafricaine","isPartOf":{"@id":"https:\/\/www.africa-press.net\/centrafricaine\/#website"},"primaryImageOfPage":{"@id":"https:\/\/www.africa-press.net\/centrafricaine\/politique\/faca-a-birao-sans-prime-alimentaire-depuis-sept-mois#primaryimage"},"image":{"@id":"https:\/\/www.africa-press.net\/centrafricaine\/politique\/faca-a-birao-sans-prime-alimentaire-depuis-sept-mois#primaryimage"},"thumbnailUrl":"https:\/\/static.africa-press.net\/centrafricaine\/sites\/45\/2025\/08\/sm_1756390370.479329.jpg","datePublished":"2025-08-28T17:32:06+00:00","dateModified":"2025-08-28T17:44:23+00:00","author":{"@id":"https:\/\/www.africa-press.net\/centrafricaine\/#\/schema\/person\/2b1cf3cd81a31e3cd26889ca66d677f1"},"description":"Les soldats du 13e bataillon de\u0301ploye\u0301s dans la Vakaga attendent toujours leurs prime globale d\u2019alimentation ...","breadcrumb":{"@id":"https:\/\/www.africa-press.net\/centrafricaine\/politique\/faca-a-birao-sans-prime-alimentaire-depuis-sept-mois#breadcrumb"},"inLanguage":"fr-FR","potentialAction":[{"@type":"ReadAction","target":["https:\/\/www.africa-press.net\/centrafricaine\/politique\/faca-a-birao-sans-prime-alimentaire-depuis-sept-mois"]}]},{"@type":"ImageObject","inLanguage":"fr-FR","@id":"https:\/\/www.africa-press.net\/centrafricaine\/politique\/faca-a-birao-sans-prime-alimentaire-depuis-sept-mois#primaryimage","url":"https:\/\/static.africa-press.net\/centrafricaine\/sites\/45\/2025\/08\/sm_1756390370.479329.jpg","contentUrl":"https:\/\/static.africa-press.net\/centrafricaine\/sites\/45\/2025\/08\/sm_1756390370.479329.jpg","width":750,"height":421,"caption":"FACA \u00c0 Birao Sans Prime Alimentaire Depuis Sept Mois"},{"@type":"BreadcrumbList","@id":"https:\/\/www.africa-press.net\/centrafricaine\/politique\/faca-a-birao-sans-prime-alimentaire-depuis-sept-mois#breadcrumb","itemListElement":[{"@type":"ListItem","position":1,"name":"Accueil","item":"https:\/\/www.africa-press.net\/centrafricaine\/"},{"@type":"ListItem","position":2,"name":"FACA \u00c0 Birao Sans Prime Alimentaire Depuis Sept Mois"}]},{"@type":"WebSite","@id":"https:\/\/www.africa-press.net\/centrafricaine\/#website","url":"https:\/\/www.africa-press.net\/centrafricaine\/","name":"centrafricaine","description":"Just another Africa News Agency Sites site","potentialAction":[{"@type":"SearchAction","target":{"@type":"EntryPoint","urlTemplate":"https:\/\/www.africa-press.net\/centrafricaine\/?s={search_term_string}"},"query-input":{"@type":"PropertyValueSpecification","valueRequired":true,"valueName":"search_term_string"}}],"inLanguage":"fr-FR"},{"@type":"Person","@id":"https:\/\/www.africa-press.net\/centrafricaine\/#\/schema\/person\/2b1cf3cd81a31e3cd26889ca66d677f1","name":"cfeditorfr"}]}},"_links":{"self":[{"href":"https:\/\/www.africa-press.net\/centrafricaine\/wp-json\/wp\/v2\/posts\/75334","targetHints":{"allow":["GET"]}}],"collection":[{"href":"https:\/\/www.africa-press.net\/centrafricaine\/wp-json\/wp\/v2\/posts"}],"about":[{"href":"https:\/\/www.africa-press.net\/centrafricaine\/wp-json\/wp\/v2\/types\/post"}],"author":[{"embeddable":true,"href":"https:\/\/www.africa-press.net\/centrafricaine\/wp-json\/wp\/v2\/users\/82"}],"replies":[{"embeddable":true,"href":"https:\/\/www.africa-press.net\/centrafricaine\/wp-json\/wp\/v2\/comments?post=75334"}],"version-history":[{"count":0,"href":"https:\/\/www.africa-press.net\/centrafricaine\/wp-json\/wp\/v2\/posts\/75334\/revisions"}],"wp:featuredmedia":[{"embeddable":true,"href":"https:\/\/www.africa-press.net\/centrafricaine\/wp-json\/wp\/v2\/media\/75333"}],"wp:attachment":[{"href":"https:\/\/www.africa-press.net\/centrafricaine\/wp-json\/wp\/v2\/media?parent=75334"}],"wp:term":[{"taxonomy":"category","embeddable":true,"href":"https:\/\/www.africa-press.net\/centrafricaine\/wp-json\/wp\/v2\/categories?post=75334"},{"taxonomy":"post_tag","embeddable":true,"href":"https:\/\/www.africa-press.net\/centrafricaine\/wp-json\/wp\/v2\/tags?post=75334"}],"curies":[{"name":"wp","href":"https:\/\/api.w.org\/{rel}","templated":true}]}}