{"id":7575,"date":"2021-06-02T10:28:19","date_gmt":"2021-06-02T10:28:19","guid":{"rendered":"https:\/\/www.africa-press.net\/centrafricaine\/politique\/tensions-entre-le-tchad-et-la-centrafrique-sur-fond-de-bras-de-fer-france-russie"},"modified":"2021-06-02T12:51:50","modified_gmt":"2021-06-02T12:51:50","slug":"tensions-entre-le-tchad-et-la-centrafrique-sur-fond-de-bras-de-fer-france-russie","status":"publish","type":"post","link":"https:\/\/www.africa-press.net\/centrafricaine\/dossiers\/tensions-entre-le-tchad-et-la-centrafrique-sur-fond-de-bras-de-fer-france-russie","title":{"rendered":"Tensions entre le Tchad et la Centrafrique sur fond de bras de fer France-Russie"},"content":{"rendered":"<p><span style=\"color: #ff6600\"><strong><a href=\"https:\/\/www.africa-press.net\/\">Africa-Press<\/a> &#8211; <a href=\"https:\/\/www.africa-press.net\/centrafricaine\">CentrAfricaine<\/a>. <\/strong><\/span>Six soldats tchadiens ont \u00e9t\u00e9 tu\u00e9s par des soldats centrafricains, dont cinq froidement \u00ab ex\u00e9cut\u00e9s \u00bb, selon les autorit\u00e9s tchadiennes. Faustin-Archange Touad\u00e9ra a envoy\u00e9 trois de ses ministres \u00e0 N\u2019Djamena pour tenter d\u2019apaiser les tensions. Un bras de fer qui se joue sur fond de tensions entre Paris et Moscou.<\/p>\n<p>Tout a commenc\u00e9 le 30 mai, lorsque, dans leur op\u00e9ration de \u00ab ratissage contre les rebelles \u00bb de la Coalition des patriotes pour le changement (CPC), des \u00e9l\u00e9ments des forces arm\u00e9es centrafricaines, appuy\u00e9es par des forces russes, ont \u00ab d\u00e9tect\u00e9 \u00bb, selon l\u2019arm\u00e9e, un \u00ab mouvement arm\u00e9 suspect \u00bb vers Bang, une commune proche de la fronti\u00e8re avec le Tchad. Signal\u00e9e par un drone de reconnaissance russe, la position sera attaqu\u00e9e par les militaires centrafricains. \u00ab Il s\u2019agissait de rebelles qui ont op\u00e9r\u00e9 sur le sol centrafricain et qui, dans leur fuite, voulaient se replier vers le Tchad \u00bb, affirme \u00e0 Jeune Afrique une source militaire tchadienne.<\/p>\n<p>Les soldats centrafricains et russes poursuivent ces \u00ab rebelles \u00bb en territoires tchadiens, o\u00f9 les combats continuent. Mais cette fois, des militaires tchadiens sont impliqu\u00e9s dans les \u00e9changes de tirs. Les combats sont \u00e2pres, et violents. Le bilan est lourd : un soldat tchadien a \u00e9t\u00e9 tu\u00e9 lors des \u00e9changes de tirs. Cinq autres, faits prisonniers, sont froidement \u00ab ex\u00e9cut\u00e9s \u00bb, d\u00e9nonce N\u2019Djamena.<\/p>\n<p>\u00ab Le Tchad tient le gouvernement centrafricain enti\u00e8rement responsable des cons\u00e9quences de cette agression caract\u00e9ris\u00e9e que rien ne justifie au moment o\u00f9 les deux pays cherchent \u00e0 mutualiser leurs efforts pour relever les d\u00e9fis s\u00e9curitaires communs \u00bb, peut-on lire dans un communiqu\u00e9 sign\u00e9 du ministre tchadien des Affaires \u00e9trang\u00e8res, Ch\u00e9rif Mahamat Zene, et dat\u00e9 du 31 mai.<\/p>\n<p><b>\u00a0<\/b><\/p>\n","protected":false},"excerpt":{"rendered":"<p>Africa-Press &#8211; CentrAfricaine. Six soldats tchadiens ont \u00e9t\u00e9 tu\u00e9s par des soldats centrafricains, dont cinq froidement \u00ab ex\u00e9cut\u00e9s \u00bb, selon les autorit\u00e9s tchadiennes. Faustin-Archange Touad\u00e9ra a envoy\u00e9 trois de ses ministres \u00e0 N\u2019Djamena pour tenter d\u2019apaiser les tensions. Un bras de fer qui se joue sur fond de tensions entre Paris et Moscou. Tout a [&hellip;]<\/p>\n","protected":false},"author":82,"featured_media":7574,"comment_status":"open","ping_status":"closed","sticky":false,"template":"","format":"standard","meta":{"footnotes":""},"categories":[7,11,20,10],"tags":[36,58,30],"class_list":["post-7575","post","type-post","status-publish","format-standard","has-post-thumbnail","hentry","category-dossiers","category-homepage-french","category-top-nouvelles","category-toutes-les-actualites","tag-africa-press","tag-africa-press-centrafricaine","tag-centrafricaine"],"yoast_head":"<!-- This site is optimized with the Yoast SEO Premium plugin v26.1 (Yoast SEO v27.0) - https:\/\/yoast.com\/product\/yoast-seo-premium-wordpress\/ -->\n<title>Tensions entre le Tchad et la Centrafrique sur fond de bras de fer France-Russie - centrafricaine<\/title>\n<meta name=\"description\" content=\"Six soldats tchadiens ont \u00e9t\u00e9 tu\u00e9s par des soldats centrafricains, dont cinq froidement \u00ab ex\u00e9cut\u00e9s \u00bb, selon les autorit\u00e9 ...\" \/>\n<meta name=\"robots\" content=\"index, follow, max-snippet:-1, max-image-preview:large, max-video-preview:-1\" \/>\n<link rel=\"canonical\" href=\"https:\/\/www.africa-press.net\/centrafricaine\/dossiers\/tensions-entre-le-tchad-et-la-centrafrique-sur-fond-de-bras-de-fer-france-russie\" \/>\n<meta property=\"og:locale\" content=\"fr_FR\" \/>\n<meta property=\"og:type\" content=\"article\" \/>\n<meta property=\"og:title\" content=\"Tensions entre le Tchad et la Centrafrique sur fond de bras de fer France-Russie\" \/>\n<meta property=\"og:description\" content=\"Six soldats tchadiens ont \u00e9t\u00e9 tu\u00e9s par des soldats centrafricains, dont cinq froidement \u00ab ex\u00e9cut\u00e9s \u00bb, selon les autorit\u00e9 ...\" \/>\n<meta property=\"og:url\" content=\"https:\/\/www.africa-press.net\/centrafricaine\/dossiers\/tensions-entre-le-tchad-et-la-centrafrique-sur-fond-de-bras-de-fer-france-russie\" \/>\n<meta property=\"og:site_name\" content=\"centrafricaine\" \/>\n<meta property=\"article:published_time\" content=\"2021-06-02T10:28:19+00:00\" \/>\n<meta property=\"article:modified_time\" content=\"2021-06-02T12:51:50+00:00\" \/>\n<meta property=\"og:image\" content=\"https:\/\/static.africa-press.net\/centrafricaine\/sites\/45\/2021\/06\/img.jpg\" \/>\n\t<meta property=\"og:image:width\" content=\"720\" \/>\n\t<meta property=\"og:image:height\" content=\"360\" \/>\n\t<meta property=\"og:image:type\" content=\"image\/jpeg\" \/>\n<meta name=\"author\" content=\"cfeditorfr\" \/>\n<meta name=\"twitter:card\" content=\"summary_large_image\" \/>\n<meta name=\"twitter:label1\" content=\"\u00c9crit par\" \/>\n\t<meta name=\"twitter:data1\" content=\"cfeditorfr\" \/>\n\t<meta name=\"twitter:label2\" content=\"Dur\u00e9e de lecture estim\u00e9e\" \/>\n\t<meta name=\"twitter:data2\" content=\"2 minutes\" \/>\n<script type=\"application\/ld+json\" class=\"yoast-schema-graph\">{\"@context\":\"https:\/\/schema.org\",\"@graph\":[{\"@type\":\"Article\",\"@id\":\"https:\/\/www.africa-press.net\/centrafricaine\/dossiers\/tensions-entre-le-tchad-et-la-centrafrique-sur-fond-de-bras-de-fer-france-russie#article\",\"isPartOf\":{\"@id\":\"https:\/\/www.africa-press.net\/centrafricaine\/dossiers\/tensions-entre-le-tchad-et-la-centrafrique-sur-fond-de-bras-de-fer-france-russie\"},\"author\":{\"name\":\"cfeditorfr\",\"@id\":\"https:\/\/www.africa-press.net\/centrafricaine\/#\/schema\/person\/2b1cf3cd81a31e3cd26889ca66d677f1\"},\"headline\":\"Tensions entre le Tchad et la Centrafrique sur fond de bras de fer France-Russie\",\"datePublished\":\"2021-06-02T10:28:19+00:00\",\"dateModified\":\"2021-06-02T12:51:50+00:00\",\"mainEntityOfPage\":{\"@id\":\"https:\/\/www.africa-press.net\/centrafricaine\/dossiers\/tensions-entre-le-tchad-et-la-centrafrique-sur-fond-de-bras-de-fer-france-russie\"},\"wordCount\":304,\"commentCount\":0,\"image\":{\"@id\":\"https:\/\/www.africa-press.net\/centrafricaine\/dossiers\/tensions-entre-le-tchad-et-la-centrafrique-sur-fond-de-bras-de-fer-france-russie#primaryimage\"},\"thumbnailUrl\":\"https:\/\/static.africa-press.net\/centrafricaine\/sites\/45\/2021\/06\/img.jpg\",\"keywords\":[\"Africa Press\",\"Africa Press-CentrAfricaine\",\"CentrAfricaine\"],\"articleSection\":[\"Dossiers\",\"homepage-french\",\"Top Nouvelles\",\"Toutes les actualit\u00e9s\"],\"inLanguage\":\"fr-FR\",\"potentialAction\":[{\"@type\":\"CommentAction\",\"name\":\"Comment\",\"target\":[\"https:\/\/www.africa-press.net\/centrafricaine\/dossiers\/tensions-entre-le-tchad-et-la-centrafrique-sur-fond-de-bras-de-fer-france-russie#respond\"]}]},{\"@type\":\"WebPage\",\"@id\":\"https:\/\/www.africa-press.net\/centrafricaine\/dossiers\/tensions-entre-le-tchad-et-la-centrafrique-sur-fond-de-bras-de-fer-france-russie\",\"url\":\"https:\/\/www.africa-press.net\/centrafricaine\/dossiers\/tensions-entre-le-tchad-et-la-centrafrique-sur-fond-de-bras-de-fer-france-russie\",\"name\":\"Tensions entre le Tchad et la Centrafrique sur fond de bras de fer France-Russie - centrafricaine\",\"isPartOf\":{\"@id\":\"https:\/\/www.africa-press.net\/centrafricaine\/#website\"},\"primaryImageOfPage\":{\"@id\":\"https:\/\/www.africa-press.net\/centrafricaine\/dossiers\/tensions-entre-le-tchad-et-la-centrafrique-sur-fond-de-bras-de-fer-france-russie#primaryimage\"},\"image\":{\"@id\":\"https:\/\/www.africa-press.net\/centrafricaine\/dossiers\/tensions-entre-le-tchad-et-la-centrafrique-sur-fond-de-bras-de-fer-france-russie#primaryimage\"},\"thumbnailUrl\":\"https:\/\/static.africa-press.net\/centrafricaine\/sites\/45\/2021\/06\/img.jpg\",\"datePublished\":\"2021-06-02T10:28:19+00:00\",\"dateModified\":\"2021-06-02T12:51:50+00:00\",\"author\":{\"@id\":\"https:\/\/www.africa-press.net\/centrafricaine\/#\/schema\/person\/2b1cf3cd81a31e3cd26889ca66d677f1\"},\"description\":\"Six soldats tchadiens ont \u00e9t\u00e9 tu\u00e9s par des soldats centrafricains, dont cinq froidement \u00ab ex\u00e9cut\u00e9s \u00bb, selon les autorit\u00e9 ...\",\"breadcrumb\":{\"@id\":\"https:\/\/www.africa-press.net\/centrafricaine\/dossiers\/tensions-entre-le-tchad-et-la-centrafrique-sur-fond-de-bras-de-fer-france-russie#breadcrumb\"},\"inLanguage\":\"fr-FR\",\"potentialAction\":[{\"@type\":\"ReadAction\",\"target\":[\"https:\/\/www.africa-press.net\/centrafricaine\/dossiers\/tensions-entre-le-tchad-et-la-centrafrique-sur-fond-de-bras-de-fer-france-russie\"]}]},{\"@type\":\"ImageObject\",\"inLanguage\":\"fr-FR\",\"@id\":\"https:\/\/www.africa-press.net\/centrafricaine\/dossiers\/tensions-entre-le-tchad-et-la-centrafrique-sur-fond-de-bras-de-fer-france-russie#primaryimage\",\"url\":\"https:\/\/static.africa-press.net\/centrafricaine\/sites\/45\/2021\/06\/img.jpg\",\"contentUrl\":\"https:\/\/static.africa-press.net\/centrafricaine\/sites\/45\/2021\/06\/img.jpg\",\"width\":720,\"height\":360,\"caption\":\"Tensions entre le Tchad et la Centrafrique sur fond de bras de fer France-Russie\"},{\"@type\":\"BreadcrumbList\",\"@id\":\"https:\/\/www.africa-press.net\/centrafricaine\/dossiers\/tensions-entre-le-tchad-et-la-centrafrique-sur-fond-de-bras-de-fer-france-russie#breadcrumb\",\"itemListElement\":[{\"@type\":\"ListItem\",\"position\":1,\"name\":\"Accueil\",\"item\":\"https:\/\/www.africa-press.net\/centrafricaine\/\"},{\"@type\":\"ListItem\",\"position\":2,\"name\":\"Tensions entre le Tchad et la Centrafrique sur fond de bras de fer France-Russie\"}]},{\"@type\":\"WebSite\",\"@id\":\"https:\/\/www.africa-press.net\/centrafricaine\/#website\",\"url\":\"https:\/\/www.africa-press.net\/centrafricaine\/\",\"name\":\"centrafricaine\",\"description\":\"Just another Africa News Agency Sites site\",\"potentialAction\":[{\"@type\":\"SearchAction\",\"target\":{\"@type\":\"EntryPoint\",\"urlTemplate\":\"https:\/\/www.africa-press.net\/centrafricaine\/?s={search_term_string}\"},\"query-input\":{\"@type\":\"PropertyValueSpecification\",\"valueRequired\":true,\"valueName\":\"search_term_string\"}}],\"inLanguage\":\"fr-FR\"},{\"@type\":\"Person\",\"@id\":\"https:\/\/www.africa-press.net\/centrafricaine\/#\/schema\/person\/2b1cf3cd81a31e3cd26889ca66d677f1\",\"name\":\"cfeditorfr\"}]}<\/script>\n<!-- \/ Yoast SEO Premium plugin. -->","yoast_head_json":{"title":"Tensions entre le Tchad et la Centrafrique sur fond de bras de fer France-Russie - centrafricaine","description":"Six soldats tchadiens ont \u00e9t\u00e9 tu\u00e9s par des soldats centrafricains, dont cinq froidement \u00ab ex\u00e9cut\u00e9s \u00bb, selon les autorit\u00e9 ...","robots":{"index":"index","follow":"follow","max-snippet":"max-snippet:-1","max-image-preview":"max-image-preview:large","max-video-preview":"max-video-preview:-1"},"canonical":"https:\/\/www.africa-press.net\/centrafricaine\/dossiers\/tensions-entre-le-tchad-et-la-centrafrique-sur-fond-de-bras-de-fer-france-russie","og_locale":"fr_FR","og_type":"article","og_title":"Tensions entre le Tchad et la Centrafrique sur fond de bras de fer France-Russie","og_description":"Six soldats tchadiens ont \u00e9t\u00e9 tu\u00e9s par des soldats centrafricains, dont cinq froidement \u00ab ex\u00e9cut\u00e9s \u00bb, selon les autorit\u00e9 ...","og_url":"https:\/\/www.africa-press.net\/centrafricaine\/dossiers\/tensions-entre-le-tchad-et-la-centrafrique-sur-fond-de-bras-de-fer-france-russie","og_site_name":"centrafricaine","article_published_time":"2021-06-02T10:28:19+00:00","article_modified_time":"2021-06-02T12:51:50+00:00","og_image":[{"width":720,"height":360,"url":"https:\/\/static.africa-press.net\/centrafricaine\/sites\/45\/2021\/06\/img.jpg","type":"image\/jpeg"}],"author":"cfeditorfr","twitter_card":"summary_large_image","twitter_misc":{"\u00c9crit par":"cfeditorfr","Dur\u00e9e de lecture estim\u00e9e":"2 minutes"},"schema":{"@context":"https:\/\/schema.org","@graph":[{"@type":"Article","@id":"https:\/\/www.africa-press.net\/centrafricaine\/dossiers\/tensions-entre-le-tchad-et-la-centrafrique-sur-fond-de-bras-de-fer-france-russie#article","isPartOf":{"@id":"https:\/\/www.africa-press.net\/centrafricaine\/dossiers\/tensions-entre-le-tchad-et-la-centrafrique-sur-fond-de-bras-de-fer-france-russie"},"author":{"name":"cfeditorfr","@id":"https:\/\/www.africa-press.net\/centrafricaine\/#\/schema\/person\/2b1cf3cd81a31e3cd26889ca66d677f1"},"headline":"Tensions entre le Tchad et la Centrafrique sur fond de bras de fer France-Russie","datePublished":"2021-06-02T10:28:19+00:00","dateModified":"2021-06-02T12:51:50+00:00","mainEntityOfPage":{"@id":"https:\/\/www.africa-press.net\/centrafricaine\/dossiers\/tensions-entre-le-tchad-et-la-centrafrique-sur-fond-de-bras-de-fer-france-russie"},"wordCount":304,"commentCount":0,"image":{"@id":"https:\/\/www.africa-press.net\/centrafricaine\/dossiers\/tensions-entre-le-tchad-et-la-centrafrique-sur-fond-de-bras-de-fer-france-russie#primaryimage"},"thumbnailUrl":"https:\/\/static.africa-press.net\/centrafricaine\/sites\/45\/2021\/06\/img.jpg","keywords":["Africa Press","Africa Press-CentrAfricaine","CentrAfricaine"],"articleSection":["Dossiers","homepage-french","Top Nouvelles","Toutes les actualit\u00e9s"],"inLanguage":"fr-FR","potentialAction":[{"@type":"CommentAction","name":"Comment","target":["https:\/\/www.africa-press.net\/centrafricaine\/dossiers\/tensions-entre-le-tchad-et-la-centrafrique-sur-fond-de-bras-de-fer-france-russie#respond"]}]},{"@type":"WebPage","@id":"https:\/\/www.africa-press.net\/centrafricaine\/dossiers\/tensions-entre-le-tchad-et-la-centrafrique-sur-fond-de-bras-de-fer-france-russie","url":"https:\/\/www.africa-press.net\/centrafricaine\/dossiers\/tensions-entre-le-tchad-et-la-centrafrique-sur-fond-de-bras-de-fer-france-russie","name":"Tensions entre le Tchad et la Centrafrique sur fond de bras de fer France-Russie - centrafricaine","isPartOf":{"@id":"https:\/\/www.africa-press.net\/centrafricaine\/#website"},"primaryImageOfPage":{"@id":"https:\/\/www.africa-press.net\/centrafricaine\/dossiers\/tensions-entre-le-tchad-et-la-centrafrique-sur-fond-de-bras-de-fer-france-russie#primaryimage"},"image":{"@id":"https:\/\/www.africa-press.net\/centrafricaine\/dossiers\/tensions-entre-le-tchad-et-la-centrafrique-sur-fond-de-bras-de-fer-france-russie#primaryimage"},"thumbnailUrl":"https:\/\/static.africa-press.net\/centrafricaine\/sites\/45\/2021\/06\/img.jpg","datePublished":"2021-06-02T10:28:19+00:00","dateModified":"2021-06-02T12:51:50+00:00","author":{"@id":"https:\/\/www.africa-press.net\/centrafricaine\/#\/schema\/person\/2b1cf3cd81a31e3cd26889ca66d677f1"},"description":"Six soldats tchadiens ont \u00e9t\u00e9 tu\u00e9s par des soldats centrafricains, dont cinq froidement \u00ab ex\u00e9cut\u00e9s \u00bb, selon les autorit\u00e9 ...","breadcrumb":{"@id":"https:\/\/www.africa-press.net\/centrafricaine\/dossiers\/tensions-entre-le-tchad-et-la-centrafrique-sur-fond-de-bras-de-fer-france-russie#breadcrumb"},"inLanguage":"fr-FR","potentialAction":[{"@type":"ReadAction","target":["https:\/\/www.africa-press.net\/centrafricaine\/dossiers\/tensions-entre-le-tchad-et-la-centrafrique-sur-fond-de-bras-de-fer-france-russie"]}]},{"@type":"ImageObject","inLanguage":"fr-FR","@id":"https:\/\/www.africa-press.net\/centrafricaine\/dossiers\/tensions-entre-le-tchad-et-la-centrafrique-sur-fond-de-bras-de-fer-france-russie#primaryimage","url":"https:\/\/static.africa-press.net\/centrafricaine\/sites\/45\/2021\/06\/img.jpg","contentUrl":"https:\/\/static.africa-press.net\/centrafricaine\/sites\/45\/2021\/06\/img.jpg","width":720,"height":360,"caption":"Tensions entre le Tchad et la Centrafrique sur fond de bras de fer France-Russie"},{"@type":"BreadcrumbList","@id":"https:\/\/www.africa-press.net\/centrafricaine\/dossiers\/tensions-entre-le-tchad-et-la-centrafrique-sur-fond-de-bras-de-fer-france-russie#breadcrumb","itemListElement":[{"@type":"ListItem","position":1,"name":"Accueil","item":"https:\/\/www.africa-press.net\/centrafricaine\/"},{"@type":"ListItem","position":2,"name":"Tensions entre le Tchad et la Centrafrique sur fond de bras de fer France-Russie"}]},{"@type":"WebSite","@id":"https:\/\/www.africa-press.net\/centrafricaine\/#website","url":"https:\/\/www.africa-press.net\/centrafricaine\/","name":"centrafricaine","description":"Just another Africa News Agency Sites site","potentialAction":[{"@type":"SearchAction","target":{"@type":"EntryPoint","urlTemplate":"https:\/\/www.africa-press.net\/centrafricaine\/?s={search_term_string}"},"query-input":{"@type":"PropertyValueSpecification","valueRequired":true,"valueName":"search_term_string"}}],"inLanguage":"fr-FR"},{"@type":"Person","@id":"https:\/\/www.africa-press.net\/centrafricaine\/#\/schema\/person\/2b1cf3cd81a31e3cd26889ca66d677f1","name":"cfeditorfr"}]}},"_links":{"self":[{"href":"https:\/\/www.africa-press.net\/centrafricaine\/wp-json\/wp\/v2\/posts\/7575","targetHints":{"allow":["GET"]}}],"collection":[{"href":"https:\/\/www.africa-press.net\/centrafricaine\/wp-json\/wp\/v2\/posts"}],"about":[{"href":"https:\/\/www.africa-press.net\/centrafricaine\/wp-json\/wp\/v2\/types\/post"}],"author":[{"embeddable":true,"href":"https:\/\/www.africa-press.net\/centrafricaine\/wp-json\/wp\/v2\/users\/82"}],"replies":[{"embeddable":true,"href":"https:\/\/www.africa-press.net\/centrafricaine\/wp-json\/wp\/v2\/comments?post=7575"}],"version-history":[{"count":0,"href":"https:\/\/www.africa-press.net\/centrafricaine\/wp-json\/wp\/v2\/posts\/7575\/revisions"}],"wp:featuredmedia":[{"embeddable":true,"href":"https:\/\/www.africa-press.net\/centrafricaine\/wp-json\/wp\/v2\/media\/7574"}],"wp:attachment":[{"href":"https:\/\/www.africa-press.net\/centrafricaine\/wp-json\/wp\/v2\/media?parent=7575"}],"wp:term":[{"taxonomy":"category","embeddable":true,"href":"https:\/\/www.africa-press.net\/centrafricaine\/wp-json\/wp\/v2\/categories?post=7575"},{"taxonomy":"post_tag","embeddable":true,"href":"https:\/\/www.africa-press.net\/centrafricaine\/wp-json\/wp\/v2\/tags?post=7575"}],"curies":[{"name":"wp","href":"https:\/\/api.w.org\/{rel}","templated":true}]}}