{"id":7578,"date":"2021-06-02T10:39:39","date_gmt":"2021-06-02T10:39:39","guid":{"rendered":"https:\/\/www.africa-press.net\/centrafricaine\/?p=7578"},"modified":"2021-06-02T12:52:04","modified_gmt":"2021-06-02T12:52:04","slug":"tchad-larmee-centrafricaine-accusee-de-crime-de-guerre-contre-des-soldats","status":"publish","type":"post","link":"https:\/\/www.africa-press.net\/centrafricaine\/politique\/tchad-larmee-centrafricaine-accusee-de-crime-de-guerre-contre-des-soldats","title":{"rendered":"l&rsquo;arm\u00e9e centrafricaine accus\u00e9e de\u00a0\u00ab\u00a0crime de guerre\u00a0\u00bb contre des soldats"},"content":{"rendered":"<p><span style=\"color: #ff6600\"><strong><a href=\"https:\/\/www.africa-press.net\/\">Africa-Press<\/a> &#8211; <a href=\"https:\/\/www.africa-press.net\/centrafricaine\">CentrAfricaine<\/a>. <\/strong><\/span><b>Le Tchad a accus\u00e9, lundi, l\u2019arm\u00e9e centrafricaine d\u2019avoir tu\u00e9 six de ses soldats, dont cinq \u00ab\u00a0enlev\u00e9s et ensuite ex\u00e9cut\u00e9s\u00a0\u00bb, lors de l\u2019attaque d&rsquo;un poste frontalier sur son sol. Un \u00ab\u00a0crime de guerre\u00a0\u00bb qui ne restera \u00ab\u00a0pas impuni\u00a0\u00bb, a pr\u00e9venu le gouvernement.<\/b><\/p>\n<p>Les tensions perdurent entre les deux pays voisins. L\u2019arm\u00e9e centrafricaine est dor\u00e9navant accus\u00e9e de \u00ab\u00a0crime de guerre\u00a0\u00bb. Six soldats tchadiens ont \u00e9t\u00e9 tu\u00e9s par les troupes centrafricaines, dimanche 30 mai, dont cinq \u00ab\u00a0enlev\u00e9s et ensuite ex\u00e9cut\u00e9s\u00a0\u00bb, a affirm\u00e9 N&rsquo;Djamena, lundi 31 mai, assurant que cette action ne resterait \u00ab\u00a0pas impunie\u00a0\u00bb.<\/p>\n<p>\u00ab\u00a0Les forces arm\u00e9es centrafricaines ont attaqu\u00e9 dimanche matin le poste avanc\u00e9 de Sourou, en territoire tchadien (&#8230;), tu\u00e9 un soldat tchadien, en ont bless\u00e9 cinq et cinq autres ont \u00e9t\u00e9 enlev\u00e9s pour \u00eatre ensuite ex\u00e9cut\u00e9s \u00e0 Mbang, du c\u00f4t\u00e9 centrafricain\u00a0\u00bb de la fronti\u00e8re, affirme le ministre tchadien des Affaires \u00e9trang\u00e8res, Ch\u00e9rif Mahamat Zene, dans un communiqu\u00e9.<\/p>\n<p>Les soldats centrafricains poursuivaient au-del\u00e0 de leur fronti\u00e8re des combattants de l&rsquo;Unit\u00e9 pour la Paix en Centrafrique (UPC) d&rsquo;Ali Darassa, l&rsquo;un des plus puissants des nombreux groupes arm\u00e9s qui contr\u00f4lent une partie du pays et membre d&rsquo;une coalition de rebelles qui tentent depuis d\u00e9cembre de renverser le r\u00e9gime du pr\u00e9sident Faustin Archange Touad\u00e9ra, a assur\u00e9 \u00e0 l&rsquo;AFP un haut responsable des services de s\u00e9curit\u00e9 tchadiens, sous couvert de l&rsquo;anonymat.<\/p>\n<p><b>La Centrafrique propose \u00ab\u00a0une enqu\u00eate conjointe\u00a0\u00bb<\/b><\/p>\n<p>La Centrafrique a, de son c\u00f4t\u00e9, r\u00e9agi lundi, \u00e9voquant \u00ab\u00a0des \u00e9changes de tirs\u00a0\u00bb et des \u00ab\u00a0morts des deux c\u00f4t\u00e9s\u00a0\u00bb. Dans un communiqu\u00e9, le gouvernement centrafricain explique ainsi \u00ab\u00a0d\u00e9plorer les pertes en vies humaines et les bless\u00e9s au sein des arm\u00e9es tchadienne et centrafricaine\u00a0\u00bb et accuse les rebelles centrafricains que ses soldats \u00ab\u00a0poursuivaient\u00a0\u00bb d&rsquo;en \u00eatre responsables. Il \u00ab\u00a0r\u00e9affirme\u00a0\u00bb par ailleurs sa volont\u00e9 de raffermir les relations \u00ab\u00a0entre les deux peuples fr\u00e8res\u00a0\u00bb et propose au Tchad \u00ab\u00a0une mission d&rsquo;enqu\u00eate conjointe\u00a0\u00bb sur ces heurts.<\/p>\n<p>Le poste de Sourou, pr\u00e8s de Mber\u00e9, dans le sud du Tchad, \u00e9tait tenu par 12 militaires et l&rsquo;attaque s&rsquo;est produite \u00e0 l&rsquo;aube, explique M. Mahamat Zene. Ce \u00ab\u00a0crime de guerre d&rsquo;une gravit\u00e9 extr\u00eame et cette attaque meurtri\u00e8re pr\u00e9m\u00e9dit\u00e9e, planifi\u00e9e et op\u00e9r\u00e9e \u00e0 l&rsquo;int\u00e9rieur du Tchad, dont seul le gouvernement centrafricain conna\u00eet les raisons, ne sauraient rester impunis\u00a0\u00bb, \u00e9crit le ministre.<\/p>\n<p>\u00ab\u00a0Le Tchad prend \u00e0 t\u00e9moin la communaut\u00e9 internationale, notamment la Minusca (la mission de maintien de la paix de l&rsquo;ONU en Centrafrique, qui y dispose de 12 000 Casques bleus), l&rsquo;Union africaine (UA) et la Communaut\u00e9 \u00e9conomique des \u00c9tats de l&rsquo;Afrique centrale (CEEAC) de cette grave agression dont il est la cible\u00a0\u00bb, ajoute le communiqu\u00e9.<\/p>\n<p><b>Coup d&rsquo;\u00c9<\/b><\/p>\n<p>tat manqu\u00e9 En Centrafrique, la r\u00e9bellion lanc\u00e9e par six des plus importants groupes arm\u00e9s qui se partageaient alors les deux tiers du pays, a \u00e9chou\u00e9 \u00e0 renverser le pr\u00e9sident Touad\u00e9ra, r\u00e9\u00e9lu fin d\u00e9cembre. Elle a \u00e9t\u00e9 d\u00e9cim\u00e9e ou repouss\u00e9e hors des agglom\u00e9rations notamment gr\u00e2ce \u00e0 l&rsquo;intervention massive de centaines de paramilitaires russes du groupe de s\u00e9curit\u00e9 priv\u00e9e Wagner d\u00e9p\u00each\u00e9s par Moscou.<\/p>\n<p>C\u00f4t\u00e9 tchadien, une junte de 15 g\u00e9n\u00e9raux avec \u00e0 sa t\u00eate le fils du pr\u00e9sident Idriss D\u00e9by Itno, tu\u00e9 au front alors qu&rsquo;il dirigeait une offensive de son arm\u00e9e contre des rebelles tchadiens venus de Libye. Le Tchad, et son arm\u00e9e consid\u00e9r\u00e9e comme la plus puissante de la r\u00e9gion, est vu comme le pays-cl\u00e9 dans cette partie du continent africain dans la guerre contre les jihadistes au Sahel.<\/p>\n<p>La junte qui a succ\u00e9d\u00e9 \u00e0 Idriss D\u00e9by, qui dirigeait le Tchad d&rsquo;une main de fer depuis 30 ans, avait imm\u00e9diatement dissous le gouvernement et le Parlement, abrog\u00e9 la Constitution, tout en promettant des \u00e9lections \u00ab\u00a0libres et d\u00e9mocratiques\u00a0\u00bb au terme d&rsquo;une p\u00e9riode de 18 mois renouvelable une fois.<\/p>\n<p>La communaut\u00e9 internationale, la France en t\u00eate dont l&rsquo;arm\u00e9e est au premier rang de la guerre contre les jihadistes au Sahel, s&rsquo;est largement abstenue de condamner ce que l&rsquo;opposition a d\u00e9nonc\u00e9 comme un \u00ab\u00a0coup d&rsquo;\u00c9tat\u00a0\u00bb men\u00e9 par le fils du d\u00e9funt Mar\u00e9chal, le g\u00e9n\u00e9ral Mahamat Idriss D\u00e9by. Ce dernier s&rsquo;est autoproclam\u00e9 \u00ab\u00a0pr\u00e9sident de la R\u00e9publique\u00a0\u00bb \u00e0 la t\u00eate d&rsquo;un Conseil militaire de transition (CMT). Sous la pression internationale, il a toutefois nomm\u00e9 un gouvernement civil mais le CMT conserve l&rsquo;essentiel du pouvoir ex\u00e9cutif.<\/p>\n<p><b>Avec AFP<\/b><\/p>\n<p><span style=\"color: #ff6600\"><b>vid\u00e9o: <\/b><\/span><\/p>\n<p><iframe loading=\"lazy\" title=\"Tensions entre le Tchad et la Centrafrique : N&#039;Djamena d\u00e9nonce &quot;un crime de guerre&quot;\" width=\"696\" height=\"392\" src=\"https:\/\/www.youtube.com\/embed\/rkCGmDm9hXg?feature=oembed\" frameborder=\"0\" allow=\"accelerometer; autoplay; clipboard-write; encrypted-media; gyroscope; picture-in-picture\" allowfullscreen><\/iframe><\/p>\n","protected":false},"excerpt":{"rendered":"<p>Africa-Press &#8211; CentrAfricaine. Le Tchad a accus\u00e9, lundi, l\u2019arm\u00e9e centrafricaine d\u2019avoir tu\u00e9 six de ses soldats, dont cinq \u00ab\u00a0enlev\u00e9s et ensuite ex\u00e9cut\u00e9s\u00a0\u00bb, lors de l\u2019attaque d&rsquo;un poste frontalier sur son sol. Un \u00ab\u00a0crime de guerre\u00a0\u00bb qui ne restera \u00ab\u00a0pas impuni\u00a0\u00bb, a pr\u00e9venu le gouvernement. Les tensions perdurent entre les deux pays voisins. L\u2019arm\u00e9e centrafricaine est [&hellip;]<\/p>\n","protected":false},"author":82,"featured_media":7577,"comment_status":"open","ping_status":"closed","sticky":false,"template":"","format":"standard","meta":{"footnotes":""},"categories":[11,2,10,9],"tags":[36,58,30,41,160,105,159,161],"class_list":["post-7578","post","type-post","status-publish","format-standard","has-post-thumbnail","hentry","category-homepage-french","category-politique","category-toutes-les-actualites","category-video","tag-africa-press","tag-africa-press-centrafricaine","tag-centrafricaine","tag-centrafrique","tag-coup-detat","tag-jihadistes","tag-militaire","tag-tchad"],"yoast_head":"<!-- This site is optimized with the Yoast SEO Premium plugin v26.1 (Yoast SEO v27.0) - https:\/\/yoast.com\/product\/yoast-seo-premium-wordpress\/ -->\n<title>l&#039;arm\u00e9e centrafricaine accus\u00e9e de\u00a0&quot;crime de guerre&quot; contre des soldats - centrafricaine<\/title>\n<meta name=\"description\" content=\"Le Tchad a accus\u00e9, lundi, l\u2019arm\u00e9e centrafricaine d\u2019avoir tu\u00e9 six de ses soldats, dont cinq &quot;enlev\u00e9s et ensuite ex\u00e9cut ...\" \/>\n<meta name=\"robots\" content=\"index, follow, max-snippet:-1, max-image-preview:large, max-video-preview:-1\" \/>\n<link rel=\"canonical\" href=\"https:\/\/www.africa-press.net\/centrafricaine\/politique\/tchad-larmee-centrafricaine-accusee-de-crime-de-guerre-contre-des-soldats\" \/>\n<meta property=\"og:locale\" content=\"fr_FR\" \/>\n<meta property=\"og:type\" content=\"article\" \/>\n<meta property=\"og:title\" content=\"l&#039;arm\u00e9e centrafricaine accus\u00e9e de\u00a0&quot;crime de guerre&quot; contre des soldats\" \/>\n<meta property=\"og:description\" content=\"Le Tchad a accus\u00e9, lundi, l\u2019arm\u00e9e centrafricaine d\u2019avoir tu\u00e9 six de ses soldats, dont cinq &quot;enlev\u00e9s et ensuite ex\u00e9cut ...\" \/>\n<meta property=\"og:url\" content=\"https:\/\/www.africa-press.net\/centrafricaine\/politique\/tchad-larmee-centrafricaine-accusee-de-crime-de-guerre-contre-des-soldats\" \/>\n<meta property=\"og:site_name\" content=\"centrafricaine\" \/>\n<meta property=\"article:published_time\" content=\"2021-06-02T10:39:39+00:00\" \/>\n<meta property=\"article:modified_time\" content=\"2021-06-02T12:52:04+00:00\" \/>\n<meta property=\"og:image\" content=\"https:\/\/static.africa-press.net\/centrafricaine\/sites\/45\/2021\/06\/img-60b75d3e603e1.jpg\" \/>\n\t<meta property=\"og:image:width\" content=\"1920\" \/>\n\t<meta property=\"og:image:height\" content=\"1080\" \/>\n\t<meta property=\"og:image:type\" content=\"image\/jpeg\" \/>\n<meta name=\"author\" content=\"cfeditorfr\" \/>\n<meta name=\"twitter:card\" content=\"summary_large_image\" \/>\n<meta name=\"twitter:label1\" content=\"\u00c9crit par\" \/>\n\t<meta name=\"twitter:data1\" content=\"cfeditorfr\" \/>\n\t<meta name=\"twitter:label2\" content=\"Dur\u00e9e de lecture estim\u00e9e\" \/>\n\t<meta name=\"twitter:data2\" content=\"4 minutes\" \/>\n<script type=\"application\/ld+json\" class=\"yoast-schema-graph\">{\"@context\":\"https:\/\/schema.org\",\"@graph\":[{\"@type\":\"Article\",\"@id\":\"https:\/\/www.africa-press.net\/centrafricaine\/politique\/tchad-larmee-centrafricaine-accusee-de-crime-de-guerre-contre-des-soldats#article\",\"isPartOf\":{\"@id\":\"https:\/\/www.africa-press.net\/centrafricaine\/politique\/tchad-larmee-centrafricaine-accusee-de-crime-de-guerre-contre-des-soldats\"},\"author\":{\"name\":\"cfeditorfr\",\"@id\":\"https:\/\/www.africa-press.net\/centrafricaine\/#\/schema\/person\/2b1cf3cd81a31e3cd26889ca66d677f1\"},\"headline\":\"l&rsquo;arm\u00e9e centrafricaine accus\u00e9e de\u00a0\u00ab\u00a0crime de guerre\u00a0\u00bb contre des soldats\",\"datePublished\":\"2021-06-02T10:39:39+00:00\",\"dateModified\":\"2021-06-02T12:52:04+00:00\",\"mainEntityOfPage\":{\"@id\":\"https:\/\/www.africa-press.net\/centrafricaine\/politique\/tchad-larmee-centrafricaine-accusee-de-crime-de-guerre-contre-des-soldats\"},\"wordCount\":819,\"commentCount\":0,\"image\":{\"@id\":\"https:\/\/www.africa-press.net\/centrafricaine\/politique\/tchad-larmee-centrafricaine-accusee-de-crime-de-guerre-contre-des-soldats#primaryimage\"},\"thumbnailUrl\":\"https:\/\/static.africa-press.net\/centrafricaine\/sites\/45\/2021\/06\/img-60b75d3e603e1.jpg\",\"keywords\":[\"Africa Press\",\"Africa Press-CentrAfricaine\",\"CentrAfricaine\",\"Centrafrique\",\"Coup d'\u00c9tat\",\"Jihadistes\",\"Militaire\",\"Tchad\"],\"articleSection\":[\"homepage-french\",\"Politique\",\"Toutes les actualit\u00e9s\",\"vid\u00e9o\"],\"inLanguage\":\"fr-FR\",\"potentialAction\":[{\"@type\":\"CommentAction\",\"name\":\"Comment\",\"target\":[\"https:\/\/www.africa-press.net\/centrafricaine\/politique\/tchad-larmee-centrafricaine-accusee-de-crime-de-guerre-contre-des-soldats#respond\"]}]},{\"@type\":\"WebPage\",\"@id\":\"https:\/\/www.africa-press.net\/centrafricaine\/politique\/tchad-larmee-centrafricaine-accusee-de-crime-de-guerre-contre-des-soldats\",\"url\":\"https:\/\/www.africa-press.net\/centrafricaine\/politique\/tchad-larmee-centrafricaine-accusee-de-crime-de-guerre-contre-des-soldats\",\"name\":\"l'arm\u00e9e centrafricaine accus\u00e9e de\u00a0\\\"crime de guerre\\\" contre des soldats - centrafricaine\",\"isPartOf\":{\"@id\":\"https:\/\/www.africa-press.net\/centrafricaine\/#website\"},\"primaryImageOfPage\":{\"@id\":\"https:\/\/www.africa-press.net\/centrafricaine\/politique\/tchad-larmee-centrafricaine-accusee-de-crime-de-guerre-contre-des-soldats#primaryimage\"},\"image\":{\"@id\":\"https:\/\/www.africa-press.net\/centrafricaine\/politique\/tchad-larmee-centrafricaine-accusee-de-crime-de-guerre-contre-des-soldats#primaryimage\"},\"thumbnailUrl\":\"https:\/\/static.africa-press.net\/centrafricaine\/sites\/45\/2021\/06\/img-60b75d3e603e1.jpg\",\"datePublished\":\"2021-06-02T10:39:39+00:00\",\"dateModified\":\"2021-06-02T12:52:04+00:00\",\"author\":{\"@id\":\"https:\/\/www.africa-press.net\/centrafricaine\/#\/schema\/person\/2b1cf3cd81a31e3cd26889ca66d677f1\"},\"description\":\"Le Tchad a accus\u00e9, lundi, l\u2019arm\u00e9e centrafricaine d\u2019avoir tu\u00e9 six de ses soldats, dont cinq \\\"enlev\u00e9s et ensuite ex\u00e9cut ...\",\"breadcrumb\":{\"@id\":\"https:\/\/www.africa-press.net\/centrafricaine\/politique\/tchad-larmee-centrafricaine-accusee-de-crime-de-guerre-contre-des-soldats#breadcrumb\"},\"inLanguage\":\"fr-FR\",\"potentialAction\":[{\"@type\":\"ReadAction\",\"target\":[\"https:\/\/www.africa-press.net\/centrafricaine\/politique\/tchad-larmee-centrafricaine-accusee-de-crime-de-guerre-contre-des-soldats\"]}]},{\"@type\":\"ImageObject\",\"inLanguage\":\"fr-FR\",\"@id\":\"https:\/\/www.africa-press.net\/centrafricaine\/politique\/tchad-larmee-centrafricaine-accusee-de-crime-de-guerre-contre-des-soldats#primaryimage\",\"url\":\"https:\/\/static.africa-press.net\/centrafricaine\/sites\/45\/2021\/06\/img-60b75d3e603e1.jpg\",\"contentUrl\":\"https:\/\/static.africa-press.net\/centrafricaine\/sites\/45\/2021\/06\/img-60b75d3e603e1.jpg\",\"width\":1920,\"height\":1080,\"caption\":\"Tchad : l'arm\u00e9e centrafricaine accus\u00e9e de\u00a0\\\"crime de guerre\\\" contre des soldats\"},{\"@type\":\"BreadcrumbList\",\"@id\":\"https:\/\/www.africa-press.net\/centrafricaine\/politique\/tchad-larmee-centrafricaine-accusee-de-crime-de-guerre-contre-des-soldats#breadcrumb\",\"itemListElement\":[{\"@type\":\"ListItem\",\"position\":1,\"name\":\"Accueil\",\"item\":\"https:\/\/www.africa-press.net\/centrafricaine\/\"},{\"@type\":\"ListItem\",\"position\":2,\"name\":\"l&#8217;arm\u00e9e centrafricaine accus\u00e9e de\u00a0&#8220;crime de guerre&#8221; contre des soldats\"}]},{\"@type\":\"WebSite\",\"@id\":\"https:\/\/www.africa-press.net\/centrafricaine\/#website\",\"url\":\"https:\/\/www.africa-press.net\/centrafricaine\/\",\"name\":\"centrafricaine\",\"description\":\"Just another Africa News Agency Sites site\",\"potentialAction\":[{\"@type\":\"SearchAction\",\"target\":{\"@type\":\"EntryPoint\",\"urlTemplate\":\"https:\/\/www.africa-press.net\/centrafricaine\/?s={search_term_string}\"},\"query-input\":{\"@type\":\"PropertyValueSpecification\",\"valueRequired\":true,\"valueName\":\"search_term_string\"}}],\"inLanguage\":\"fr-FR\"},{\"@type\":\"Person\",\"@id\":\"https:\/\/www.africa-press.net\/centrafricaine\/#\/schema\/person\/2b1cf3cd81a31e3cd26889ca66d677f1\",\"name\":\"cfeditorfr\"}]}<\/script>\n<!-- \/ Yoast SEO Premium plugin. -->","yoast_head_json":{"title":"l'arm\u00e9e centrafricaine accus\u00e9e de\u00a0\"crime de guerre\" contre des soldats - centrafricaine","description":"Le Tchad a accus\u00e9, lundi, l\u2019arm\u00e9e centrafricaine d\u2019avoir tu\u00e9 six de ses soldats, dont cinq \"enlev\u00e9s et ensuite ex\u00e9cut ...","robots":{"index":"index","follow":"follow","max-snippet":"max-snippet:-1","max-image-preview":"max-image-preview:large","max-video-preview":"max-video-preview:-1"},"canonical":"https:\/\/www.africa-press.net\/centrafricaine\/politique\/tchad-larmee-centrafricaine-accusee-de-crime-de-guerre-contre-des-soldats","og_locale":"fr_FR","og_type":"article","og_title":"l'arm\u00e9e centrafricaine accus\u00e9e de\u00a0\"crime de guerre\" contre des soldats","og_description":"Le Tchad a accus\u00e9, lundi, l\u2019arm\u00e9e centrafricaine d\u2019avoir tu\u00e9 six de ses soldats, dont cinq \"enlev\u00e9s et ensuite ex\u00e9cut ...","og_url":"https:\/\/www.africa-press.net\/centrafricaine\/politique\/tchad-larmee-centrafricaine-accusee-de-crime-de-guerre-contre-des-soldats","og_site_name":"centrafricaine","article_published_time":"2021-06-02T10:39:39+00:00","article_modified_time":"2021-06-02T12:52:04+00:00","og_image":[{"width":1920,"height":1080,"url":"https:\/\/static.africa-press.net\/centrafricaine\/sites\/45\/2021\/06\/img-60b75d3e603e1.jpg","type":"image\/jpeg"}],"author":"cfeditorfr","twitter_card":"summary_large_image","twitter_misc":{"\u00c9crit par":"cfeditorfr","Dur\u00e9e de lecture estim\u00e9e":"4 minutes"},"schema":{"@context":"https:\/\/schema.org","@graph":[{"@type":"Article","@id":"https:\/\/www.africa-press.net\/centrafricaine\/politique\/tchad-larmee-centrafricaine-accusee-de-crime-de-guerre-contre-des-soldats#article","isPartOf":{"@id":"https:\/\/www.africa-press.net\/centrafricaine\/politique\/tchad-larmee-centrafricaine-accusee-de-crime-de-guerre-contre-des-soldats"},"author":{"name":"cfeditorfr","@id":"https:\/\/www.africa-press.net\/centrafricaine\/#\/schema\/person\/2b1cf3cd81a31e3cd26889ca66d677f1"},"headline":"l&rsquo;arm\u00e9e centrafricaine accus\u00e9e de\u00a0\u00ab\u00a0crime de guerre\u00a0\u00bb contre des soldats","datePublished":"2021-06-02T10:39:39+00:00","dateModified":"2021-06-02T12:52:04+00:00","mainEntityOfPage":{"@id":"https:\/\/www.africa-press.net\/centrafricaine\/politique\/tchad-larmee-centrafricaine-accusee-de-crime-de-guerre-contre-des-soldats"},"wordCount":819,"commentCount":0,"image":{"@id":"https:\/\/www.africa-press.net\/centrafricaine\/politique\/tchad-larmee-centrafricaine-accusee-de-crime-de-guerre-contre-des-soldats#primaryimage"},"thumbnailUrl":"https:\/\/static.africa-press.net\/centrafricaine\/sites\/45\/2021\/06\/img-60b75d3e603e1.jpg","keywords":["Africa Press","Africa Press-CentrAfricaine","CentrAfricaine","Centrafrique","Coup d'\u00c9tat","Jihadistes","Militaire","Tchad"],"articleSection":["homepage-french","Politique","Toutes les actualit\u00e9s","vid\u00e9o"],"inLanguage":"fr-FR","potentialAction":[{"@type":"CommentAction","name":"Comment","target":["https:\/\/www.africa-press.net\/centrafricaine\/politique\/tchad-larmee-centrafricaine-accusee-de-crime-de-guerre-contre-des-soldats#respond"]}]},{"@type":"WebPage","@id":"https:\/\/www.africa-press.net\/centrafricaine\/politique\/tchad-larmee-centrafricaine-accusee-de-crime-de-guerre-contre-des-soldats","url":"https:\/\/www.africa-press.net\/centrafricaine\/politique\/tchad-larmee-centrafricaine-accusee-de-crime-de-guerre-contre-des-soldats","name":"l'arm\u00e9e centrafricaine accus\u00e9e de\u00a0\"crime de guerre\" contre des soldats - centrafricaine","isPartOf":{"@id":"https:\/\/www.africa-press.net\/centrafricaine\/#website"},"primaryImageOfPage":{"@id":"https:\/\/www.africa-press.net\/centrafricaine\/politique\/tchad-larmee-centrafricaine-accusee-de-crime-de-guerre-contre-des-soldats#primaryimage"},"image":{"@id":"https:\/\/www.africa-press.net\/centrafricaine\/politique\/tchad-larmee-centrafricaine-accusee-de-crime-de-guerre-contre-des-soldats#primaryimage"},"thumbnailUrl":"https:\/\/static.africa-press.net\/centrafricaine\/sites\/45\/2021\/06\/img-60b75d3e603e1.jpg","datePublished":"2021-06-02T10:39:39+00:00","dateModified":"2021-06-02T12:52:04+00:00","author":{"@id":"https:\/\/www.africa-press.net\/centrafricaine\/#\/schema\/person\/2b1cf3cd81a31e3cd26889ca66d677f1"},"description":"Le Tchad a accus\u00e9, lundi, l\u2019arm\u00e9e centrafricaine d\u2019avoir tu\u00e9 six de ses soldats, dont cinq \"enlev\u00e9s et ensuite ex\u00e9cut ...","breadcrumb":{"@id":"https:\/\/www.africa-press.net\/centrafricaine\/politique\/tchad-larmee-centrafricaine-accusee-de-crime-de-guerre-contre-des-soldats#breadcrumb"},"inLanguage":"fr-FR","potentialAction":[{"@type":"ReadAction","target":["https:\/\/www.africa-press.net\/centrafricaine\/politique\/tchad-larmee-centrafricaine-accusee-de-crime-de-guerre-contre-des-soldats"]}]},{"@type":"ImageObject","inLanguage":"fr-FR","@id":"https:\/\/www.africa-press.net\/centrafricaine\/politique\/tchad-larmee-centrafricaine-accusee-de-crime-de-guerre-contre-des-soldats#primaryimage","url":"https:\/\/static.africa-press.net\/centrafricaine\/sites\/45\/2021\/06\/img-60b75d3e603e1.jpg","contentUrl":"https:\/\/static.africa-press.net\/centrafricaine\/sites\/45\/2021\/06\/img-60b75d3e603e1.jpg","width":1920,"height":1080,"caption":"Tchad : l'arm\u00e9e centrafricaine accus\u00e9e de\u00a0\"crime de guerre\" contre des soldats"},{"@type":"BreadcrumbList","@id":"https:\/\/www.africa-press.net\/centrafricaine\/politique\/tchad-larmee-centrafricaine-accusee-de-crime-de-guerre-contre-des-soldats#breadcrumb","itemListElement":[{"@type":"ListItem","position":1,"name":"Accueil","item":"https:\/\/www.africa-press.net\/centrafricaine\/"},{"@type":"ListItem","position":2,"name":"l&#8217;arm\u00e9e centrafricaine accus\u00e9e de\u00a0&#8220;crime de guerre&#8221; contre des soldats"}]},{"@type":"WebSite","@id":"https:\/\/www.africa-press.net\/centrafricaine\/#website","url":"https:\/\/www.africa-press.net\/centrafricaine\/","name":"centrafricaine","description":"Just another Africa News Agency Sites site","potentialAction":[{"@type":"SearchAction","target":{"@type":"EntryPoint","urlTemplate":"https:\/\/www.africa-press.net\/centrafricaine\/?s={search_term_string}"},"query-input":{"@type":"PropertyValueSpecification","valueRequired":true,"valueName":"search_term_string"}}],"inLanguage":"fr-FR"},{"@type":"Person","@id":"https:\/\/www.africa-press.net\/centrafricaine\/#\/schema\/person\/2b1cf3cd81a31e3cd26889ca66d677f1","name":"cfeditorfr"}]}},"_links":{"self":[{"href":"https:\/\/www.africa-press.net\/centrafricaine\/wp-json\/wp\/v2\/posts\/7578","targetHints":{"allow":["GET"]}}],"collection":[{"href":"https:\/\/www.africa-press.net\/centrafricaine\/wp-json\/wp\/v2\/posts"}],"about":[{"href":"https:\/\/www.africa-press.net\/centrafricaine\/wp-json\/wp\/v2\/types\/post"}],"author":[{"embeddable":true,"href":"https:\/\/www.africa-press.net\/centrafricaine\/wp-json\/wp\/v2\/users\/82"}],"replies":[{"embeddable":true,"href":"https:\/\/www.africa-press.net\/centrafricaine\/wp-json\/wp\/v2\/comments?post=7578"}],"version-history":[{"count":0,"href":"https:\/\/www.africa-press.net\/centrafricaine\/wp-json\/wp\/v2\/posts\/7578\/revisions"}],"wp:featuredmedia":[{"embeddable":true,"href":"https:\/\/www.africa-press.net\/centrafricaine\/wp-json\/wp\/v2\/media\/7577"}],"wp:attachment":[{"href":"https:\/\/www.africa-press.net\/centrafricaine\/wp-json\/wp\/v2\/media?parent=7578"}],"wp:term":[{"taxonomy":"category","embeddable":true,"href":"https:\/\/www.africa-press.net\/centrafricaine\/wp-json\/wp\/v2\/categories?post=7578"},{"taxonomy":"post_tag","embeddable":true,"href":"https:\/\/www.africa-press.net\/centrafricaine\/wp-json\/wp\/v2\/tags?post=7578"}],"curies":[{"name":"wp","href":"https:\/\/api.w.org\/{rel}","templated":true}]}}