{"id":7581,"date":"2021-06-02T10:45:16","date_gmt":"2021-06-02T10:45:16","guid":{"rendered":"https:\/\/www.africa-press.net\/centrafricaine\/?p=7581"},"modified":"2021-06-02T12:52:15","modified_gmt":"2021-06-02T12:52:15","slug":"montee-de-tension-avec-le-tchad-ndjamena-refuse-de-voir-la-delegation-centrafricaine","status":"publish","type":"post","link":"https:\/\/www.africa-press.net\/centrafricaine\/politique\/montee-de-tension-avec-le-tchad-ndjamena-refuse-de-voir-la-delegation-centrafricaine","title":{"rendered":"Mont\u00e9e de tension avec le Tchad: Ndjamena refuse de voir la d\u00e9l\u00e9gation centrafricaine"},"content":{"rendered":"<p><span style=\"color: #ff6600\"><strong><a href=\"https:\/\/www.africa-press.net\/\">Africa-Press<\/a> &#8211; <a href=\"https:\/\/www.africa-press.net\/centrafricaine\">CentrAfricaine<\/a>. <\/strong><\/span><b>\u00a0C\u2019est d\u00e9cid\u00e9 c\u00f4t\u00e9 centrafricain, plus de d\u00e9claration et autres pol\u00e9miques sur le sujet. Le gouvernement \u00ab ne veut pas mettre de l\u2019huile sur le feu \u00bb, justifie un de ses membres, car il cherche \u00e0 trouver une solution politique avec son puissant voisin. \u00ab Trois ministres centrafricains \u00bb, D\u00e9fense nationale, S\u00e9curit\u00e9 publique et Affaires \u00e9trang\u00e8res, \u00ab sont en route pour Ndjamena, o\u00f9 ils esp\u00e8rent \u00eatre re\u00e7us au plus haut niveau demain \u00bb, selon notre source. Leur objectif, tenter de d\u00e9samorcer cette grave crise politico-diplomatique avec le Tchad.<\/b><\/p>\n<p>Mais les choses ne sont pas aussi simples. Les trois ministres \u00ab sont coinc\u00e9s depuis lundi \u00e0 Douala, au Cameroun, o\u00f9 ils attendent le feu vert du gouvernement tchadien \u00bb, r\u00e9v\u00e8le une source diplomatique dans la r\u00e9gion. Pour rappel, le chef de la diplomatie tchadienne, Ch\u00e9rif Mahamat Zene a rejet\u00e9 lundi toute id\u00e9e de recevoir un \u00e9missaire centrafricain tant que \u00ab ce pays n\u2019a pas reconnu son agression contre le Tchad \u00bb.<\/p>\n<p>Un de ses coll\u00e8gues a r\u00e9it\u00e9r\u00e9 ce refus \u00e0 RFI ce mardi matin, mais en coulisse plusieurs pays de la r\u00e9gion tentent de jouer les bons offices. Les chefs d\u2019\u00c9tat du Tchad et de la Centrafrique se sont d\u00e9j\u00e0 parl\u00e9 au t\u00e9l\u00e9phone, se r\u00e9jouit-on \u00e0 Bangui, o\u00f9 l\u2019on esp\u00e8re donc que la col\u00e8re est en train de retomber du c\u00f4t\u00e9 de Ndjamena.<\/p>\n<p>Ce qui n\u2019est pas encore une certitude surtout si l\u2019on croit les propos de plusieurs hauts responsables de ce pays qui se sentent \u00ab humili\u00e9s par l\u2019agression de la Centrafrique \u00bb de dimanche. \u00ab Depuis qu\u2019ils ont des Russes qui font le coup de feu pour eux, les Centrafricains se croient invincibles \u00bb, a expliqu\u00e9 l\u2019un d\u2019eux. \u00ab Ils vont le payer cher \u00bb, a-t-il ajout\u00e9.<\/p>\n<p>&nbsp;<\/p>\n","protected":false},"excerpt":{"rendered":"<p>Africa-Press &#8211; CentrAfricaine. \u00a0C\u2019est d\u00e9cid\u00e9 c\u00f4t\u00e9 centrafricain, plus de d\u00e9claration et autres pol\u00e9miques sur le sujet. Le gouvernement \u00ab ne veut pas mettre de l\u2019huile sur le feu \u00bb, justifie un de ses membres, car il cherche \u00e0 trouver une solution politique avec son puissant voisin. \u00ab Trois ministres centrafricains \u00bb, D\u00e9fense nationale, S\u00e9curit\u00e9 publique [&hellip;]<\/p>\n","protected":false},"author":82,"featured_media":7580,"comment_status":"open","ping_status":"closed","sticky":false,"template":"","format":"standard","meta":{"footnotes":""},"categories":[11,2,10],"tags":[36,58,30],"class_list":["post-7581","post","type-post","status-publish","format-standard","has-post-thumbnail","hentry","category-homepage-french","category-politique","category-toutes-les-actualites","tag-africa-press","tag-africa-press-centrafricaine","tag-centrafricaine"],"yoast_head":"<!-- This site is optimized with the Yoast SEO Premium plugin v26.1 (Yoast SEO v27.0) - https:\/\/yoast.com\/product\/yoast-seo-premium-wordpress\/ -->\n<title>Mont\u00e9e de tension avec le Tchad: Ndjamena refuse de voir la d\u00e9l\u00e9gation centrafricaine - centrafricaine<\/title>\n<meta name=\"description\" content=\"Bangui ( R\u00e9publique centrafricaine ) \u2013 C\u2019est d\u00e9cid\u00e9 c\u00f4t\u00e9 centrafricain, plus de d\u00e9claration et autres pol\u00e9miques sur ...\" \/>\n<meta name=\"robots\" content=\"index, follow, max-snippet:-1, max-image-preview:large, max-video-preview:-1\" \/>\n<link rel=\"canonical\" href=\"https:\/\/www.africa-press.net\/centrafricaine\/politique\/montee-de-tension-avec-le-tchad-ndjamena-refuse-de-voir-la-delegation-centrafricaine\" \/>\n<meta property=\"og:locale\" content=\"fr_FR\" \/>\n<meta property=\"og:type\" content=\"article\" \/>\n<meta property=\"og:title\" content=\"Mont\u00e9e de tension avec le Tchad: Ndjamena refuse de voir la d\u00e9l\u00e9gation centrafricaine\" \/>\n<meta property=\"og:description\" content=\"Bangui ( R\u00e9publique centrafricaine ) \u2013 C\u2019est d\u00e9cid\u00e9 c\u00f4t\u00e9 centrafricain, plus de d\u00e9claration et autres pol\u00e9miques sur ...\" \/>\n<meta property=\"og:url\" content=\"https:\/\/www.africa-press.net\/centrafricaine\/politique\/montee-de-tension-avec-le-tchad-ndjamena-refuse-de-voir-la-delegation-centrafricaine\" \/>\n<meta property=\"og:site_name\" content=\"centrafricaine\" \/>\n<meta property=\"article:published_time\" content=\"2021-06-02T10:45:16+00:00\" \/>\n<meta property=\"article:modified_time\" content=\"2021-06-02T12:52:15+00:00\" \/>\n<meta property=\"og:image\" content=\"https:\/\/static.africa-press.net\/centrafricaine\/sites\/45\/2021\/06\/img-60b75d702d0e4.jpg\" \/>\n\t<meta property=\"og:image:width\" content=\"720\" \/>\n\t<meta property=\"og:image:height\" content=\"478\" \/>\n\t<meta property=\"og:image:type\" content=\"image\/jpeg\" \/>\n<meta name=\"author\" content=\"cfeditorfr\" \/>\n<meta name=\"twitter:card\" content=\"summary_large_image\" \/>\n<meta name=\"twitter:label1\" content=\"\u00c9crit par\" \/>\n\t<meta name=\"twitter:data1\" content=\"cfeditorfr\" \/>\n\t<meta name=\"twitter:label2\" content=\"Dur\u00e9e de lecture estim\u00e9e\" \/>\n\t<meta name=\"twitter:data2\" content=\"2 minutes\" \/>\n<script type=\"application\/ld+json\" class=\"yoast-schema-graph\">{\"@context\":\"https:\/\/schema.org\",\"@graph\":[{\"@type\":\"Article\",\"@id\":\"https:\/\/www.africa-press.net\/centrafricaine\/politique\/montee-de-tension-avec-le-tchad-ndjamena-refuse-de-voir-la-delegation-centrafricaine#article\",\"isPartOf\":{\"@id\":\"https:\/\/www.africa-press.net\/centrafricaine\/politique\/montee-de-tension-avec-le-tchad-ndjamena-refuse-de-voir-la-delegation-centrafricaine\"},\"author\":{\"name\":\"cfeditorfr\",\"@id\":\"https:\/\/www.africa-press.net\/centrafricaine\/#\/schema\/person\/2b1cf3cd81a31e3cd26889ca66d677f1\"},\"headline\":\"Mont\u00e9e de tension avec le Tchad: Ndjamena refuse de voir la d\u00e9l\u00e9gation centrafricaine\",\"datePublished\":\"2021-06-02T10:45:16+00:00\",\"dateModified\":\"2021-06-02T12:52:15+00:00\",\"mainEntityOfPage\":{\"@id\":\"https:\/\/www.africa-press.net\/centrafricaine\/politique\/montee-de-tension-avec-le-tchad-ndjamena-refuse-de-voir-la-delegation-centrafricaine\"},\"wordCount\":326,\"commentCount\":0,\"image\":{\"@id\":\"https:\/\/www.africa-press.net\/centrafricaine\/politique\/montee-de-tension-avec-le-tchad-ndjamena-refuse-de-voir-la-delegation-centrafricaine#primaryimage\"},\"thumbnailUrl\":\"https:\/\/static.africa-press.net\/centrafricaine\/sites\/45\/2021\/06\/img-60b75d702d0e4.jpg\",\"keywords\":[\"Africa Press\",\"Africa Press-CentrAfricaine\",\"CentrAfricaine\"],\"articleSection\":[\"homepage-french\",\"Politique\",\"Toutes les actualit\u00e9s\"],\"inLanguage\":\"fr-FR\",\"potentialAction\":[{\"@type\":\"CommentAction\",\"name\":\"Comment\",\"target\":[\"https:\/\/www.africa-press.net\/centrafricaine\/politique\/montee-de-tension-avec-le-tchad-ndjamena-refuse-de-voir-la-delegation-centrafricaine#respond\"]}]},{\"@type\":\"WebPage\",\"@id\":\"https:\/\/www.africa-press.net\/centrafricaine\/politique\/montee-de-tension-avec-le-tchad-ndjamena-refuse-de-voir-la-delegation-centrafricaine\",\"url\":\"https:\/\/www.africa-press.net\/centrafricaine\/politique\/montee-de-tension-avec-le-tchad-ndjamena-refuse-de-voir-la-delegation-centrafricaine\",\"name\":\"Mont\u00e9e de tension avec le Tchad: Ndjamena refuse de voir la d\u00e9l\u00e9gation centrafricaine - centrafricaine\",\"isPartOf\":{\"@id\":\"https:\/\/www.africa-press.net\/centrafricaine\/#website\"},\"primaryImageOfPage\":{\"@id\":\"https:\/\/www.africa-press.net\/centrafricaine\/politique\/montee-de-tension-avec-le-tchad-ndjamena-refuse-de-voir-la-delegation-centrafricaine#primaryimage\"},\"image\":{\"@id\":\"https:\/\/www.africa-press.net\/centrafricaine\/politique\/montee-de-tension-avec-le-tchad-ndjamena-refuse-de-voir-la-delegation-centrafricaine#primaryimage\"},\"thumbnailUrl\":\"https:\/\/static.africa-press.net\/centrafricaine\/sites\/45\/2021\/06\/img-60b75d702d0e4.jpg\",\"datePublished\":\"2021-06-02T10:45:16+00:00\",\"dateModified\":\"2021-06-02T12:52:15+00:00\",\"author\":{\"@id\":\"https:\/\/www.africa-press.net\/centrafricaine\/#\/schema\/person\/2b1cf3cd81a31e3cd26889ca66d677f1\"},\"description\":\"Bangui ( R\u00e9publique centrafricaine ) \u2013 C\u2019est d\u00e9cid\u00e9 c\u00f4t\u00e9 centrafricain, plus de d\u00e9claration et autres pol\u00e9miques sur ...\",\"breadcrumb\":{\"@id\":\"https:\/\/www.africa-press.net\/centrafricaine\/politique\/montee-de-tension-avec-le-tchad-ndjamena-refuse-de-voir-la-delegation-centrafricaine#breadcrumb\"},\"inLanguage\":\"fr-FR\",\"potentialAction\":[{\"@type\":\"ReadAction\",\"target\":[\"https:\/\/www.africa-press.net\/centrafricaine\/politique\/montee-de-tension-avec-le-tchad-ndjamena-refuse-de-voir-la-delegation-centrafricaine\"]}]},{\"@type\":\"ImageObject\",\"inLanguage\":\"fr-FR\",\"@id\":\"https:\/\/www.africa-press.net\/centrafricaine\/politique\/montee-de-tension-avec-le-tchad-ndjamena-refuse-de-voir-la-delegation-centrafricaine#primaryimage\",\"url\":\"https:\/\/static.africa-press.net\/centrafricaine\/sites\/45\/2021\/06\/img-60b75d702d0e4.jpg\",\"contentUrl\":\"https:\/\/static.africa-press.net\/centrafricaine\/sites\/45\/2021\/06\/img-60b75d702d0e4.jpg\",\"width\":720,\"height\":478,\"caption\":\"Mont\u00e9e de tension avec le Tchad: Ndjamena refuse de voir la d\u00e9l\u00e9gation centrafricaine\"},{\"@type\":\"BreadcrumbList\",\"@id\":\"https:\/\/www.africa-press.net\/centrafricaine\/politique\/montee-de-tension-avec-le-tchad-ndjamena-refuse-de-voir-la-delegation-centrafricaine#breadcrumb\",\"itemListElement\":[{\"@type\":\"ListItem\",\"position\":1,\"name\":\"Accueil\",\"item\":\"https:\/\/www.africa-press.net\/centrafricaine\/\"},{\"@type\":\"ListItem\",\"position\":2,\"name\":\"Mont\u00e9e de tension avec le Tchad: Ndjamena refuse de voir la d\u00e9l\u00e9gation centrafricaine\"}]},{\"@type\":\"WebSite\",\"@id\":\"https:\/\/www.africa-press.net\/centrafricaine\/#website\",\"url\":\"https:\/\/www.africa-press.net\/centrafricaine\/\",\"name\":\"centrafricaine\",\"description\":\"Just another Africa News Agency Sites site\",\"potentialAction\":[{\"@type\":\"SearchAction\",\"target\":{\"@type\":\"EntryPoint\",\"urlTemplate\":\"https:\/\/www.africa-press.net\/centrafricaine\/?s={search_term_string}\"},\"query-input\":{\"@type\":\"PropertyValueSpecification\",\"valueRequired\":true,\"valueName\":\"search_term_string\"}}],\"inLanguage\":\"fr-FR\"},{\"@type\":\"Person\",\"@id\":\"https:\/\/www.africa-press.net\/centrafricaine\/#\/schema\/person\/2b1cf3cd81a31e3cd26889ca66d677f1\",\"name\":\"cfeditorfr\"}]}<\/script>\n<!-- \/ Yoast SEO Premium plugin. -->","yoast_head_json":{"title":"Mont\u00e9e de tension avec le Tchad: Ndjamena refuse de voir la d\u00e9l\u00e9gation centrafricaine - centrafricaine","description":"Bangui ( R\u00e9publique centrafricaine ) \u2013 C\u2019est d\u00e9cid\u00e9 c\u00f4t\u00e9 centrafricain, plus de d\u00e9claration et autres pol\u00e9miques sur ...","robots":{"index":"index","follow":"follow","max-snippet":"max-snippet:-1","max-image-preview":"max-image-preview:large","max-video-preview":"max-video-preview:-1"},"canonical":"https:\/\/www.africa-press.net\/centrafricaine\/politique\/montee-de-tension-avec-le-tchad-ndjamena-refuse-de-voir-la-delegation-centrafricaine","og_locale":"fr_FR","og_type":"article","og_title":"Mont\u00e9e de tension avec le Tchad: Ndjamena refuse de voir la d\u00e9l\u00e9gation centrafricaine","og_description":"Bangui ( R\u00e9publique centrafricaine ) \u2013 C\u2019est d\u00e9cid\u00e9 c\u00f4t\u00e9 centrafricain, plus de d\u00e9claration et autres pol\u00e9miques sur ...","og_url":"https:\/\/www.africa-press.net\/centrafricaine\/politique\/montee-de-tension-avec-le-tchad-ndjamena-refuse-de-voir-la-delegation-centrafricaine","og_site_name":"centrafricaine","article_published_time":"2021-06-02T10:45:16+00:00","article_modified_time":"2021-06-02T12:52:15+00:00","og_image":[{"width":720,"height":478,"url":"https:\/\/static.africa-press.net\/centrafricaine\/sites\/45\/2021\/06\/img-60b75d702d0e4.jpg","type":"image\/jpeg"}],"author":"cfeditorfr","twitter_card":"summary_large_image","twitter_misc":{"\u00c9crit par":"cfeditorfr","Dur\u00e9e de lecture estim\u00e9e":"2 minutes"},"schema":{"@context":"https:\/\/schema.org","@graph":[{"@type":"Article","@id":"https:\/\/www.africa-press.net\/centrafricaine\/politique\/montee-de-tension-avec-le-tchad-ndjamena-refuse-de-voir-la-delegation-centrafricaine#article","isPartOf":{"@id":"https:\/\/www.africa-press.net\/centrafricaine\/politique\/montee-de-tension-avec-le-tchad-ndjamena-refuse-de-voir-la-delegation-centrafricaine"},"author":{"name":"cfeditorfr","@id":"https:\/\/www.africa-press.net\/centrafricaine\/#\/schema\/person\/2b1cf3cd81a31e3cd26889ca66d677f1"},"headline":"Mont\u00e9e de tension avec le Tchad: Ndjamena refuse de voir la d\u00e9l\u00e9gation centrafricaine","datePublished":"2021-06-02T10:45:16+00:00","dateModified":"2021-06-02T12:52:15+00:00","mainEntityOfPage":{"@id":"https:\/\/www.africa-press.net\/centrafricaine\/politique\/montee-de-tension-avec-le-tchad-ndjamena-refuse-de-voir-la-delegation-centrafricaine"},"wordCount":326,"commentCount":0,"image":{"@id":"https:\/\/www.africa-press.net\/centrafricaine\/politique\/montee-de-tension-avec-le-tchad-ndjamena-refuse-de-voir-la-delegation-centrafricaine#primaryimage"},"thumbnailUrl":"https:\/\/static.africa-press.net\/centrafricaine\/sites\/45\/2021\/06\/img-60b75d702d0e4.jpg","keywords":["Africa Press","Africa Press-CentrAfricaine","CentrAfricaine"],"articleSection":["homepage-french","Politique","Toutes les actualit\u00e9s"],"inLanguage":"fr-FR","potentialAction":[{"@type":"CommentAction","name":"Comment","target":["https:\/\/www.africa-press.net\/centrafricaine\/politique\/montee-de-tension-avec-le-tchad-ndjamena-refuse-de-voir-la-delegation-centrafricaine#respond"]}]},{"@type":"WebPage","@id":"https:\/\/www.africa-press.net\/centrafricaine\/politique\/montee-de-tension-avec-le-tchad-ndjamena-refuse-de-voir-la-delegation-centrafricaine","url":"https:\/\/www.africa-press.net\/centrafricaine\/politique\/montee-de-tension-avec-le-tchad-ndjamena-refuse-de-voir-la-delegation-centrafricaine","name":"Mont\u00e9e de tension avec le Tchad: Ndjamena refuse de voir la d\u00e9l\u00e9gation centrafricaine - centrafricaine","isPartOf":{"@id":"https:\/\/www.africa-press.net\/centrafricaine\/#website"},"primaryImageOfPage":{"@id":"https:\/\/www.africa-press.net\/centrafricaine\/politique\/montee-de-tension-avec-le-tchad-ndjamena-refuse-de-voir-la-delegation-centrafricaine#primaryimage"},"image":{"@id":"https:\/\/www.africa-press.net\/centrafricaine\/politique\/montee-de-tension-avec-le-tchad-ndjamena-refuse-de-voir-la-delegation-centrafricaine#primaryimage"},"thumbnailUrl":"https:\/\/static.africa-press.net\/centrafricaine\/sites\/45\/2021\/06\/img-60b75d702d0e4.jpg","datePublished":"2021-06-02T10:45:16+00:00","dateModified":"2021-06-02T12:52:15+00:00","author":{"@id":"https:\/\/www.africa-press.net\/centrafricaine\/#\/schema\/person\/2b1cf3cd81a31e3cd26889ca66d677f1"},"description":"Bangui ( R\u00e9publique centrafricaine ) \u2013 C\u2019est d\u00e9cid\u00e9 c\u00f4t\u00e9 centrafricain, plus de d\u00e9claration et autres pol\u00e9miques sur ...","breadcrumb":{"@id":"https:\/\/www.africa-press.net\/centrafricaine\/politique\/montee-de-tension-avec-le-tchad-ndjamena-refuse-de-voir-la-delegation-centrafricaine#breadcrumb"},"inLanguage":"fr-FR","potentialAction":[{"@type":"ReadAction","target":["https:\/\/www.africa-press.net\/centrafricaine\/politique\/montee-de-tension-avec-le-tchad-ndjamena-refuse-de-voir-la-delegation-centrafricaine"]}]},{"@type":"ImageObject","inLanguage":"fr-FR","@id":"https:\/\/www.africa-press.net\/centrafricaine\/politique\/montee-de-tension-avec-le-tchad-ndjamena-refuse-de-voir-la-delegation-centrafricaine#primaryimage","url":"https:\/\/static.africa-press.net\/centrafricaine\/sites\/45\/2021\/06\/img-60b75d702d0e4.jpg","contentUrl":"https:\/\/static.africa-press.net\/centrafricaine\/sites\/45\/2021\/06\/img-60b75d702d0e4.jpg","width":720,"height":478,"caption":"Mont\u00e9e de tension avec le Tchad: Ndjamena refuse de voir la d\u00e9l\u00e9gation centrafricaine"},{"@type":"BreadcrumbList","@id":"https:\/\/www.africa-press.net\/centrafricaine\/politique\/montee-de-tension-avec-le-tchad-ndjamena-refuse-de-voir-la-delegation-centrafricaine#breadcrumb","itemListElement":[{"@type":"ListItem","position":1,"name":"Accueil","item":"https:\/\/www.africa-press.net\/centrafricaine\/"},{"@type":"ListItem","position":2,"name":"Mont\u00e9e de tension avec le Tchad: Ndjamena refuse de voir la d\u00e9l\u00e9gation centrafricaine"}]},{"@type":"WebSite","@id":"https:\/\/www.africa-press.net\/centrafricaine\/#website","url":"https:\/\/www.africa-press.net\/centrafricaine\/","name":"centrafricaine","description":"Just another Africa News Agency Sites site","potentialAction":[{"@type":"SearchAction","target":{"@type":"EntryPoint","urlTemplate":"https:\/\/www.africa-press.net\/centrafricaine\/?s={search_term_string}"},"query-input":{"@type":"PropertyValueSpecification","valueRequired":true,"valueName":"search_term_string"}}],"inLanguage":"fr-FR"},{"@type":"Person","@id":"https:\/\/www.africa-press.net\/centrafricaine\/#\/schema\/person\/2b1cf3cd81a31e3cd26889ca66d677f1","name":"cfeditorfr"}]}},"_links":{"self":[{"href":"https:\/\/www.africa-press.net\/centrafricaine\/wp-json\/wp\/v2\/posts\/7581","targetHints":{"allow":["GET"]}}],"collection":[{"href":"https:\/\/www.africa-press.net\/centrafricaine\/wp-json\/wp\/v2\/posts"}],"about":[{"href":"https:\/\/www.africa-press.net\/centrafricaine\/wp-json\/wp\/v2\/types\/post"}],"author":[{"embeddable":true,"href":"https:\/\/www.africa-press.net\/centrafricaine\/wp-json\/wp\/v2\/users\/82"}],"replies":[{"embeddable":true,"href":"https:\/\/www.africa-press.net\/centrafricaine\/wp-json\/wp\/v2\/comments?post=7581"}],"version-history":[{"count":0,"href":"https:\/\/www.africa-press.net\/centrafricaine\/wp-json\/wp\/v2\/posts\/7581\/revisions"}],"wp:featuredmedia":[{"embeddable":true,"href":"https:\/\/www.africa-press.net\/centrafricaine\/wp-json\/wp\/v2\/media\/7580"}],"wp:attachment":[{"href":"https:\/\/www.africa-press.net\/centrafricaine\/wp-json\/wp\/v2\/media?parent=7581"}],"wp:term":[{"taxonomy":"category","embeddable":true,"href":"https:\/\/www.africa-press.net\/centrafricaine\/wp-json\/wp\/v2\/categories?post=7581"},{"taxonomy":"post_tag","embeddable":true,"href":"https:\/\/www.africa-press.net\/centrafricaine\/wp-json\/wp\/v2\/tags?post=7581"}],"curies":[{"name":"wp","href":"https:\/\/api.w.org\/{rel}","templated":true}]}}