{"id":7590,"date":"2021-06-02T11:09:19","date_gmt":"2021-06-02T11:09:19","guid":{"rendered":"https:\/\/www.africa-press.net\/centrafricaine\/?p=7590"},"modified":"2021-06-02T12:52:48","modified_gmt":"2021-06-02T12:52:48","slug":"rca-une-visite-de-haut-niveau-de-lonu-de-lua-de-la-ceeac-et-de-lue-attendue-a-bangui-ce-mercredi","status":"publish","type":"post","link":"https:\/\/www.africa-press.net\/centrafricaine\/politique\/rca-une-visite-de-haut-niveau-de-lonu-de-lua-de-la-ceeac-et-de-lue-attendue-a-bangui-ce-mercredi","title":{"rendered":"une visite de haut niveau de l\u2019ONU, de l\u2019UA, de la CEEAC et de l\u2019UE attendue \u00e0 Bangui ce mercredi"},"content":{"rendered":"<p><span style=\"color: #ff6600\"><strong><a href=\"https:\/\/www.africa-press.net\/\">Africa-Press<\/a> &#8211; <a href=\"https:\/\/www.africa-press.net\/centrafricaine\">CentrAfricaine<\/a>.\u00a0 <\/strong><\/span>\u00a0Le Secr\u00e9taire g\u00e9n\u00e9ral adjoint aux op\u00e9rations de paix, M. Jean-Pierre Lacroix, accompagn\u00e9 de hauts fonctionnaires de l\u2019Union africaine, de l\u2019Union europ\u00e9enne et de la Communaut\u00e9 \u00e9conomique des \u00c9tats de l\u2019Afrique centrale (CEEAC), entamera ce mercredi 2 juin une visite de haut niveau de quatre jours en R\u00e9publique centrafricaine en vue de fournir un appui unifi\u00e9 aux efforts de revitalisation du processus de paix.<\/p>\n<p>Au cours de cette visite conjointe \u00e0 Bangui, ils rencontreront diverses parties prenantes, notamment les autorit\u00e9s nationales, les partis politiques, y compris l\u2019opposition politique, la soci\u00e9t\u00e9 civile et des organisations de femmes.<\/p>\n<p>Pendant ce temps, la Mission multidimensionnelle int\u00e9gr\u00e9e des Nations Unies pour la stabilisation en R\u00e9publique centrafricaine (MINUSCA) indique que l\u2019Autorit\u00e9 nationale des \u00e9lections a publi\u00e9, hier, les r\u00e9sultats provisoires des \u00e9lections l\u00e9gislatives du 23 mai. Quarante-quatre candidats ont \u00e9t\u00e9 d\u00e9clar\u00e9s provisoirement \u00e9lus, sur les 50 si\u00e8ges \u00e0 pourvoir lors de ce tour des \u00e9lections. Les r\u00e9sultats d\u00e9finitifs devraient \u00eatre proclam\u00e9s par la Cour constitutionnelle le 28 juin. Un second tour est pr\u00e9vu le 25 juillet dans les six circonscriptions restantes o\u00f9 aucun candidat n\u2019a obtenu la majorit\u00e9 absolue.<\/p>\n<p><b>\u00a0<\/b><\/p>\n","protected":false},"excerpt":{"rendered":"<p>Africa-Press &#8211; CentrAfricaine.\u00a0 \u00a0Le Secr\u00e9taire g\u00e9n\u00e9ral adjoint aux op\u00e9rations de paix, M. Jean-Pierre Lacroix, accompagn\u00e9 de hauts fonctionnaires de l\u2019Union africaine, de l\u2019Union europ\u00e9enne et de la Communaut\u00e9 \u00e9conomique des \u00c9tats de l\u2019Afrique centrale (CEEAC), entamera ce mercredi 2 juin une visite de haut niveau de quatre jours en R\u00e9publique centrafricaine en vue de fournir [&hellip;]<\/p>\n","protected":false},"author":82,"featured_media":7589,"comment_status":"open","ping_status":"closed","sticky":false,"template":"","format":"standard","meta":{"footnotes":""},"categories":[11,2,10],"tags":[36,58,30],"class_list":["post-7590","post","type-post","status-publish","format-standard","has-post-thumbnail","hentry","category-homepage-french","category-politique","category-toutes-les-actualites","tag-africa-press","tag-africa-press-centrafricaine","tag-centrafricaine"],"yoast_head":"<!-- This site is optimized with the Yoast SEO Premium plugin v26.1 (Yoast SEO v27.0) - https:\/\/yoast.com\/product\/yoast-seo-premium-wordpress\/ -->\n<title>une visite de haut niveau de l\u2019ONU, de l\u2019UA, de la CEEAC et de l\u2019UE attendue \u00e0 Bangui ce mercredi - centrafricaine<\/title>\n<meta name=\"description\" content=\"Bangui, R\u00e9publique centrafricaine, mercredi, 2 juin 2021, 03:16:44 ( Corbeaunews-Centrafrique ). Le Secr\u00e9taire g ...\" \/>\n<meta name=\"robots\" content=\"index, follow, max-snippet:-1, max-image-preview:large, max-video-preview:-1\" \/>\n<link rel=\"canonical\" href=\"https:\/\/www.africa-press.net\/centrafricaine\/politique\/rca-une-visite-de-haut-niveau-de-lonu-de-lua-de-la-ceeac-et-de-lue-attendue-a-bangui-ce-mercredi\" \/>\n<meta property=\"og:locale\" content=\"fr_FR\" \/>\n<meta property=\"og:type\" content=\"article\" \/>\n<meta property=\"og:title\" content=\"une visite de haut niveau de l\u2019ONU, de l\u2019UA, de la CEEAC et de l\u2019UE attendue \u00e0 Bangui ce mercredi\" \/>\n<meta property=\"og:description\" content=\"Bangui, R\u00e9publique centrafricaine, mercredi, 2 juin 2021, 03:16:44 ( Corbeaunews-Centrafrique ). Le Secr\u00e9taire g ...\" \/>\n<meta property=\"og:url\" content=\"https:\/\/www.africa-press.net\/centrafricaine\/politique\/rca-une-visite-de-haut-niveau-de-lonu-de-lua-de-la-ceeac-et-de-lue-attendue-a-bangui-ce-mercredi\" \/>\n<meta property=\"og:site_name\" content=\"centrafricaine\" \/>\n<meta property=\"article:published_time\" content=\"2021-06-02T11:09:19+00:00\" \/>\n<meta property=\"article:modified_time\" content=\"2021-06-02T12:52:48+00:00\" \/>\n<meta property=\"og:image\" content=\"https:\/\/static.africa-press.net\/centrafricaine\/sites\/45\/2021\/06\/img-60b75dec0a2f5.jpg\" \/>\n\t<meta property=\"og:image:width\" content=\"750\" \/>\n\t<meta property=\"og:image:height\" content=\"563\" \/>\n\t<meta property=\"og:image:type\" content=\"image\/jpeg\" \/>\n<meta name=\"author\" content=\"cfeditorfr\" \/>\n<meta name=\"twitter:card\" content=\"summary_large_image\" \/>\n<meta name=\"twitter:label1\" content=\"\u00c9crit par\" \/>\n\t<meta name=\"twitter:data1\" content=\"cfeditorfr\" \/>\n\t<meta name=\"twitter:label2\" content=\"Dur\u00e9e de lecture estim\u00e9e\" \/>\n\t<meta name=\"twitter:data2\" content=\"1 minute\" \/>\n<script type=\"application\/ld+json\" class=\"yoast-schema-graph\">{\"@context\":\"https:\/\/schema.org\",\"@graph\":[{\"@type\":\"Article\",\"@id\":\"https:\/\/www.africa-press.net\/centrafricaine\/politique\/rca-une-visite-de-haut-niveau-de-lonu-de-lua-de-la-ceeac-et-de-lue-attendue-a-bangui-ce-mercredi#article\",\"isPartOf\":{\"@id\":\"https:\/\/www.africa-press.net\/centrafricaine\/politique\/rca-une-visite-de-haut-niveau-de-lonu-de-lua-de-la-ceeac-et-de-lue-attendue-a-bangui-ce-mercredi\"},\"author\":{\"name\":\"cfeditorfr\",\"@id\":\"https:\/\/www.africa-press.net\/centrafricaine\/#\/schema\/person\/2b1cf3cd81a31e3cd26889ca66d677f1\"},\"headline\":\"une visite de haut niveau de l\u2019ONU, de l\u2019UA, de la CEEAC et de l\u2019UE attendue \u00e0 Bangui ce mercredi\",\"datePublished\":\"2021-06-02T11:09:19+00:00\",\"dateModified\":\"2021-06-02T12:52:48+00:00\",\"mainEntityOfPage\":{\"@id\":\"https:\/\/www.africa-press.net\/centrafricaine\/politique\/rca-une-visite-de-haut-niveau-de-lonu-de-lua-de-la-ceeac-et-de-lue-attendue-a-bangui-ce-mercredi\"},\"wordCount\":227,\"commentCount\":0,\"image\":{\"@id\":\"https:\/\/www.africa-press.net\/centrafricaine\/politique\/rca-une-visite-de-haut-niveau-de-lonu-de-lua-de-la-ceeac-et-de-lue-attendue-a-bangui-ce-mercredi#primaryimage\"},\"thumbnailUrl\":\"https:\/\/static.africa-press.net\/centrafricaine\/sites\/45\/2021\/06\/img-60b75dec0a2f5.jpg\",\"keywords\":[\"Africa Press\",\"Africa Press-CentrAfricaine\",\"CentrAfricaine\"],\"articleSection\":[\"homepage-french\",\"Politique\",\"Toutes les actualit\u00e9s\"],\"inLanguage\":\"fr-FR\",\"potentialAction\":[{\"@type\":\"CommentAction\",\"name\":\"Comment\",\"target\":[\"https:\/\/www.africa-press.net\/centrafricaine\/politique\/rca-une-visite-de-haut-niveau-de-lonu-de-lua-de-la-ceeac-et-de-lue-attendue-a-bangui-ce-mercredi#respond\"]}]},{\"@type\":\"WebPage\",\"@id\":\"https:\/\/www.africa-press.net\/centrafricaine\/politique\/rca-une-visite-de-haut-niveau-de-lonu-de-lua-de-la-ceeac-et-de-lue-attendue-a-bangui-ce-mercredi\",\"url\":\"https:\/\/www.africa-press.net\/centrafricaine\/politique\/rca-une-visite-de-haut-niveau-de-lonu-de-lua-de-la-ceeac-et-de-lue-attendue-a-bangui-ce-mercredi\",\"name\":\"une visite de haut niveau de l\u2019ONU, de l\u2019UA, de la CEEAC et de l\u2019UE attendue \u00e0 Bangui ce mercredi - centrafricaine\",\"isPartOf\":{\"@id\":\"https:\/\/www.africa-press.net\/centrafricaine\/#website\"},\"primaryImageOfPage\":{\"@id\":\"https:\/\/www.africa-press.net\/centrafricaine\/politique\/rca-une-visite-de-haut-niveau-de-lonu-de-lua-de-la-ceeac-et-de-lue-attendue-a-bangui-ce-mercredi#primaryimage\"},\"image\":{\"@id\":\"https:\/\/www.africa-press.net\/centrafricaine\/politique\/rca-une-visite-de-haut-niveau-de-lonu-de-lua-de-la-ceeac-et-de-lue-attendue-a-bangui-ce-mercredi#primaryimage\"},\"thumbnailUrl\":\"https:\/\/static.africa-press.net\/centrafricaine\/sites\/45\/2021\/06\/img-60b75dec0a2f5.jpg\",\"datePublished\":\"2021-06-02T11:09:19+00:00\",\"dateModified\":\"2021-06-02T12:52:48+00:00\",\"author\":{\"@id\":\"https:\/\/www.africa-press.net\/centrafricaine\/#\/schema\/person\/2b1cf3cd81a31e3cd26889ca66d677f1\"},\"description\":\"Bangui, R\u00e9publique centrafricaine, mercredi, 2 juin 2021, 03:16:44 ( Corbeaunews-Centrafrique ). Le Secr\u00e9taire g ...\",\"breadcrumb\":{\"@id\":\"https:\/\/www.africa-press.net\/centrafricaine\/politique\/rca-une-visite-de-haut-niveau-de-lonu-de-lua-de-la-ceeac-et-de-lue-attendue-a-bangui-ce-mercredi#breadcrumb\"},\"inLanguage\":\"fr-FR\",\"potentialAction\":[{\"@type\":\"ReadAction\",\"target\":[\"https:\/\/www.africa-press.net\/centrafricaine\/politique\/rca-une-visite-de-haut-niveau-de-lonu-de-lua-de-la-ceeac-et-de-lue-attendue-a-bangui-ce-mercredi\"]}]},{\"@type\":\"ImageObject\",\"inLanguage\":\"fr-FR\",\"@id\":\"https:\/\/www.africa-press.net\/centrafricaine\/politique\/rca-une-visite-de-haut-niveau-de-lonu-de-lua-de-la-ceeac-et-de-lue-attendue-a-bangui-ce-mercredi#primaryimage\",\"url\":\"https:\/\/static.africa-press.net\/centrafricaine\/sites\/45\/2021\/06\/img-60b75dec0a2f5.jpg\",\"contentUrl\":\"https:\/\/static.africa-press.net\/centrafricaine\/sites\/45\/2021\/06\/img-60b75dec0a2f5.jpg\",\"width\":750,\"height\":563,\"caption\":\"RCA\u00a0: une visite de haut niveau de l\u2019ONU, de l\u2019UA, de la CEEAC et de l\u2019UE attendue \u00e0 Bangui ce mercredi\"},{\"@type\":\"BreadcrumbList\",\"@id\":\"https:\/\/www.africa-press.net\/centrafricaine\/politique\/rca-une-visite-de-haut-niveau-de-lonu-de-lua-de-la-ceeac-et-de-lue-attendue-a-bangui-ce-mercredi#breadcrumb\",\"itemListElement\":[{\"@type\":\"ListItem\",\"position\":1,\"name\":\"Accueil\",\"item\":\"https:\/\/www.africa-press.net\/centrafricaine\/\"},{\"@type\":\"ListItem\",\"position\":2,\"name\":\"une visite de haut niveau de l\u2019ONU, de l\u2019UA, de la CEEAC et de l\u2019UE attendue \u00e0 Bangui ce mercredi\"}]},{\"@type\":\"WebSite\",\"@id\":\"https:\/\/www.africa-press.net\/centrafricaine\/#website\",\"url\":\"https:\/\/www.africa-press.net\/centrafricaine\/\",\"name\":\"centrafricaine\",\"description\":\"Just another Africa News Agency Sites site\",\"potentialAction\":[{\"@type\":\"SearchAction\",\"target\":{\"@type\":\"EntryPoint\",\"urlTemplate\":\"https:\/\/www.africa-press.net\/centrafricaine\/?s={search_term_string}\"},\"query-input\":{\"@type\":\"PropertyValueSpecification\",\"valueRequired\":true,\"valueName\":\"search_term_string\"}}],\"inLanguage\":\"fr-FR\"},{\"@type\":\"Person\",\"@id\":\"https:\/\/www.africa-press.net\/centrafricaine\/#\/schema\/person\/2b1cf3cd81a31e3cd26889ca66d677f1\",\"name\":\"cfeditorfr\"}]}<\/script>\n<!-- \/ Yoast SEO Premium plugin. -->","yoast_head_json":{"title":"une visite de haut niveau de l\u2019ONU, de l\u2019UA, de la CEEAC et de l\u2019UE attendue \u00e0 Bangui ce mercredi - centrafricaine","description":"Bangui, R\u00e9publique centrafricaine, mercredi, 2 juin 2021, 03:16:44 ( Corbeaunews-Centrafrique ). Le Secr\u00e9taire g ...","robots":{"index":"index","follow":"follow","max-snippet":"max-snippet:-1","max-image-preview":"max-image-preview:large","max-video-preview":"max-video-preview:-1"},"canonical":"https:\/\/www.africa-press.net\/centrafricaine\/politique\/rca-une-visite-de-haut-niveau-de-lonu-de-lua-de-la-ceeac-et-de-lue-attendue-a-bangui-ce-mercredi","og_locale":"fr_FR","og_type":"article","og_title":"une visite de haut niveau de l\u2019ONU, de l\u2019UA, de la CEEAC et de l\u2019UE attendue \u00e0 Bangui ce mercredi","og_description":"Bangui, R\u00e9publique centrafricaine, mercredi, 2 juin 2021, 03:16:44 ( Corbeaunews-Centrafrique ). Le Secr\u00e9taire g ...","og_url":"https:\/\/www.africa-press.net\/centrafricaine\/politique\/rca-une-visite-de-haut-niveau-de-lonu-de-lua-de-la-ceeac-et-de-lue-attendue-a-bangui-ce-mercredi","og_site_name":"centrafricaine","article_published_time":"2021-06-02T11:09:19+00:00","article_modified_time":"2021-06-02T12:52:48+00:00","og_image":[{"width":750,"height":563,"url":"https:\/\/static.africa-press.net\/centrafricaine\/sites\/45\/2021\/06\/img-60b75dec0a2f5.jpg","type":"image\/jpeg"}],"author":"cfeditorfr","twitter_card":"summary_large_image","twitter_misc":{"\u00c9crit par":"cfeditorfr","Dur\u00e9e de lecture estim\u00e9e":"1 minute"},"schema":{"@context":"https:\/\/schema.org","@graph":[{"@type":"Article","@id":"https:\/\/www.africa-press.net\/centrafricaine\/politique\/rca-une-visite-de-haut-niveau-de-lonu-de-lua-de-la-ceeac-et-de-lue-attendue-a-bangui-ce-mercredi#article","isPartOf":{"@id":"https:\/\/www.africa-press.net\/centrafricaine\/politique\/rca-une-visite-de-haut-niveau-de-lonu-de-lua-de-la-ceeac-et-de-lue-attendue-a-bangui-ce-mercredi"},"author":{"name":"cfeditorfr","@id":"https:\/\/www.africa-press.net\/centrafricaine\/#\/schema\/person\/2b1cf3cd81a31e3cd26889ca66d677f1"},"headline":"une visite de haut niveau de l\u2019ONU, de l\u2019UA, de la CEEAC et de l\u2019UE attendue \u00e0 Bangui ce mercredi","datePublished":"2021-06-02T11:09:19+00:00","dateModified":"2021-06-02T12:52:48+00:00","mainEntityOfPage":{"@id":"https:\/\/www.africa-press.net\/centrafricaine\/politique\/rca-une-visite-de-haut-niveau-de-lonu-de-lua-de-la-ceeac-et-de-lue-attendue-a-bangui-ce-mercredi"},"wordCount":227,"commentCount":0,"image":{"@id":"https:\/\/www.africa-press.net\/centrafricaine\/politique\/rca-une-visite-de-haut-niveau-de-lonu-de-lua-de-la-ceeac-et-de-lue-attendue-a-bangui-ce-mercredi#primaryimage"},"thumbnailUrl":"https:\/\/static.africa-press.net\/centrafricaine\/sites\/45\/2021\/06\/img-60b75dec0a2f5.jpg","keywords":["Africa Press","Africa Press-CentrAfricaine","CentrAfricaine"],"articleSection":["homepage-french","Politique","Toutes les actualit\u00e9s"],"inLanguage":"fr-FR","potentialAction":[{"@type":"CommentAction","name":"Comment","target":["https:\/\/www.africa-press.net\/centrafricaine\/politique\/rca-une-visite-de-haut-niveau-de-lonu-de-lua-de-la-ceeac-et-de-lue-attendue-a-bangui-ce-mercredi#respond"]}]},{"@type":"WebPage","@id":"https:\/\/www.africa-press.net\/centrafricaine\/politique\/rca-une-visite-de-haut-niveau-de-lonu-de-lua-de-la-ceeac-et-de-lue-attendue-a-bangui-ce-mercredi","url":"https:\/\/www.africa-press.net\/centrafricaine\/politique\/rca-une-visite-de-haut-niveau-de-lonu-de-lua-de-la-ceeac-et-de-lue-attendue-a-bangui-ce-mercredi","name":"une visite de haut niveau de l\u2019ONU, de l\u2019UA, de la CEEAC et de l\u2019UE attendue \u00e0 Bangui ce mercredi - centrafricaine","isPartOf":{"@id":"https:\/\/www.africa-press.net\/centrafricaine\/#website"},"primaryImageOfPage":{"@id":"https:\/\/www.africa-press.net\/centrafricaine\/politique\/rca-une-visite-de-haut-niveau-de-lonu-de-lua-de-la-ceeac-et-de-lue-attendue-a-bangui-ce-mercredi#primaryimage"},"image":{"@id":"https:\/\/www.africa-press.net\/centrafricaine\/politique\/rca-une-visite-de-haut-niveau-de-lonu-de-lua-de-la-ceeac-et-de-lue-attendue-a-bangui-ce-mercredi#primaryimage"},"thumbnailUrl":"https:\/\/static.africa-press.net\/centrafricaine\/sites\/45\/2021\/06\/img-60b75dec0a2f5.jpg","datePublished":"2021-06-02T11:09:19+00:00","dateModified":"2021-06-02T12:52:48+00:00","author":{"@id":"https:\/\/www.africa-press.net\/centrafricaine\/#\/schema\/person\/2b1cf3cd81a31e3cd26889ca66d677f1"},"description":"Bangui, R\u00e9publique centrafricaine, mercredi, 2 juin 2021, 03:16:44 ( Corbeaunews-Centrafrique ). Le Secr\u00e9taire g ...","breadcrumb":{"@id":"https:\/\/www.africa-press.net\/centrafricaine\/politique\/rca-une-visite-de-haut-niveau-de-lonu-de-lua-de-la-ceeac-et-de-lue-attendue-a-bangui-ce-mercredi#breadcrumb"},"inLanguage":"fr-FR","potentialAction":[{"@type":"ReadAction","target":["https:\/\/www.africa-press.net\/centrafricaine\/politique\/rca-une-visite-de-haut-niveau-de-lonu-de-lua-de-la-ceeac-et-de-lue-attendue-a-bangui-ce-mercredi"]}]},{"@type":"ImageObject","inLanguage":"fr-FR","@id":"https:\/\/www.africa-press.net\/centrafricaine\/politique\/rca-une-visite-de-haut-niveau-de-lonu-de-lua-de-la-ceeac-et-de-lue-attendue-a-bangui-ce-mercredi#primaryimage","url":"https:\/\/static.africa-press.net\/centrafricaine\/sites\/45\/2021\/06\/img-60b75dec0a2f5.jpg","contentUrl":"https:\/\/static.africa-press.net\/centrafricaine\/sites\/45\/2021\/06\/img-60b75dec0a2f5.jpg","width":750,"height":563,"caption":"RCA\u00a0: une visite de haut niveau de l\u2019ONU, de l\u2019UA, de la CEEAC et de l\u2019UE attendue \u00e0 Bangui ce mercredi"},{"@type":"BreadcrumbList","@id":"https:\/\/www.africa-press.net\/centrafricaine\/politique\/rca-une-visite-de-haut-niveau-de-lonu-de-lua-de-la-ceeac-et-de-lue-attendue-a-bangui-ce-mercredi#breadcrumb","itemListElement":[{"@type":"ListItem","position":1,"name":"Accueil","item":"https:\/\/www.africa-press.net\/centrafricaine\/"},{"@type":"ListItem","position":2,"name":"une visite de haut niveau de l\u2019ONU, de l\u2019UA, de la CEEAC et de l\u2019UE attendue \u00e0 Bangui ce mercredi"}]},{"@type":"WebSite","@id":"https:\/\/www.africa-press.net\/centrafricaine\/#website","url":"https:\/\/www.africa-press.net\/centrafricaine\/","name":"centrafricaine","description":"Just another Africa News Agency Sites site","potentialAction":[{"@type":"SearchAction","target":{"@type":"EntryPoint","urlTemplate":"https:\/\/www.africa-press.net\/centrafricaine\/?s={search_term_string}"},"query-input":{"@type":"PropertyValueSpecification","valueRequired":true,"valueName":"search_term_string"}}],"inLanguage":"fr-FR"},{"@type":"Person","@id":"https:\/\/www.africa-press.net\/centrafricaine\/#\/schema\/person\/2b1cf3cd81a31e3cd26889ca66d677f1","name":"cfeditorfr"}]}},"_links":{"self":[{"href":"https:\/\/www.africa-press.net\/centrafricaine\/wp-json\/wp\/v2\/posts\/7590","targetHints":{"allow":["GET"]}}],"collection":[{"href":"https:\/\/www.africa-press.net\/centrafricaine\/wp-json\/wp\/v2\/posts"}],"about":[{"href":"https:\/\/www.africa-press.net\/centrafricaine\/wp-json\/wp\/v2\/types\/post"}],"author":[{"embeddable":true,"href":"https:\/\/www.africa-press.net\/centrafricaine\/wp-json\/wp\/v2\/users\/82"}],"replies":[{"embeddable":true,"href":"https:\/\/www.africa-press.net\/centrafricaine\/wp-json\/wp\/v2\/comments?post=7590"}],"version-history":[{"count":0,"href":"https:\/\/www.africa-press.net\/centrafricaine\/wp-json\/wp\/v2\/posts\/7590\/revisions"}],"wp:featuredmedia":[{"embeddable":true,"href":"https:\/\/www.africa-press.net\/centrafricaine\/wp-json\/wp\/v2\/media\/7589"}],"wp:attachment":[{"href":"https:\/\/www.africa-press.net\/centrafricaine\/wp-json\/wp\/v2\/media?parent=7590"}],"wp:term":[{"taxonomy":"category","embeddable":true,"href":"https:\/\/www.africa-press.net\/centrafricaine\/wp-json\/wp\/v2\/categories?post=7590"},{"taxonomy":"post_tag","embeddable":true,"href":"https:\/\/www.africa-press.net\/centrafricaine\/wp-json\/wp\/v2\/tags?post=7590"}],"curies":[{"name":"wp","href":"https:\/\/api.w.org\/{rel}","templated":true}]}}