{"id":75927,"date":"2025-09-11T12:50:04","date_gmt":"2025-09-11T12:50:04","guid":{"rendered":"https:\/\/www.africa-press.net\/centrafricaine\/politique\/cemac-ouvre-la-16eme-conference-des-chefs-detat-a-bangui"},"modified":"2025-09-11T13:01:34","modified_gmt":"2025-09-11T13:01:34","slug":"cemac-ouvre-la-16eme-conference-des-chefs-detat-a-bangui","status":"publish","type":"post","link":"https:\/\/www.africa-press.net\/centrafricaine\/economie\/cemac-ouvre-la-16eme-conference-des-chefs-detat-a-bangui","title":{"rendered":"CEMAC Ouvre la 16\u00e8me Conf\u00e9rence des Chefs d&rsquo;\u00c9tat \u00e0 Bangui"},"content":{"rendered":"<p><span style=\"color: #ff6600\"><strong>Africa-Press &#8211; CentrAfricaine. <\/strong><\/span>La capitale de la Re\u0301publique centrafricaine a abrite\u0301 ce jeudi 10 septembre 2025, la 16e\u0300me Confe\u0301rence des chefs d\u2019Etat de la Communaute\u0301 Economique et Mone\u0301taire de l\u2019Afrique Centrale (CEMAC).<\/p>\n<p>Les assises place\u0301es sous le the\u0300me, \u00ab une volonte\u0301 politique commune clairement assume\u0301e au service des peuples de l\u2019Afrique Centrale \u00bb, ont permis aux dirigeants d\u2019examiner en profondeur la situation politique, e\u0301conomique et financie\u0300re de la sous-re\u0301gion, et de prendre des mesures afin de redresser la situation, de renforcer l\u2019inte\u0301gration et le fonctionnement de l\u2019institution communautaire.<\/p>\n<p>C\u2019est un retour marque\u0301 du sceau de l\u2019histoire. Seize ans apre\u0300s, Bangui, pays de sie\u0300ge de l\u2019institution communautaire, accueille a\u0300 nouveau le sommet de la CEMAC. L\u2019e\u0301ve\u0301nement consacre la capitale centrafricaine comme lieu strate\u0301gique de concertation, et fait d\u2019elle le centre de gravite\u0301 des grandes de\u0301cisions politiques et e\u0301conomiques de la sous-re\u0301gion.<\/p>\n<p>Un de\u0301cor solennel pour un sommet aux enjeux conside\u0301rables. Les chefs d\u2019E\u0301tat sont appele\u0301s a\u0300 examiner en profondeur la situation e\u0301conomique et financie\u0300re de la zone. Car, le constat est pre\u0301occupant. Des re\u0301serves de change en baisse, une dette qui continue de peser lourdement, et une reprise e\u0301conomique encore timide.<\/p>\n<p>Le me\u0301canisme de financement de la communaute\u0301, la taxe d\u2019inte\u0301gration, connai\u0302t de graves difficulte\u0301s, menac\u0327ant le bon fonctionnement des institutions. Ces de\u0301fis sont d\u2019ailleurs revenus dans le discours inaugural du pre\u0301sident sortant et ho\u0302te du sommet, Pr Faustin-Archange Touade\u0301ra.<\/p>\n<p>Il a aussi note\u0301 le contexte politique avec l\u2019e\u0301lection pre\u0301sidentielle organise\u0301e avec succe\u0300s au Gabon, et celles pre\u0301vues dans les prochains mois au Cameroun et dans son pays, la RCA, voyant en ces consultations e\u0301lectorales comme des fene\u0302tres de respiration de la de\u0301mocratie. Pour lui, la vigilance doit e\u0302tre de mise sur le terrain e\u0301conomique, avec un taux de croissance en dec\u0327a\u0300 des objectifs et loin de re\u0301pondre aux besoins de\u0301mographiques. Le bilan de sa mandature brosse\u0301 met en avant des chantiers majeurs engage\u0301s et poursuivis et des avance\u0301es concre\u0300tes.<\/p>\n<p>Mais beaucoup reste a\u0300 faire, pre\u0301vient-il. Autrement dit, il faut plus de rigueur budge\u0301taire, une meilleure gestion de la dette et une discipline accrue dans le rapatriement des recettes issues des ressources extractives. Mais le sommet ne s\u2019est pas limite\u0301 aux chiffres. Les discussions ont aussi porte\u0301 sur une autre re\u0301forme institutionnelle importante au sein du parlement communautaire cense\u0301e renforcer la le\u0301gitimite\u0301 de\u0301mocratique de l\u2019institution.<\/p>\n<p>La question de la fusion CEMAC-CEEAC a fait e\u0301galement l\u2019objet d\u2019e\u0301changes ; un projet de fusion annonce\u0301 comme de\u0301terminant pour l\u2019e\u0301rection d\u2019un espace e\u0301conomique et mone\u0301taire unifie\u0301. Le Mare\u0301chal Mahamat Idriss Deby Itno, a, au cours de la se\u0301ance a\u0300 huis clos, livre\u0301 un discours axe\u0301 sur deux priorite\u0301s absolues: la souverainete\u0301 mone\u0301taire et la se\u0301curite\u0301 collective. Sur la question mone\u0301taire, le chef de l\u2019E\u0301tat a dresse\u0301 un constat clair.<\/p>\n<p>L\u2019affaiblissement des re\u0301serves de change, analyse-t-il, fragilise directement la stabilite\u0301 du Franc CFA et la capacite\u0301 des E\u0301tats a\u0300 subvenir a\u0300 leurs besoins essentiels. Mais pluto\u0302t, que de ce\u0301der a\u0300 la pre\u0301cipitation, il appelle a\u0300 la prudence. Pour lui, la re\u0301forme de la monnaie me\u0301rite un sommet extraordinaire entie\u0300rement de\u0301die\u0301 a\u0300 cette question.<\/p>\n<p>Quant a\u0300 la se\u0301curite\u0301, fort de l\u2019expe\u0301rience d\u2019un pays en premie\u0300re ligne contre le terrorisme, le Pre\u0301sident tchadien a martele\u0301 une e\u0301vidence: il ne peut y avoir d\u2019inte\u0301gration e\u0301conomique sans se\u0301curite\u0301 partage\u0301e. Les frontie\u0300res poreuses, livre\u0301es aux trafics et aux menaces terroristes, sont pour lui, le principal obstacle a\u0300 l\u2019avenir de la communaute\u0301.<\/p>\n<p>Sa proposition re\u0301side dans une mutualisation des moyens de de\u0301fense, la mise en place d\u2019une force re\u0301gionale de re\u0301action rapide et l\u2019e\u0301rection de la se\u0301curite\u0301 en pilier central de l\u2019inte\u0301gration, au me\u0302me titre que la monnaie. Le chantier est immense, les de\u0301fis multiples, mais l\u2019esprit affiche\u0301 a\u0300 Bangui rassure le pre\u0301sident de la Re\u0301publique, notamment au regard de la pre\u0301sidence tournante de\u0301sormais assure\u0301e par son homologue congolais Denis Sassou-Nguesso, exprimant sa confiance pour guider la communaute\u0301 dans une pe\u0301riode de\u0301cisive.<\/p>\n\r\n                <style type=\"text\/css\">\r\n                    \r\n                    #td_uid_1_69f223c066865  .td-doubleSlider-2 .td-item1 {\r\n                        background: url(https:\/\/static.africa-press.net\/centrafricaine\/sites\/45\/2025\/09\/sm_1757583067.872507-80x60.jpg) 0 0 no-repeat;\r\n                    }\r\n                    #td_uid_1_69f223c066865  .td-doubleSlider-2 .td-item2 {\r\n                        background: url(https:\/\/static.africa-press.net\/centrafricaine\/sites\/45\/2025\/09\/sm_1757583071.936546-80x60.jpg) 0 0 no-repeat;\r\n                    }\r\n                <\/style>\r\n\r\n                <div id=\"td_uid_1_69f223c066865\" class=\"td-gallery td-slide-on-2-columns\">\r\n                    <div class=\"post_td_gallery\">\r\n                        <div class=\"td-gallery-slide-top\">\r\n                           <div class=\"td-gallery-title\"><\/div>\r\n\r\n                            <div class=\"td-gallery-controls-wrapper\">\r\n                                <div class=\"td-gallery-slide-count\"><span class=\"td-gallery-slide-item-focus\">1<\/span> de 2<\/div>\r\n                                <div class=\"td-gallery-slide-prev-next-but\">\r\n                                    <i class = \"td-icon-left doubleSliderPrevButton\"><\/i>\r\n                                    <i class = \"td-icon-right doubleSliderNextButton\"><\/i>\r\n                                <\/div>\r\n                            <\/div>\r\n                        <\/div>\r\n\r\n                        <div class = \"td-doubleSlider-1 \">\r\n                            <div class = \"td-slider\">\r\n                                \r\n                    <div class = \"td-slide-item td-item1\">\r\n                        <figure class=\"td-slide-galery-figure td-slide-popup-gallery\">\r\n                            <a class=\"slide-gallery-image-link\" href=\"https:\/\/static.africa-press.net\/centrafricaine\/sites\/45\/2025\/09\/sm_1757583067.872507.jpg\" title=\"sm_1757583067.872507\"  data-caption=\"\"  data-description=\"\">\r\n                                <img decoding=\"async\" src=\"https:\/\/static.africa-press.net\/centrafricaine\/sites\/45\/2025\/09\/sm_1757583067.872507.jpg\" srcset=\"https:\/\/static.africa-press.net\/centrafricaine\/sites\/45\/2025\/09\/sm_1757583067.872507.jpg 870w, https:\/\/static.africa-press.net\/centrafricaine\/sites\/45\/2025\/09\/sm_1757583067.872507-300x200.jpg 300w, https:\/\/static.africa-press.net\/centrafricaine\/sites\/45\/2025\/09\/sm_1757583067.872507-768x512.jpg 768w\" sizes=\"(max-width: 870px) 100vw, 870px\" alt=\"\">\r\n                            <\/a>\r\n                            \r\n                        <\/figure>\r\n                    <\/div>\r\n                    <div class = \"td-slide-item td-item2\">\r\n                        <figure class=\"td-slide-galery-figure td-slide-popup-gallery\">\r\n                            <a class=\"slide-gallery-image-link\" href=\"https:\/\/static.africa-press.net\/centrafricaine\/sites\/45\/2025\/09\/sm_1757583071.936546.jpg\" title=\"sm_1757583071.936546\"  data-caption=\"\"  data-description=\"\">\r\n                                <img decoding=\"async\" src=\"https:\/\/static.africa-press.net\/centrafricaine\/sites\/45\/2025\/09\/sm_1757583071.936546.jpg\" srcset=\"https:\/\/static.africa-press.net\/centrafricaine\/sites\/45\/2025\/09\/sm_1757583071.936546.jpg 870w, https:\/\/static.africa-press.net\/centrafricaine\/sites\/45\/2025\/09\/sm_1757583071.936546-300x200.jpg 300w, https:\/\/static.africa-press.net\/centrafricaine\/sites\/45\/2025\/09\/sm_1757583071.936546-768x512.jpg 768w\" sizes=\"(max-width: 870px) 100vw, 870px\" alt=\"\">\r\n                            <\/a>\r\n                            \r\n                        <\/figure>\r\n                    <\/div>\r\n                            <\/div>\r\n                        <\/div>\r\n\r\n                        <div class = \"td-doubleSlider-2\">\r\n                            <div class = \"td-slider\">\r\n                                \r\n                    <div class = \"td-button td-item1\">\r\n                        <div class = \"td-border\"><\/div>\r\n                    <\/div>\r\n                    <div class = \"td-button td-item2\">\r\n                        <div class = \"td-border\"><\/div>\r\n                    <\/div>\r\n                            <\/div>\r\n                        <\/div>\r\n\r\n                    <\/div>\r\n\r\n                <\/div>\r\n                \n<p><strong>Pour plus d&rsquo;informations et d&rsquo;analyses sur la <span style=\"color: #ff6600\">CentrAfricaine<\/span>, suivez <span style=\"color: #ff6600\">Africa-Press<\/span><\/strong><\/p>\n","protected":false},"excerpt":{"rendered":"<p>Africa-Press &#8211; CentrAfricaine. La capitale de la Re\u0301publique centrafricaine a abrite\u0301 ce jeudi 10 septembre 2025, la 16e\u0300me Confe\u0301rence des chefs d\u2019Etat de la Communaute\u0301 Economique et Mone\u0301taire de l\u2019Afrique Centrale (CEMAC). Les assises place\u0301es sous le the\u0300me, \u00ab une volonte\u0301 politique commune clairement assume\u0301e au service des peuples de l\u2019Afrique Centrale \u00bb, ont permis [&hellip;]<\/p>\n","protected":false},"author":82,"featured_media":75926,"comment_status":"open","ping_status":"closed","sticky":false,"template":"","format":"standard","meta":{"footnotes":""},"categories":[3,8,20,10],"tags":[30],"class_list":["post-75927","post","type-post","status-publish","format-standard","has-post-thumbnail","hentry","category-economie","category-photo","category-top-nouvelles","category-toutes-les-actualites","tag-centrafricaine"],"yoast_head":"<!-- This site is optimized with the Yoast SEO Premium plugin v26.1 (Yoast SEO v27.0) - https:\/\/yoast.com\/product\/yoast-seo-premium-wordpress\/ -->\n<title>CEMAC Ouvre la 16\u00e8me Conf\u00e9rence des Chefs d&#039;\u00c9tat \u00e0 Bangui - centrafricaine<\/title>\n<meta name=\"description\" content=\"La capitale de la Re\u0301publique centrafricaine a abrite\u0301 ce jeudi 10 septembre 2025, la 16e\u0300me Confe\u0301rence des chefs d\u2019Eta ...\" \/>\n<meta name=\"robots\" content=\"index, follow, max-snippet:-1, max-image-preview:large, max-video-preview:-1\" \/>\n<link rel=\"canonical\" href=\"https:\/\/www.africa-press.net\/centrafricaine\/economie\/cemac-ouvre-la-16eme-conference-des-chefs-detat-a-bangui\" \/>\n<meta property=\"og:locale\" content=\"fr_FR\" \/>\n<meta property=\"og:type\" content=\"article\" \/>\n<meta property=\"og:title\" content=\"CEMAC Ouvre la 16\u00e8me Conf\u00e9rence des Chefs d&#039;\u00c9tat \u00e0 Bangui\" \/>\n<meta property=\"og:description\" content=\"La capitale de la Re\u0301publique centrafricaine a abrite\u0301 ce jeudi 10 septembre 2025, la 16e\u0300me Confe\u0301rence des chefs d\u2019Eta ...\" \/>\n<meta property=\"og:url\" content=\"https:\/\/www.africa-press.net\/centrafricaine\/economie\/cemac-ouvre-la-16eme-conference-des-chefs-detat-a-bangui\" \/>\n<meta property=\"og:site_name\" content=\"centrafricaine\" \/>\n<meta property=\"article:published_time\" content=\"2025-09-11T12:50:04+00:00\" \/>\n<meta property=\"article:modified_time\" content=\"2025-09-11T13:01:34+00:00\" \/>\n<meta property=\"og:image\" content=\"https:\/\/static.africa-press.net\/centrafricaine\/sites\/45\/2025\/09\/sm_1757583076.832276.jpg\" \/>\n\t<meta property=\"og:image:width\" content=\"1536\" \/>\n\t<meta property=\"og:image:height\" content=\"1024\" \/>\n\t<meta property=\"og:image:type\" content=\"image\/jpeg\" \/>\n<meta name=\"author\" content=\"cfeditorfr\" \/>\n<meta name=\"twitter:card\" content=\"summary_large_image\" \/>\n<meta name=\"twitter:label1\" content=\"\u00c9crit par\" \/>\n\t<meta name=\"twitter:data1\" content=\"cfeditorfr\" \/>\n\t<meta name=\"twitter:label2\" content=\"Dur\u00e9e de lecture estim\u00e9e\" \/>\n\t<meta name=\"twitter:data2\" content=\"4 minutes\" \/>\n<script type=\"application\/ld+json\" class=\"yoast-schema-graph\">{\"@context\":\"https:\/\/schema.org\",\"@graph\":[{\"@type\":\"Article\",\"@id\":\"https:\/\/www.africa-press.net\/centrafricaine\/economie\/cemac-ouvre-la-16eme-conference-des-chefs-detat-a-bangui#article\",\"isPartOf\":{\"@id\":\"https:\/\/www.africa-press.net\/centrafricaine\/economie\/cemac-ouvre-la-16eme-conference-des-chefs-detat-a-bangui\"},\"author\":{\"name\":\"cfeditorfr\",\"@id\":\"https:\/\/www.africa-press.net\/centrafricaine\/#\/schema\/person\/2b1cf3cd81a31e3cd26889ca66d677f1\"},\"headline\":\"CEMAC Ouvre la 16\u00e8me Conf\u00e9rence des Chefs d&rsquo;\u00c9tat \u00e0 Bangui\",\"datePublished\":\"2025-09-11T12:50:04+00:00\",\"dateModified\":\"2025-09-11T13:01:34+00:00\",\"mainEntityOfPage\":{\"@id\":\"https:\/\/www.africa-press.net\/centrafricaine\/economie\/cemac-ouvre-la-16eme-conference-des-chefs-detat-a-bangui\"},\"wordCount\":807,\"commentCount\":0,\"image\":{\"@id\":\"https:\/\/www.africa-press.net\/centrafricaine\/economie\/cemac-ouvre-la-16eme-conference-des-chefs-detat-a-bangui#primaryimage\"},\"thumbnailUrl\":\"https:\/\/static.africa-press.net\/centrafricaine\/sites\/45\/2025\/09\/sm_1757583076.832276.jpg\",\"keywords\":[\"CentrAfricaine\"],\"articleSection\":[\"\u00c9conomie\",\"Photo\",\"Top Nouvelles\",\"Toutes les actualit\u00e9s\"],\"inLanguage\":\"fr-FR\",\"potentialAction\":[{\"@type\":\"CommentAction\",\"name\":\"Comment\",\"target\":[\"https:\/\/www.africa-press.net\/centrafricaine\/economie\/cemac-ouvre-la-16eme-conference-des-chefs-detat-a-bangui#respond\"]}]},{\"@type\":\"WebPage\",\"@id\":\"https:\/\/www.africa-press.net\/centrafricaine\/economie\/cemac-ouvre-la-16eme-conference-des-chefs-detat-a-bangui\",\"url\":\"https:\/\/www.africa-press.net\/centrafricaine\/economie\/cemac-ouvre-la-16eme-conference-des-chefs-detat-a-bangui\",\"name\":\"CEMAC Ouvre la 16\u00e8me Conf\u00e9rence des Chefs d'\u00c9tat \u00e0 Bangui - centrafricaine\",\"isPartOf\":{\"@id\":\"https:\/\/www.africa-press.net\/centrafricaine\/#website\"},\"primaryImageOfPage\":{\"@id\":\"https:\/\/www.africa-press.net\/centrafricaine\/economie\/cemac-ouvre-la-16eme-conference-des-chefs-detat-a-bangui#primaryimage\"},\"image\":{\"@id\":\"https:\/\/www.africa-press.net\/centrafricaine\/economie\/cemac-ouvre-la-16eme-conference-des-chefs-detat-a-bangui#primaryimage\"},\"thumbnailUrl\":\"https:\/\/static.africa-press.net\/centrafricaine\/sites\/45\/2025\/09\/sm_1757583076.832276.jpg\",\"datePublished\":\"2025-09-11T12:50:04+00:00\",\"dateModified\":\"2025-09-11T13:01:34+00:00\",\"author\":{\"@id\":\"https:\/\/www.africa-press.net\/centrafricaine\/#\/schema\/person\/2b1cf3cd81a31e3cd26889ca66d677f1\"},\"description\":\"La capitale de la Re\u0301publique centrafricaine a abrite\u0301 ce jeudi 10 septembre 2025, la 16e\u0300me Confe\u0301rence des chefs d\u2019Eta ...\",\"breadcrumb\":{\"@id\":\"https:\/\/www.africa-press.net\/centrafricaine\/economie\/cemac-ouvre-la-16eme-conference-des-chefs-detat-a-bangui#breadcrumb\"},\"inLanguage\":\"fr-FR\",\"potentialAction\":[{\"@type\":\"ReadAction\",\"target\":[\"https:\/\/www.africa-press.net\/centrafricaine\/economie\/cemac-ouvre-la-16eme-conference-des-chefs-detat-a-bangui\"]}]},{\"@type\":\"ImageObject\",\"inLanguage\":\"fr-FR\",\"@id\":\"https:\/\/www.africa-press.net\/centrafricaine\/economie\/cemac-ouvre-la-16eme-conference-des-chefs-detat-a-bangui#primaryimage\",\"url\":\"https:\/\/static.africa-press.net\/centrafricaine\/sites\/45\/2025\/09\/sm_1757583076.832276.jpg\",\"contentUrl\":\"https:\/\/static.africa-press.net\/centrafricaine\/sites\/45\/2025\/09\/sm_1757583076.832276.jpg\",\"width\":1536,\"height\":1024,\"caption\":\"CEMAC Ouvre la 16\u00e8me Conf\u00e9rence des Chefs d'\u00c9tat \u00e0 Bangui\"},{\"@type\":\"BreadcrumbList\",\"@id\":\"https:\/\/www.africa-press.net\/centrafricaine\/economie\/cemac-ouvre-la-16eme-conference-des-chefs-detat-a-bangui#breadcrumb\",\"itemListElement\":[{\"@type\":\"ListItem\",\"position\":1,\"name\":\"Accueil\",\"item\":\"https:\/\/www.africa-press.net\/centrafricaine\/\"},{\"@type\":\"ListItem\",\"position\":2,\"name\":\"CEMAC Ouvre la 16\u00e8me Conf\u00e9rence des Chefs d&#8217;\u00c9tat \u00e0 Bangui\"}]},{\"@type\":\"WebSite\",\"@id\":\"https:\/\/www.africa-press.net\/centrafricaine\/#website\",\"url\":\"https:\/\/www.africa-press.net\/centrafricaine\/\",\"name\":\"centrafricaine\",\"description\":\"Just another Africa News Agency Sites site\",\"potentialAction\":[{\"@type\":\"SearchAction\",\"target\":{\"@type\":\"EntryPoint\",\"urlTemplate\":\"https:\/\/www.africa-press.net\/centrafricaine\/?s={search_term_string}\"},\"query-input\":{\"@type\":\"PropertyValueSpecification\",\"valueRequired\":true,\"valueName\":\"search_term_string\"}}],\"inLanguage\":\"fr-FR\"},{\"@type\":\"Person\",\"@id\":\"https:\/\/www.africa-press.net\/centrafricaine\/#\/schema\/person\/2b1cf3cd81a31e3cd26889ca66d677f1\",\"name\":\"cfeditorfr\"}]}<\/script>\n<!-- \/ Yoast SEO Premium plugin. -->","yoast_head_json":{"title":"CEMAC Ouvre la 16\u00e8me Conf\u00e9rence des Chefs d'\u00c9tat \u00e0 Bangui - centrafricaine","description":"La capitale de la Re\u0301publique centrafricaine a abrite\u0301 ce jeudi 10 septembre 2025, la 16e\u0300me Confe\u0301rence des chefs d\u2019Eta ...","robots":{"index":"index","follow":"follow","max-snippet":"max-snippet:-1","max-image-preview":"max-image-preview:large","max-video-preview":"max-video-preview:-1"},"canonical":"https:\/\/www.africa-press.net\/centrafricaine\/economie\/cemac-ouvre-la-16eme-conference-des-chefs-detat-a-bangui","og_locale":"fr_FR","og_type":"article","og_title":"CEMAC Ouvre la 16\u00e8me Conf\u00e9rence des Chefs d'\u00c9tat \u00e0 Bangui","og_description":"La capitale de la Re\u0301publique centrafricaine a abrite\u0301 ce jeudi 10 septembre 2025, la 16e\u0300me Confe\u0301rence des chefs d\u2019Eta ...","og_url":"https:\/\/www.africa-press.net\/centrafricaine\/economie\/cemac-ouvre-la-16eme-conference-des-chefs-detat-a-bangui","og_site_name":"centrafricaine","article_published_time":"2025-09-11T12:50:04+00:00","article_modified_time":"2025-09-11T13:01:34+00:00","og_image":[{"width":1536,"height":1024,"url":"https:\/\/static.africa-press.net\/centrafricaine\/sites\/45\/2025\/09\/sm_1757583076.832276.jpg","type":"image\/jpeg"}],"author":"cfeditorfr","twitter_card":"summary_large_image","twitter_misc":{"\u00c9crit par":"cfeditorfr","Dur\u00e9e de lecture estim\u00e9e":"4 minutes"},"schema":{"@context":"https:\/\/schema.org","@graph":[{"@type":"Article","@id":"https:\/\/www.africa-press.net\/centrafricaine\/economie\/cemac-ouvre-la-16eme-conference-des-chefs-detat-a-bangui#article","isPartOf":{"@id":"https:\/\/www.africa-press.net\/centrafricaine\/economie\/cemac-ouvre-la-16eme-conference-des-chefs-detat-a-bangui"},"author":{"name":"cfeditorfr","@id":"https:\/\/www.africa-press.net\/centrafricaine\/#\/schema\/person\/2b1cf3cd81a31e3cd26889ca66d677f1"},"headline":"CEMAC Ouvre la 16\u00e8me Conf\u00e9rence des Chefs d&rsquo;\u00c9tat \u00e0 Bangui","datePublished":"2025-09-11T12:50:04+00:00","dateModified":"2025-09-11T13:01:34+00:00","mainEntityOfPage":{"@id":"https:\/\/www.africa-press.net\/centrafricaine\/economie\/cemac-ouvre-la-16eme-conference-des-chefs-detat-a-bangui"},"wordCount":807,"commentCount":0,"image":{"@id":"https:\/\/www.africa-press.net\/centrafricaine\/economie\/cemac-ouvre-la-16eme-conference-des-chefs-detat-a-bangui#primaryimage"},"thumbnailUrl":"https:\/\/static.africa-press.net\/centrafricaine\/sites\/45\/2025\/09\/sm_1757583076.832276.jpg","keywords":["CentrAfricaine"],"articleSection":["\u00c9conomie","Photo","Top Nouvelles","Toutes les actualit\u00e9s"],"inLanguage":"fr-FR","potentialAction":[{"@type":"CommentAction","name":"Comment","target":["https:\/\/www.africa-press.net\/centrafricaine\/economie\/cemac-ouvre-la-16eme-conference-des-chefs-detat-a-bangui#respond"]}]},{"@type":"WebPage","@id":"https:\/\/www.africa-press.net\/centrafricaine\/economie\/cemac-ouvre-la-16eme-conference-des-chefs-detat-a-bangui","url":"https:\/\/www.africa-press.net\/centrafricaine\/economie\/cemac-ouvre-la-16eme-conference-des-chefs-detat-a-bangui","name":"CEMAC Ouvre la 16\u00e8me Conf\u00e9rence des Chefs d'\u00c9tat \u00e0 Bangui - centrafricaine","isPartOf":{"@id":"https:\/\/www.africa-press.net\/centrafricaine\/#website"},"primaryImageOfPage":{"@id":"https:\/\/www.africa-press.net\/centrafricaine\/economie\/cemac-ouvre-la-16eme-conference-des-chefs-detat-a-bangui#primaryimage"},"image":{"@id":"https:\/\/www.africa-press.net\/centrafricaine\/economie\/cemac-ouvre-la-16eme-conference-des-chefs-detat-a-bangui#primaryimage"},"thumbnailUrl":"https:\/\/static.africa-press.net\/centrafricaine\/sites\/45\/2025\/09\/sm_1757583076.832276.jpg","datePublished":"2025-09-11T12:50:04+00:00","dateModified":"2025-09-11T13:01:34+00:00","author":{"@id":"https:\/\/www.africa-press.net\/centrafricaine\/#\/schema\/person\/2b1cf3cd81a31e3cd26889ca66d677f1"},"description":"La capitale de la Re\u0301publique centrafricaine a abrite\u0301 ce jeudi 10 septembre 2025, la 16e\u0300me Confe\u0301rence des chefs d\u2019Eta ...","breadcrumb":{"@id":"https:\/\/www.africa-press.net\/centrafricaine\/economie\/cemac-ouvre-la-16eme-conference-des-chefs-detat-a-bangui#breadcrumb"},"inLanguage":"fr-FR","potentialAction":[{"@type":"ReadAction","target":["https:\/\/www.africa-press.net\/centrafricaine\/economie\/cemac-ouvre-la-16eme-conference-des-chefs-detat-a-bangui"]}]},{"@type":"ImageObject","inLanguage":"fr-FR","@id":"https:\/\/www.africa-press.net\/centrafricaine\/economie\/cemac-ouvre-la-16eme-conference-des-chefs-detat-a-bangui#primaryimage","url":"https:\/\/static.africa-press.net\/centrafricaine\/sites\/45\/2025\/09\/sm_1757583076.832276.jpg","contentUrl":"https:\/\/static.africa-press.net\/centrafricaine\/sites\/45\/2025\/09\/sm_1757583076.832276.jpg","width":1536,"height":1024,"caption":"CEMAC Ouvre la 16\u00e8me Conf\u00e9rence des Chefs d'\u00c9tat \u00e0 Bangui"},{"@type":"BreadcrumbList","@id":"https:\/\/www.africa-press.net\/centrafricaine\/economie\/cemac-ouvre-la-16eme-conference-des-chefs-detat-a-bangui#breadcrumb","itemListElement":[{"@type":"ListItem","position":1,"name":"Accueil","item":"https:\/\/www.africa-press.net\/centrafricaine\/"},{"@type":"ListItem","position":2,"name":"CEMAC Ouvre la 16\u00e8me Conf\u00e9rence des Chefs d&#8217;\u00c9tat \u00e0 Bangui"}]},{"@type":"WebSite","@id":"https:\/\/www.africa-press.net\/centrafricaine\/#website","url":"https:\/\/www.africa-press.net\/centrafricaine\/","name":"centrafricaine","description":"Just another Africa News Agency Sites site","potentialAction":[{"@type":"SearchAction","target":{"@type":"EntryPoint","urlTemplate":"https:\/\/www.africa-press.net\/centrafricaine\/?s={search_term_string}"},"query-input":{"@type":"PropertyValueSpecification","valueRequired":true,"valueName":"search_term_string"}}],"inLanguage":"fr-FR"},{"@type":"Person","@id":"https:\/\/www.africa-press.net\/centrafricaine\/#\/schema\/person\/2b1cf3cd81a31e3cd26889ca66d677f1","name":"cfeditorfr"}]}},"_links":{"self":[{"href":"https:\/\/www.africa-press.net\/centrafricaine\/wp-json\/wp\/v2\/posts\/75927","targetHints":{"allow":["GET"]}}],"collection":[{"href":"https:\/\/www.africa-press.net\/centrafricaine\/wp-json\/wp\/v2\/posts"}],"about":[{"href":"https:\/\/www.africa-press.net\/centrafricaine\/wp-json\/wp\/v2\/types\/post"}],"author":[{"embeddable":true,"href":"https:\/\/www.africa-press.net\/centrafricaine\/wp-json\/wp\/v2\/users\/82"}],"replies":[{"embeddable":true,"href":"https:\/\/www.africa-press.net\/centrafricaine\/wp-json\/wp\/v2\/comments?post=75927"}],"version-history":[{"count":0,"href":"https:\/\/www.africa-press.net\/centrafricaine\/wp-json\/wp\/v2\/posts\/75927\/revisions"}],"wp:featuredmedia":[{"embeddable":true,"href":"https:\/\/www.africa-press.net\/centrafricaine\/wp-json\/wp\/v2\/media\/75926"}],"wp:attachment":[{"href":"https:\/\/www.africa-press.net\/centrafricaine\/wp-json\/wp\/v2\/media?parent=75927"}],"wp:term":[{"taxonomy":"category","embeddable":true,"href":"https:\/\/www.africa-press.net\/centrafricaine\/wp-json\/wp\/v2\/categories?post=75927"},{"taxonomy":"post_tag","embeddable":true,"href":"https:\/\/www.africa-press.net\/centrafricaine\/wp-json\/wp\/v2\/tags?post=75927"}],"curies":[{"name":"wp","href":"https:\/\/api.w.org\/{rel}","templated":true}]}}