{"id":7632,"date":"2021-06-03T16:45:18","date_gmt":"2021-06-03T16:45:18","guid":{"rendered":"https:\/\/www.africa-press.net\/centrafricaine\/?p=7632"},"modified":"2021-06-03T18:27:55","modified_gmt":"2021-06-03T18:27:55","slug":"a-quand-un-plan-durgence-pour-les-rues-de-bangui","status":"publish","type":"post","link":"https:\/\/www.africa-press.net\/centrafricaine\/politique\/a-quand-un-plan-durgence-pour-les-rues-de-bangui","title":{"rendered":"\u00e0 quand un plan d\u2019urgence pour les rues de Bangui ?"},"content":{"rendered":"<p><span style=\"color: #ff6600\"><strong><a href=\"https:\/\/www.africa-press.net\/\">Africa-Press<\/a> &#8211; <a href=\"https:\/\/www.africa-press.net\/centrafricaine\">CentrAfricaine<\/a>. <\/strong><\/span>\u00a0La section de la route nationale N\u00b06 qui traverse Bangui est le dernier symbole en date du d\u00e9litement du r\u00e9seau routier dans le pays. Nids de poule, disparition du bitume, flaques gigantesques,\u2026 Cette route pourtant essentielle pour entrer ou sortir de la capitale est en effet dans un \u00e9tat alarmant.<\/p>\n<p>Depuis l\u2019arriv\u00e9e des pluies la situation n\u2019a d\u2019ailleurs fait que s\u2019aggraver : les automobilistes qui s\u2019engagent sur les quelques kilom\u00e8tres qui relient le march\u00e9 de P\u00e9t\u00e9vo \u00e0 Bimbo, souffrent au quotidien. Ils doivent s\u2019armer de courage, de patience infinie, mais aussi et surtout de d\u00e9brouillardise. S\u2019il ne s\u2019agissait que de temps perdu, cela serait d\u00e9j\u00e0 regrettable. Mais depuis quelques semaines se multiplient, comme chaque ann\u00e9e, les accidents parfois graves.<\/p>\n<p>L\u2019essentiel des grandes capitales d\u2019Afrique se dotent les unes apr\u00e8s les autres de nouvelles infrastructures rutilantes qui transforment la vie des habitants : m\u00e9tro d\u2019Abidjan, train express ultra-moderne reliant Dakar au nouvel a\u00e9roport international Blaise-Diagne, etc. Les grandes m\u00e9tropoles du continent sont devenues des vitrines pour les plus grands architectes. La Centrafrique se doit de participer \u00e0 cette dynamique positive.<\/p>\n<p>Tout le monde sait que les routes sont \u00e0 l\u2019\u00e9conomie ce que les art\u00e8res sont au corps humain : vitales. Un plan d\u2019urgence peut s\u2019av\u00e9rer n\u00e9cessaire.<\/p>\n<p><b>\u00a0<\/b><\/p>\n","protected":false},"excerpt":{"rendered":"<p>Africa-Press &#8211; CentrAfricaine. \u00a0La section de la route nationale N\u00b06 qui traverse Bangui est le dernier symbole en date du d\u00e9litement du r\u00e9seau routier dans le pays. Nids de poule, disparition du bitume, flaques gigantesques,\u2026 Cette route pourtant essentielle pour entrer ou sortir de la capitale est en effet dans un \u00e9tat alarmant. Depuis l\u2019arriv\u00e9e [&hellip;]<\/p>\n","protected":false},"author":82,"featured_media":7631,"comment_status":"open","ping_status":"closed","sticky":false,"template":"","format":"standard","meta":{"footnotes":""},"categories":[11,2,20,10],"tags":[36,58,30],"class_list":["post-7632","post","type-post","status-publish","format-standard","has-post-thumbnail","hentry","category-homepage-french","category-politique","category-top-nouvelles","category-toutes-les-actualites","tag-africa-press","tag-africa-press-centrafricaine","tag-centrafricaine"],"yoast_head":"<!-- This site is optimized with the Yoast SEO Premium plugin v26.1 (Yoast SEO v27.0) - https:\/\/yoast.com\/product\/yoast-seo-premium-wordpress\/ -->\n<title>\u00e0 quand un plan d\u2019urgence pour les rues de Bangui ? - centrafricaine<\/title>\n<meta name=\"description\" content=\"Bangui, R\u00e9publique centrafricaine, jeudi, 3 juin 2021, 03:45:10 ( Corbeaunews-Centrafrique ). La section de la r ...\" \/>\n<meta name=\"robots\" content=\"index, follow, max-snippet:-1, max-image-preview:large, max-video-preview:-1\" \/>\n<link rel=\"canonical\" href=\"https:\/\/www.africa-press.net\/centrafricaine\/politique\/a-quand-un-plan-durgence-pour-les-rues-de-bangui\" \/>\n<meta property=\"og:locale\" content=\"fr_FR\" \/>\n<meta property=\"og:type\" content=\"article\" \/>\n<meta property=\"og:title\" content=\"\u00e0 quand un plan d\u2019urgence pour les rues de Bangui ?\" \/>\n<meta property=\"og:description\" content=\"Bangui, R\u00e9publique centrafricaine, jeudi, 3 juin 2021, 03:45:10 ( Corbeaunews-Centrafrique ). La section de la r ...\" \/>\n<meta property=\"og:url\" content=\"https:\/\/www.africa-press.net\/centrafricaine\/politique\/a-quand-un-plan-durgence-pour-les-rues-de-bangui\" \/>\n<meta property=\"og:site_name\" content=\"centrafricaine\" \/>\n<meta property=\"article:published_time\" content=\"2021-06-03T16:45:18+00:00\" \/>\n<meta property=\"article:modified_time\" content=\"2021-06-03T18:27:55+00:00\" \/>\n<meta property=\"og:image\" content=\"https:\/\/static.africa-press.net\/centrafricaine\/sites\/45\/2021\/06\/img-60b9047e5a887.jpg\" \/>\n\t<meta property=\"og:image:width\" content=\"750\" \/>\n\t<meta property=\"og:image:height\" content=\"562\" \/>\n\t<meta property=\"og:image:type\" content=\"image\/jpeg\" \/>\n<meta name=\"author\" content=\"cfeditorfr\" \/>\n<meta name=\"twitter:card\" content=\"summary_large_image\" \/>\n<meta name=\"twitter:label1\" content=\"\u00c9crit par\" \/>\n\t<meta name=\"twitter:data1\" content=\"cfeditorfr\" \/>\n\t<meta name=\"twitter:label2\" content=\"Dur\u00e9e de lecture estim\u00e9e\" \/>\n\t<meta name=\"twitter:data2\" content=\"1 minute\" \/>\n<script type=\"application\/ld+json\" class=\"yoast-schema-graph\">{\"@context\":\"https:\/\/schema.org\",\"@graph\":[{\"@type\":\"Article\",\"@id\":\"https:\/\/www.africa-press.net\/centrafricaine\/politique\/a-quand-un-plan-durgence-pour-les-rues-de-bangui#article\",\"isPartOf\":{\"@id\":\"https:\/\/www.africa-press.net\/centrafricaine\/politique\/a-quand-un-plan-durgence-pour-les-rues-de-bangui\"},\"author\":{\"name\":\"cfeditorfr\",\"@id\":\"https:\/\/www.africa-press.net\/centrafricaine\/#\/schema\/person\/2b1cf3cd81a31e3cd26889ca66d677f1\"},\"headline\":\"\u00e0 quand un plan d\u2019urgence pour les rues de Bangui ?\",\"datePublished\":\"2021-06-03T16:45:18+00:00\",\"dateModified\":\"2021-06-03T18:27:55+00:00\",\"mainEntityOfPage\":{\"@id\":\"https:\/\/www.africa-press.net\/centrafricaine\/politique\/a-quand-un-plan-durgence-pour-les-rues-de-bangui\"},\"wordCount\":242,\"commentCount\":0,\"image\":{\"@id\":\"https:\/\/www.africa-press.net\/centrafricaine\/politique\/a-quand-un-plan-durgence-pour-les-rues-de-bangui#primaryimage\"},\"thumbnailUrl\":\"https:\/\/static.africa-press.net\/centrafricaine\/sites\/45\/2021\/06\/img-60b9047e5a887.jpg\",\"keywords\":[\"Africa Press\",\"Africa Press-CentrAfricaine\",\"CentrAfricaine\"],\"articleSection\":[\"homepage-french\",\"Politique\",\"Top Nouvelles\",\"Toutes les actualit\u00e9s\"],\"inLanguage\":\"fr-FR\",\"potentialAction\":[{\"@type\":\"CommentAction\",\"name\":\"Comment\",\"target\":[\"https:\/\/www.africa-press.net\/centrafricaine\/politique\/a-quand-un-plan-durgence-pour-les-rues-de-bangui#respond\"]}]},{\"@type\":\"WebPage\",\"@id\":\"https:\/\/www.africa-press.net\/centrafricaine\/politique\/a-quand-un-plan-durgence-pour-les-rues-de-bangui\",\"url\":\"https:\/\/www.africa-press.net\/centrafricaine\/politique\/a-quand-un-plan-durgence-pour-les-rues-de-bangui\",\"name\":\"\u00e0 quand un plan d\u2019urgence pour les rues de Bangui ? - centrafricaine\",\"isPartOf\":{\"@id\":\"https:\/\/www.africa-press.net\/centrafricaine\/#website\"},\"primaryImageOfPage\":{\"@id\":\"https:\/\/www.africa-press.net\/centrafricaine\/politique\/a-quand-un-plan-durgence-pour-les-rues-de-bangui#primaryimage\"},\"image\":{\"@id\":\"https:\/\/www.africa-press.net\/centrafricaine\/politique\/a-quand-un-plan-durgence-pour-les-rues-de-bangui#primaryimage\"},\"thumbnailUrl\":\"https:\/\/static.africa-press.net\/centrafricaine\/sites\/45\/2021\/06\/img-60b9047e5a887.jpg\",\"datePublished\":\"2021-06-03T16:45:18+00:00\",\"dateModified\":\"2021-06-03T18:27:55+00:00\",\"author\":{\"@id\":\"https:\/\/www.africa-press.net\/centrafricaine\/#\/schema\/person\/2b1cf3cd81a31e3cd26889ca66d677f1\"},\"description\":\"Bangui, R\u00e9publique centrafricaine, jeudi, 3 juin 2021, 03:45:10 ( Corbeaunews-Centrafrique ). La section de la r ...\",\"breadcrumb\":{\"@id\":\"https:\/\/www.africa-press.net\/centrafricaine\/politique\/a-quand-un-plan-durgence-pour-les-rues-de-bangui#breadcrumb\"},\"inLanguage\":\"fr-FR\",\"potentialAction\":[{\"@type\":\"ReadAction\",\"target\":[\"https:\/\/www.africa-press.net\/centrafricaine\/politique\/a-quand-un-plan-durgence-pour-les-rues-de-bangui\"]}]},{\"@type\":\"ImageObject\",\"inLanguage\":\"fr-FR\",\"@id\":\"https:\/\/www.africa-press.net\/centrafricaine\/politique\/a-quand-un-plan-durgence-pour-les-rues-de-bangui#primaryimage\",\"url\":\"https:\/\/static.africa-press.net\/centrafricaine\/sites\/45\/2021\/06\/img-60b9047e5a887.jpg\",\"contentUrl\":\"https:\/\/static.africa-press.net\/centrafricaine\/sites\/45\/2021\/06\/img-60b9047e5a887.jpg\",\"width\":750,\"height\":562,\"caption\":\"\u00e0 quand un plan d\u2019urgence pour les rues de Bangui ?\"},{\"@type\":\"BreadcrumbList\",\"@id\":\"https:\/\/www.africa-press.net\/centrafricaine\/politique\/a-quand-un-plan-durgence-pour-les-rues-de-bangui#breadcrumb\",\"itemListElement\":[{\"@type\":\"ListItem\",\"position\":1,\"name\":\"Accueil\",\"item\":\"https:\/\/www.africa-press.net\/centrafricaine\/\"},{\"@type\":\"ListItem\",\"position\":2,\"name\":\"\u00e0 quand un plan d\u2019urgence pour les rues de Bangui ?\"}]},{\"@type\":\"WebSite\",\"@id\":\"https:\/\/www.africa-press.net\/centrafricaine\/#website\",\"url\":\"https:\/\/www.africa-press.net\/centrafricaine\/\",\"name\":\"centrafricaine\",\"description\":\"Just another Africa News Agency Sites site\",\"potentialAction\":[{\"@type\":\"SearchAction\",\"target\":{\"@type\":\"EntryPoint\",\"urlTemplate\":\"https:\/\/www.africa-press.net\/centrafricaine\/?s={search_term_string}\"},\"query-input\":{\"@type\":\"PropertyValueSpecification\",\"valueRequired\":true,\"valueName\":\"search_term_string\"}}],\"inLanguage\":\"fr-FR\"},{\"@type\":\"Person\",\"@id\":\"https:\/\/www.africa-press.net\/centrafricaine\/#\/schema\/person\/2b1cf3cd81a31e3cd26889ca66d677f1\",\"name\":\"cfeditorfr\"}]}<\/script>\n<!-- \/ Yoast SEO Premium plugin. -->","yoast_head_json":{"title":"\u00e0 quand un plan d\u2019urgence pour les rues de Bangui ? - centrafricaine","description":"Bangui, R\u00e9publique centrafricaine, jeudi, 3 juin 2021, 03:45:10 ( Corbeaunews-Centrafrique ). La section de la r ...","robots":{"index":"index","follow":"follow","max-snippet":"max-snippet:-1","max-image-preview":"max-image-preview:large","max-video-preview":"max-video-preview:-1"},"canonical":"https:\/\/www.africa-press.net\/centrafricaine\/politique\/a-quand-un-plan-durgence-pour-les-rues-de-bangui","og_locale":"fr_FR","og_type":"article","og_title":"\u00e0 quand un plan d\u2019urgence pour les rues de Bangui ?","og_description":"Bangui, R\u00e9publique centrafricaine, jeudi, 3 juin 2021, 03:45:10 ( Corbeaunews-Centrafrique ). La section de la r ...","og_url":"https:\/\/www.africa-press.net\/centrafricaine\/politique\/a-quand-un-plan-durgence-pour-les-rues-de-bangui","og_site_name":"centrafricaine","article_published_time":"2021-06-03T16:45:18+00:00","article_modified_time":"2021-06-03T18:27:55+00:00","og_image":[{"width":750,"height":562,"url":"https:\/\/static.africa-press.net\/centrafricaine\/sites\/45\/2021\/06\/img-60b9047e5a887.jpg","type":"image\/jpeg"}],"author":"cfeditorfr","twitter_card":"summary_large_image","twitter_misc":{"\u00c9crit par":"cfeditorfr","Dur\u00e9e de lecture estim\u00e9e":"1 minute"},"schema":{"@context":"https:\/\/schema.org","@graph":[{"@type":"Article","@id":"https:\/\/www.africa-press.net\/centrafricaine\/politique\/a-quand-un-plan-durgence-pour-les-rues-de-bangui#article","isPartOf":{"@id":"https:\/\/www.africa-press.net\/centrafricaine\/politique\/a-quand-un-plan-durgence-pour-les-rues-de-bangui"},"author":{"name":"cfeditorfr","@id":"https:\/\/www.africa-press.net\/centrafricaine\/#\/schema\/person\/2b1cf3cd81a31e3cd26889ca66d677f1"},"headline":"\u00e0 quand un plan d\u2019urgence pour les rues de Bangui ?","datePublished":"2021-06-03T16:45:18+00:00","dateModified":"2021-06-03T18:27:55+00:00","mainEntityOfPage":{"@id":"https:\/\/www.africa-press.net\/centrafricaine\/politique\/a-quand-un-plan-durgence-pour-les-rues-de-bangui"},"wordCount":242,"commentCount":0,"image":{"@id":"https:\/\/www.africa-press.net\/centrafricaine\/politique\/a-quand-un-plan-durgence-pour-les-rues-de-bangui#primaryimage"},"thumbnailUrl":"https:\/\/static.africa-press.net\/centrafricaine\/sites\/45\/2021\/06\/img-60b9047e5a887.jpg","keywords":["Africa Press","Africa Press-CentrAfricaine","CentrAfricaine"],"articleSection":["homepage-french","Politique","Top Nouvelles","Toutes les actualit\u00e9s"],"inLanguage":"fr-FR","potentialAction":[{"@type":"CommentAction","name":"Comment","target":["https:\/\/www.africa-press.net\/centrafricaine\/politique\/a-quand-un-plan-durgence-pour-les-rues-de-bangui#respond"]}]},{"@type":"WebPage","@id":"https:\/\/www.africa-press.net\/centrafricaine\/politique\/a-quand-un-plan-durgence-pour-les-rues-de-bangui","url":"https:\/\/www.africa-press.net\/centrafricaine\/politique\/a-quand-un-plan-durgence-pour-les-rues-de-bangui","name":"\u00e0 quand un plan d\u2019urgence pour les rues de Bangui ? - centrafricaine","isPartOf":{"@id":"https:\/\/www.africa-press.net\/centrafricaine\/#website"},"primaryImageOfPage":{"@id":"https:\/\/www.africa-press.net\/centrafricaine\/politique\/a-quand-un-plan-durgence-pour-les-rues-de-bangui#primaryimage"},"image":{"@id":"https:\/\/www.africa-press.net\/centrafricaine\/politique\/a-quand-un-plan-durgence-pour-les-rues-de-bangui#primaryimage"},"thumbnailUrl":"https:\/\/static.africa-press.net\/centrafricaine\/sites\/45\/2021\/06\/img-60b9047e5a887.jpg","datePublished":"2021-06-03T16:45:18+00:00","dateModified":"2021-06-03T18:27:55+00:00","author":{"@id":"https:\/\/www.africa-press.net\/centrafricaine\/#\/schema\/person\/2b1cf3cd81a31e3cd26889ca66d677f1"},"description":"Bangui, R\u00e9publique centrafricaine, jeudi, 3 juin 2021, 03:45:10 ( Corbeaunews-Centrafrique ). La section de la r ...","breadcrumb":{"@id":"https:\/\/www.africa-press.net\/centrafricaine\/politique\/a-quand-un-plan-durgence-pour-les-rues-de-bangui#breadcrumb"},"inLanguage":"fr-FR","potentialAction":[{"@type":"ReadAction","target":["https:\/\/www.africa-press.net\/centrafricaine\/politique\/a-quand-un-plan-durgence-pour-les-rues-de-bangui"]}]},{"@type":"ImageObject","inLanguage":"fr-FR","@id":"https:\/\/www.africa-press.net\/centrafricaine\/politique\/a-quand-un-plan-durgence-pour-les-rues-de-bangui#primaryimage","url":"https:\/\/static.africa-press.net\/centrafricaine\/sites\/45\/2021\/06\/img-60b9047e5a887.jpg","contentUrl":"https:\/\/static.africa-press.net\/centrafricaine\/sites\/45\/2021\/06\/img-60b9047e5a887.jpg","width":750,"height":562,"caption":"\u00e0 quand un plan d\u2019urgence pour les rues de Bangui ?"},{"@type":"BreadcrumbList","@id":"https:\/\/www.africa-press.net\/centrafricaine\/politique\/a-quand-un-plan-durgence-pour-les-rues-de-bangui#breadcrumb","itemListElement":[{"@type":"ListItem","position":1,"name":"Accueil","item":"https:\/\/www.africa-press.net\/centrafricaine\/"},{"@type":"ListItem","position":2,"name":"\u00e0 quand un plan d\u2019urgence pour les rues de Bangui ?"}]},{"@type":"WebSite","@id":"https:\/\/www.africa-press.net\/centrafricaine\/#website","url":"https:\/\/www.africa-press.net\/centrafricaine\/","name":"centrafricaine","description":"Just another Africa News Agency Sites site","potentialAction":[{"@type":"SearchAction","target":{"@type":"EntryPoint","urlTemplate":"https:\/\/www.africa-press.net\/centrafricaine\/?s={search_term_string}"},"query-input":{"@type":"PropertyValueSpecification","valueRequired":true,"valueName":"search_term_string"}}],"inLanguage":"fr-FR"},{"@type":"Person","@id":"https:\/\/www.africa-press.net\/centrafricaine\/#\/schema\/person\/2b1cf3cd81a31e3cd26889ca66d677f1","name":"cfeditorfr"}]}},"_links":{"self":[{"href":"https:\/\/www.africa-press.net\/centrafricaine\/wp-json\/wp\/v2\/posts\/7632","targetHints":{"allow":["GET"]}}],"collection":[{"href":"https:\/\/www.africa-press.net\/centrafricaine\/wp-json\/wp\/v2\/posts"}],"about":[{"href":"https:\/\/www.africa-press.net\/centrafricaine\/wp-json\/wp\/v2\/types\/post"}],"author":[{"embeddable":true,"href":"https:\/\/www.africa-press.net\/centrafricaine\/wp-json\/wp\/v2\/users\/82"}],"replies":[{"embeddable":true,"href":"https:\/\/www.africa-press.net\/centrafricaine\/wp-json\/wp\/v2\/comments?post=7632"}],"version-history":[{"count":0,"href":"https:\/\/www.africa-press.net\/centrafricaine\/wp-json\/wp\/v2\/posts\/7632\/revisions"}],"wp:featuredmedia":[{"embeddable":true,"href":"https:\/\/www.africa-press.net\/centrafricaine\/wp-json\/wp\/v2\/media\/7631"}],"wp:attachment":[{"href":"https:\/\/www.africa-press.net\/centrafricaine\/wp-json\/wp\/v2\/media?parent=7632"}],"wp:term":[{"taxonomy":"category","embeddable":true,"href":"https:\/\/www.africa-press.net\/centrafricaine\/wp-json\/wp\/v2\/categories?post=7632"},{"taxonomy":"post_tag","embeddable":true,"href":"https:\/\/www.africa-press.net\/centrafricaine\/wp-json\/wp\/v2\/tags?post=7632"}],"curies":[{"name":"wp","href":"https:\/\/api.w.org\/{rel}","templated":true}]}}