{"id":7635,"date":"2021-06-03T16:53:54","date_gmt":"2021-06-03T16:53:54","guid":{"rendered":"https:\/\/www.africa-press.net\/centrafricaine\/?p=7635"},"modified":"2021-06-03T18:28:11","modified_gmt":"2021-06-03T18:28:11","slug":"la-centrafrique-au-coeur-dun-reseau-dinfluence","status":"publish","type":"post","link":"https:\/\/www.africa-press.net\/centrafricaine\/politique\/la-centrafrique-au-coeur-dun-reseau-dinfluence","title":{"rendered":"La Centrafrique au c\u0153ur d\u2019un r\u00e9seau d\u2019influence"},"content":{"rendered":"<p><span style=\"color: #ff6600\"><strong><a href=\"https:\/\/www.africa-press.net\/\">Africa-Press<\/a> &#8211; <a href=\"https:\/\/www.africa-press.net\/centrafricaine\">CentrAfricaine<\/a>. <\/strong><\/span><b>Dans la lutte contre la d\u00e9sinformation et la manipulation de l\u2019information, depuis 2018, Facebook, ne cesse de d\u00e9velopper et de d\u00e9ployer des algorithmes afin de d\u00e9tecter et supprimer des faux-comptes, et plus pr\u00e9cis\u00e9ment des comptes ayant un comportement qu\u2019il qualifie d\u2019inauthentique.<\/b><\/p>\n<p>En avril, Facebook a identifi\u00e9 un r\u00e9seau d\u2019influence qui agissait en Centrafrique. Afin de v\u00e9rifier les donn\u00e9es d\u00e9tect\u00e9es, la plateforme am\u00e9ricaine a sollicit\u00e9 l\u2019Observatoire Internet de Stanford (SIO). Rapidement, le SIO a trouv\u00e9 des \u00e9l\u00e9ments indiquant que parmi les comptes identifi\u00e9s, nombreux sont ceux qui employaient des alias pour la m\u00eame entit\u00e9.<\/p>\n<p>Le 10 mai, sur son blog, Facebook a annonc\u00e9 la suppression d\u2019un r\u00e9seau d\u2019influence qui visait les Centrafricains. La plateforme a donc cl\u00f4tur\u00e9 32 pages, 46 profils et 6 comptes Instagram g\u00e9r\u00e9s par des personnes en R\u00e9publique centrafricaine et ciblant les populations locales.<\/p>\n<p><b>Harouna Douamba, le chef d\u2019orchestre d\u2019un r\u00e9seau fictif<\/b><\/p>\n<p>Les comptes, les pages, les profils et les groupes supprim\u00e9s sont attribu\u00e9s \u00e0 l\u2019activit\u00e9 d\u2019influence russe en Afrique, et plus particuli\u00e8rement en Centrafrique. Ces comptes ont orchestr\u00e9 des campagnes de d\u00e9sinformation qui ont diabolis\u00e9, cultiv\u00e9 la haine contre la MINUSCA et la France. A l\u2019inverse, ils valorisent l\u2019ensemble des actions r\u00e9elles ou fictives des russes pr\u00e9sents sur le territoire. A la t\u00eate de ces r\u00e9seaux d\u2019influence, se trouve le pr\u00e9sident fondateur de l\u2019ONG Aimons notre Afrique (ANA), de la Coalition Afrique Engag\u00e9e (CAE) et de la F\u00e9d\u00e9ration Nationale des Ivoiriens d\u2019Origine \u00c9trang\u00e8res (FENIOE) ainsi que du groupe m\u00e9dia ANACOM : Harouna Douamba.<\/p>\n<p>N\u00e9 au Burkina Faso, Monsieur Douamba a pass\u00e9 la majeure partie de sa vie en C\u00f4te d\u2019Ivoire. Avant de se faire un nom dans le paysage m\u00e9diatique centrafricain, l\u2019homme vivait d\u2019activit\u00e9s mafieuses. Brouteur professionnel, cet escroc manie \u00e0 la perfection l\u2019art de la manipulation et sait pleinement jouer avec les \u00e9motions des individus. En effet, c\u2019est sans remords qu\u2019il enr\u00f4le des jeunes du pays, pour \u00e9tendre son r\u00e9seau de \u00ab miliciens \u00bb au sein de ses multiples organisations et m\u00e9dias, qui divisent le pays.<\/p>\n<p><b>Le panafricaniste individualiste<\/b><\/p>\n<p>Se disant panafricain voire panafricaniste, Monsieur Douamba se doit de revoir la d\u00e9finition de ce terme qu\u2019il emploie \u00e0 tout bout de champ. Le panafricanisme est une vision sociale, \u00e9conomique, culturelle et politique d\u2019\u00e9mancipation des Africains. C\u2019est aussi un mouvement qui vise \u00e0 unifier les Africains du continent et de la diaspora africaine en une communaut\u00e9 africaine mondiale. L\u2019union des peuples africains doit \u00eatre sinc\u00e8re.<\/p>\n<p>Pour Harouna Douamba, le panafricanisme ce sont des actions et des discours qui sont influenc\u00e9s par l\u2019odeur des billets, avec un enrichissement personnel qui se fait au d\u00e9triment de la communaut\u00e9.<\/p>\n<p>Harouna Douamba, vip\u00e8re, se dit conseiller du chef d\u2019\u00c9tat de notre pays. Le pays a d\u00e9j\u00e0 des difficult\u00e9s \u00e0 retrouver la paix ! Est-ce vraiment ce dont nous avons besoin ?<\/p>\n<p><b>\u00a0<\/b><\/p>\n","protected":false},"excerpt":{"rendered":"<p>Africa-Press &#8211; CentrAfricaine. Dans la lutte contre la d\u00e9sinformation et la manipulation de l\u2019information, depuis 2018, Facebook, ne cesse de d\u00e9velopper et de d\u00e9ployer des algorithmes afin de d\u00e9tecter et supprimer des faux-comptes, et plus pr\u00e9cis\u00e9ment des comptes ayant un comportement qu\u2019il qualifie d\u2019inauthentique. En avril, Facebook a identifi\u00e9 un r\u00e9seau d\u2019influence qui agissait en [&hellip;]<\/p>\n","protected":false},"author":82,"featured_media":7634,"comment_status":"open","ping_status":"closed","sticky":false,"template":"","format":"standard","meta":{"footnotes":""},"categories":[11,2,20,10],"tags":[36,58,30],"class_list":["post-7635","post","type-post","status-publish","format-standard","has-post-thumbnail","hentry","category-homepage-french","category-politique","category-top-nouvelles","category-toutes-les-actualites","tag-africa-press","tag-africa-press-centrafricaine","tag-centrafricaine"],"yoast_head":"<!-- This site is optimized with the Yoast SEO Premium plugin v26.1 (Yoast SEO v27.0) - https:\/\/yoast.com\/product\/yoast-seo-premium-wordpress\/ -->\n<title>La Centrafrique au c\u0153ur d\u2019un r\u00e9seau d\u2019influence - centrafricaine<\/title>\n<meta name=\"description\" content=\"Bangui, R\u00e9publique centrafricaine, jeudi, 3 juin 2021, 03:53:30 ( Corbeaunews-Centrafrique ).Un r\u00e9seau identifi ...\" \/>\n<meta name=\"robots\" content=\"index, follow, max-snippet:-1, max-image-preview:large, max-video-preview:-1\" \/>\n<link rel=\"canonical\" href=\"https:\/\/www.africa-press.net\/centrafricaine\/politique\/la-centrafrique-au-coeur-dun-reseau-dinfluence\" \/>\n<meta property=\"og:locale\" content=\"fr_FR\" \/>\n<meta property=\"og:type\" content=\"article\" \/>\n<meta property=\"og:title\" content=\"La Centrafrique au c\u0153ur d\u2019un r\u00e9seau d\u2019influence\" \/>\n<meta property=\"og:description\" content=\"Bangui, R\u00e9publique centrafricaine, jeudi, 3 juin 2021, 03:53:30 ( Corbeaunews-Centrafrique ).Un r\u00e9seau identifi ...\" \/>\n<meta property=\"og:url\" content=\"https:\/\/www.africa-press.net\/centrafricaine\/politique\/la-centrafrique-au-coeur-dun-reseau-dinfluence\" \/>\n<meta property=\"og:site_name\" content=\"centrafricaine\" \/>\n<meta property=\"article:published_time\" content=\"2021-06-03T16:53:54+00:00\" \/>\n<meta property=\"article:modified_time\" content=\"2021-06-03T18:28:11+00:00\" \/>\n<meta property=\"og:image\" content=\"https:\/\/static.africa-press.net\/centrafricaine\/sites\/45\/2021\/06\/img-60b904a35c235.jpg\" \/>\n\t<meta property=\"og:image:width\" content=\"750\" \/>\n\t<meta property=\"og:image:height\" content=\"509\" \/>\n\t<meta property=\"og:image:type\" content=\"image\/jpeg\" \/>\n<meta name=\"author\" content=\"cfeditorfr\" \/>\n<meta name=\"twitter:card\" content=\"summary_large_image\" \/>\n<meta name=\"twitter:label1\" content=\"\u00c9crit par\" \/>\n\t<meta name=\"twitter:data1\" content=\"cfeditorfr\" \/>\n\t<meta name=\"twitter:label2\" content=\"Dur\u00e9e de lecture estim\u00e9e\" \/>\n\t<meta name=\"twitter:data2\" content=\"3 minutes\" \/>\n<script type=\"application\/ld+json\" class=\"yoast-schema-graph\">{\"@context\":\"https:\/\/schema.org\",\"@graph\":[{\"@type\":\"Article\",\"@id\":\"https:\/\/www.africa-press.net\/centrafricaine\/politique\/la-centrafrique-au-coeur-dun-reseau-dinfluence#article\",\"isPartOf\":{\"@id\":\"https:\/\/www.africa-press.net\/centrafricaine\/politique\/la-centrafrique-au-coeur-dun-reseau-dinfluence\"},\"author\":{\"name\":\"cfeditorfr\",\"@id\":\"https:\/\/www.africa-press.net\/centrafricaine\/#\/schema\/person\/2b1cf3cd81a31e3cd26889ca66d677f1\"},\"headline\":\"La Centrafrique au c\u0153ur d\u2019un r\u00e9seau d\u2019influence\",\"datePublished\":\"2021-06-03T16:53:54+00:00\",\"dateModified\":\"2021-06-03T18:28:11+00:00\",\"mainEntityOfPage\":{\"@id\":\"https:\/\/www.africa-press.net\/centrafricaine\/politique\/la-centrafrique-au-coeur-dun-reseau-dinfluence\"},\"wordCount\":535,\"commentCount\":0,\"image\":{\"@id\":\"https:\/\/www.africa-press.net\/centrafricaine\/politique\/la-centrafrique-au-coeur-dun-reseau-dinfluence#primaryimage\"},\"thumbnailUrl\":\"https:\/\/static.africa-press.net\/centrafricaine\/sites\/45\/2021\/06\/img-60b904a35c235.jpg\",\"keywords\":[\"Africa Press\",\"Africa Press-CentrAfricaine\",\"CentrAfricaine\"],\"articleSection\":[\"homepage-french\",\"Politique\",\"Top Nouvelles\",\"Toutes les actualit\u00e9s\"],\"inLanguage\":\"fr-FR\",\"potentialAction\":[{\"@type\":\"CommentAction\",\"name\":\"Comment\",\"target\":[\"https:\/\/www.africa-press.net\/centrafricaine\/politique\/la-centrafrique-au-coeur-dun-reseau-dinfluence#respond\"]}]},{\"@type\":\"WebPage\",\"@id\":\"https:\/\/www.africa-press.net\/centrafricaine\/politique\/la-centrafrique-au-coeur-dun-reseau-dinfluence\",\"url\":\"https:\/\/www.africa-press.net\/centrafricaine\/politique\/la-centrafrique-au-coeur-dun-reseau-dinfluence\",\"name\":\"La Centrafrique au c\u0153ur d\u2019un r\u00e9seau d\u2019influence - centrafricaine\",\"isPartOf\":{\"@id\":\"https:\/\/www.africa-press.net\/centrafricaine\/#website\"},\"primaryImageOfPage\":{\"@id\":\"https:\/\/www.africa-press.net\/centrafricaine\/politique\/la-centrafrique-au-coeur-dun-reseau-dinfluence#primaryimage\"},\"image\":{\"@id\":\"https:\/\/www.africa-press.net\/centrafricaine\/politique\/la-centrafrique-au-coeur-dun-reseau-dinfluence#primaryimage\"},\"thumbnailUrl\":\"https:\/\/static.africa-press.net\/centrafricaine\/sites\/45\/2021\/06\/img-60b904a35c235.jpg\",\"datePublished\":\"2021-06-03T16:53:54+00:00\",\"dateModified\":\"2021-06-03T18:28:11+00:00\",\"author\":{\"@id\":\"https:\/\/www.africa-press.net\/centrafricaine\/#\/schema\/person\/2b1cf3cd81a31e3cd26889ca66d677f1\"},\"description\":\"Bangui, R\u00e9publique centrafricaine, jeudi, 3 juin 2021, 03:53:30 ( Corbeaunews-Centrafrique ).Un r\u00e9seau identifi ...\",\"breadcrumb\":{\"@id\":\"https:\/\/www.africa-press.net\/centrafricaine\/politique\/la-centrafrique-au-coeur-dun-reseau-dinfluence#breadcrumb\"},\"inLanguage\":\"fr-FR\",\"potentialAction\":[{\"@type\":\"ReadAction\",\"target\":[\"https:\/\/www.africa-press.net\/centrafricaine\/politique\/la-centrafrique-au-coeur-dun-reseau-dinfluence\"]}]},{\"@type\":\"ImageObject\",\"inLanguage\":\"fr-FR\",\"@id\":\"https:\/\/www.africa-press.net\/centrafricaine\/politique\/la-centrafrique-au-coeur-dun-reseau-dinfluence#primaryimage\",\"url\":\"https:\/\/static.africa-press.net\/centrafricaine\/sites\/45\/2021\/06\/img-60b904a35c235.jpg\",\"contentUrl\":\"https:\/\/static.africa-press.net\/centrafricaine\/sites\/45\/2021\/06\/img-60b904a35c235.jpg\",\"width\":750,\"height\":509,\"caption\":\"La Centrafrique au c\u0153ur d\u2019un r\u00e9seau d\u2019influence\"},{\"@type\":\"BreadcrumbList\",\"@id\":\"https:\/\/www.africa-press.net\/centrafricaine\/politique\/la-centrafrique-au-coeur-dun-reseau-dinfluence#breadcrumb\",\"itemListElement\":[{\"@type\":\"ListItem\",\"position\":1,\"name\":\"Accueil\",\"item\":\"https:\/\/www.africa-press.net\/centrafricaine\/\"},{\"@type\":\"ListItem\",\"position\":2,\"name\":\"La Centrafrique au c\u0153ur d\u2019un r\u00e9seau d\u2019influence\"}]},{\"@type\":\"WebSite\",\"@id\":\"https:\/\/www.africa-press.net\/centrafricaine\/#website\",\"url\":\"https:\/\/www.africa-press.net\/centrafricaine\/\",\"name\":\"centrafricaine\",\"description\":\"Just another Africa News Agency Sites site\",\"potentialAction\":[{\"@type\":\"SearchAction\",\"target\":{\"@type\":\"EntryPoint\",\"urlTemplate\":\"https:\/\/www.africa-press.net\/centrafricaine\/?s={search_term_string}\"},\"query-input\":{\"@type\":\"PropertyValueSpecification\",\"valueRequired\":true,\"valueName\":\"search_term_string\"}}],\"inLanguage\":\"fr-FR\"},{\"@type\":\"Person\",\"@id\":\"https:\/\/www.africa-press.net\/centrafricaine\/#\/schema\/person\/2b1cf3cd81a31e3cd26889ca66d677f1\",\"name\":\"cfeditorfr\"}]}<\/script>\n<!-- \/ Yoast SEO Premium plugin. -->","yoast_head_json":{"title":"La Centrafrique au c\u0153ur d\u2019un r\u00e9seau d\u2019influence - centrafricaine","description":"Bangui, R\u00e9publique centrafricaine, jeudi, 3 juin 2021, 03:53:30 ( Corbeaunews-Centrafrique ).Un r\u00e9seau identifi ...","robots":{"index":"index","follow":"follow","max-snippet":"max-snippet:-1","max-image-preview":"max-image-preview:large","max-video-preview":"max-video-preview:-1"},"canonical":"https:\/\/www.africa-press.net\/centrafricaine\/politique\/la-centrafrique-au-coeur-dun-reseau-dinfluence","og_locale":"fr_FR","og_type":"article","og_title":"La Centrafrique au c\u0153ur d\u2019un r\u00e9seau d\u2019influence","og_description":"Bangui, R\u00e9publique centrafricaine, jeudi, 3 juin 2021, 03:53:30 ( Corbeaunews-Centrafrique ).Un r\u00e9seau identifi ...","og_url":"https:\/\/www.africa-press.net\/centrafricaine\/politique\/la-centrafrique-au-coeur-dun-reseau-dinfluence","og_site_name":"centrafricaine","article_published_time":"2021-06-03T16:53:54+00:00","article_modified_time":"2021-06-03T18:28:11+00:00","og_image":[{"width":750,"height":509,"url":"https:\/\/static.africa-press.net\/centrafricaine\/sites\/45\/2021\/06\/img-60b904a35c235.jpg","type":"image\/jpeg"}],"author":"cfeditorfr","twitter_card":"summary_large_image","twitter_misc":{"\u00c9crit par":"cfeditorfr","Dur\u00e9e de lecture estim\u00e9e":"3 minutes"},"schema":{"@context":"https:\/\/schema.org","@graph":[{"@type":"Article","@id":"https:\/\/www.africa-press.net\/centrafricaine\/politique\/la-centrafrique-au-coeur-dun-reseau-dinfluence#article","isPartOf":{"@id":"https:\/\/www.africa-press.net\/centrafricaine\/politique\/la-centrafrique-au-coeur-dun-reseau-dinfluence"},"author":{"name":"cfeditorfr","@id":"https:\/\/www.africa-press.net\/centrafricaine\/#\/schema\/person\/2b1cf3cd81a31e3cd26889ca66d677f1"},"headline":"La Centrafrique au c\u0153ur d\u2019un r\u00e9seau d\u2019influence","datePublished":"2021-06-03T16:53:54+00:00","dateModified":"2021-06-03T18:28:11+00:00","mainEntityOfPage":{"@id":"https:\/\/www.africa-press.net\/centrafricaine\/politique\/la-centrafrique-au-coeur-dun-reseau-dinfluence"},"wordCount":535,"commentCount":0,"image":{"@id":"https:\/\/www.africa-press.net\/centrafricaine\/politique\/la-centrafrique-au-coeur-dun-reseau-dinfluence#primaryimage"},"thumbnailUrl":"https:\/\/static.africa-press.net\/centrafricaine\/sites\/45\/2021\/06\/img-60b904a35c235.jpg","keywords":["Africa Press","Africa Press-CentrAfricaine","CentrAfricaine"],"articleSection":["homepage-french","Politique","Top Nouvelles","Toutes les actualit\u00e9s"],"inLanguage":"fr-FR","potentialAction":[{"@type":"CommentAction","name":"Comment","target":["https:\/\/www.africa-press.net\/centrafricaine\/politique\/la-centrafrique-au-coeur-dun-reseau-dinfluence#respond"]}]},{"@type":"WebPage","@id":"https:\/\/www.africa-press.net\/centrafricaine\/politique\/la-centrafrique-au-coeur-dun-reseau-dinfluence","url":"https:\/\/www.africa-press.net\/centrafricaine\/politique\/la-centrafrique-au-coeur-dun-reseau-dinfluence","name":"La Centrafrique au c\u0153ur d\u2019un r\u00e9seau d\u2019influence - centrafricaine","isPartOf":{"@id":"https:\/\/www.africa-press.net\/centrafricaine\/#website"},"primaryImageOfPage":{"@id":"https:\/\/www.africa-press.net\/centrafricaine\/politique\/la-centrafrique-au-coeur-dun-reseau-dinfluence#primaryimage"},"image":{"@id":"https:\/\/www.africa-press.net\/centrafricaine\/politique\/la-centrafrique-au-coeur-dun-reseau-dinfluence#primaryimage"},"thumbnailUrl":"https:\/\/static.africa-press.net\/centrafricaine\/sites\/45\/2021\/06\/img-60b904a35c235.jpg","datePublished":"2021-06-03T16:53:54+00:00","dateModified":"2021-06-03T18:28:11+00:00","author":{"@id":"https:\/\/www.africa-press.net\/centrafricaine\/#\/schema\/person\/2b1cf3cd81a31e3cd26889ca66d677f1"},"description":"Bangui, R\u00e9publique centrafricaine, jeudi, 3 juin 2021, 03:53:30 ( Corbeaunews-Centrafrique ).Un r\u00e9seau identifi ...","breadcrumb":{"@id":"https:\/\/www.africa-press.net\/centrafricaine\/politique\/la-centrafrique-au-coeur-dun-reseau-dinfluence#breadcrumb"},"inLanguage":"fr-FR","potentialAction":[{"@type":"ReadAction","target":["https:\/\/www.africa-press.net\/centrafricaine\/politique\/la-centrafrique-au-coeur-dun-reseau-dinfluence"]}]},{"@type":"ImageObject","inLanguage":"fr-FR","@id":"https:\/\/www.africa-press.net\/centrafricaine\/politique\/la-centrafrique-au-coeur-dun-reseau-dinfluence#primaryimage","url":"https:\/\/static.africa-press.net\/centrafricaine\/sites\/45\/2021\/06\/img-60b904a35c235.jpg","contentUrl":"https:\/\/static.africa-press.net\/centrafricaine\/sites\/45\/2021\/06\/img-60b904a35c235.jpg","width":750,"height":509,"caption":"La Centrafrique au c\u0153ur d\u2019un r\u00e9seau d\u2019influence"},{"@type":"BreadcrumbList","@id":"https:\/\/www.africa-press.net\/centrafricaine\/politique\/la-centrafrique-au-coeur-dun-reseau-dinfluence#breadcrumb","itemListElement":[{"@type":"ListItem","position":1,"name":"Accueil","item":"https:\/\/www.africa-press.net\/centrafricaine\/"},{"@type":"ListItem","position":2,"name":"La Centrafrique au c\u0153ur d\u2019un r\u00e9seau d\u2019influence"}]},{"@type":"WebSite","@id":"https:\/\/www.africa-press.net\/centrafricaine\/#website","url":"https:\/\/www.africa-press.net\/centrafricaine\/","name":"centrafricaine","description":"Just another Africa News Agency Sites site","potentialAction":[{"@type":"SearchAction","target":{"@type":"EntryPoint","urlTemplate":"https:\/\/www.africa-press.net\/centrafricaine\/?s={search_term_string}"},"query-input":{"@type":"PropertyValueSpecification","valueRequired":true,"valueName":"search_term_string"}}],"inLanguage":"fr-FR"},{"@type":"Person","@id":"https:\/\/www.africa-press.net\/centrafricaine\/#\/schema\/person\/2b1cf3cd81a31e3cd26889ca66d677f1","name":"cfeditorfr"}]}},"_links":{"self":[{"href":"https:\/\/www.africa-press.net\/centrafricaine\/wp-json\/wp\/v2\/posts\/7635","targetHints":{"allow":["GET"]}}],"collection":[{"href":"https:\/\/www.africa-press.net\/centrafricaine\/wp-json\/wp\/v2\/posts"}],"about":[{"href":"https:\/\/www.africa-press.net\/centrafricaine\/wp-json\/wp\/v2\/types\/post"}],"author":[{"embeddable":true,"href":"https:\/\/www.africa-press.net\/centrafricaine\/wp-json\/wp\/v2\/users\/82"}],"replies":[{"embeddable":true,"href":"https:\/\/www.africa-press.net\/centrafricaine\/wp-json\/wp\/v2\/comments?post=7635"}],"version-history":[{"count":0,"href":"https:\/\/www.africa-press.net\/centrafricaine\/wp-json\/wp\/v2\/posts\/7635\/revisions"}],"wp:featuredmedia":[{"embeddable":true,"href":"https:\/\/www.africa-press.net\/centrafricaine\/wp-json\/wp\/v2\/media\/7634"}],"wp:attachment":[{"href":"https:\/\/www.africa-press.net\/centrafricaine\/wp-json\/wp\/v2\/media?parent=7635"}],"wp:term":[{"taxonomy":"category","embeddable":true,"href":"https:\/\/www.africa-press.net\/centrafricaine\/wp-json\/wp\/v2\/categories?post=7635"},{"taxonomy":"post_tag","embeddable":true,"href":"https:\/\/www.africa-press.net\/centrafricaine\/wp-json\/wp\/v2\/tags?post=7635"}],"curies":[{"name":"wp","href":"https:\/\/api.w.org\/{rel}","templated":true}]}}