{"id":7638,"date":"2021-06-03T17:00:33","date_gmt":"2021-06-03T17:00:33","guid":{"rendered":"https:\/\/www.africa-press.net\/centrafricaine\/?p=7638"},"modified":"2021-06-03T18:28:26","modified_gmt":"2021-06-03T18:28:26","slug":"attaque-de-sourou-le-ministre-des-affaires-etrangeres-du-tchad-mahamat-zene-cherif-tient-a-rappeler-la-gravite-de-lincident","status":"publish","type":"post","link":"https:\/\/www.africa-press.net\/centrafricaine\/politique\/attaque-de-sourou-le-ministre-des-affaires-etrangeres-du-tchad-mahamat-zene-cherif-tient-a-rappeler-la-gravite-de-lincident","title":{"rendered":"Attaque de Sourou, le ministre des affaires \u00e9trang\u00e8res du Tchad Mahamat Zene Cherif tient \u00e0 rappeler la gravit\u00e9 \u00a0\u00a0de l\u2019incident"},"content":{"rendered":"<p><span style=\"color: #ff6600\"><strong><a href=\"https:\/\/www.africa-press.net\/\">Africa-Press<\/a> &#8211; <a href=\"https:\/\/www.africa-press.net\/centrafricaine\">CentrAfricaine<\/a>. <\/strong><\/span>\u00a0Mahamat Zene Cherif, ministre des affaires \u00e9trang\u00e8res du Tchad, dans une interview accord\u00e9e \u00e0 la t\u00e9l\u00e9vision tchadienne, a tenu \u00e0 rappeler la gravit\u00e9 de l\u2019incident. Selon lui, l\u2019attaque de poste frontalier tchadien au village Sourou n\u2019est pas une attaque banale. \u00ab C\u2019est une force bien pr\u00e9par\u00e9e, avec des blind\u00e9s et m\u00eame des drones \u00bb. D\u2019apr\u00e8s lui, en ce qui concerne le Tchad, le plus important dans l\u2019imm\u00e9diat, \u00ab c\u2019est de faire la lumi\u00e8re sur cette attaque afin de situer la responsabilit\u00e9, parce que nous ne pouvons pas passer un trait de plume sur les morts, les bless\u00e9s, les d\u00e9g\u00e2ts mat\u00e9riels \u00bb, ajoute-t-il.<\/p>\n<p>\u00ab Vous savez le Tchad a \u00e9t\u00e9 victime sur son territoire qui a fait des morts et des bless\u00e9s ainsi que des d\u00e9g\u00e2ts mat\u00e9riels puisque pratiquement tout le village qui a \u00e9t\u00e9 incendi\u00e9. Et \u00e7a a \u00e9t\u00e9 un choc pour l\u2019ensemble du Tchad puisque certains des soldats tchadiens qui ont \u00e9t\u00e9 fait prisonniers, ont \u00e9t\u00e9 malheureusement froidement ex\u00e9cut\u00e9s de l\u2019autre c\u00f4t\u00e9 de la fronti\u00e8re. Cet acte est une gravit\u00e9 extr\u00eame. C\u2019est difficile de l\u2019oublier. Nous sommes deux pays li\u00e9s par la g\u00e9ographie, la culture, et l\u2019histoire, et nous sommes condamn\u00e9s \u00e0 vivre l\u2019un \u00e0 c\u00f4t\u00e9 de l\u2019autre. Et c\u2019est pourquoi je pense que de part et d\u2019autre, conscient de notre responsabilit\u00e9 commune, le Pr\u00e9sident centrafricain a d\u00e9p\u00each\u00e9 une d\u00e9l\u00e9gation de haut niveau conduite par madame la ministre des affaires \u00e9trang\u00e8res comprenant deux autres ministres.<\/p>\n<p>Pour le Tchad, en ce qui concerne le Tchad, le plus important dans l\u2019imm\u00e9diat, c\u2019est de faire la lumi\u00e8re sur cette attaque afin de situer la responsabilit\u00e9, parce que nous ne pouvons pas passer un trait de plume sur les morts, les bless\u00e9s, les d\u00e9g\u00e2ts mat\u00e9riels.<\/p>\n<p>Puisque la Centrafrique a exprim\u00e9 sa surprise par rapport \u00e0 cette attaque, \u00e7a veut dire que quelque part il y\u2019a fort probablement des \u00e9l\u00e9ments qui veulent cr\u00e9er une situation de conflit entre les deux pays. Et l\u00e0 je pense que de part et d\u2019autre nous avons la lourde responsabilit\u00e9 d\u2019identifier ses \u00e9l\u00e9ments, de les mettre dans des conditions \u00e0 ne pas pouvoir cr\u00e9er une tension entre les deux pays \u00bb, a d\u00e9clar\u00e9 l\u2019ambassadeur Mahamat Zene Cherif, ministre des affaires \u00e9trang\u00e8res du Tchad. D\u2019apr\u00e8s lui, l\u2019attaque de poste frontalier du Tchad par les mercenaires russes n\u2019est pas une attaque banale :<\/p>\n<p>\u00ab Il est extr\u00eamement important et urgent qu\u2019on puisse \u00e9lucider les circonstances de cette attaque parce que ce n\u2019est pas une attaque banale. Donc c\u2019est une force bien pr\u00e9par\u00e9e, avec des blind\u00e9s et m\u00eame des drones. Mais toutefois, la volont\u00e9 d\u2019aller de l\u2019avant, et de pr\u00e9server la paix et la stabilit\u00e9 entre les deux pays et ferme, au plus haut niveau, donc de nos deux \u00c9tats.<\/p>\n<p>Et j\u2019esp\u00e8re qu\u2019avec cette volont\u00e9, et sur la base des orientations que nous avions re\u00e7u, pour d\u2019abord \u00e9lucider les circonstances, situer les responsabilit\u00e9s, et ensuite envisager donc une nouvelle coop\u00e9ration de nature \u00e0 permettre aux deux pays de s\u00e9curiser la fronti\u00e8re commune \u00bb.<\/p>\n<p><b>\u00a0<\/b><\/p>\n","protected":false},"excerpt":{"rendered":"<p>Africa-Press &#8211; CentrAfricaine. \u00a0Mahamat Zene Cherif, ministre des affaires \u00e9trang\u00e8res du Tchad, dans une interview accord\u00e9e \u00e0 la t\u00e9l\u00e9vision tchadienne, a tenu \u00e0 rappeler la gravit\u00e9 de l\u2019incident. Selon lui, l\u2019attaque de poste frontalier tchadien au village Sourou n\u2019est pas une attaque banale. \u00ab C\u2019est une force bien pr\u00e9par\u00e9e, avec des blind\u00e9s et m\u00eame des [&hellip;]<\/p>\n","protected":false},"author":82,"featured_media":7637,"comment_status":"open","ping_status":"closed","sticky":false,"template":"","format":"standard","meta":{"footnotes":""},"categories":[11,2,20,10],"tags":[36,58,30],"class_list":["post-7638","post","type-post","status-publish","format-standard","has-post-thumbnail","hentry","category-homepage-french","category-politique","category-top-nouvelles","category-toutes-les-actualites","tag-africa-press","tag-africa-press-centrafricaine","tag-centrafricaine"],"yoast_head":"<!-- This site is optimized with the Yoast SEO Premium plugin v26.1 (Yoast SEO v27.0) - https:\/\/yoast.com\/product\/yoast-seo-premium-wordpress\/ -->\n<title>Attaque de Sourou, le ministre des affaires \u00e9trang\u00e8res du Tchad Mahamat Zene Cherif tient \u00e0 rappeler la gravit\u00e9 \u00a0\u00a0de l\u2019incident - centrafricaine<\/title>\n<meta name=\"description\" content=\"Bangui, R\u00e9publique centrafricaine, jeudi, 3 juin 2021, 03:25:06 ( Corbeaunews-Centrafrique ). Mahamat Zene Cheri ...\" \/>\n<meta name=\"robots\" content=\"index, follow, max-snippet:-1, max-image-preview:large, max-video-preview:-1\" \/>\n<link rel=\"canonical\" href=\"https:\/\/www.africa-press.net\/centrafricaine\/politique\/attaque-de-sourou-le-ministre-des-affaires-etrangeres-du-tchad-mahamat-zene-cherif-tient-a-rappeler-la-gravite-de-lincident\" \/>\n<meta property=\"og:locale\" content=\"fr_FR\" \/>\n<meta property=\"og:type\" content=\"article\" \/>\n<meta property=\"og:title\" content=\"Attaque de Sourou, le ministre des affaires \u00e9trang\u00e8res du Tchad Mahamat Zene Cherif tient \u00e0 rappeler la gravit\u00e9 \u00a0\u00a0de l\u2019incident\" \/>\n<meta property=\"og:description\" content=\"Bangui, R\u00e9publique centrafricaine, jeudi, 3 juin 2021, 03:25:06 ( Corbeaunews-Centrafrique ). Mahamat Zene Cheri ...\" \/>\n<meta property=\"og:url\" content=\"https:\/\/www.africa-press.net\/centrafricaine\/politique\/attaque-de-sourou-le-ministre-des-affaires-etrangeres-du-tchad-mahamat-zene-cherif-tient-a-rappeler-la-gravite-de-lincident\" \/>\n<meta property=\"og:site_name\" content=\"centrafricaine\" \/>\n<meta property=\"article:published_time\" content=\"2021-06-03T17:00:33+00:00\" \/>\n<meta property=\"article:modified_time\" content=\"2021-06-03T18:28:26+00:00\" \/>\n<meta property=\"og:image\" content=\"https:\/\/static.africa-press.net\/centrafricaine\/sites\/45\/2021\/06\/img-60b904c95801c.jpg\" \/>\n\t<meta property=\"og:image:width\" content=\"720\" \/>\n\t<meta property=\"og:image:height\" content=\"659\" \/>\n\t<meta property=\"og:image:type\" content=\"image\/jpeg\" \/>\n<meta name=\"author\" content=\"cfeditorfr\" \/>\n<meta name=\"twitter:card\" content=\"summary_large_image\" \/>\n<meta name=\"twitter:label1\" content=\"\u00c9crit par\" \/>\n\t<meta name=\"twitter:data1\" content=\"cfeditorfr\" \/>\n\t<meta name=\"twitter:label2\" content=\"Dur\u00e9e de lecture estim\u00e9e\" \/>\n\t<meta name=\"twitter:data2\" content=\"3 minutes\" \/>\n<script type=\"application\/ld+json\" class=\"yoast-schema-graph\">{\"@context\":\"https:\/\/schema.org\",\"@graph\":[{\"@type\":\"Article\",\"@id\":\"https:\/\/www.africa-press.net\/centrafricaine\/politique\/attaque-de-sourou-le-ministre-des-affaires-etrangeres-du-tchad-mahamat-zene-cherif-tient-a-rappeler-la-gravite-de-lincident#article\",\"isPartOf\":{\"@id\":\"https:\/\/www.africa-press.net\/centrafricaine\/politique\/attaque-de-sourou-le-ministre-des-affaires-etrangeres-du-tchad-mahamat-zene-cherif-tient-a-rappeler-la-gravite-de-lincident\"},\"author\":{\"name\":\"cfeditorfr\",\"@id\":\"https:\/\/www.africa-press.net\/centrafricaine\/#\/schema\/person\/2b1cf3cd81a31e3cd26889ca66d677f1\"},\"headline\":\"Attaque de Sourou, le ministre des affaires \u00e9trang\u00e8res du Tchad Mahamat Zene Cherif tient \u00e0 rappeler la gravit\u00e9 \u00a0\u00a0de l\u2019incident\",\"datePublished\":\"2021-06-03T17:00:33+00:00\",\"dateModified\":\"2021-06-03T18:28:26+00:00\",\"mainEntityOfPage\":{\"@id\":\"https:\/\/www.africa-press.net\/centrafricaine\/politique\/attaque-de-sourou-le-ministre-des-affaires-etrangeres-du-tchad-mahamat-zene-cherif-tient-a-rappeler-la-gravite-de-lincident\"},\"wordCount\":591,\"commentCount\":0,\"image\":{\"@id\":\"https:\/\/www.africa-press.net\/centrafricaine\/politique\/attaque-de-sourou-le-ministre-des-affaires-etrangeres-du-tchad-mahamat-zene-cherif-tient-a-rappeler-la-gravite-de-lincident#primaryimage\"},\"thumbnailUrl\":\"https:\/\/static.africa-press.net\/centrafricaine\/sites\/45\/2021\/06\/img-60b904c95801c.jpg\",\"keywords\":[\"Africa Press\",\"Africa Press-CentrAfricaine\",\"CentrAfricaine\"],\"articleSection\":[\"homepage-french\",\"Politique\",\"Top Nouvelles\",\"Toutes les actualit\u00e9s\"],\"inLanguage\":\"fr-FR\",\"potentialAction\":[{\"@type\":\"CommentAction\",\"name\":\"Comment\",\"target\":[\"https:\/\/www.africa-press.net\/centrafricaine\/politique\/attaque-de-sourou-le-ministre-des-affaires-etrangeres-du-tchad-mahamat-zene-cherif-tient-a-rappeler-la-gravite-de-lincident#respond\"]}]},{\"@type\":\"WebPage\",\"@id\":\"https:\/\/www.africa-press.net\/centrafricaine\/politique\/attaque-de-sourou-le-ministre-des-affaires-etrangeres-du-tchad-mahamat-zene-cherif-tient-a-rappeler-la-gravite-de-lincident\",\"url\":\"https:\/\/www.africa-press.net\/centrafricaine\/politique\/attaque-de-sourou-le-ministre-des-affaires-etrangeres-du-tchad-mahamat-zene-cherif-tient-a-rappeler-la-gravite-de-lincident\",\"name\":\"Attaque de Sourou, le ministre des affaires \u00e9trang\u00e8res du Tchad Mahamat Zene Cherif tient \u00e0 rappeler la gravit\u00e9 \u00a0\u00a0de l\u2019incident - centrafricaine\",\"isPartOf\":{\"@id\":\"https:\/\/www.africa-press.net\/centrafricaine\/#website\"},\"primaryImageOfPage\":{\"@id\":\"https:\/\/www.africa-press.net\/centrafricaine\/politique\/attaque-de-sourou-le-ministre-des-affaires-etrangeres-du-tchad-mahamat-zene-cherif-tient-a-rappeler-la-gravite-de-lincident#primaryimage\"},\"image\":{\"@id\":\"https:\/\/www.africa-press.net\/centrafricaine\/politique\/attaque-de-sourou-le-ministre-des-affaires-etrangeres-du-tchad-mahamat-zene-cherif-tient-a-rappeler-la-gravite-de-lincident#primaryimage\"},\"thumbnailUrl\":\"https:\/\/static.africa-press.net\/centrafricaine\/sites\/45\/2021\/06\/img-60b904c95801c.jpg\",\"datePublished\":\"2021-06-03T17:00:33+00:00\",\"dateModified\":\"2021-06-03T18:28:26+00:00\",\"author\":{\"@id\":\"https:\/\/www.africa-press.net\/centrafricaine\/#\/schema\/person\/2b1cf3cd81a31e3cd26889ca66d677f1\"},\"description\":\"Bangui, R\u00e9publique centrafricaine, jeudi, 3 juin 2021, 03:25:06 ( Corbeaunews-Centrafrique ). Mahamat Zene Cheri ...\",\"breadcrumb\":{\"@id\":\"https:\/\/www.africa-press.net\/centrafricaine\/politique\/attaque-de-sourou-le-ministre-des-affaires-etrangeres-du-tchad-mahamat-zene-cherif-tient-a-rappeler-la-gravite-de-lincident#breadcrumb\"},\"inLanguage\":\"fr-FR\",\"potentialAction\":[{\"@type\":\"ReadAction\",\"target\":[\"https:\/\/www.africa-press.net\/centrafricaine\/politique\/attaque-de-sourou-le-ministre-des-affaires-etrangeres-du-tchad-mahamat-zene-cherif-tient-a-rappeler-la-gravite-de-lincident\"]}]},{\"@type\":\"ImageObject\",\"inLanguage\":\"fr-FR\",\"@id\":\"https:\/\/www.africa-press.net\/centrafricaine\/politique\/attaque-de-sourou-le-ministre-des-affaires-etrangeres-du-tchad-mahamat-zene-cherif-tient-a-rappeler-la-gravite-de-lincident#primaryimage\",\"url\":\"https:\/\/static.africa-press.net\/centrafricaine\/sites\/45\/2021\/06\/img-60b904c95801c.jpg\",\"contentUrl\":\"https:\/\/static.africa-press.net\/centrafricaine\/sites\/45\/2021\/06\/img-60b904c95801c.jpg\",\"width\":720,\"height\":659,\"caption\":\"Attaque de Sourou, le ministre des affaires \u00e9trang\u00e8res du Tchad Mahamat Zene Cherif tient \u00e0 rappeler la gravit\u00e9 \u00a0\u00a0de l\u2019incident\"},{\"@type\":\"BreadcrumbList\",\"@id\":\"https:\/\/www.africa-press.net\/centrafricaine\/politique\/attaque-de-sourou-le-ministre-des-affaires-etrangeres-du-tchad-mahamat-zene-cherif-tient-a-rappeler-la-gravite-de-lincident#breadcrumb\",\"itemListElement\":[{\"@type\":\"ListItem\",\"position\":1,\"name\":\"Accueil\",\"item\":\"https:\/\/www.africa-press.net\/centrafricaine\/\"},{\"@type\":\"ListItem\",\"position\":2,\"name\":\"Attaque de Sourou, le ministre des affaires \u00e9trang\u00e8res du Tchad Mahamat Zene Cherif tient \u00e0 rappeler la gravit\u00e9 \u00a0\u00a0de l\u2019incident\"}]},{\"@type\":\"WebSite\",\"@id\":\"https:\/\/www.africa-press.net\/centrafricaine\/#website\",\"url\":\"https:\/\/www.africa-press.net\/centrafricaine\/\",\"name\":\"centrafricaine\",\"description\":\"Just another Africa News Agency Sites site\",\"potentialAction\":[{\"@type\":\"SearchAction\",\"target\":{\"@type\":\"EntryPoint\",\"urlTemplate\":\"https:\/\/www.africa-press.net\/centrafricaine\/?s={search_term_string}\"},\"query-input\":{\"@type\":\"PropertyValueSpecification\",\"valueRequired\":true,\"valueName\":\"search_term_string\"}}],\"inLanguage\":\"fr-FR\"},{\"@type\":\"Person\",\"@id\":\"https:\/\/www.africa-press.net\/centrafricaine\/#\/schema\/person\/2b1cf3cd81a31e3cd26889ca66d677f1\",\"name\":\"cfeditorfr\"}]}<\/script>\n<!-- \/ Yoast SEO Premium plugin. -->","yoast_head_json":{"title":"Attaque de Sourou, le ministre des affaires \u00e9trang\u00e8res du Tchad Mahamat Zene Cherif tient \u00e0 rappeler la gravit\u00e9 \u00a0\u00a0de l\u2019incident - centrafricaine","description":"Bangui, R\u00e9publique centrafricaine, jeudi, 3 juin 2021, 03:25:06 ( Corbeaunews-Centrafrique ). Mahamat Zene Cheri ...","robots":{"index":"index","follow":"follow","max-snippet":"max-snippet:-1","max-image-preview":"max-image-preview:large","max-video-preview":"max-video-preview:-1"},"canonical":"https:\/\/www.africa-press.net\/centrafricaine\/politique\/attaque-de-sourou-le-ministre-des-affaires-etrangeres-du-tchad-mahamat-zene-cherif-tient-a-rappeler-la-gravite-de-lincident","og_locale":"fr_FR","og_type":"article","og_title":"Attaque de Sourou, le ministre des affaires \u00e9trang\u00e8res du Tchad Mahamat Zene Cherif tient \u00e0 rappeler la gravit\u00e9 \u00a0\u00a0de l\u2019incident","og_description":"Bangui, R\u00e9publique centrafricaine, jeudi, 3 juin 2021, 03:25:06 ( Corbeaunews-Centrafrique ). Mahamat Zene Cheri ...","og_url":"https:\/\/www.africa-press.net\/centrafricaine\/politique\/attaque-de-sourou-le-ministre-des-affaires-etrangeres-du-tchad-mahamat-zene-cherif-tient-a-rappeler-la-gravite-de-lincident","og_site_name":"centrafricaine","article_published_time":"2021-06-03T17:00:33+00:00","article_modified_time":"2021-06-03T18:28:26+00:00","og_image":[{"width":720,"height":659,"url":"https:\/\/static.africa-press.net\/centrafricaine\/sites\/45\/2021\/06\/img-60b904c95801c.jpg","type":"image\/jpeg"}],"author":"cfeditorfr","twitter_card":"summary_large_image","twitter_misc":{"\u00c9crit par":"cfeditorfr","Dur\u00e9e de lecture estim\u00e9e":"3 minutes"},"schema":{"@context":"https:\/\/schema.org","@graph":[{"@type":"Article","@id":"https:\/\/www.africa-press.net\/centrafricaine\/politique\/attaque-de-sourou-le-ministre-des-affaires-etrangeres-du-tchad-mahamat-zene-cherif-tient-a-rappeler-la-gravite-de-lincident#article","isPartOf":{"@id":"https:\/\/www.africa-press.net\/centrafricaine\/politique\/attaque-de-sourou-le-ministre-des-affaires-etrangeres-du-tchad-mahamat-zene-cherif-tient-a-rappeler-la-gravite-de-lincident"},"author":{"name":"cfeditorfr","@id":"https:\/\/www.africa-press.net\/centrafricaine\/#\/schema\/person\/2b1cf3cd81a31e3cd26889ca66d677f1"},"headline":"Attaque de Sourou, le ministre des affaires \u00e9trang\u00e8res du Tchad Mahamat Zene Cherif tient \u00e0 rappeler la gravit\u00e9 \u00a0\u00a0de l\u2019incident","datePublished":"2021-06-03T17:00:33+00:00","dateModified":"2021-06-03T18:28:26+00:00","mainEntityOfPage":{"@id":"https:\/\/www.africa-press.net\/centrafricaine\/politique\/attaque-de-sourou-le-ministre-des-affaires-etrangeres-du-tchad-mahamat-zene-cherif-tient-a-rappeler-la-gravite-de-lincident"},"wordCount":591,"commentCount":0,"image":{"@id":"https:\/\/www.africa-press.net\/centrafricaine\/politique\/attaque-de-sourou-le-ministre-des-affaires-etrangeres-du-tchad-mahamat-zene-cherif-tient-a-rappeler-la-gravite-de-lincident#primaryimage"},"thumbnailUrl":"https:\/\/static.africa-press.net\/centrafricaine\/sites\/45\/2021\/06\/img-60b904c95801c.jpg","keywords":["Africa Press","Africa Press-CentrAfricaine","CentrAfricaine"],"articleSection":["homepage-french","Politique","Top Nouvelles","Toutes les actualit\u00e9s"],"inLanguage":"fr-FR","potentialAction":[{"@type":"CommentAction","name":"Comment","target":["https:\/\/www.africa-press.net\/centrafricaine\/politique\/attaque-de-sourou-le-ministre-des-affaires-etrangeres-du-tchad-mahamat-zene-cherif-tient-a-rappeler-la-gravite-de-lincident#respond"]}]},{"@type":"WebPage","@id":"https:\/\/www.africa-press.net\/centrafricaine\/politique\/attaque-de-sourou-le-ministre-des-affaires-etrangeres-du-tchad-mahamat-zene-cherif-tient-a-rappeler-la-gravite-de-lincident","url":"https:\/\/www.africa-press.net\/centrafricaine\/politique\/attaque-de-sourou-le-ministre-des-affaires-etrangeres-du-tchad-mahamat-zene-cherif-tient-a-rappeler-la-gravite-de-lincident","name":"Attaque de Sourou, le ministre des affaires \u00e9trang\u00e8res du Tchad Mahamat Zene Cherif tient \u00e0 rappeler la gravit\u00e9 \u00a0\u00a0de l\u2019incident - centrafricaine","isPartOf":{"@id":"https:\/\/www.africa-press.net\/centrafricaine\/#website"},"primaryImageOfPage":{"@id":"https:\/\/www.africa-press.net\/centrafricaine\/politique\/attaque-de-sourou-le-ministre-des-affaires-etrangeres-du-tchad-mahamat-zene-cherif-tient-a-rappeler-la-gravite-de-lincident#primaryimage"},"image":{"@id":"https:\/\/www.africa-press.net\/centrafricaine\/politique\/attaque-de-sourou-le-ministre-des-affaires-etrangeres-du-tchad-mahamat-zene-cherif-tient-a-rappeler-la-gravite-de-lincident#primaryimage"},"thumbnailUrl":"https:\/\/static.africa-press.net\/centrafricaine\/sites\/45\/2021\/06\/img-60b904c95801c.jpg","datePublished":"2021-06-03T17:00:33+00:00","dateModified":"2021-06-03T18:28:26+00:00","author":{"@id":"https:\/\/www.africa-press.net\/centrafricaine\/#\/schema\/person\/2b1cf3cd81a31e3cd26889ca66d677f1"},"description":"Bangui, R\u00e9publique centrafricaine, jeudi, 3 juin 2021, 03:25:06 ( Corbeaunews-Centrafrique ). Mahamat Zene Cheri ...","breadcrumb":{"@id":"https:\/\/www.africa-press.net\/centrafricaine\/politique\/attaque-de-sourou-le-ministre-des-affaires-etrangeres-du-tchad-mahamat-zene-cherif-tient-a-rappeler-la-gravite-de-lincident#breadcrumb"},"inLanguage":"fr-FR","potentialAction":[{"@type":"ReadAction","target":["https:\/\/www.africa-press.net\/centrafricaine\/politique\/attaque-de-sourou-le-ministre-des-affaires-etrangeres-du-tchad-mahamat-zene-cherif-tient-a-rappeler-la-gravite-de-lincident"]}]},{"@type":"ImageObject","inLanguage":"fr-FR","@id":"https:\/\/www.africa-press.net\/centrafricaine\/politique\/attaque-de-sourou-le-ministre-des-affaires-etrangeres-du-tchad-mahamat-zene-cherif-tient-a-rappeler-la-gravite-de-lincident#primaryimage","url":"https:\/\/static.africa-press.net\/centrafricaine\/sites\/45\/2021\/06\/img-60b904c95801c.jpg","contentUrl":"https:\/\/static.africa-press.net\/centrafricaine\/sites\/45\/2021\/06\/img-60b904c95801c.jpg","width":720,"height":659,"caption":"Attaque de Sourou, le ministre des affaires \u00e9trang\u00e8res du Tchad Mahamat Zene Cherif tient \u00e0 rappeler la gravit\u00e9 \u00a0\u00a0de l\u2019incident"},{"@type":"BreadcrumbList","@id":"https:\/\/www.africa-press.net\/centrafricaine\/politique\/attaque-de-sourou-le-ministre-des-affaires-etrangeres-du-tchad-mahamat-zene-cherif-tient-a-rappeler-la-gravite-de-lincident#breadcrumb","itemListElement":[{"@type":"ListItem","position":1,"name":"Accueil","item":"https:\/\/www.africa-press.net\/centrafricaine\/"},{"@type":"ListItem","position":2,"name":"Attaque de Sourou, le ministre des affaires \u00e9trang\u00e8res du Tchad Mahamat Zene Cherif tient \u00e0 rappeler la gravit\u00e9 \u00a0\u00a0de l\u2019incident"}]},{"@type":"WebSite","@id":"https:\/\/www.africa-press.net\/centrafricaine\/#website","url":"https:\/\/www.africa-press.net\/centrafricaine\/","name":"centrafricaine","description":"Just another Africa News Agency Sites site","potentialAction":[{"@type":"SearchAction","target":{"@type":"EntryPoint","urlTemplate":"https:\/\/www.africa-press.net\/centrafricaine\/?s={search_term_string}"},"query-input":{"@type":"PropertyValueSpecification","valueRequired":true,"valueName":"search_term_string"}}],"inLanguage":"fr-FR"},{"@type":"Person","@id":"https:\/\/www.africa-press.net\/centrafricaine\/#\/schema\/person\/2b1cf3cd81a31e3cd26889ca66d677f1","name":"cfeditorfr"}]}},"_links":{"self":[{"href":"https:\/\/www.africa-press.net\/centrafricaine\/wp-json\/wp\/v2\/posts\/7638","targetHints":{"allow":["GET"]}}],"collection":[{"href":"https:\/\/www.africa-press.net\/centrafricaine\/wp-json\/wp\/v2\/posts"}],"about":[{"href":"https:\/\/www.africa-press.net\/centrafricaine\/wp-json\/wp\/v2\/types\/post"}],"author":[{"embeddable":true,"href":"https:\/\/www.africa-press.net\/centrafricaine\/wp-json\/wp\/v2\/users\/82"}],"replies":[{"embeddable":true,"href":"https:\/\/www.africa-press.net\/centrafricaine\/wp-json\/wp\/v2\/comments?post=7638"}],"version-history":[{"count":0,"href":"https:\/\/www.africa-press.net\/centrafricaine\/wp-json\/wp\/v2\/posts\/7638\/revisions"}],"wp:featuredmedia":[{"embeddable":true,"href":"https:\/\/www.africa-press.net\/centrafricaine\/wp-json\/wp\/v2\/media\/7637"}],"wp:attachment":[{"href":"https:\/\/www.africa-press.net\/centrafricaine\/wp-json\/wp\/v2\/media?parent=7638"}],"wp:term":[{"taxonomy":"category","embeddable":true,"href":"https:\/\/www.africa-press.net\/centrafricaine\/wp-json\/wp\/v2\/categories?post=7638"},{"taxonomy":"post_tag","embeddable":true,"href":"https:\/\/www.africa-press.net\/centrafricaine\/wp-json\/wp\/v2\/tags?post=7638"}],"curies":[{"name":"wp","href":"https:\/\/api.w.org\/{rel}","templated":true}]}}