{"id":7663,"date":"2021-06-04T14:24:42","date_gmt":"2021-06-04T14:24:42","guid":{"rendered":"https:\/\/www.africa-press.net\/centrafricaine\/politique\/dialogue-avec-bozize-en-centrafrique-touadera-sous-pression-diplomatique"},"modified":"2021-06-05T06:15:34","modified_gmt":"2021-06-05T06:15:34","slug":"dialogue-avec-bozize-en-centrafrique-touadera-sous-pression-diplomatique","status":"publish","type":"post","link":"https:\/\/www.africa-press.net\/centrafricaine\/politique\/dialogue-avec-bozize-en-centrafrique-touadera-sous-pression-diplomatique","title":{"rendered":"Dialogue avec Boziz\u00e9 en Centrafrique : Touad\u00e9ra sous pression diplomatique"},"content":{"rendered":"<p><span style=\"color: #ff6600\"><strong><a href=\"https:\/\/www.africa-press.net\/\">Africa-Press<\/a> &#8211; <a href=\"https:\/\/www.africa-press.net\/centrafricaine\">CentrAfricaine<\/a>. <\/strong><\/span>Des repr\u00e9sentants de la communaut\u00e9 internationale ont s\u00e9journ\u00e9 \u00e0 Bangui du 2 au 5 juin, afin notamment d\u2019appeler le pr\u00e9sident \u00e0 discuter avec la r\u00e9bellion mais \u00e9galement avec l\u2019opposition.<\/p>\n<p>Une mission diplomatique s\u2019est rendue \u00e0 Bangui du 2 au 5 juin, dans le cadre du suivi du processus de paix en Centrafrique. Dans la d\u00e9l\u00e9gation figuraient Bankole Adeoye, commissaire aux affaires politiques aupr\u00e8s de la Communaut\u00e9 \u00e9conomique des \u00c9tats de l\u2019Afrique centrale (CEEAC), Mangaral Bant\u00e9, commissaire \u00e0 la paix et \u00e0 la s\u00e9curit\u00e9 au sein de l\u2019Union africaine (UA), Jean-Pierre Lacroix, secr\u00e9taire g\u00e9n\u00e9ral adjoint aux op\u00e9rations de paix des Nations unies, et Charles Fries, adjoint au secr\u00e9taire g\u00e9n\u00e9ral de l\u2019Union europ\u00e9enne (UE).<\/p>\n<p>D\u00e8s leur arriv\u00e9e, les quatre \u00e9missaires de la communaut\u00e9 internationale se sont entretenus pendant plusieurs heures avec le pr\u00e9sident Faustin-Archange Touad\u00e9ra (FAT). Plusieurs points ont \u00e9t\u00e9 abord\u00e9s.<\/p>\n<p><b>\u00a0<\/b><\/p>\n","protected":false},"excerpt":{"rendered":"<p>Africa-Press &#8211; CentrAfricaine. Des repr\u00e9sentants de la communaut\u00e9 internationale ont s\u00e9journ\u00e9 \u00e0 Bangui du 2 au 5 juin, afin notamment d\u2019appeler le pr\u00e9sident \u00e0 discuter avec la r\u00e9bellion mais \u00e9galement avec l\u2019opposition. Une mission diplomatique s\u2019est rendue \u00e0 Bangui du 2 au 5 juin, dans le cadre du suivi du processus de paix en Centrafrique. [&hellip;]<\/p>\n","protected":false},"author":82,"featured_media":7662,"comment_status":"open","ping_status":"closed","sticky":false,"template":"","format":"standard","meta":{"footnotes":""},"categories":[11,2,20,10],"tags":[36,58,30],"class_list":["post-7663","post","type-post","status-publish","format-standard","has-post-thumbnail","hentry","category-homepage-french","category-politique","category-top-nouvelles","category-toutes-les-actualites","tag-africa-press","tag-africa-press-centrafricaine","tag-centrafricaine"],"yoast_head":"<!-- This site is optimized with the Yoast SEO Premium plugin v26.1 (Yoast SEO v27.0) - https:\/\/yoast.com\/product\/yoast-seo-premium-wordpress\/ -->\n<title>Dialogue avec Boziz\u00e9 en Centrafrique : Touad\u00e9ra sous pression diplomatique - centrafricaine<\/title>\n<meta name=\"description\" content=\"Des repr\u00e9sentants de la communaut\u00e9 internationale ont s\u00e9journ\u00e9 \u00e0 Bangui du 2 au 5 juin, afin notamment d\u2019appeler le pr\u00e9s ...\" \/>\n<meta name=\"robots\" content=\"index, follow, max-snippet:-1, max-image-preview:large, max-video-preview:-1\" \/>\n<link rel=\"canonical\" href=\"https:\/\/www.africa-press.net\/centrafricaine\/politique\/dialogue-avec-bozize-en-centrafrique-touadera-sous-pression-diplomatique\" \/>\n<meta property=\"og:locale\" content=\"fr_FR\" \/>\n<meta property=\"og:type\" content=\"article\" \/>\n<meta property=\"og:title\" content=\"Dialogue avec Boziz\u00e9 en Centrafrique : Touad\u00e9ra sous pression diplomatique\" \/>\n<meta property=\"og:description\" content=\"Des repr\u00e9sentants de la communaut\u00e9 internationale ont s\u00e9journ\u00e9 \u00e0 Bangui du 2 au 5 juin, afin notamment d\u2019appeler le pr\u00e9s ...\" \/>\n<meta property=\"og:url\" content=\"https:\/\/www.africa-press.net\/centrafricaine\/politique\/dialogue-avec-bozize-en-centrafrique-touadera-sous-pression-diplomatique\" \/>\n<meta property=\"og:site_name\" content=\"centrafricaine\" \/>\n<meta property=\"article:published_time\" content=\"2021-06-04T14:24:42+00:00\" \/>\n<meta property=\"article:modified_time\" content=\"2021-06-05T06:15:34+00:00\" \/>\n<meta property=\"og:image\" content=\"https:\/\/static.africa-press.net\/centrafricaine\/sites\/45\/2021\/06\/img-60ba3763a6d04.jpg\" \/>\n\t<meta property=\"og:image:width\" content=\"720\" \/>\n\t<meta property=\"og:image:height\" content=\"360\" \/>\n\t<meta property=\"og:image:type\" content=\"image\/jpeg\" \/>\n<meta name=\"author\" content=\"cfeditorfr\" \/>\n<meta name=\"twitter:card\" content=\"summary_large_image\" \/>\n<meta name=\"twitter:label1\" content=\"\u00c9crit par\" \/>\n\t<meta name=\"twitter:data1\" content=\"cfeditorfr\" \/>\n\t<meta name=\"twitter:label2\" content=\"Dur\u00e9e de lecture estim\u00e9e\" \/>\n\t<meta name=\"twitter:data2\" content=\"1 minute\" \/>\n<script type=\"application\/ld+json\" class=\"yoast-schema-graph\">{\"@context\":\"https:\/\/schema.org\",\"@graph\":[{\"@type\":\"Article\",\"@id\":\"https:\/\/www.africa-press.net\/centrafricaine\/politique\/dialogue-avec-bozize-en-centrafrique-touadera-sous-pression-diplomatique#article\",\"isPartOf\":{\"@id\":\"https:\/\/www.africa-press.net\/centrafricaine\/politique\/dialogue-avec-bozize-en-centrafrique-touadera-sous-pression-diplomatique\"},\"author\":{\"name\":\"cfeditorfr\",\"@id\":\"https:\/\/www.africa-press.net\/centrafricaine\/#\/schema\/person\/2b1cf3cd81a31e3cd26889ca66d677f1\"},\"headline\":\"Dialogue avec Boziz\u00e9 en Centrafrique : Touad\u00e9ra sous pression diplomatique\",\"datePublished\":\"2021-06-04T14:24:42+00:00\",\"dateModified\":\"2021-06-05T06:15:34+00:00\",\"mainEntityOfPage\":{\"@id\":\"https:\/\/www.africa-press.net\/centrafricaine\/politique\/dialogue-avec-bozize-en-centrafrique-touadera-sous-pression-diplomatique\"},\"wordCount\":170,\"commentCount\":0,\"image\":{\"@id\":\"https:\/\/www.africa-press.net\/centrafricaine\/politique\/dialogue-avec-bozize-en-centrafrique-touadera-sous-pression-diplomatique#primaryimage\"},\"thumbnailUrl\":\"https:\/\/static.africa-press.net\/centrafricaine\/sites\/45\/2021\/06\/img-60ba3763a6d04.jpg\",\"keywords\":[\"Africa Press\",\"Africa Press-CentrAfricaine\",\"CentrAfricaine\"],\"articleSection\":[\"homepage-french\",\"Politique\",\"Top Nouvelles\",\"Toutes les actualit\u00e9s\"],\"inLanguage\":\"fr-FR\",\"potentialAction\":[{\"@type\":\"CommentAction\",\"name\":\"Comment\",\"target\":[\"https:\/\/www.africa-press.net\/centrafricaine\/politique\/dialogue-avec-bozize-en-centrafrique-touadera-sous-pression-diplomatique#respond\"]}]},{\"@type\":\"WebPage\",\"@id\":\"https:\/\/www.africa-press.net\/centrafricaine\/politique\/dialogue-avec-bozize-en-centrafrique-touadera-sous-pression-diplomatique\",\"url\":\"https:\/\/www.africa-press.net\/centrafricaine\/politique\/dialogue-avec-bozize-en-centrafrique-touadera-sous-pression-diplomatique\",\"name\":\"Dialogue avec Boziz\u00e9 en Centrafrique : Touad\u00e9ra sous pression diplomatique - centrafricaine\",\"isPartOf\":{\"@id\":\"https:\/\/www.africa-press.net\/centrafricaine\/#website\"},\"primaryImageOfPage\":{\"@id\":\"https:\/\/www.africa-press.net\/centrafricaine\/politique\/dialogue-avec-bozize-en-centrafrique-touadera-sous-pression-diplomatique#primaryimage\"},\"image\":{\"@id\":\"https:\/\/www.africa-press.net\/centrafricaine\/politique\/dialogue-avec-bozize-en-centrafrique-touadera-sous-pression-diplomatique#primaryimage\"},\"thumbnailUrl\":\"https:\/\/static.africa-press.net\/centrafricaine\/sites\/45\/2021\/06\/img-60ba3763a6d04.jpg\",\"datePublished\":\"2021-06-04T14:24:42+00:00\",\"dateModified\":\"2021-06-05T06:15:34+00:00\",\"author\":{\"@id\":\"https:\/\/www.africa-press.net\/centrafricaine\/#\/schema\/person\/2b1cf3cd81a31e3cd26889ca66d677f1\"},\"description\":\"Des repr\u00e9sentants de la communaut\u00e9 internationale ont s\u00e9journ\u00e9 \u00e0 Bangui du 2 au 5 juin, afin notamment d\u2019appeler le pr\u00e9s ...\",\"breadcrumb\":{\"@id\":\"https:\/\/www.africa-press.net\/centrafricaine\/politique\/dialogue-avec-bozize-en-centrafrique-touadera-sous-pression-diplomatique#breadcrumb\"},\"inLanguage\":\"fr-FR\",\"potentialAction\":[{\"@type\":\"ReadAction\",\"target\":[\"https:\/\/www.africa-press.net\/centrafricaine\/politique\/dialogue-avec-bozize-en-centrafrique-touadera-sous-pression-diplomatique\"]}]},{\"@type\":\"ImageObject\",\"inLanguage\":\"fr-FR\",\"@id\":\"https:\/\/www.africa-press.net\/centrafricaine\/politique\/dialogue-avec-bozize-en-centrafrique-touadera-sous-pression-diplomatique#primaryimage\",\"url\":\"https:\/\/static.africa-press.net\/centrafricaine\/sites\/45\/2021\/06\/img-60ba3763a6d04.jpg\",\"contentUrl\":\"https:\/\/static.africa-press.net\/centrafricaine\/sites\/45\/2021\/06\/img-60ba3763a6d04.jpg\",\"width\":720,\"height\":360,\"caption\":\"Dialogue avec Boziz\u00e9 en Centrafrique : Touad\u00e9ra sous pression diplomatique\"},{\"@type\":\"BreadcrumbList\",\"@id\":\"https:\/\/www.africa-press.net\/centrafricaine\/politique\/dialogue-avec-bozize-en-centrafrique-touadera-sous-pression-diplomatique#breadcrumb\",\"itemListElement\":[{\"@type\":\"ListItem\",\"position\":1,\"name\":\"Accueil\",\"item\":\"https:\/\/www.africa-press.net\/centrafricaine\/\"},{\"@type\":\"ListItem\",\"position\":2,\"name\":\"Dialogue avec Boziz\u00e9 en Centrafrique : Touad\u00e9ra sous pression diplomatique\"}]},{\"@type\":\"WebSite\",\"@id\":\"https:\/\/www.africa-press.net\/centrafricaine\/#website\",\"url\":\"https:\/\/www.africa-press.net\/centrafricaine\/\",\"name\":\"centrafricaine\",\"description\":\"Just another Africa News Agency Sites site\",\"potentialAction\":[{\"@type\":\"SearchAction\",\"target\":{\"@type\":\"EntryPoint\",\"urlTemplate\":\"https:\/\/www.africa-press.net\/centrafricaine\/?s={search_term_string}\"},\"query-input\":{\"@type\":\"PropertyValueSpecification\",\"valueRequired\":true,\"valueName\":\"search_term_string\"}}],\"inLanguage\":\"fr-FR\"},{\"@type\":\"Person\",\"@id\":\"https:\/\/www.africa-press.net\/centrafricaine\/#\/schema\/person\/2b1cf3cd81a31e3cd26889ca66d677f1\",\"name\":\"cfeditorfr\"}]}<\/script>\n<!-- \/ Yoast SEO Premium plugin. -->","yoast_head_json":{"title":"Dialogue avec Boziz\u00e9 en Centrafrique : Touad\u00e9ra sous pression diplomatique - centrafricaine","description":"Des repr\u00e9sentants de la communaut\u00e9 internationale ont s\u00e9journ\u00e9 \u00e0 Bangui du 2 au 5 juin, afin notamment d\u2019appeler le pr\u00e9s ...","robots":{"index":"index","follow":"follow","max-snippet":"max-snippet:-1","max-image-preview":"max-image-preview:large","max-video-preview":"max-video-preview:-1"},"canonical":"https:\/\/www.africa-press.net\/centrafricaine\/politique\/dialogue-avec-bozize-en-centrafrique-touadera-sous-pression-diplomatique","og_locale":"fr_FR","og_type":"article","og_title":"Dialogue avec Boziz\u00e9 en Centrafrique : Touad\u00e9ra sous pression diplomatique","og_description":"Des repr\u00e9sentants de la communaut\u00e9 internationale ont s\u00e9journ\u00e9 \u00e0 Bangui du 2 au 5 juin, afin notamment d\u2019appeler le pr\u00e9s ...","og_url":"https:\/\/www.africa-press.net\/centrafricaine\/politique\/dialogue-avec-bozize-en-centrafrique-touadera-sous-pression-diplomatique","og_site_name":"centrafricaine","article_published_time":"2021-06-04T14:24:42+00:00","article_modified_time":"2021-06-05T06:15:34+00:00","og_image":[{"width":720,"height":360,"url":"https:\/\/static.africa-press.net\/centrafricaine\/sites\/45\/2021\/06\/img-60ba3763a6d04.jpg","type":"image\/jpeg"}],"author":"cfeditorfr","twitter_card":"summary_large_image","twitter_misc":{"\u00c9crit par":"cfeditorfr","Dur\u00e9e de lecture estim\u00e9e":"1 minute"},"schema":{"@context":"https:\/\/schema.org","@graph":[{"@type":"Article","@id":"https:\/\/www.africa-press.net\/centrafricaine\/politique\/dialogue-avec-bozize-en-centrafrique-touadera-sous-pression-diplomatique#article","isPartOf":{"@id":"https:\/\/www.africa-press.net\/centrafricaine\/politique\/dialogue-avec-bozize-en-centrafrique-touadera-sous-pression-diplomatique"},"author":{"name":"cfeditorfr","@id":"https:\/\/www.africa-press.net\/centrafricaine\/#\/schema\/person\/2b1cf3cd81a31e3cd26889ca66d677f1"},"headline":"Dialogue avec Boziz\u00e9 en Centrafrique : Touad\u00e9ra sous pression diplomatique","datePublished":"2021-06-04T14:24:42+00:00","dateModified":"2021-06-05T06:15:34+00:00","mainEntityOfPage":{"@id":"https:\/\/www.africa-press.net\/centrafricaine\/politique\/dialogue-avec-bozize-en-centrafrique-touadera-sous-pression-diplomatique"},"wordCount":170,"commentCount":0,"image":{"@id":"https:\/\/www.africa-press.net\/centrafricaine\/politique\/dialogue-avec-bozize-en-centrafrique-touadera-sous-pression-diplomatique#primaryimage"},"thumbnailUrl":"https:\/\/static.africa-press.net\/centrafricaine\/sites\/45\/2021\/06\/img-60ba3763a6d04.jpg","keywords":["Africa Press","Africa Press-CentrAfricaine","CentrAfricaine"],"articleSection":["homepage-french","Politique","Top Nouvelles","Toutes les actualit\u00e9s"],"inLanguage":"fr-FR","potentialAction":[{"@type":"CommentAction","name":"Comment","target":["https:\/\/www.africa-press.net\/centrafricaine\/politique\/dialogue-avec-bozize-en-centrafrique-touadera-sous-pression-diplomatique#respond"]}]},{"@type":"WebPage","@id":"https:\/\/www.africa-press.net\/centrafricaine\/politique\/dialogue-avec-bozize-en-centrafrique-touadera-sous-pression-diplomatique","url":"https:\/\/www.africa-press.net\/centrafricaine\/politique\/dialogue-avec-bozize-en-centrafrique-touadera-sous-pression-diplomatique","name":"Dialogue avec Boziz\u00e9 en Centrafrique : Touad\u00e9ra sous pression diplomatique - centrafricaine","isPartOf":{"@id":"https:\/\/www.africa-press.net\/centrafricaine\/#website"},"primaryImageOfPage":{"@id":"https:\/\/www.africa-press.net\/centrafricaine\/politique\/dialogue-avec-bozize-en-centrafrique-touadera-sous-pression-diplomatique#primaryimage"},"image":{"@id":"https:\/\/www.africa-press.net\/centrafricaine\/politique\/dialogue-avec-bozize-en-centrafrique-touadera-sous-pression-diplomatique#primaryimage"},"thumbnailUrl":"https:\/\/static.africa-press.net\/centrafricaine\/sites\/45\/2021\/06\/img-60ba3763a6d04.jpg","datePublished":"2021-06-04T14:24:42+00:00","dateModified":"2021-06-05T06:15:34+00:00","author":{"@id":"https:\/\/www.africa-press.net\/centrafricaine\/#\/schema\/person\/2b1cf3cd81a31e3cd26889ca66d677f1"},"description":"Des repr\u00e9sentants de la communaut\u00e9 internationale ont s\u00e9journ\u00e9 \u00e0 Bangui du 2 au 5 juin, afin notamment d\u2019appeler le pr\u00e9s ...","breadcrumb":{"@id":"https:\/\/www.africa-press.net\/centrafricaine\/politique\/dialogue-avec-bozize-en-centrafrique-touadera-sous-pression-diplomatique#breadcrumb"},"inLanguage":"fr-FR","potentialAction":[{"@type":"ReadAction","target":["https:\/\/www.africa-press.net\/centrafricaine\/politique\/dialogue-avec-bozize-en-centrafrique-touadera-sous-pression-diplomatique"]}]},{"@type":"ImageObject","inLanguage":"fr-FR","@id":"https:\/\/www.africa-press.net\/centrafricaine\/politique\/dialogue-avec-bozize-en-centrafrique-touadera-sous-pression-diplomatique#primaryimage","url":"https:\/\/static.africa-press.net\/centrafricaine\/sites\/45\/2021\/06\/img-60ba3763a6d04.jpg","contentUrl":"https:\/\/static.africa-press.net\/centrafricaine\/sites\/45\/2021\/06\/img-60ba3763a6d04.jpg","width":720,"height":360,"caption":"Dialogue avec Boziz\u00e9 en Centrafrique : Touad\u00e9ra sous pression diplomatique"},{"@type":"BreadcrumbList","@id":"https:\/\/www.africa-press.net\/centrafricaine\/politique\/dialogue-avec-bozize-en-centrafrique-touadera-sous-pression-diplomatique#breadcrumb","itemListElement":[{"@type":"ListItem","position":1,"name":"Accueil","item":"https:\/\/www.africa-press.net\/centrafricaine\/"},{"@type":"ListItem","position":2,"name":"Dialogue avec Boziz\u00e9 en Centrafrique : Touad\u00e9ra sous pression diplomatique"}]},{"@type":"WebSite","@id":"https:\/\/www.africa-press.net\/centrafricaine\/#website","url":"https:\/\/www.africa-press.net\/centrafricaine\/","name":"centrafricaine","description":"Just another Africa News Agency Sites site","potentialAction":[{"@type":"SearchAction","target":{"@type":"EntryPoint","urlTemplate":"https:\/\/www.africa-press.net\/centrafricaine\/?s={search_term_string}"},"query-input":{"@type":"PropertyValueSpecification","valueRequired":true,"valueName":"search_term_string"}}],"inLanguage":"fr-FR"},{"@type":"Person","@id":"https:\/\/www.africa-press.net\/centrafricaine\/#\/schema\/person\/2b1cf3cd81a31e3cd26889ca66d677f1","name":"cfeditorfr"}]}},"_links":{"self":[{"href":"https:\/\/www.africa-press.net\/centrafricaine\/wp-json\/wp\/v2\/posts\/7663","targetHints":{"allow":["GET"]}}],"collection":[{"href":"https:\/\/www.africa-press.net\/centrafricaine\/wp-json\/wp\/v2\/posts"}],"about":[{"href":"https:\/\/www.africa-press.net\/centrafricaine\/wp-json\/wp\/v2\/types\/post"}],"author":[{"embeddable":true,"href":"https:\/\/www.africa-press.net\/centrafricaine\/wp-json\/wp\/v2\/users\/82"}],"replies":[{"embeddable":true,"href":"https:\/\/www.africa-press.net\/centrafricaine\/wp-json\/wp\/v2\/comments?post=7663"}],"version-history":[{"count":0,"href":"https:\/\/www.africa-press.net\/centrafricaine\/wp-json\/wp\/v2\/posts\/7663\/revisions"}],"wp:featuredmedia":[{"embeddable":true,"href":"https:\/\/www.africa-press.net\/centrafricaine\/wp-json\/wp\/v2\/media\/7662"}],"wp:attachment":[{"href":"https:\/\/www.africa-press.net\/centrafricaine\/wp-json\/wp\/v2\/media?parent=7663"}],"wp:term":[{"taxonomy":"category","embeddable":true,"href":"https:\/\/www.africa-press.net\/centrafricaine\/wp-json\/wp\/v2\/categories?post=7663"},{"taxonomy":"post_tag","embeddable":true,"href":"https:\/\/www.africa-press.net\/centrafricaine\/wp-json\/wp\/v2\/tags?post=7663"}],"curies":[{"name":"wp","href":"https:\/\/api.w.org\/{rel}","templated":true}]}}