{"id":7675,"date":"2021-06-04T14:56:49","date_gmt":"2021-06-04T14:56:49","guid":{"rendered":"https:\/\/www.africa-press.net\/centrafricaine\/?p=7675"},"modified":"2021-06-05T06:17:14","modified_gmt":"2021-06-05T06:17:14","slug":"communique-de-presse-du-porte-parole-de-la-coalition-des-patriotes-pour-le-changement","status":"publish","type":"post","link":"https:\/\/www.africa-press.net\/centrafricaine\/politique\/communique-de-presse-du-porte-parole-de-la-coalition-des-patriotes-pour-le-changement","title":{"rendered":"Communiqu\u00e9 de Presse du Porte Parole de la Coalition des Patriotes pour le Changement"},"content":{"rendered":"<p><span style=\"color: #ff6600\"><strong><a href=\"https:\/\/www.africa-press.net\/\">Africa-Press<\/a> &#8211; <a href=\"https:\/\/www.africa-press.net\/centrafricaine\">CentrAfricaine<\/a>. <\/strong><\/span>La Coalition des Patriotes pour le Changement (CPC) n\u2019a pas du tout \u00e9t\u00e9 surprise par le communiqu\u00e9 gouvernemental centrafricain l\u2019accusant d\u2019\u00eatre \u00e0 l\u2019origine de l\u2019accrochage meurtrier \u00e0 la fronti\u00e8re Centrafricano-Tchadienne, le 30 mai 2021.<\/p>\n<p>Prenant la CPC pour bouc \u00e9missaire, le gouvernement de M. Touad\u00e9ra, nie l\u2019incursion en territoire tchadien et l\u2019attaque du poste militaire avanc\u00e9 de Sourou par les forces arm\u00e9es centrafricaines (FACA) appuy\u00e9es par leurs alli\u00e9s les mercenaires russes, qui ont occasionn\u00e9 la mort de six (6) militaires tchadiens, dont un (01) sur le champ d\u2019honneur au Tchad et cinq (5) autres kidnapper sur le territoire tchadien puis ex\u00e9cuter dans le village de Mbang en territoire Centrafricain.<\/p>\n<p>En plus du vol des armes, munitions et autres mat\u00e9riels appartenant \u00e0 l\u2019arm\u00e9e tchadienne, les mercenaires russes ont eu l\u2019audace de d\u00e9tacher et d\u2019emporter le drapeau tchadien qui flottait sur son m\u00e2t, ce qui traduit une n\u00e9gation de la souverainet\u00e9 du Tchad sur son territoire, une d\u00e9claration de guerre.<\/p>\n<p>La Coalition des Patriotes pour le Changement (CPC) informe l\u2019opinion nationale et internationale qu\u2019elle n\u2019avait nullement combattu ce jour l\u00e0 et \u00e0 cet endroit pr\u00e9cis les forces gouvernementales pour ensuite \u00eatre poursuivie en territoire tchadien.<\/p>\n<p>Depuis plus de trois (3) mois la CPC observe le cessez le feu impos\u00e9 par la CEEAC mais elle riposte lorsque ses positions, en terre centrafricaine, sont attaqu\u00e9es., Bien au contraire, ce sont les mercenaires de la soci\u00e9t\u00e9 Wagner qui ont, volontairement fait une incursion en territoire tchadien afin de tester la capacit\u00e9 de riposte militaire du nouveau r\u00e9gime du G\u00e9n\u00e9ral Mahamat Idriss D\u00e9by dans la perspective d\u2019une d\u00e9stabilisation programm\u00e9e du Tchad d\u2019une part et \u00e9tendre ainsi leur h\u00e9g\u00e9monie sur la zone de l\u2019Afrique Centrale.<\/p>\n<p>Les r\u00e9centes accusations et menaces voil\u00e9es de l\u2019ambassadeur de la Russie en RCA et du Conseiller militaire russe \u00e0 l\u2019encontre du gouvernement tchadien pr\u00e9paraient d\u00e9j\u00e0 l\u2019opinion \u00e0 cette attaque.<\/p>\n<p>La Coalition des Patriotes pour le Changement (CPC) avait d\u00e9nonc\u00e9 en son temps cette diplomatie hasardeuse cautionn\u00e9e par le Pr\u00e9sident Touad\u00e9ra qui a contract\u00e9 une alliance avec la mafia et le mercenariat russes, qui trouvent ainsi en Centrafrique, une porte ouverte pour la captation des ressources mini\u00e8res de cette zone d\u2019Afrique Centrale par la d\u00e9stabilisation de leurs \u00c9tats respectifs.<\/p>\n<p>Avec cette diplomatie irresponsable et d\u00e9sastreuse, le Pr\u00e9sident Touad\u00e9ra devient un danger pour les autres \u00c9tats de la sous r\u00e9gion qu\u2019il risque de faire embraser, s\u2019il n\u2019est pas stopper \u00e0 temps., Cet acte r\u00e9pr\u00e9hensible est d\u2019une extr\u00eame gravit\u00e9 pour les relations bilat\u00e9rales entre les deux pays voisins.<\/p>\n<p>Le Gouvernement de M. Touad\u00e9ra est le seul responsable de cette attaque pr\u00e9m\u00e9dit\u00e9e et cibl\u00e9e en territoire tchadien et des crimes de guerre qui, s\u2019en sont suivis.<\/p>\n<p>Fort heureusement, la voie diplomatique a permis d\u2019apaiser les\u2026.<\/p>\n<p>De ce qui pr\u00e9c\u00e8de, la coalition des patriotes pour le changement tient \u00e0 :<\/p>\n<p>Rejeter cat\u00e9goriquement les accusations mensong\u00e8res du gouvernement, centrafricain \u00e0 son encontre et condamne vigoureusement l\u2019incursion et, l\u2019attaque des mercenaires russes de la soci\u00e9t\u00e9 Wagner en territoire tchadien., Pr\u00e9senter ses condol\u00e9ances aux autorit\u00e9s tchadiennes et au peuple fr\u00e8re du Tchad, ainsi qu\u2019aux familles tchadiennes et centrafricaines \u00e9prouv\u00e9es. Saluer la m\u00e9diation des autorit\u00e9s de la sous r\u00e9gion pour leur diplomatie active en vue de la d\u00e9crispation de la crise transfrontali\u00e8re et la mise en place d\u2019une enqu\u00eate internationale ind\u00e9pendante et impartiale., Exiger le retrait sans conditions, de la R\u00e9publique Centrafricaine, des mercenaires russes de la soci\u00e9t\u00e9 priv\u00e9e WAGNER., F\u00e9liciter et encourager la mission conjointe ONU, UE, UA, CEEAC arriv\u00e9e \u00e0 Bangui en vue de contribuer \u00e0 la stabilit\u00e9 de la Paix par un \u00abDialogue, R\u00e9publicain inclusif\u00bb., Solliciter tr\u00e8s respectueusement, le M\u00e9diateur international dans la crise, centrafricaine, S.E. Denis SASSOU NGUESSO \u00e0 se r\u00e9approprier le dossier de la crise centrafricaine., R\u00e9it\u00e9rer son appel au gouvernement centrafricain pour la convocation d\u2019un \u00ab Dialogue inclusif \u00bb pour r\u00e9tablir la Paix, la R\u00e9conciliation Nationale et le D\u00e9veloppement v\u00e9ritable en Centrafrique.<\/p>\n<p>&nbsp;<\/p>\n<p>&nbsp;<\/p>\n","protected":false},"excerpt":{"rendered":"<p>Africa-Press &#8211; CentrAfricaine. La Coalition des Patriotes pour le Changement (CPC) n\u2019a pas du tout \u00e9t\u00e9 surprise par le communiqu\u00e9 gouvernemental centrafricain l\u2019accusant d\u2019\u00eatre \u00e0 l\u2019origine de l\u2019accrochage meurtrier \u00e0 la fronti\u00e8re Centrafricano-Tchadienne, le 30 mai 2021. Prenant la CPC pour bouc \u00e9missaire, le gouvernement de M. Touad\u00e9ra, nie l\u2019incursion en territoire tchadien et l\u2019attaque [&hellip;]<\/p>\n","protected":false},"author":82,"featured_media":7674,"comment_status":"open","ping_status":"closed","sticky":false,"template":"","format":"standard","meta":{"footnotes":""},"categories":[11,2,10],"tags":[36,58,30],"class_list":["post-7675","post","type-post","status-publish","format-standard","has-post-thumbnail","hentry","category-homepage-french","category-politique","category-toutes-les-actualites","tag-africa-press","tag-africa-press-centrafricaine","tag-centrafricaine"],"yoast_head":"<!-- This site is optimized with the Yoast SEO Premium plugin v26.1 (Yoast SEO v27.0) - https:\/\/yoast.com\/product\/yoast-seo-premium-wordpress\/ -->\n<title>Communiqu\u00e9 de Presse du Porte Parole de la Coalition des Patriotes pour le Changement - centrafricaine<\/title>\n<meta name=\"description\" content=\"La Coalition des Patriotes pour le Changement (CPC) n\u2019a pas du tout \u00e9t\u00e9 surprise par le communiqu\u00e9 gouvernemental centra ...\" \/>\n<meta name=\"robots\" content=\"index, follow, max-snippet:-1, max-image-preview:large, max-video-preview:-1\" \/>\n<link rel=\"canonical\" href=\"https:\/\/www.africa-press.net\/centrafricaine\/politique\/communique-de-presse-du-porte-parole-de-la-coalition-des-patriotes-pour-le-changement\" \/>\n<meta property=\"og:locale\" content=\"fr_FR\" \/>\n<meta property=\"og:type\" content=\"article\" \/>\n<meta property=\"og:title\" content=\"Communiqu\u00e9 de Presse du Porte Parole de la Coalition des Patriotes pour le Changement\" \/>\n<meta property=\"og:description\" content=\"La Coalition des Patriotes pour le Changement (CPC) n\u2019a pas du tout \u00e9t\u00e9 surprise par le communiqu\u00e9 gouvernemental centra ...\" \/>\n<meta property=\"og:url\" content=\"https:\/\/www.africa-press.net\/centrafricaine\/politique\/communique-de-presse-du-porte-parole-de-la-coalition-des-patriotes-pour-le-changement\" \/>\n<meta property=\"og:site_name\" content=\"centrafricaine\" \/>\n<meta property=\"article:published_time\" content=\"2021-06-04T14:56:49+00:00\" \/>\n<meta property=\"article:modified_time\" content=\"2021-06-05T06:17:14+00:00\" \/>\n<meta property=\"og:image\" content=\"https:\/\/static.africa-press.net\/centrafricaine\/sites\/45\/2021\/06\/img-60ba381d0e5e1.jpg\" \/>\n\t<meta property=\"og:image:width\" content=\"720\" \/>\n\t<meta property=\"og:image:height\" content=\"538\" \/>\n\t<meta property=\"og:image:type\" content=\"image\/jpeg\" \/>\n<meta name=\"author\" content=\"cfeditorfr\" \/>\n<meta name=\"twitter:card\" content=\"summary_large_image\" \/>\n<meta name=\"twitter:label1\" content=\"\u00c9crit par\" \/>\n\t<meta name=\"twitter:data1\" content=\"cfeditorfr\" \/>\n\t<meta name=\"twitter:label2\" content=\"Dur\u00e9e de lecture estim\u00e9e\" \/>\n\t<meta name=\"twitter:data2\" content=\"4 minutes\" \/>\n<script type=\"application\/ld+json\" class=\"yoast-schema-graph\">{\"@context\":\"https:\/\/schema.org\",\"@graph\":[{\"@type\":\"Article\",\"@id\":\"https:\/\/www.africa-press.net\/centrafricaine\/politique\/communique-de-presse-du-porte-parole-de-la-coalition-des-patriotes-pour-le-changement#article\",\"isPartOf\":{\"@id\":\"https:\/\/www.africa-press.net\/centrafricaine\/politique\/communique-de-presse-du-porte-parole-de-la-coalition-des-patriotes-pour-le-changement\"},\"author\":{\"name\":\"cfeditorfr\",\"@id\":\"https:\/\/www.africa-press.net\/centrafricaine\/#\/schema\/person\/2b1cf3cd81a31e3cd26889ca66d677f1\"},\"headline\":\"Communiqu\u00e9 de Presse du Porte Parole de la Coalition des Patriotes pour le Changement\",\"datePublished\":\"2021-06-04T14:56:49+00:00\",\"dateModified\":\"2021-06-05T06:17:14+00:00\",\"mainEntityOfPage\":{\"@id\":\"https:\/\/www.africa-press.net\/centrafricaine\/politique\/communique-de-presse-du-porte-parole-de-la-coalition-des-patriotes-pour-le-changement\"},\"wordCount\":746,\"commentCount\":0,\"image\":{\"@id\":\"https:\/\/www.africa-press.net\/centrafricaine\/politique\/communique-de-presse-du-porte-parole-de-la-coalition-des-patriotes-pour-le-changement#primaryimage\"},\"thumbnailUrl\":\"https:\/\/static.africa-press.net\/centrafricaine\/sites\/45\/2021\/06\/img-60ba381d0e5e1.jpg\",\"keywords\":[\"Africa Press\",\"Africa Press-CentrAfricaine\",\"CentrAfricaine\"],\"articleSection\":[\"homepage-french\",\"Politique\",\"Toutes les actualit\u00e9s\"],\"inLanguage\":\"fr-FR\",\"potentialAction\":[{\"@type\":\"CommentAction\",\"name\":\"Comment\",\"target\":[\"https:\/\/www.africa-press.net\/centrafricaine\/politique\/communique-de-presse-du-porte-parole-de-la-coalition-des-patriotes-pour-le-changement#respond\"]}]},{\"@type\":\"WebPage\",\"@id\":\"https:\/\/www.africa-press.net\/centrafricaine\/politique\/communique-de-presse-du-porte-parole-de-la-coalition-des-patriotes-pour-le-changement\",\"url\":\"https:\/\/www.africa-press.net\/centrafricaine\/politique\/communique-de-presse-du-porte-parole-de-la-coalition-des-patriotes-pour-le-changement\",\"name\":\"Communiqu\u00e9 de Presse du Porte Parole de la Coalition des Patriotes pour le Changement - centrafricaine\",\"isPartOf\":{\"@id\":\"https:\/\/www.africa-press.net\/centrafricaine\/#website\"},\"primaryImageOfPage\":{\"@id\":\"https:\/\/www.africa-press.net\/centrafricaine\/politique\/communique-de-presse-du-porte-parole-de-la-coalition-des-patriotes-pour-le-changement#primaryimage\"},\"image\":{\"@id\":\"https:\/\/www.africa-press.net\/centrafricaine\/politique\/communique-de-presse-du-porte-parole-de-la-coalition-des-patriotes-pour-le-changement#primaryimage\"},\"thumbnailUrl\":\"https:\/\/static.africa-press.net\/centrafricaine\/sites\/45\/2021\/06\/img-60ba381d0e5e1.jpg\",\"datePublished\":\"2021-06-04T14:56:49+00:00\",\"dateModified\":\"2021-06-05T06:17:14+00:00\",\"author\":{\"@id\":\"https:\/\/www.africa-press.net\/centrafricaine\/#\/schema\/person\/2b1cf3cd81a31e3cd26889ca66d677f1\"},\"description\":\"La Coalition des Patriotes pour le Changement (CPC) n\u2019a pas du tout \u00e9t\u00e9 surprise par le communiqu\u00e9 gouvernemental centra ...\",\"breadcrumb\":{\"@id\":\"https:\/\/www.africa-press.net\/centrafricaine\/politique\/communique-de-presse-du-porte-parole-de-la-coalition-des-patriotes-pour-le-changement#breadcrumb\"},\"inLanguage\":\"fr-FR\",\"potentialAction\":[{\"@type\":\"ReadAction\",\"target\":[\"https:\/\/www.africa-press.net\/centrafricaine\/politique\/communique-de-presse-du-porte-parole-de-la-coalition-des-patriotes-pour-le-changement\"]}]},{\"@type\":\"ImageObject\",\"inLanguage\":\"fr-FR\",\"@id\":\"https:\/\/www.africa-press.net\/centrafricaine\/politique\/communique-de-presse-du-porte-parole-de-la-coalition-des-patriotes-pour-le-changement#primaryimage\",\"url\":\"https:\/\/static.africa-press.net\/centrafricaine\/sites\/45\/2021\/06\/img-60ba381d0e5e1.jpg\",\"contentUrl\":\"https:\/\/static.africa-press.net\/centrafricaine\/sites\/45\/2021\/06\/img-60ba381d0e5e1.jpg\",\"width\":720,\"height\":538,\"caption\":\"Communiqu\u00e9 de Presse du Porte Parole de la Coalition des Patriotes pour le Changement\"},{\"@type\":\"BreadcrumbList\",\"@id\":\"https:\/\/www.africa-press.net\/centrafricaine\/politique\/communique-de-presse-du-porte-parole-de-la-coalition-des-patriotes-pour-le-changement#breadcrumb\",\"itemListElement\":[{\"@type\":\"ListItem\",\"position\":1,\"name\":\"Accueil\",\"item\":\"https:\/\/www.africa-press.net\/centrafricaine\/\"},{\"@type\":\"ListItem\",\"position\":2,\"name\":\"Communiqu\u00e9 de Presse du Porte Parole de la Coalition des Patriotes pour le Changement\"}]},{\"@type\":\"WebSite\",\"@id\":\"https:\/\/www.africa-press.net\/centrafricaine\/#website\",\"url\":\"https:\/\/www.africa-press.net\/centrafricaine\/\",\"name\":\"centrafricaine\",\"description\":\"Just another Africa News Agency Sites site\",\"potentialAction\":[{\"@type\":\"SearchAction\",\"target\":{\"@type\":\"EntryPoint\",\"urlTemplate\":\"https:\/\/www.africa-press.net\/centrafricaine\/?s={search_term_string}\"},\"query-input\":{\"@type\":\"PropertyValueSpecification\",\"valueRequired\":true,\"valueName\":\"search_term_string\"}}],\"inLanguage\":\"fr-FR\"},{\"@type\":\"Person\",\"@id\":\"https:\/\/www.africa-press.net\/centrafricaine\/#\/schema\/person\/2b1cf3cd81a31e3cd26889ca66d677f1\",\"name\":\"cfeditorfr\"}]}<\/script>\n<!-- \/ Yoast SEO Premium plugin. -->","yoast_head_json":{"title":"Communiqu\u00e9 de Presse du Porte Parole de la Coalition des Patriotes pour le Changement - centrafricaine","description":"La Coalition des Patriotes pour le Changement (CPC) n\u2019a pas du tout \u00e9t\u00e9 surprise par le communiqu\u00e9 gouvernemental centra ...","robots":{"index":"index","follow":"follow","max-snippet":"max-snippet:-1","max-image-preview":"max-image-preview:large","max-video-preview":"max-video-preview:-1"},"canonical":"https:\/\/www.africa-press.net\/centrafricaine\/politique\/communique-de-presse-du-porte-parole-de-la-coalition-des-patriotes-pour-le-changement","og_locale":"fr_FR","og_type":"article","og_title":"Communiqu\u00e9 de Presse du Porte Parole de la Coalition des Patriotes pour le Changement","og_description":"La Coalition des Patriotes pour le Changement (CPC) n\u2019a pas du tout \u00e9t\u00e9 surprise par le communiqu\u00e9 gouvernemental centra ...","og_url":"https:\/\/www.africa-press.net\/centrafricaine\/politique\/communique-de-presse-du-porte-parole-de-la-coalition-des-patriotes-pour-le-changement","og_site_name":"centrafricaine","article_published_time":"2021-06-04T14:56:49+00:00","article_modified_time":"2021-06-05T06:17:14+00:00","og_image":[{"width":720,"height":538,"url":"https:\/\/static.africa-press.net\/centrafricaine\/sites\/45\/2021\/06\/img-60ba381d0e5e1.jpg","type":"image\/jpeg"}],"author":"cfeditorfr","twitter_card":"summary_large_image","twitter_misc":{"\u00c9crit par":"cfeditorfr","Dur\u00e9e de lecture estim\u00e9e":"4 minutes"},"schema":{"@context":"https:\/\/schema.org","@graph":[{"@type":"Article","@id":"https:\/\/www.africa-press.net\/centrafricaine\/politique\/communique-de-presse-du-porte-parole-de-la-coalition-des-patriotes-pour-le-changement#article","isPartOf":{"@id":"https:\/\/www.africa-press.net\/centrafricaine\/politique\/communique-de-presse-du-porte-parole-de-la-coalition-des-patriotes-pour-le-changement"},"author":{"name":"cfeditorfr","@id":"https:\/\/www.africa-press.net\/centrafricaine\/#\/schema\/person\/2b1cf3cd81a31e3cd26889ca66d677f1"},"headline":"Communiqu\u00e9 de Presse du Porte Parole de la Coalition des Patriotes pour le Changement","datePublished":"2021-06-04T14:56:49+00:00","dateModified":"2021-06-05T06:17:14+00:00","mainEntityOfPage":{"@id":"https:\/\/www.africa-press.net\/centrafricaine\/politique\/communique-de-presse-du-porte-parole-de-la-coalition-des-patriotes-pour-le-changement"},"wordCount":746,"commentCount":0,"image":{"@id":"https:\/\/www.africa-press.net\/centrafricaine\/politique\/communique-de-presse-du-porte-parole-de-la-coalition-des-patriotes-pour-le-changement#primaryimage"},"thumbnailUrl":"https:\/\/static.africa-press.net\/centrafricaine\/sites\/45\/2021\/06\/img-60ba381d0e5e1.jpg","keywords":["Africa Press","Africa Press-CentrAfricaine","CentrAfricaine"],"articleSection":["homepage-french","Politique","Toutes les actualit\u00e9s"],"inLanguage":"fr-FR","potentialAction":[{"@type":"CommentAction","name":"Comment","target":["https:\/\/www.africa-press.net\/centrafricaine\/politique\/communique-de-presse-du-porte-parole-de-la-coalition-des-patriotes-pour-le-changement#respond"]}]},{"@type":"WebPage","@id":"https:\/\/www.africa-press.net\/centrafricaine\/politique\/communique-de-presse-du-porte-parole-de-la-coalition-des-patriotes-pour-le-changement","url":"https:\/\/www.africa-press.net\/centrafricaine\/politique\/communique-de-presse-du-porte-parole-de-la-coalition-des-patriotes-pour-le-changement","name":"Communiqu\u00e9 de Presse du Porte Parole de la Coalition des Patriotes pour le Changement - centrafricaine","isPartOf":{"@id":"https:\/\/www.africa-press.net\/centrafricaine\/#website"},"primaryImageOfPage":{"@id":"https:\/\/www.africa-press.net\/centrafricaine\/politique\/communique-de-presse-du-porte-parole-de-la-coalition-des-patriotes-pour-le-changement#primaryimage"},"image":{"@id":"https:\/\/www.africa-press.net\/centrafricaine\/politique\/communique-de-presse-du-porte-parole-de-la-coalition-des-patriotes-pour-le-changement#primaryimage"},"thumbnailUrl":"https:\/\/static.africa-press.net\/centrafricaine\/sites\/45\/2021\/06\/img-60ba381d0e5e1.jpg","datePublished":"2021-06-04T14:56:49+00:00","dateModified":"2021-06-05T06:17:14+00:00","author":{"@id":"https:\/\/www.africa-press.net\/centrafricaine\/#\/schema\/person\/2b1cf3cd81a31e3cd26889ca66d677f1"},"description":"La Coalition des Patriotes pour le Changement (CPC) n\u2019a pas du tout \u00e9t\u00e9 surprise par le communiqu\u00e9 gouvernemental centra ...","breadcrumb":{"@id":"https:\/\/www.africa-press.net\/centrafricaine\/politique\/communique-de-presse-du-porte-parole-de-la-coalition-des-patriotes-pour-le-changement#breadcrumb"},"inLanguage":"fr-FR","potentialAction":[{"@type":"ReadAction","target":["https:\/\/www.africa-press.net\/centrafricaine\/politique\/communique-de-presse-du-porte-parole-de-la-coalition-des-patriotes-pour-le-changement"]}]},{"@type":"ImageObject","inLanguage":"fr-FR","@id":"https:\/\/www.africa-press.net\/centrafricaine\/politique\/communique-de-presse-du-porte-parole-de-la-coalition-des-patriotes-pour-le-changement#primaryimage","url":"https:\/\/static.africa-press.net\/centrafricaine\/sites\/45\/2021\/06\/img-60ba381d0e5e1.jpg","contentUrl":"https:\/\/static.africa-press.net\/centrafricaine\/sites\/45\/2021\/06\/img-60ba381d0e5e1.jpg","width":720,"height":538,"caption":"Communiqu\u00e9 de Presse du Porte Parole de la Coalition des Patriotes pour le Changement"},{"@type":"BreadcrumbList","@id":"https:\/\/www.africa-press.net\/centrafricaine\/politique\/communique-de-presse-du-porte-parole-de-la-coalition-des-patriotes-pour-le-changement#breadcrumb","itemListElement":[{"@type":"ListItem","position":1,"name":"Accueil","item":"https:\/\/www.africa-press.net\/centrafricaine\/"},{"@type":"ListItem","position":2,"name":"Communiqu\u00e9 de Presse du Porte Parole de la Coalition des Patriotes pour le Changement"}]},{"@type":"WebSite","@id":"https:\/\/www.africa-press.net\/centrafricaine\/#website","url":"https:\/\/www.africa-press.net\/centrafricaine\/","name":"centrafricaine","description":"Just another Africa News Agency Sites site","potentialAction":[{"@type":"SearchAction","target":{"@type":"EntryPoint","urlTemplate":"https:\/\/www.africa-press.net\/centrafricaine\/?s={search_term_string}"},"query-input":{"@type":"PropertyValueSpecification","valueRequired":true,"valueName":"search_term_string"}}],"inLanguage":"fr-FR"},{"@type":"Person","@id":"https:\/\/www.africa-press.net\/centrafricaine\/#\/schema\/person\/2b1cf3cd81a31e3cd26889ca66d677f1","name":"cfeditorfr"}]}},"_links":{"self":[{"href":"https:\/\/www.africa-press.net\/centrafricaine\/wp-json\/wp\/v2\/posts\/7675","targetHints":{"allow":["GET"]}}],"collection":[{"href":"https:\/\/www.africa-press.net\/centrafricaine\/wp-json\/wp\/v2\/posts"}],"about":[{"href":"https:\/\/www.africa-press.net\/centrafricaine\/wp-json\/wp\/v2\/types\/post"}],"author":[{"embeddable":true,"href":"https:\/\/www.africa-press.net\/centrafricaine\/wp-json\/wp\/v2\/users\/82"}],"replies":[{"embeddable":true,"href":"https:\/\/www.africa-press.net\/centrafricaine\/wp-json\/wp\/v2\/comments?post=7675"}],"version-history":[{"count":0,"href":"https:\/\/www.africa-press.net\/centrafricaine\/wp-json\/wp\/v2\/posts\/7675\/revisions"}],"wp:featuredmedia":[{"embeddable":true,"href":"https:\/\/www.africa-press.net\/centrafricaine\/wp-json\/wp\/v2\/media\/7674"}],"wp:attachment":[{"href":"https:\/\/www.africa-press.net\/centrafricaine\/wp-json\/wp\/v2\/media?parent=7675"}],"wp:term":[{"taxonomy":"category","embeddable":true,"href":"https:\/\/www.africa-press.net\/centrafricaine\/wp-json\/wp\/v2\/categories?post=7675"},{"taxonomy":"post_tag","embeddable":true,"href":"https:\/\/www.africa-press.net\/centrafricaine\/wp-json\/wp\/v2\/tags?post=7675"}],"curies":[{"name":"wp","href":"https:\/\/api.w.org\/{rel}","templated":true}]}}