{"id":76756,"date":"2025-10-01T20:12:01","date_gmt":"2025-10-01T20:12:01","guid":{"rendered":"https:\/\/www.africa-press.net\/centrafricaine\/politique\/fin-du-renforcement-des-capacites-de-linspection-generale"},"modified":"2025-10-01T20:17:51","modified_gmt":"2025-10-01T20:17:51","slug":"fin-du-renforcement-des-capacites-de-linspection-generale","status":"publish","type":"post","link":"https:\/\/www.africa-press.net\/centrafricaine\/politique\/fin-du-renforcement-des-capacites-de-linspection-generale","title":{"rendered":"Fin Du Renforcement Des Capacit\u00e9s De L&rsquo;Inspection G\u00e9n\u00e9rale"},"content":{"rendered":"<p><span style=\"color: #ff6600\"><strong>Africa-Press &#8211; CentrAfricaine. <\/strong><\/span>Un atelier de formation de\u0301die\u0301 au renforcement des capacite\u0301s de l\u2019Inspection ge\u0301ne\u0301rale de l\u2019arme\u0301e centrafricaine s\u2019est acheve\u0301 week-end dernier a\u0300 Bouar, avec l\u2019appui technique et logistique de la MINUSCA.<\/p>\n<p>Pendant plusieurs jours, 80 officiers des forces de de\u0301fense et de se\u0301curite\u0301, dont 20 femmes, ont e\u0301te\u0301 forme\u0301s aux nouvelles proce\u0301dures re\u0301glementaires relatives a\u0300 l\u2019exe\u0301cution des sanctions au sein de l\u2019arme\u0301e.<\/p>\n<p>Cette session avait pour objectif de moderniser les pratiques disciplinaires, de renforcer la transparence et la redevabilite\u0301 au sein des forces arme\u0301es, mais aussi de consolider le ro\u0302le crucial de l\u2019Inspection ge\u0301ne\u0301rale dans le contro\u0302le interne de l\u2019arme\u0301e.<\/p>\n<p>Selon les organisateurs, l\u2019accent a e\u0301te\u0301 mis sur l\u2019appropriation des textes re\u0301glementaires re\u0301cemment adopte\u0301s, ainsi que sur leur application rigoureuse, afin de promouvoir une arme\u0301e plus professionnelle et respectueuse de la hie\u0301rarchie comme des droits des militaires.<\/p>\n<p>Pour la MINUSCA, ce type d\u2019initiative s\u2019inscrit dans son mandat d\u2019accompagnement de la re\u0301forme du secteur de la se\u0301curite\u0301 en Re\u0301publique centrafricaine, visant a\u0300 doter le pays de forces arme\u0301es modernes, efficaces et soumises a\u0300 l\u2019autorite\u0301 de l\u2019E\u0301tat.<\/p>\n<p>Les participants, pour leur part, ont salue\u0301 une formation juge\u0301e utile et pratique, qui leur permettra de mieux remplir leur mission de commandement et de contro\u0302le.<\/p>\n<p><strong>Pour plus d&rsquo;informations et d&rsquo;analyses sur la <span style=\"color: #ff6600\">CentrAfricaine<\/span>, suivez <span style=\"color: #ff6600\">Africa-Press<\/span><\/strong><\/p>\n","protected":false},"excerpt":{"rendered":"<p>Africa-Press &#8211; CentrAfricaine. Un atelier de formation de\u0301die\u0301 au renforcement des capacite\u0301s de l\u2019Inspection ge\u0301ne\u0301rale de l\u2019arme\u0301e centrafricaine s\u2019est acheve\u0301 week-end dernier a\u0300 Bouar, avec l\u2019appui technique et logistique de la MINUSCA. Pendant plusieurs jours, 80 officiers des forces de de\u0301fense et de se\u0301curite\u0301, dont 20 femmes, ont e\u0301te\u0301 forme\u0301s aux nouvelles proce\u0301dures re\u0301glementaires relatives [&hellip;]<\/p>\n","protected":false},"author":82,"featured_media":76755,"comment_status":"open","ping_status":"closed","sticky":false,"template":"","format":"standard","meta":{"footnotes":""},"categories":[2,10],"tags":[3119,1011,30,41,741,426,6084,48],"class_list":["post-76756","post","type-post","status-publish","format-standard","has-post-thumbnail","hentry","category-politique","category-toutes-les-actualites","tag-armee","tag-bouar","tag-centrafricaine","tag-centrafrique","tag-faca","tag-formation","tag-inspection-generale","tag-minusca"],"yoast_head":"<!-- This site is optimized with the Yoast SEO Premium plugin v26.1 (Yoast SEO v27.0) - https:\/\/yoast.com\/product\/yoast-seo-premium-wordpress\/ -->\n<title>Fin Du Renforcement Des Capacit\u00e9s De L&#039;Inspection G\u00e9n\u00e9rale - centrafricaine<\/title>\n<meta name=\"description\" content=\"Un atelier de formation de\u0301die\u0301 au renforcement des capacite\u0301s de l\u2019Inspection ge\u0301ne\u0301rale de l\u2019arme\u0301e centrafricaine s\u2019e ...\" \/>\n<meta name=\"robots\" content=\"index, follow, max-snippet:-1, max-image-preview:large, max-video-preview:-1\" \/>\n<link rel=\"canonical\" href=\"https:\/\/www.africa-press.net\/centrafricaine\/politique\/fin-du-renforcement-des-capacites-de-linspection-generale\" \/>\n<meta property=\"og:locale\" content=\"fr_FR\" \/>\n<meta property=\"og:type\" content=\"article\" \/>\n<meta property=\"og:title\" content=\"Fin Du Renforcement Des Capacit\u00e9s De L&#039;Inspection G\u00e9n\u00e9rale\" \/>\n<meta property=\"og:description\" content=\"Un atelier de formation de\u0301die\u0301 au renforcement des capacite\u0301s de l\u2019Inspection ge\u0301ne\u0301rale de l\u2019arme\u0301e centrafricaine s\u2019e ...\" \/>\n<meta property=\"og:url\" content=\"https:\/\/www.africa-press.net\/centrafricaine\/politique\/fin-du-renforcement-des-capacites-de-linspection-generale\" \/>\n<meta property=\"og:site_name\" content=\"centrafricaine\" \/>\n<meta property=\"article:published_time\" content=\"2025-10-01T20:12:01+00:00\" \/>\n<meta property=\"article:modified_time\" content=\"2025-10-01T20:17:51+00:00\" \/>\n<meta property=\"og:image\" content=\"https:\/\/static.africa-press.net\/centrafricaine\/sites\/45\/2025\/10\/sm_1759337229.814134.jpg\" \/>\n\t<meta property=\"og:image:width\" content=\"1280\" \/>\n\t<meta property=\"og:image:height\" content=\"720\" \/>\n\t<meta property=\"og:image:type\" content=\"image\/jpeg\" \/>\n<meta name=\"author\" content=\"cfeditorfr\" \/>\n<meta name=\"twitter:card\" content=\"summary_large_image\" \/>\n<meta name=\"twitter:label1\" content=\"\u00c9crit par\" \/>\n\t<meta name=\"twitter:data1\" content=\"cfeditorfr\" \/>\n\t<meta name=\"twitter:label2\" content=\"Dur\u00e9e de lecture estim\u00e9e\" \/>\n\t<meta name=\"twitter:data2\" content=\"2 minutes\" \/>\n<script type=\"application\/ld+json\" class=\"yoast-schema-graph\">{\"@context\":\"https:\/\/schema.org\",\"@graph\":[{\"@type\":\"Article\",\"@id\":\"https:\/\/www.africa-press.net\/centrafricaine\/politique\/fin-du-renforcement-des-capacites-de-linspection-generale#article\",\"isPartOf\":{\"@id\":\"https:\/\/www.africa-press.net\/centrafricaine\/politique\/fin-du-renforcement-des-capacites-de-linspection-generale\"},\"author\":{\"name\":\"cfeditorfr\",\"@id\":\"https:\/\/www.africa-press.net\/centrafricaine\/#\/schema\/person\/2b1cf3cd81a31e3cd26889ca66d677f1\"},\"headline\":\"Fin Du Renforcement Des Capacit\u00e9s De L&rsquo;Inspection G\u00e9n\u00e9rale\",\"datePublished\":\"2025-10-01T20:12:01+00:00\",\"dateModified\":\"2025-10-01T20:17:51+00:00\",\"mainEntityOfPage\":{\"@id\":\"https:\/\/www.africa-press.net\/centrafricaine\/politique\/fin-du-renforcement-des-capacites-de-linspection-generale\"},\"wordCount\":271,\"commentCount\":0,\"image\":{\"@id\":\"https:\/\/www.africa-press.net\/centrafricaine\/politique\/fin-du-renforcement-des-capacites-de-linspection-generale#primaryimage\"},\"thumbnailUrl\":\"https:\/\/static.africa-press.net\/centrafricaine\/sites\/45\/2025\/10\/sm_1759337229.814134.jpg\",\"keywords\":[\"arm\u00e9e\",\"Bouar\",\"CentrAfricaine\",\"Centrafrique\",\"FACA\",\"FORMATION\",\"inspection g\u00e9n\u00e9rale\",\"Minusca\"],\"articleSection\":[\"Politique\",\"Toutes les actualit\u00e9s\"],\"inLanguage\":\"fr-FR\",\"potentialAction\":[{\"@type\":\"CommentAction\",\"name\":\"Comment\",\"target\":[\"https:\/\/www.africa-press.net\/centrafricaine\/politique\/fin-du-renforcement-des-capacites-de-linspection-generale#respond\"]}]},{\"@type\":\"WebPage\",\"@id\":\"https:\/\/www.africa-press.net\/centrafricaine\/politique\/fin-du-renforcement-des-capacites-de-linspection-generale\",\"url\":\"https:\/\/www.africa-press.net\/centrafricaine\/politique\/fin-du-renforcement-des-capacites-de-linspection-generale\",\"name\":\"Fin Du Renforcement Des Capacit\u00e9s De L'Inspection G\u00e9n\u00e9rale - centrafricaine\",\"isPartOf\":{\"@id\":\"https:\/\/www.africa-press.net\/centrafricaine\/#website\"},\"primaryImageOfPage\":{\"@id\":\"https:\/\/www.africa-press.net\/centrafricaine\/politique\/fin-du-renforcement-des-capacites-de-linspection-generale#primaryimage\"},\"image\":{\"@id\":\"https:\/\/www.africa-press.net\/centrafricaine\/politique\/fin-du-renforcement-des-capacites-de-linspection-generale#primaryimage\"},\"thumbnailUrl\":\"https:\/\/static.africa-press.net\/centrafricaine\/sites\/45\/2025\/10\/sm_1759337229.814134.jpg\",\"datePublished\":\"2025-10-01T20:12:01+00:00\",\"dateModified\":\"2025-10-01T20:17:51+00:00\",\"author\":{\"@id\":\"https:\/\/www.africa-press.net\/centrafricaine\/#\/schema\/person\/2b1cf3cd81a31e3cd26889ca66d677f1\"},\"description\":\"Un atelier de formation de\u0301die\u0301 au renforcement des capacite\u0301s de l\u2019Inspection ge\u0301ne\u0301rale de l\u2019arme\u0301e centrafricaine s\u2019e ...\",\"breadcrumb\":{\"@id\":\"https:\/\/www.africa-press.net\/centrafricaine\/politique\/fin-du-renforcement-des-capacites-de-linspection-generale#breadcrumb\"},\"inLanguage\":\"fr-FR\",\"potentialAction\":[{\"@type\":\"ReadAction\",\"target\":[\"https:\/\/www.africa-press.net\/centrafricaine\/politique\/fin-du-renforcement-des-capacites-de-linspection-generale\"]}]},{\"@type\":\"ImageObject\",\"inLanguage\":\"fr-FR\",\"@id\":\"https:\/\/www.africa-press.net\/centrafricaine\/politique\/fin-du-renforcement-des-capacites-de-linspection-generale#primaryimage\",\"url\":\"https:\/\/static.africa-press.net\/centrafricaine\/sites\/45\/2025\/10\/sm_1759337229.814134.jpg\",\"contentUrl\":\"https:\/\/static.africa-press.net\/centrafricaine\/sites\/45\/2025\/10\/sm_1759337229.814134.jpg\",\"width\":1280,\"height\":720,\"caption\":\"Fin Du Renforcement Des Capacit\u00e9s De L'Inspection G\u00e9n\u00e9rale\"},{\"@type\":\"BreadcrumbList\",\"@id\":\"https:\/\/www.africa-press.net\/centrafricaine\/politique\/fin-du-renforcement-des-capacites-de-linspection-generale#breadcrumb\",\"itemListElement\":[{\"@type\":\"ListItem\",\"position\":1,\"name\":\"Accueil\",\"item\":\"https:\/\/www.africa-press.net\/centrafricaine\/\"},{\"@type\":\"ListItem\",\"position\":2,\"name\":\"Fin Du Renforcement Des Capacit\u00e9s De L&#8217;Inspection G\u00e9n\u00e9rale\"}]},{\"@type\":\"WebSite\",\"@id\":\"https:\/\/www.africa-press.net\/centrafricaine\/#website\",\"url\":\"https:\/\/www.africa-press.net\/centrafricaine\/\",\"name\":\"centrafricaine\",\"description\":\"Just another Africa News Agency Sites site\",\"potentialAction\":[{\"@type\":\"SearchAction\",\"target\":{\"@type\":\"EntryPoint\",\"urlTemplate\":\"https:\/\/www.africa-press.net\/centrafricaine\/?s={search_term_string}\"},\"query-input\":{\"@type\":\"PropertyValueSpecification\",\"valueRequired\":true,\"valueName\":\"search_term_string\"}}],\"inLanguage\":\"fr-FR\"},{\"@type\":\"Person\",\"@id\":\"https:\/\/www.africa-press.net\/centrafricaine\/#\/schema\/person\/2b1cf3cd81a31e3cd26889ca66d677f1\",\"name\":\"cfeditorfr\"}]}<\/script>\n<!-- \/ Yoast SEO Premium plugin. -->","yoast_head_json":{"title":"Fin Du Renforcement Des Capacit\u00e9s De L'Inspection G\u00e9n\u00e9rale - centrafricaine","description":"Un atelier de formation de\u0301die\u0301 au renforcement des capacite\u0301s de l\u2019Inspection ge\u0301ne\u0301rale de l\u2019arme\u0301e centrafricaine s\u2019e ...","robots":{"index":"index","follow":"follow","max-snippet":"max-snippet:-1","max-image-preview":"max-image-preview:large","max-video-preview":"max-video-preview:-1"},"canonical":"https:\/\/www.africa-press.net\/centrafricaine\/politique\/fin-du-renforcement-des-capacites-de-linspection-generale","og_locale":"fr_FR","og_type":"article","og_title":"Fin Du Renforcement Des Capacit\u00e9s De L'Inspection G\u00e9n\u00e9rale","og_description":"Un atelier de formation de\u0301die\u0301 au renforcement des capacite\u0301s de l\u2019Inspection ge\u0301ne\u0301rale de l\u2019arme\u0301e centrafricaine s\u2019e ...","og_url":"https:\/\/www.africa-press.net\/centrafricaine\/politique\/fin-du-renforcement-des-capacites-de-linspection-generale","og_site_name":"centrafricaine","article_published_time":"2025-10-01T20:12:01+00:00","article_modified_time":"2025-10-01T20:17:51+00:00","og_image":[{"width":1280,"height":720,"url":"https:\/\/static.africa-press.net\/centrafricaine\/sites\/45\/2025\/10\/sm_1759337229.814134.jpg","type":"image\/jpeg"}],"author":"cfeditorfr","twitter_card":"summary_large_image","twitter_misc":{"\u00c9crit par":"cfeditorfr","Dur\u00e9e de lecture estim\u00e9e":"2 minutes"},"schema":{"@context":"https:\/\/schema.org","@graph":[{"@type":"Article","@id":"https:\/\/www.africa-press.net\/centrafricaine\/politique\/fin-du-renforcement-des-capacites-de-linspection-generale#article","isPartOf":{"@id":"https:\/\/www.africa-press.net\/centrafricaine\/politique\/fin-du-renforcement-des-capacites-de-linspection-generale"},"author":{"name":"cfeditorfr","@id":"https:\/\/www.africa-press.net\/centrafricaine\/#\/schema\/person\/2b1cf3cd81a31e3cd26889ca66d677f1"},"headline":"Fin Du Renforcement Des Capacit\u00e9s De L&rsquo;Inspection G\u00e9n\u00e9rale","datePublished":"2025-10-01T20:12:01+00:00","dateModified":"2025-10-01T20:17:51+00:00","mainEntityOfPage":{"@id":"https:\/\/www.africa-press.net\/centrafricaine\/politique\/fin-du-renforcement-des-capacites-de-linspection-generale"},"wordCount":271,"commentCount":0,"image":{"@id":"https:\/\/www.africa-press.net\/centrafricaine\/politique\/fin-du-renforcement-des-capacites-de-linspection-generale#primaryimage"},"thumbnailUrl":"https:\/\/static.africa-press.net\/centrafricaine\/sites\/45\/2025\/10\/sm_1759337229.814134.jpg","keywords":["arm\u00e9e","Bouar","CentrAfricaine","Centrafrique","FACA","FORMATION","inspection g\u00e9n\u00e9rale","Minusca"],"articleSection":["Politique","Toutes les actualit\u00e9s"],"inLanguage":"fr-FR","potentialAction":[{"@type":"CommentAction","name":"Comment","target":["https:\/\/www.africa-press.net\/centrafricaine\/politique\/fin-du-renforcement-des-capacites-de-linspection-generale#respond"]}]},{"@type":"WebPage","@id":"https:\/\/www.africa-press.net\/centrafricaine\/politique\/fin-du-renforcement-des-capacites-de-linspection-generale","url":"https:\/\/www.africa-press.net\/centrafricaine\/politique\/fin-du-renforcement-des-capacites-de-linspection-generale","name":"Fin Du Renforcement Des Capacit\u00e9s De L'Inspection G\u00e9n\u00e9rale - centrafricaine","isPartOf":{"@id":"https:\/\/www.africa-press.net\/centrafricaine\/#website"},"primaryImageOfPage":{"@id":"https:\/\/www.africa-press.net\/centrafricaine\/politique\/fin-du-renforcement-des-capacites-de-linspection-generale#primaryimage"},"image":{"@id":"https:\/\/www.africa-press.net\/centrafricaine\/politique\/fin-du-renforcement-des-capacites-de-linspection-generale#primaryimage"},"thumbnailUrl":"https:\/\/static.africa-press.net\/centrafricaine\/sites\/45\/2025\/10\/sm_1759337229.814134.jpg","datePublished":"2025-10-01T20:12:01+00:00","dateModified":"2025-10-01T20:17:51+00:00","author":{"@id":"https:\/\/www.africa-press.net\/centrafricaine\/#\/schema\/person\/2b1cf3cd81a31e3cd26889ca66d677f1"},"description":"Un atelier de formation de\u0301die\u0301 au renforcement des capacite\u0301s de l\u2019Inspection ge\u0301ne\u0301rale de l\u2019arme\u0301e centrafricaine s\u2019e ...","breadcrumb":{"@id":"https:\/\/www.africa-press.net\/centrafricaine\/politique\/fin-du-renforcement-des-capacites-de-linspection-generale#breadcrumb"},"inLanguage":"fr-FR","potentialAction":[{"@type":"ReadAction","target":["https:\/\/www.africa-press.net\/centrafricaine\/politique\/fin-du-renforcement-des-capacites-de-linspection-generale"]}]},{"@type":"ImageObject","inLanguage":"fr-FR","@id":"https:\/\/www.africa-press.net\/centrafricaine\/politique\/fin-du-renforcement-des-capacites-de-linspection-generale#primaryimage","url":"https:\/\/static.africa-press.net\/centrafricaine\/sites\/45\/2025\/10\/sm_1759337229.814134.jpg","contentUrl":"https:\/\/static.africa-press.net\/centrafricaine\/sites\/45\/2025\/10\/sm_1759337229.814134.jpg","width":1280,"height":720,"caption":"Fin Du Renforcement Des Capacit\u00e9s De L'Inspection G\u00e9n\u00e9rale"},{"@type":"BreadcrumbList","@id":"https:\/\/www.africa-press.net\/centrafricaine\/politique\/fin-du-renforcement-des-capacites-de-linspection-generale#breadcrumb","itemListElement":[{"@type":"ListItem","position":1,"name":"Accueil","item":"https:\/\/www.africa-press.net\/centrafricaine\/"},{"@type":"ListItem","position":2,"name":"Fin Du Renforcement Des Capacit\u00e9s De L&#8217;Inspection G\u00e9n\u00e9rale"}]},{"@type":"WebSite","@id":"https:\/\/www.africa-press.net\/centrafricaine\/#website","url":"https:\/\/www.africa-press.net\/centrafricaine\/","name":"centrafricaine","description":"Just another Africa News Agency Sites site","potentialAction":[{"@type":"SearchAction","target":{"@type":"EntryPoint","urlTemplate":"https:\/\/www.africa-press.net\/centrafricaine\/?s={search_term_string}"},"query-input":{"@type":"PropertyValueSpecification","valueRequired":true,"valueName":"search_term_string"}}],"inLanguage":"fr-FR"},{"@type":"Person","@id":"https:\/\/www.africa-press.net\/centrafricaine\/#\/schema\/person\/2b1cf3cd81a31e3cd26889ca66d677f1","name":"cfeditorfr"}]}},"_links":{"self":[{"href":"https:\/\/www.africa-press.net\/centrafricaine\/wp-json\/wp\/v2\/posts\/76756","targetHints":{"allow":["GET"]}}],"collection":[{"href":"https:\/\/www.africa-press.net\/centrafricaine\/wp-json\/wp\/v2\/posts"}],"about":[{"href":"https:\/\/www.africa-press.net\/centrafricaine\/wp-json\/wp\/v2\/types\/post"}],"author":[{"embeddable":true,"href":"https:\/\/www.africa-press.net\/centrafricaine\/wp-json\/wp\/v2\/users\/82"}],"replies":[{"embeddable":true,"href":"https:\/\/www.africa-press.net\/centrafricaine\/wp-json\/wp\/v2\/comments?post=76756"}],"version-history":[{"count":0,"href":"https:\/\/www.africa-press.net\/centrafricaine\/wp-json\/wp\/v2\/posts\/76756\/revisions"}],"wp:featuredmedia":[{"embeddable":true,"href":"https:\/\/www.africa-press.net\/centrafricaine\/wp-json\/wp\/v2\/media\/76755"}],"wp:attachment":[{"href":"https:\/\/www.africa-press.net\/centrafricaine\/wp-json\/wp\/v2\/media?parent=76756"}],"wp:term":[{"taxonomy":"category","embeddable":true,"href":"https:\/\/www.africa-press.net\/centrafricaine\/wp-json\/wp\/v2\/categories?post=76756"},{"taxonomy":"post_tag","embeddable":true,"href":"https:\/\/www.africa-press.net\/centrafricaine\/wp-json\/wp\/v2\/tags?post=76756"}],"curies":[{"name":"wp","href":"https:\/\/api.w.org\/{rel}","templated":true}]}}