{"id":7701,"date":"2021-06-05T13:11:43","date_gmt":"2021-06-05T13:11:43","guid":{"rendered":"https:\/\/www.africa-press.net\/centrafricaine\/?p=7701"},"modified":"2021-06-05T17:45:41","modified_gmt":"2021-06-05T17:45:41","slug":"bambari-trois-morts-dans-une-attaque-des-positions-de-larmee-nationale-au-quartier-elevage","status":"publish","type":"post","link":"https:\/\/www.africa-press.net\/centrafricaine\/politique\/bambari-trois-morts-dans-une-attaque-des-positions-de-larmee-nationale-au-quartier-elevage","title":{"rendered":"Bambari, trois morts dans une attaque des positions de l\u2019arm\u00e9e nationale au quartier \u00c9levage"},"content":{"rendered":"<p><span style=\"color: #ff6600\"><strong><a href=\"https:\/\/www.africa-press.net\/\">Africa-Press<\/a> &#8211; <a href=\"https:\/\/www.africa-press.net\/centrafricaine\">CentrAfricaine<\/a>. <\/strong><\/span>\u00a0Un soldat de l\u2019arm\u00e9e nationale et deux assaillants assimil\u00e9s aux rebelles de l\u2019UPC sont morts lors d\u2019une attaque des positions de l\u2019arm\u00e9e centrafricaine au quartier \u00c9levage, \u00e0 Bambari, dans la Ouaka.<\/p>\n<p><b>\u00ab Dans cette attaque de notre position au parc \u00c9levage, les forces arm\u00e9es centrafricaines (FACA) ont tu\u00e9 2 assaillants. Nous avons perdu un de nos militaires \u00bb<\/b><\/p>\n<p>, a d\u00e9clar\u00e9 \u00e0 CNC un sous-officier de l\u2019arm\u00e9e de terre \u00e0 Bambari.<\/p>\n<p>Selon le sous-officier, les assaillants appartiennent \u00e0 l\u2019unit\u00e9 pour la paix en Centrafrique (UPC), un mouvement arm\u00e9 dirig\u00e9 par l\u2019autoproclam\u00e9 g\u00e9n\u00e9ral d\u2019arm\u00e9e Ali Darassa.<\/p>\n<p>D\u2019apr\u00e8s lui, l\u2019attaque avait d\u00e9but\u00e9 cette nuit aux environs de minuit, et \u00e7a s\u2019est poursuivi durant plusieurs minutes.<\/p>\n<p>Le sous-officier a par ailleurs affirm\u00e9 que les forces loyalistes et ses alli\u00e9s russes et rwandais avaient r\u00e9cemment d\u00e9log\u00e9 ces rebelles de cette position qu\u2019ils ont tent\u00e9 sans succ\u00e8s de r\u00e9cup\u00e9rer. Mais d\u2019apr\u00e8s les habitants du quartier \u00c9levage, le double braquage des mosqu\u00e9es cette semaines attribu\u00e9 aux soldats de l\u2019arm\u00e9e nationale qui serait \u00e0 l\u2019origine de l\u2019attaque des position des FACA en poste au quartier parc \u00c9levage.<\/p>\n<p>L\u2019\u00e9change des tirs a engendr\u00e9 de multiple coups de feu dans la ville, suscitant la psychose au sein de la population.<\/p>\n<p>Par ailleurs, au m\u00eame moment, dans le troisi\u00e8me arrondissement de Bangui, peu avant une heure du matin, des coups de feu sont entendus tout proche du commissariat du troisi\u00e8me arrondissement de Bangui. On ignore les raisons pour le moment.<\/p>\n<p><b>\u00a0<\/b><\/p>\n","protected":false},"excerpt":{"rendered":"<p>Africa-Press &#8211; CentrAfricaine. \u00a0Un soldat de l\u2019arm\u00e9e nationale et deux assaillants assimil\u00e9s aux rebelles de l\u2019UPC sont morts lors d\u2019une attaque des positions de l\u2019arm\u00e9e centrafricaine au quartier \u00c9levage, \u00e0 Bambari, dans la Ouaka. \u00ab Dans cette attaque de notre position au parc \u00c9levage, les forces arm\u00e9es centrafricaines (FACA) ont tu\u00e9 2 assaillants. Nous avons [&hellip;]<\/p>\n","protected":false},"author":82,"featured_media":7700,"comment_status":"open","ping_status":"closed","sticky":false,"template":"","format":"standard","meta":{"footnotes":""},"categories":[11,2,10],"tags":[36,58,30],"class_list":["post-7701","post","type-post","status-publish","format-standard","has-post-thumbnail","hentry","category-homepage-french","category-politique","category-toutes-les-actualites","tag-africa-press","tag-africa-press-centrafricaine","tag-centrafricaine"],"yoast_head":"<!-- This site is optimized with the Yoast SEO Premium plugin v26.1 (Yoast SEO v27.0) - https:\/\/yoast.com\/product\/yoast-seo-premium-wordpress\/ -->\n<title>Bambari, trois morts dans une attaque des positions de l\u2019arm\u00e9e nationale au quartier \u00c9levage - centrafricaine<\/title>\n<meta name=\"description\" content=\"Bangui, R\u00e9publique centrafricaine, samedi, 5 juin 2021, 08:19:29 ( Corbeaunews-Centrafrique ). Un soldat de l\u2019ar ...\" \/>\n<meta name=\"robots\" content=\"index, follow, max-snippet:-1, max-image-preview:large, max-video-preview:-1\" \/>\n<link rel=\"canonical\" href=\"https:\/\/www.africa-press.net\/centrafricaine\/politique\/bambari-trois-morts-dans-une-attaque-des-positions-de-larmee-nationale-au-quartier-elevage\" \/>\n<meta property=\"og:locale\" content=\"fr_FR\" \/>\n<meta property=\"og:type\" content=\"article\" \/>\n<meta property=\"og:title\" content=\"Bambari, trois morts dans une attaque des positions de l\u2019arm\u00e9e nationale au quartier \u00c9levage\" \/>\n<meta property=\"og:description\" content=\"Bangui, R\u00e9publique centrafricaine, samedi, 5 juin 2021, 08:19:29 ( Corbeaunews-Centrafrique ). Un soldat de l\u2019ar ...\" \/>\n<meta property=\"og:url\" content=\"https:\/\/www.africa-press.net\/centrafricaine\/politique\/bambari-trois-morts-dans-une-attaque-des-positions-de-larmee-nationale-au-quartier-elevage\" \/>\n<meta property=\"og:site_name\" content=\"centrafricaine\" \/>\n<meta property=\"article:published_time\" content=\"2021-06-05T13:11:43+00:00\" \/>\n<meta property=\"article:modified_time\" content=\"2021-06-05T17:45:41+00:00\" \/>\n<meta property=\"og:image\" content=\"https:\/\/static.africa-press.net\/centrafricaine\/sites\/45\/2021\/06\/img-60bb75e19264a.jpg\" \/>\n\t<meta property=\"og:image:width\" content=\"720\" \/>\n\t<meta property=\"og:image:height\" content=\"711\" \/>\n\t<meta property=\"og:image:type\" content=\"image\/jpeg\" \/>\n<meta name=\"author\" content=\"cfeditorfr\" \/>\n<meta name=\"twitter:card\" content=\"summary_large_image\" \/>\n<meta name=\"twitter:label1\" content=\"\u00c9crit par\" \/>\n\t<meta name=\"twitter:data1\" content=\"cfeditorfr\" \/>\n\t<meta name=\"twitter:label2\" content=\"Dur\u00e9e de lecture estim\u00e9e\" \/>\n\t<meta name=\"twitter:data2\" content=\"2 minutes\" \/>\n<script type=\"application\/ld+json\" class=\"yoast-schema-graph\">{\"@context\":\"https:\/\/schema.org\",\"@graph\":[{\"@type\":\"Article\",\"@id\":\"https:\/\/www.africa-press.net\/centrafricaine\/politique\/bambari-trois-morts-dans-une-attaque-des-positions-de-larmee-nationale-au-quartier-elevage#article\",\"isPartOf\":{\"@id\":\"https:\/\/www.africa-press.net\/centrafricaine\/politique\/bambari-trois-morts-dans-une-attaque-des-positions-de-larmee-nationale-au-quartier-elevage\"},\"author\":{\"name\":\"cfeditorfr\",\"@id\":\"https:\/\/www.africa-press.net\/centrafricaine\/#\/schema\/person\/2b1cf3cd81a31e3cd26889ca66d677f1\"},\"headline\":\"Bambari, trois morts dans une attaque des positions de l\u2019arm\u00e9e nationale au quartier \u00c9levage\",\"datePublished\":\"2021-06-05T13:11:43+00:00\",\"dateModified\":\"2021-06-05T17:45:41+00:00\",\"mainEntityOfPage\":{\"@id\":\"https:\/\/www.africa-press.net\/centrafricaine\/politique\/bambari-trois-morts-dans-une-attaque-des-positions-de-larmee-nationale-au-quartier-elevage\"},\"wordCount\":290,\"commentCount\":0,\"image\":{\"@id\":\"https:\/\/www.africa-press.net\/centrafricaine\/politique\/bambari-trois-morts-dans-une-attaque-des-positions-de-larmee-nationale-au-quartier-elevage#primaryimage\"},\"thumbnailUrl\":\"https:\/\/static.africa-press.net\/centrafricaine\/sites\/45\/2021\/06\/img-60bb75e19264a.jpg\",\"keywords\":[\"Africa Press\",\"Africa Press-CentrAfricaine\",\"CentrAfricaine\"],\"articleSection\":[\"homepage-french\",\"Politique\",\"Toutes les actualit\u00e9s\"],\"inLanguage\":\"fr-FR\",\"potentialAction\":[{\"@type\":\"CommentAction\",\"name\":\"Comment\",\"target\":[\"https:\/\/www.africa-press.net\/centrafricaine\/politique\/bambari-trois-morts-dans-une-attaque-des-positions-de-larmee-nationale-au-quartier-elevage#respond\"]}]},{\"@type\":\"WebPage\",\"@id\":\"https:\/\/www.africa-press.net\/centrafricaine\/politique\/bambari-trois-morts-dans-une-attaque-des-positions-de-larmee-nationale-au-quartier-elevage\",\"url\":\"https:\/\/www.africa-press.net\/centrafricaine\/politique\/bambari-trois-morts-dans-une-attaque-des-positions-de-larmee-nationale-au-quartier-elevage\",\"name\":\"Bambari, trois morts dans une attaque des positions de l\u2019arm\u00e9e nationale au quartier \u00c9levage - centrafricaine\",\"isPartOf\":{\"@id\":\"https:\/\/www.africa-press.net\/centrafricaine\/#website\"},\"primaryImageOfPage\":{\"@id\":\"https:\/\/www.africa-press.net\/centrafricaine\/politique\/bambari-trois-morts-dans-une-attaque-des-positions-de-larmee-nationale-au-quartier-elevage#primaryimage\"},\"image\":{\"@id\":\"https:\/\/www.africa-press.net\/centrafricaine\/politique\/bambari-trois-morts-dans-une-attaque-des-positions-de-larmee-nationale-au-quartier-elevage#primaryimage\"},\"thumbnailUrl\":\"https:\/\/static.africa-press.net\/centrafricaine\/sites\/45\/2021\/06\/img-60bb75e19264a.jpg\",\"datePublished\":\"2021-06-05T13:11:43+00:00\",\"dateModified\":\"2021-06-05T17:45:41+00:00\",\"author\":{\"@id\":\"https:\/\/www.africa-press.net\/centrafricaine\/#\/schema\/person\/2b1cf3cd81a31e3cd26889ca66d677f1\"},\"description\":\"Bangui, R\u00e9publique centrafricaine, samedi, 5 juin 2021, 08:19:29 ( Corbeaunews-Centrafrique ). Un soldat de l\u2019ar ...\",\"breadcrumb\":{\"@id\":\"https:\/\/www.africa-press.net\/centrafricaine\/politique\/bambari-trois-morts-dans-une-attaque-des-positions-de-larmee-nationale-au-quartier-elevage#breadcrumb\"},\"inLanguage\":\"fr-FR\",\"potentialAction\":[{\"@type\":\"ReadAction\",\"target\":[\"https:\/\/www.africa-press.net\/centrafricaine\/politique\/bambari-trois-morts-dans-une-attaque-des-positions-de-larmee-nationale-au-quartier-elevage\"]}]},{\"@type\":\"ImageObject\",\"inLanguage\":\"fr-FR\",\"@id\":\"https:\/\/www.africa-press.net\/centrafricaine\/politique\/bambari-trois-morts-dans-une-attaque-des-positions-de-larmee-nationale-au-quartier-elevage#primaryimage\",\"url\":\"https:\/\/static.africa-press.net\/centrafricaine\/sites\/45\/2021\/06\/img-60bb75e19264a.jpg\",\"contentUrl\":\"https:\/\/static.africa-press.net\/centrafricaine\/sites\/45\/2021\/06\/img-60bb75e19264a.jpg\",\"width\":720,\"height\":711,\"caption\":\"Bambari, trois morts dans une attaque des positions de l\u2019arm\u00e9e nationale au quartier \u00c9levage\"},{\"@type\":\"BreadcrumbList\",\"@id\":\"https:\/\/www.africa-press.net\/centrafricaine\/politique\/bambari-trois-morts-dans-une-attaque-des-positions-de-larmee-nationale-au-quartier-elevage#breadcrumb\",\"itemListElement\":[{\"@type\":\"ListItem\",\"position\":1,\"name\":\"Accueil\",\"item\":\"https:\/\/www.africa-press.net\/centrafricaine\/\"},{\"@type\":\"ListItem\",\"position\":2,\"name\":\"Bambari, trois morts dans une attaque des positions de l\u2019arm\u00e9e nationale au quartier \u00c9levage\"}]},{\"@type\":\"WebSite\",\"@id\":\"https:\/\/www.africa-press.net\/centrafricaine\/#website\",\"url\":\"https:\/\/www.africa-press.net\/centrafricaine\/\",\"name\":\"centrafricaine\",\"description\":\"Just another Africa News Agency Sites site\",\"potentialAction\":[{\"@type\":\"SearchAction\",\"target\":{\"@type\":\"EntryPoint\",\"urlTemplate\":\"https:\/\/www.africa-press.net\/centrafricaine\/?s={search_term_string}\"},\"query-input\":{\"@type\":\"PropertyValueSpecification\",\"valueRequired\":true,\"valueName\":\"search_term_string\"}}],\"inLanguage\":\"fr-FR\"},{\"@type\":\"Person\",\"@id\":\"https:\/\/www.africa-press.net\/centrafricaine\/#\/schema\/person\/2b1cf3cd81a31e3cd26889ca66d677f1\",\"name\":\"cfeditorfr\"}]}<\/script>\n<!-- \/ Yoast SEO Premium plugin. -->","yoast_head_json":{"title":"Bambari, trois morts dans une attaque des positions de l\u2019arm\u00e9e nationale au quartier \u00c9levage - centrafricaine","description":"Bangui, R\u00e9publique centrafricaine, samedi, 5 juin 2021, 08:19:29 ( Corbeaunews-Centrafrique ). Un soldat de l\u2019ar ...","robots":{"index":"index","follow":"follow","max-snippet":"max-snippet:-1","max-image-preview":"max-image-preview:large","max-video-preview":"max-video-preview:-1"},"canonical":"https:\/\/www.africa-press.net\/centrafricaine\/politique\/bambari-trois-morts-dans-une-attaque-des-positions-de-larmee-nationale-au-quartier-elevage","og_locale":"fr_FR","og_type":"article","og_title":"Bambari, trois morts dans une attaque des positions de l\u2019arm\u00e9e nationale au quartier \u00c9levage","og_description":"Bangui, R\u00e9publique centrafricaine, samedi, 5 juin 2021, 08:19:29 ( Corbeaunews-Centrafrique ). Un soldat de l\u2019ar ...","og_url":"https:\/\/www.africa-press.net\/centrafricaine\/politique\/bambari-trois-morts-dans-une-attaque-des-positions-de-larmee-nationale-au-quartier-elevage","og_site_name":"centrafricaine","article_published_time":"2021-06-05T13:11:43+00:00","article_modified_time":"2021-06-05T17:45:41+00:00","og_image":[{"width":720,"height":711,"url":"https:\/\/static.africa-press.net\/centrafricaine\/sites\/45\/2021\/06\/img-60bb75e19264a.jpg","type":"image\/jpeg"}],"author":"cfeditorfr","twitter_card":"summary_large_image","twitter_misc":{"\u00c9crit par":"cfeditorfr","Dur\u00e9e de lecture estim\u00e9e":"2 minutes"},"schema":{"@context":"https:\/\/schema.org","@graph":[{"@type":"Article","@id":"https:\/\/www.africa-press.net\/centrafricaine\/politique\/bambari-trois-morts-dans-une-attaque-des-positions-de-larmee-nationale-au-quartier-elevage#article","isPartOf":{"@id":"https:\/\/www.africa-press.net\/centrafricaine\/politique\/bambari-trois-morts-dans-une-attaque-des-positions-de-larmee-nationale-au-quartier-elevage"},"author":{"name":"cfeditorfr","@id":"https:\/\/www.africa-press.net\/centrafricaine\/#\/schema\/person\/2b1cf3cd81a31e3cd26889ca66d677f1"},"headline":"Bambari, trois morts dans une attaque des positions de l\u2019arm\u00e9e nationale au quartier \u00c9levage","datePublished":"2021-06-05T13:11:43+00:00","dateModified":"2021-06-05T17:45:41+00:00","mainEntityOfPage":{"@id":"https:\/\/www.africa-press.net\/centrafricaine\/politique\/bambari-trois-morts-dans-une-attaque-des-positions-de-larmee-nationale-au-quartier-elevage"},"wordCount":290,"commentCount":0,"image":{"@id":"https:\/\/www.africa-press.net\/centrafricaine\/politique\/bambari-trois-morts-dans-une-attaque-des-positions-de-larmee-nationale-au-quartier-elevage#primaryimage"},"thumbnailUrl":"https:\/\/static.africa-press.net\/centrafricaine\/sites\/45\/2021\/06\/img-60bb75e19264a.jpg","keywords":["Africa Press","Africa Press-CentrAfricaine","CentrAfricaine"],"articleSection":["homepage-french","Politique","Toutes les actualit\u00e9s"],"inLanguage":"fr-FR","potentialAction":[{"@type":"CommentAction","name":"Comment","target":["https:\/\/www.africa-press.net\/centrafricaine\/politique\/bambari-trois-morts-dans-une-attaque-des-positions-de-larmee-nationale-au-quartier-elevage#respond"]}]},{"@type":"WebPage","@id":"https:\/\/www.africa-press.net\/centrafricaine\/politique\/bambari-trois-morts-dans-une-attaque-des-positions-de-larmee-nationale-au-quartier-elevage","url":"https:\/\/www.africa-press.net\/centrafricaine\/politique\/bambari-trois-morts-dans-une-attaque-des-positions-de-larmee-nationale-au-quartier-elevage","name":"Bambari, trois morts dans une attaque des positions de l\u2019arm\u00e9e nationale au quartier \u00c9levage - centrafricaine","isPartOf":{"@id":"https:\/\/www.africa-press.net\/centrafricaine\/#website"},"primaryImageOfPage":{"@id":"https:\/\/www.africa-press.net\/centrafricaine\/politique\/bambari-trois-morts-dans-une-attaque-des-positions-de-larmee-nationale-au-quartier-elevage#primaryimage"},"image":{"@id":"https:\/\/www.africa-press.net\/centrafricaine\/politique\/bambari-trois-morts-dans-une-attaque-des-positions-de-larmee-nationale-au-quartier-elevage#primaryimage"},"thumbnailUrl":"https:\/\/static.africa-press.net\/centrafricaine\/sites\/45\/2021\/06\/img-60bb75e19264a.jpg","datePublished":"2021-06-05T13:11:43+00:00","dateModified":"2021-06-05T17:45:41+00:00","author":{"@id":"https:\/\/www.africa-press.net\/centrafricaine\/#\/schema\/person\/2b1cf3cd81a31e3cd26889ca66d677f1"},"description":"Bangui, R\u00e9publique centrafricaine, samedi, 5 juin 2021, 08:19:29 ( Corbeaunews-Centrafrique ). Un soldat de l\u2019ar ...","breadcrumb":{"@id":"https:\/\/www.africa-press.net\/centrafricaine\/politique\/bambari-trois-morts-dans-une-attaque-des-positions-de-larmee-nationale-au-quartier-elevage#breadcrumb"},"inLanguage":"fr-FR","potentialAction":[{"@type":"ReadAction","target":["https:\/\/www.africa-press.net\/centrafricaine\/politique\/bambari-trois-morts-dans-une-attaque-des-positions-de-larmee-nationale-au-quartier-elevage"]}]},{"@type":"ImageObject","inLanguage":"fr-FR","@id":"https:\/\/www.africa-press.net\/centrafricaine\/politique\/bambari-trois-morts-dans-une-attaque-des-positions-de-larmee-nationale-au-quartier-elevage#primaryimage","url":"https:\/\/static.africa-press.net\/centrafricaine\/sites\/45\/2021\/06\/img-60bb75e19264a.jpg","contentUrl":"https:\/\/static.africa-press.net\/centrafricaine\/sites\/45\/2021\/06\/img-60bb75e19264a.jpg","width":720,"height":711,"caption":"Bambari, trois morts dans une attaque des positions de l\u2019arm\u00e9e nationale au quartier \u00c9levage"},{"@type":"BreadcrumbList","@id":"https:\/\/www.africa-press.net\/centrafricaine\/politique\/bambari-trois-morts-dans-une-attaque-des-positions-de-larmee-nationale-au-quartier-elevage#breadcrumb","itemListElement":[{"@type":"ListItem","position":1,"name":"Accueil","item":"https:\/\/www.africa-press.net\/centrafricaine\/"},{"@type":"ListItem","position":2,"name":"Bambari, trois morts dans une attaque des positions de l\u2019arm\u00e9e nationale au quartier \u00c9levage"}]},{"@type":"WebSite","@id":"https:\/\/www.africa-press.net\/centrafricaine\/#website","url":"https:\/\/www.africa-press.net\/centrafricaine\/","name":"centrafricaine","description":"Just another Africa News Agency Sites site","potentialAction":[{"@type":"SearchAction","target":{"@type":"EntryPoint","urlTemplate":"https:\/\/www.africa-press.net\/centrafricaine\/?s={search_term_string}"},"query-input":{"@type":"PropertyValueSpecification","valueRequired":true,"valueName":"search_term_string"}}],"inLanguage":"fr-FR"},{"@type":"Person","@id":"https:\/\/www.africa-press.net\/centrafricaine\/#\/schema\/person\/2b1cf3cd81a31e3cd26889ca66d677f1","name":"cfeditorfr"}]}},"_links":{"self":[{"href":"https:\/\/www.africa-press.net\/centrafricaine\/wp-json\/wp\/v2\/posts\/7701","targetHints":{"allow":["GET"]}}],"collection":[{"href":"https:\/\/www.africa-press.net\/centrafricaine\/wp-json\/wp\/v2\/posts"}],"about":[{"href":"https:\/\/www.africa-press.net\/centrafricaine\/wp-json\/wp\/v2\/types\/post"}],"author":[{"embeddable":true,"href":"https:\/\/www.africa-press.net\/centrafricaine\/wp-json\/wp\/v2\/users\/82"}],"replies":[{"embeddable":true,"href":"https:\/\/www.africa-press.net\/centrafricaine\/wp-json\/wp\/v2\/comments?post=7701"}],"version-history":[{"count":0,"href":"https:\/\/www.africa-press.net\/centrafricaine\/wp-json\/wp\/v2\/posts\/7701\/revisions"}],"wp:featuredmedia":[{"embeddable":true,"href":"https:\/\/www.africa-press.net\/centrafricaine\/wp-json\/wp\/v2\/media\/7700"}],"wp:attachment":[{"href":"https:\/\/www.africa-press.net\/centrafricaine\/wp-json\/wp\/v2\/media?parent=7701"}],"wp:term":[{"taxonomy":"category","embeddable":true,"href":"https:\/\/www.africa-press.net\/centrafricaine\/wp-json\/wp\/v2\/categories?post=7701"},{"taxonomy":"post_tag","embeddable":true,"href":"https:\/\/www.africa-press.net\/centrafricaine\/wp-json\/wp\/v2\/tags?post=7701"}],"curies":[{"name":"wp","href":"https:\/\/api.w.org\/{rel}","templated":true}]}}