{"id":7719,"date":"2021-06-05T13:56:11","date_gmt":"2021-06-05T13:56:11","guid":{"rendered":"https:\/\/www.africa-press.net\/centrafricaine\/?p=7719"},"modified":"2021-06-05T17:47:12","modified_gmt":"2021-06-05T17:47:12","slug":"les-pays-dafrique-centrale-denoncent-le-mercenariat-dans-la-region","status":"publish","type":"post","link":"https:\/\/www.africa-press.net\/centrafricaine\/politique\/les-pays-dafrique-centrale-denoncent-le-mercenariat-dans-la-region","title":{"rendered":"Les pays d\u2019Afrique centrale d\u00e9noncent le mercenariat dans la r\u00e9gion"},"content":{"rendered":"<p><span style=\"color: #ff6600\"><strong><a href=\"https:\/\/www.africa-press.net\/\">Africa-Press<\/a> &#8211; <a href=\"https:\/\/www.africa-press.net\/centrafricaine\">CentrAfricaine<\/a>.\u00a0 <\/strong><\/span>Au Congo-Brazzaville, les chefs d\u2019\u00c9tat de la Communaut\u00e9 \u00e9conomique des \u00c9tats de l\u2019Afrique centrale (CEEAC), r\u00e9unis sur la situation s\u00e9curitaire au Tchad, ont d\u00e9nonc\u00e9 le mercenariat qui pourrait d\u00e9stabiliser les autres pays de la r\u00e9gion.<\/p>\n<p>Concernant l\u2019incident intervenu entre le Tchad et la Centrafrique, les chefs d\u2019\u00c9tat ont annonc\u00e9 que tout est rentr\u00e9 dans l\u2019ordre, les autorit\u00e9s des deux pays ayant pr\u00e9f\u00e9r\u00e9 dialoguer.<\/p>\n<p>Dans le communiqu\u00e9 qui a conclu le sommet, les chefs d\u2019Etat n\u2019ont pas \u00e9voqu\u00e9 la situation s\u00e9curitaire entre le Tchad et la R\u00e9publique centrafricaine.<\/p>\n<p>C\u2019est plut\u00f4t \u00e0 la cl\u00f4ture des travaux que Denis Sassou N\u2019Guesso, h\u00f4te du sommet, a expliqu\u00e9 que les deux pays s\u2019\u00e9taient accord\u00e9s \u00e0 r\u00e9soudre cet incident dans la paix.<\/p>\n<p><b>\u201cJe voudrais profiter de cet instant pour saluer les autorit\u00e9s tchadiennes et centrafricaines qui ont choisi la voie du dialogue et de la paix, conform\u00e9ment d\u2019ailleurs aux textes pertinents qui r\u00e9gissent notre communaut\u00e9 pour r\u00e9soudre l\u2019incident grave qui s\u2019est produit \u00e0 la fronti\u00e8re entre les deux pays\u201d,<\/b><\/p>\n<p>a d\u00e9clar\u00e9 Sassou N\u2019Guesso.<\/p>\n<p>Concernant la situation s\u00e9curitaire au Tchad qui a constitu\u00e9 l\u2019essentiel de la r\u00e9union, les chefs d\u2019Etat ont d\u00e9nonc\u00e9 \u201cl\u2019activit\u00e9 du mercenariat\u201d qui pourrait d\u00e9stabiliser non pas seulement le Tchad mais aussi d\u2019autres pays de la sous-r\u00e9gion.<\/p>\n<p>Ils ont appel\u00e9 les partenaires techniques et financiers \u00e0 soutenir la transition au Tchad. Les pays de la CEEAC ont pris acte de tous les changements intervenus au Tchad depuis la mort du mar\u00e9chal Idriss D\u00e9by Ithno.<\/p>\n<p><b>\u00a0<\/b><\/p>\n","protected":false},"excerpt":{"rendered":"<p>Africa-Press &#8211; CentrAfricaine.\u00a0 Au Congo-Brazzaville, les chefs d\u2019\u00c9tat de la Communaut\u00e9 \u00e9conomique des \u00c9tats de l\u2019Afrique centrale (CEEAC), r\u00e9unis sur la situation s\u00e9curitaire au Tchad, ont d\u00e9nonc\u00e9 le mercenariat qui pourrait d\u00e9stabiliser les autres pays de la r\u00e9gion. Concernant l\u2019incident intervenu entre le Tchad et la Centrafrique, les chefs d\u2019\u00c9tat ont annonc\u00e9 que tout est [&hellip;]<\/p>\n","protected":false},"author":82,"featured_media":7718,"comment_status":"open","ping_status":"closed","sticky":false,"template":"","format":"standard","meta":{"footnotes":""},"categories":[11,2,10],"tags":[36,58,30],"class_list":["post-7719","post","type-post","status-publish","format-standard","has-post-thumbnail","hentry","category-homepage-french","category-politique","category-toutes-les-actualites","tag-africa-press","tag-africa-press-centrafricaine","tag-centrafricaine"],"yoast_head":"<!-- This site is optimized with the Yoast SEO Premium plugin v26.1 (Yoast SEO v27.0) - https:\/\/yoast.com\/product\/yoast-seo-premium-wordpress\/ -->\n<title>Les pays d\u2019Afrique centrale d\u00e9noncent le mercenariat dans la r\u00e9gion - centrafricaine<\/title>\n<meta name=\"description\" content=\"Bangui, R\u00e9publique centrafricaine, samedi, 5 juin 2021, 03:30:39 ( Corbeaunews-Centrafrique ). Au Congo-Brazzavi ...\" \/>\n<meta name=\"robots\" content=\"index, follow, max-snippet:-1, max-image-preview:large, max-video-preview:-1\" \/>\n<link rel=\"canonical\" href=\"https:\/\/www.africa-press.net\/centrafricaine\/politique\/les-pays-dafrique-centrale-denoncent-le-mercenariat-dans-la-region\" \/>\n<meta property=\"og:locale\" content=\"fr_FR\" \/>\n<meta property=\"og:type\" content=\"article\" \/>\n<meta property=\"og:title\" content=\"Les pays d\u2019Afrique centrale d\u00e9noncent le mercenariat dans la r\u00e9gion\" \/>\n<meta property=\"og:description\" content=\"Bangui, R\u00e9publique centrafricaine, samedi, 5 juin 2021, 03:30:39 ( Corbeaunews-Centrafrique ). Au Congo-Brazzavi ...\" \/>\n<meta property=\"og:url\" content=\"https:\/\/www.africa-press.net\/centrafricaine\/politique\/les-pays-dafrique-centrale-denoncent-le-mercenariat-dans-la-region\" \/>\n<meta property=\"og:site_name\" content=\"centrafricaine\" \/>\n<meta property=\"article:published_time\" content=\"2021-06-05T13:56:11+00:00\" \/>\n<meta property=\"article:modified_time\" content=\"2021-06-05T17:47:12+00:00\" \/>\n<meta property=\"og:image\" content=\"https:\/\/static.africa-press.net\/centrafricaine\/sites\/45\/2021\/06\/img-60bb76b69ce92.jpg\" \/>\n\t<meta property=\"og:image:width\" content=\"750\" \/>\n\t<meta property=\"og:image:height\" content=\"579\" \/>\n\t<meta property=\"og:image:type\" content=\"image\/jpeg\" \/>\n<meta name=\"author\" content=\"cfeditorfr\" \/>\n<meta name=\"twitter:card\" content=\"summary_large_image\" \/>\n<meta name=\"twitter:label1\" content=\"\u00c9crit par\" \/>\n\t<meta name=\"twitter:data1\" content=\"cfeditorfr\" \/>\n\t<meta name=\"twitter:label2\" content=\"Dur\u00e9e de lecture estim\u00e9e\" \/>\n\t<meta name=\"twitter:data2\" content=\"2 minutes\" \/>\n<script type=\"application\/ld+json\" class=\"yoast-schema-graph\">{\"@context\":\"https:\/\/schema.org\",\"@graph\":[{\"@type\":\"Article\",\"@id\":\"https:\/\/www.africa-press.net\/centrafricaine\/politique\/les-pays-dafrique-centrale-denoncent-le-mercenariat-dans-la-region#article\",\"isPartOf\":{\"@id\":\"https:\/\/www.africa-press.net\/centrafricaine\/politique\/les-pays-dafrique-centrale-denoncent-le-mercenariat-dans-la-region\"},\"author\":{\"name\":\"cfeditorfr\",\"@id\":\"https:\/\/www.africa-press.net\/centrafricaine\/#\/schema\/person\/2b1cf3cd81a31e3cd26889ca66d677f1\"},\"headline\":\"Les pays d\u2019Afrique centrale d\u00e9noncent le mercenariat dans la r\u00e9gion\",\"datePublished\":\"2021-06-05T13:56:11+00:00\",\"dateModified\":\"2021-06-05T17:47:12+00:00\",\"mainEntityOfPage\":{\"@id\":\"https:\/\/www.africa-press.net\/centrafricaine\/politique\/les-pays-dafrique-centrale-denoncent-le-mercenariat-dans-la-region\"},\"wordCount\":298,\"commentCount\":0,\"image\":{\"@id\":\"https:\/\/www.africa-press.net\/centrafricaine\/politique\/les-pays-dafrique-centrale-denoncent-le-mercenariat-dans-la-region#primaryimage\"},\"thumbnailUrl\":\"https:\/\/static.africa-press.net\/centrafricaine\/sites\/45\/2021\/06\/img-60bb76b69ce92.jpg\",\"keywords\":[\"Africa Press\",\"Africa Press-CentrAfricaine\",\"CentrAfricaine\"],\"articleSection\":[\"homepage-french\",\"Politique\",\"Toutes les actualit\u00e9s\"],\"inLanguage\":\"fr-FR\",\"potentialAction\":[{\"@type\":\"CommentAction\",\"name\":\"Comment\",\"target\":[\"https:\/\/www.africa-press.net\/centrafricaine\/politique\/les-pays-dafrique-centrale-denoncent-le-mercenariat-dans-la-region#respond\"]}]},{\"@type\":\"WebPage\",\"@id\":\"https:\/\/www.africa-press.net\/centrafricaine\/politique\/les-pays-dafrique-centrale-denoncent-le-mercenariat-dans-la-region\",\"url\":\"https:\/\/www.africa-press.net\/centrafricaine\/politique\/les-pays-dafrique-centrale-denoncent-le-mercenariat-dans-la-region\",\"name\":\"Les pays d\u2019Afrique centrale d\u00e9noncent le mercenariat dans la r\u00e9gion - centrafricaine\",\"isPartOf\":{\"@id\":\"https:\/\/www.africa-press.net\/centrafricaine\/#website\"},\"primaryImageOfPage\":{\"@id\":\"https:\/\/www.africa-press.net\/centrafricaine\/politique\/les-pays-dafrique-centrale-denoncent-le-mercenariat-dans-la-region#primaryimage\"},\"image\":{\"@id\":\"https:\/\/www.africa-press.net\/centrafricaine\/politique\/les-pays-dafrique-centrale-denoncent-le-mercenariat-dans-la-region#primaryimage\"},\"thumbnailUrl\":\"https:\/\/static.africa-press.net\/centrafricaine\/sites\/45\/2021\/06\/img-60bb76b69ce92.jpg\",\"datePublished\":\"2021-06-05T13:56:11+00:00\",\"dateModified\":\"2021-06-05T17:47:12+00:00\",\"author\":{\"@id\":\"https:\/\/www.africa-press.net\/centrafricaine\/#\/schema\/person\/2b1cf3cd81a31e3cd26889ca66d677f1\"},\"description\":\"Bangui, R\u00e9publique centrafricaine, samedi, 5 juin 2021, 03:30:39 ( Corbeaunews-Centrafrique ). Au Congo-Brazzavi ...\",\"breadcrumb\":{\"@id\":\"https:\/\/www.africa-press.net\/centrafricaine\/politique\/les-pays-dafrique-centrale-denoncent-le-mercenariat-dans-la-region#breadcrumb\"},\"inLanguage\":\"fr-FR\",\"potentialAction\":[{\"@type\":\"ReadAction\",\"target\":[\"https:\/\/www.africa-press.net\/centrafricaine\/politique\/les-pays-dafrique-centrale-denoncent-le-mercenariat-dans-la-region\"]}]},{\"@type\":\"ImageObject\",\"inLanguage\":\"fr-FR\",\"@id\":\"https:\/\/www.africa-press.net\/centrafricaine\/politique\/les-pays-dafrique-centrale-denoncent-le-mercenariat-dans-la-region#primaryimage\",\"url\":\"https:\/\/static.africa-press.net\/centrafricaine\/sites\/45\/2021\/06\/img-60bb76b69ce92.jpg\",\"contentUrl\":\"https:\/\/static.africa-press.net\/centrafricaine\/sites\/45\/2021\/06\/img-60bb76b69ce92.jpg\",\"width\":750,\"height\":579,\"caption\":\"Les pays d\u2019Afrique centrale d\u00e9noncent le mercenariat dans la r\u00e9gion\"},{\"@type\":\"BreadcrumbList\",\"@id\":\"https:\/\/www.africa-press.net\/centrafricaine\/politique\/les-pays-dafrique-centrale-denoncent-le-mercenariat-dans-la-region#breadcrumb\",\"itemListElement\":[{\"@type\":\"ListItem\",\"position\":1,\"name\":\"Accueil\",\"item\":\"https:\/\/www.africa-press.net\/centrafricaine\/\"},{\"@type\":\"ListItem\",\"position\":2,\"name\":\"Les pays d\u2019Afrique centrale d\u00e9noncent le mercenariat dans la r\u00e9gion\"}]},{\"@type\":\"WebSite\",\"@id\":\"https:\/\/www.africa-press.net\/centrafricaine\/#website\",\"url\":\"https:\/\/www.africa-press.net\/centrafricaine\/\",\"name\":\"centrafricaine\",\"description\":\"Just another Africa News Agency Sites site\",\"potentialAction\":[{\"@type\":\"SearchAction\",\"target\":{\"@type\":\"EntryPoint\",\"urlTemplate\":\"https:\/\/www.africa-press.net\/centrafricaine\/?s={search_term_string}\"},\"query-input\":{\"@type\":\"PropertyValueSpecification\",\"valueRequired\":true,\"valueName\":\"search_term_string\"}}],\"inLanguage\":\"fr-FR\"},{\"@type\":\"Person\",\"@id\":\"https:\/\/www.africa-press.net\/centrafricaine\/#\/schema\/person\/2b1cf3cd81a31e3cd26889ca66d677f1\",\"name\":\"cfeditorfr\"}]}<\/script>\n<!-- \/ Yoast SEO Premium plugin. -->","yoast_head_json":{"title":"Les pays d\u2019Afrique centrale d\u00e9noncent le mercenariat dans la r\u00e9gion - centrafricaine","description":"Bangui, R\u00e9publique centrafricaine, samedi, 5 juin 2021, 03:30:39 ( Corbeaunews-Centrafrique ). Au Congo-Brazzavi ...","robots":{"index":"index","follow":"follow","max-snippet":"max-snippet:-1","max-image-preview":"max-image-preview:large","max-video-preview":"max-video-preview:-1"},"canonical":"https:\/\/www.africa-press.net\/centrafricaine\/politique\/les-pays-dafrique-centrale-denoncent-le-mercenariat-dans-la-region","og_locale":"fr_FR","og_type":"article","og_title":"Les pays d\u2019Afrique centrale d\u00e9noncent le mercenariat dans la r\u00e9gion","og_description":"Bangui, R\u00e9publique centrafricaine, samedi, 5 juin 2021, 03:30:39 ( Corbeaunews-Centrafrique ). Au Congo-Brazzavi ...","og_url":"https:\/\/www.africa-press.net\/centrafricaine\/politique\/les-pays-dafrique-centrale-denoncent-le-mercenariat-dans-la-region","og_site_name":"centrafricaine","article_published_time":"2021-06-05T13:56:11+00:00","article_modified_time":"2021-06-05T17:47:12+00:00","og_image":[{"width":750,"height":579,"url":"https:\/\/static.africa-press.net\/centrafricaine\/sites\/45\/2021\/06\/img-60bb76b69ce92.jpg","type":"image\/jpeg"}],"author":"cfeditorfr","twitter_card":"summary_large_image","twitter_misc":{"\u00c9crit par":"cfeditorfr","Dur\u00e9e de lecture estim\u00e9e":"2 minutes"},"schema":{"@context":"https:\/\/schema.org","@graph":[{"@type":"Article","@id":"https:\/\/www.africa-press.net\/centrafricaine\/politique\/les-pays-dafrique-centrale-denoncent-le-mercenariat-dans-la-region#article","isPartOf":{"@id":"https:\/\/www.africa-press.net\/centrafricaine\/politique\/les-pays-dafrique-centrale-denoncent-le-mercenariat-dans-la-region"},"author":{"name":"cfeditorfr","@id":"https:\/\/www.africa-press.net\/centrafricaine\/#\/schema\/person\/2b1cf3cd81a31e3cd26889ca66d677f1"},"headline":"Les pays d\u2019Afrique centrale d\u00e9noncent le mercenariat dans la r\u00e9gion","datePublished":"2021-06-05T13:56:11+00:00","dateModified":"2021-06-05T17:47:12+00:00","mainEntityOfPage":{"@id":"https:\/\/www.africa-press.net\/centrafricaine\/politique\/les-pays-dafrique-centrale-denoncent-le-mercenariat-dans-la-region"},"wordCount":298,"commentCount":0,"image":{"@id":"https:\/\/www.africa-press.net\/centrafricaine\/politique\/les-pays-dafrique-centrale-denoncent-le-mercenariat-dans-la-region#primaryimage"},"thumbnailUrl":"https:\/\/static.africa-press.net\/centrafricaine\/sites\/45\/2021\/06\/img-60bb76b69ce92.jpg","keywords":["Africa Press","Africa Press-CentrAfricaine","CentrAfricaine"],"articleSection":["homepage-french","Politique","Toutes les actualit\u00e9s"],"inLanguage":"fr-FR","potentialAction":[{"@type":"CommentAction","name":"Comment","target":["https:\/\/www.africa-press.net\/centrafricaine\/politique\/les-pays-dafrique-centrale-denoncent-le-mercenariat-dans-la-region#respond"]}]},{"@type":"WebPage","@id":"https:\/\/www.africa-press.net\/centrafricaine\/politique\/les-pays-dafrique-centrale-denoncent-le-mercenariat-dans-la-region","url":"https:\/\/www.africa-press.net\/centrafricaine\/politique\/les-pays-dafrique-centrale-denoncent-le-mercenariat-dans-la-region","name":"Les pays d\u2019Afrique centrale d\u00e9noncent le mercenariat dans la r\u00e9gion - centrafricaine","isPartOf":{"@id":"https:\/\/www.africa-press.net\/centrafricaine\/#website"},"primaryImageOfPage":{"@id":"https:\/\/www.africa-press.net\/centrafricaine\/politique\/les-pays-dafrique-centrale-denoncent-le-mercenariat-dans-la-region#primaryimage"},"image":{"@id":"https:\/\/www.africa-press.net\/centrafricaine\/politique\/les-pays-dafrique-centrale-denoncent-le-mercenariat-dans-la-region#primaryimage"},"thumbnailUrl":"https:\/\/static.africa-press.net\/centrafricaine\/sites\/45\/2021\/06\/img-60bb76b69ce92.jpg","datePublished":"2021-06-05T13:56:11+00:00","dateModified":"2021-06-05T17:47:12+00:00","author":{"@id":"https:\/\/www.africa-press.net\/centrafricaine\/#\/schema\/person\/2b1cf3cd81a31e3cd26889ca66d677f1"},"description":"Bangui, R\u00e9publique centrafricaine, samedi, 5 juin 2021, 03:30:39 ( Corbeaunews-Centrafrique ). Au Congo-Brazzavi ...","breadcrumb":{"@id":"https:\/\/www.africa-press.net\/centrafricaine\/politique\/les-pays-dafrique-centrale-denoncent-le-mercenariat-dans-la-region#breadcrumb"},"inLanguage":"fr-FR","potentialAction":[{"@type":"ReadAction","target":["https:\/\/www.africa-press.net\/centrafricaine\/politique\/les-pays-dafrique-centrale-denoncent-le-mercenariat-dans-la-region"]}]},{"@type":"ImageObject","inLanguage":"fr-FR","@id":"https:\/\/www.africa-press.net\/centrafricaine\/politique\/les-pays-dafrique-centrale-denoncent-le-mercenariat-dans-la-region#primaryimage","url":"https:\/\/static.africa-press.net\/centrafricaine\/sites\/45\/2021\/06\/img-60bb76b69ce92.jpg","contentUrl":"https:\/\/static.africa-press.net\/centrafricaine\/sites\/45\/2021\/06\/img-60bb76b69ce92.jpg","width":750,"height":579,"caption":"Les pays d\u2019Afrique centrale d\u00e9noncent le mercenariat dans la r\u00e9gion"},{"@type":"BreadcrumbList","@id":"https:\/\/www.africa-press.net\/centrafricaine\/politique\/les-pays-dafrique-centrale-denoncent-le-mercenariat-dans-la-region#breadcrumb","itemListElement":[{"@type":"ListItem","position":1,"name":"Accueil","item":"https:\/\/www.africa-press.net\/centrafricaine\/"},{"@type":"ListItem","position":2,"name":"Les pays d\u2019Afrique centrale d\u00e9noncent le mercenariat dans la r\u00e9gion"}]},{"@type":"WebSite","@id":"https:\/\/www.africa-press.net\/centrafricaine\/#website","url":"https:\/\/www.africa-press.net\/centrafricaine\/","name":"centrafricaine","description":"Just another Africa News Agency Sites site","potentialAction":[{"@type":"SearchAction","target":{"@type":"EntryPoint","urlTemplate":"https:\/\/www.africa-press.net\/centrafricaine\/?s={search_term_string}"},"query-input":{"@type":"PropertyValueSpecification","valueRequired":true,"valueName":"search_term_string"}}],"inLanguage":"fr-FR"},{"@type":"Person","@id":"https:\/\/www.africa-press.net\/centrafricaine\/#\/schema\/person\/2b1cf3cd81a31e3cd26889ca66d677f1","name":"cfeditorfr"}]}},"_links":{"self":[{"href":"https:\/\/www.africa-press.net\/centrafricaine\/wp-json\/wp\/v2\/posts\/7719","targetHints":{"allow":["GET"]}}],"collection":[{"href":"https:\/\/www.africa-press.net\/centrafricaine\/wp-json\/wp\/v2\/posts"}],"about":[{"href":"https:\/\/www.africa-press.net\/centrafricaine\/wp-json\/wp\/v2\/types\/post"}],"author":[{"embeddable":true,"href":"https:\/\/www.africa-press.net\/centrafricaine\/wp-json\/wp\/v2\/users\/82"}],"replies":[{"embeddable":true,"href":"https:\/\/www.africa-press.net\/centrafricaine\/wp-json\/wp\/v2\/comments?post=7719"}],"version-history":[{"count":0,"href":"https:\/\/www.africa-press.net\/centrafricaine\/wp-json\/wp\/v2\/posts\/7719\/revisions"}],"wp:featuredmedia":[{"embeddable":true,"href":"https:\/\/www.africa-press.net\/centrafricaine\/wp-json\/wp\/v2\/media\/7718"}],"wp:attachment":[{"href":"https:\/\/www.africa-press.net\/centrafricaine\/wp-json\/wp\/v2\/media?parent=7719"}],"wp:term":[{"taxonomy":"category","embeddable":true,"href":"https:\/\/www.africa-press.net\/centrafricaine\/wp-json\/wp\/v2\/categories?post=7719"},{"taxonomy":"post_tag","embeddable":true,"href":"https:\/\/www.africa-press.net\/centrafricaine\/wp-json\/wp\/v2\/tags?post=7719"}],"curies":[{"name":"wp","href":"https:\/\/api.w.org\/{rel}","templated":true}]}}