{"id":77808,"date":"2025-10-25T16:40:22","date_gmt":"2025-10-25T16:40:22","guid":{"rendered":"https:\/\/www.africa-press.net\/centrafricaine\/politique\/construction-dun-nouveau-bloc-a-la-faseg-de-bangui"},"modified":"2025-10-25T16:55:52","modified_gmt":"2025-10-25T16:55:52","slug":"construction-dun-nouveau-bloc-a-la-faseg-de-bangui","status":"publish","type":"post","link":"https:\/\/www.africa-press.net\/centrafricaine\/politique\/construction-dun-nouveau-bloc-a-la-faseg-de-bangui","title":{"rendered":"Construction d&rsquo;un nouveau bloc \u00e0 la FASEG de Bangui"},"content":{"rendered":"<p><span style=\"color: #ff6600\"><strong>Africa-Press &#8211; CentrAfricaine. <\/strong><\/span>Le Pre\u0301sident de la Re\u0301publique, Professeur Faustin-Archange Touade\u0301ra, a proce\u0301de\u0301, le mercredi 22 octobre 2025, a\u0300 la pose de la premie\u0300re pierre <b>d\u2019un<\/b> bloc pe\u0301dagogique <b>destine\u0301 a\u0300 la Faculte\u0301 des Sciences E\u0301conomiques et de Gestion (FASEG)<\/b> de l\u2019Universite\u0301 de Bangui.<\/p>\n<p>Ce futur ba\u0302timent, d\u2019une hauteur de R+2 et d\u2019un cou\u0302t total estime\u0301 a\u0300 456 millions de francs CFA, comprendra des salles de cours, des espaces de confe\u0301rence ainsi que des bureaux administratifs.<\/p>\n<p>Sa construction s\u2019inscrit dans le cadre du Programme d\u2019Appui a\u0300 la Reconstruction des Communaute\u0301s de Base \u2013 Phase II (PARCB-2), fruit de la coope\u0301ration entre la Re\u0301publique Centrafricaine et le Groupe de la Banque Africaine de De\u0301veloppement (BAD).<\/p>\n<p>Pre\u0301vue pour durer huit mois, cette initiative te\u0301moigne de la volonte\u0301 constante du Chef de l\u2019E\u0301tat de renforcer les infrastructures universitaires et d\u2019ame\u0301liorer les conditions d\u2019apprentissage et de vie au sein du campus de Bangui.<\/p>\n<p>La ce\u0301re\u0301monie s\u2019est de\u0301roule\u0301e en pre\u0301sence du Pre\u0301sident de l\u2019Assemble\u0301e nationale, Simplice Mathieu Sarandji, du Premier ministre Fe\u0301lix Moloua, des autorite\u0301s universitaires, ainsi que de nombreux e\u0301tudiants, venus saluer ce geste fort en faveur de l\u2019enseignement supe\u0301rieur centrafricain.<\/p>\n<p><b>Source: Ndjoni Sango<\/b><\/p>\n<p><strong>Pour plus d&rsquo;informations et d&rsquo;analyses sur la <span style=\"color: #ff6600\">CentrAfricaine<\/span>, suivez <span style=\"color: #ff6600\">Africa-Press<\/span><\/strong><\/p>\n","protected":false},"excerpt":{"rendered":"<p>Africa-Press &#8211; CentrAfricaine. Le Pre\u0301sident de la Re\u0301publique, Professeur Faustin-Archange Touade\u0301ra, a proce\u0301de\u0301, le mercredi 22 octobre 2025, a\u0300 la pose de la premie\u0300re pierre d\u2019un bloc pe\u0301dagogique destine\u0301 a\u0300 la Faculte\u0301 des Sciences E\u0301conomiques et de Gestion (FASEG) de l\u2019Universite\u0301 de Bangui. Ce futur ba\u0302timent, d\u2019une hauteur de R+2 et d\u2019un cou\u0302t total estime\u0301 [&hellip;]<\/p>\n","protected":false},"author":82,"featured_media":77807,"comment_status":"open","ping_status":"closed","sticky":false,"template":"","format":"standard","meta":{"footnotes":""},"categories":[2,10],"tags":[6123,30,41,2421,6125,6124],"class_list":["post-77808","post","type-post","status-publish","format-standard","has-post-thumbnail","hentry","category-politique","category-toutes-les-actualites","tag-bloc-universitaire","tag-centrafricaine","tag-centrafrique","tag-construction","tag-faseg","tag-pose-de-pierre"],"yoast_head":"<!-- This site is optimized with the Yoast SEO Premium plugin v26.1 (Yoast SEO v27.0) - https:\/\/yoast.com\/product\/yoast-seo-premium-wordpress\/ -->\n<title>Construction d&#039;un nouveau bloc \u00e0 la FASEG de Bangui - centrafricaine<\/title>\n<meta name=\"description\" content=\"Le Pre\u0301sident de la Re\u0301publique, Professeur Faustin-Archange Touade\u0301ra, a proce\u0301de\u0301, le mercredi 22 octobre 2025, a\u0300 la ...\" \/>\n<meta name=\"robots\" content=\"index, follow, max-snippet:-1, max-image-preview:large, max-video-preview:-1\" \/>\n<link rel=\"canonical\" href=\"https:\/\/www.africa-press.net\/centrafricaine\/politique\/construction-dun-nouveau-bloc-a-la-faseg-de-bangui\" \/>\n<meta property=\"og:locale\" content=\"fr_FR\" \/>\n<meta property=\"og:type\" content=\"article\" \/>\n<meta property=\"og:title\" content=\"Construction d&#039;un nouveau bloc \u00e0 la FASEG de Bangui\" \/>\n<meta property=\"og:description\" content=\"Le Pre\u0301sident de la Re\u0301publique, Professeur Faustin-Archange Touade\u0301ra, a proce\u0301de\u0301, le mercredi 22 octobre 2025, a\u0300 la ...\" \/>\n<meta property=\"og:url\" content=\"https:\/\/www.africa-press.net\/centrafricaine\/politique\/construction-dun-nouveau-bloc-a-la-faseg-de-bangui\" \/>\n<meta property=\"og:site_name\" content=\"centrafricaine\" \/>\n<meta property=\"article:published_time\" content=\"2025-10-25T16:40:22+00:00\" \/>\n<meta property=\"article:modified_time\" content=\"2025-10-25T16:55:52+00:00\" \/>\n<meta property=\"og:image\" content=\"https:\/\/static.africa-press.net\/centrafricaine\/sites\/45\/2025\/10\/sm_1761398597.546977.jpg\" \/>\n\t<meta property=\"og:image:width\" content=\"908\" \/>\n\t<meta property=\"og:image:height\" content=\"606\" \/>\n\t<meta property=\"og:image:type\" content=\"image\/jpeg\" \/>\n<meta name=\"author\" content=\"cfeditorfr\" \/>\n<meta name=\"twitter:card\" content=\"summary_large_image\" \/>\n<meta name=\"twitter:label1\" content=\"\u00c9crit par\" \/>\n\t<meta name=\"twitter:data1\" content=\"cfeditorfr\" \/>\n\t<meta name=\"twitter:label2\" content=\"Dur\u00e9e de lecture estim\u00e9e\" \/>\n\t<meta name=\"twitter:data2\" content=\"2 minutes\" \/>\n<script type=\"application\/ld+json\" class=\"yoast-schema-graph\">{\"@context\":\"https:\/\/schema.org\",\"@graph\":[{\"@type\":\"Article\",\"@id\":\"https:\/\/www.africa-press.net\/centrafricaine\/politique\/construction-dun-nouveau-bloc-a-la-faseg-de-bangui#article\",\"isPartOf\":{\"@id\":\"https:\/\/www.africa-press.net\/centrafricaine\/politique\/construction-dun-nouveau-bloc-a-la-faseg-de-bangui\"},\"author\":{\"name\":\"cfeditorfr\",\"@id\":\"https:\/\/www.africa-press.net\/centrafricaine\/#\/schema\/person\/2b1cf3cd81a31e3cd26889ca66d677f1\"},\"headline\":\"Construction d&rsquo;un nouveau bloc \u00e0 la FASEG de Bangui\",\"datePublished\":\"2025-10-25T16:40:22+00:00\",\"dateModified\":\"2025-10-25T16:55:52+00:00\",\"mainEntityOfPage\":{\"@id\":\"https:\/\/www.africa-press.net\/centrafricaine\/politique\/construction-dun-nouveau-bloc-a-la-faseg-de-bangui\"},\"wordCount\":247,\"commentCount\":0,\"image\":{\"@id\":\"https:\/\/www.africa-press.net\/centrafricaine\/politique\/construction-dun-nouveau-bloc-a-la-faseg-de-bangui#primaryimage\"},\"thumbnailUrl\":\"https:\/\/static.africa-press.net\/centrafricaine\/sites\/45\/2025\/10\/sm_1761398597.546977.jpg\",\"keywords\":[\"bloc universitaire\",\"CentrAfricaine\",\"Centrafrique\",\"construction\",\"FASEG\",\"pose de pierre\"],\"articleSection\":[\"Politique\",\"Toutes les actualit\u00e9s\"],\"inLanguage\":\"fr-FR\",\"potentialAction\":[{\"@type\":\"CommentAction\",\"name\":\"Comment\",\"target\":[\"https:\/\/www.africa-press.net\/centrafricaine\/politique\/construction-dun-nouveau-bloc-a-la-faseg-de-bangui#respond\"]}]},{\"@type\":\"WebPage\",\"@id\":\"https:\/\/www.africa-press.net\/centrafricaine\/politique\/construction-dun-nouveau-bloc-a-la-faseg-de-bangui\",\"url\":\"https:\/\/www.africa-press.net\/centrafricaine\/politique\/construction-dun-nouveau-bloc-a-la-faseg-de-bangui\",\"name\":\"Construction d'un nouveau bloc \u00e0 la FASEG de Bangui - centrafricaine\",\"isPartOf\":{\"@id\":\"https:\/\/www.africa-press.net\/centrafricaine\/#website\"},\"primaryImageOfPage\":{\"@id\":\"https:\/\/www.africa-press.net\/centrafricaine\/politique\/construction-dun-nouveau-bloc-a-la-faseg-de-bangui#primaryimage\"},\"image\":{\"@id\":\"https:\/\/www.africa-press.net\/centrafricaine\/politique\/construction-dun-nouveau-bloc-a-la-faseg-de-bangui#primaryimage\"},\"thumbnailUrl\":\"https:\/\/static.africa-press.net\/centrafricaine\/sites\/45\/2025\/10\/sm_1761398597.546977.jpg\",\"datePublished\":\"2025-10-25T16:40:22+00:00\",\"dateModified\":\"2025-10-25T16:55:52+00:00\",\"author\":{\"@id\":\"https:\/\/www.africa-press.net\/centrafricaine\/#\/schema\/person\/2b1cf3cd81a31e3cd26889ca66d677f1\"},\"description\":\"Le Pre\u0301sident de la Re\u0301publique, Professeur Faustin-Archange Touade\u0301ra, a proce\u0301de\u0301, le mercredi 22 octobre 2025, a\u0300 la ...\",\"breadcrumb\":{\"@id\":\"https:\/\/www.africa-press.net\/centrafricaine\/politique\/construction-dun-nouveau-bloc-a-la-faseg-de-bangui#breadcrumb\"},\"inLanguage\":\"fr-FR\",\"potentialAction\":[{\"@type\":\"ReadAction\",\"target\":[\"https:\/\/www.africa-press.net\/centrafricaine\/politique\/construction-dun-nouveau-bloc-a-la-faseg-de-bangui\"]}]},{\"@type\":\"ImageObject\",\"inLanguage\":\"fr-FR\",\"@id\":\"https:\/\/www.africa-press.net\/centrafricaine\/politique\/construction-dun-nouveau-bloc-a-la-faseg-de-bangui#primaryimage\",\"url\":\"https:\/\/static.africa-press.net\/centrafricaine\/sites\/45\/2025\/10\/sm_1761398597.546977.jpg\",\"contentUrl\":\"https:\/\/static.africa-press.net\/centrafricaine\/sites\/45\/2025\/10\/sm_1761398597.546977.jpg\",\"width\":908,\"height\":606,\"caption\":\"Construction d'un nouveau bloc \u00e0 la FASEG de Bangui\"},{\"@type\":\"BreadcrumbList\",\"@id\":\"https:\/\/www.africa-press.net\/centrafricaine\/politique\/construction-dun-nouveau-bloc-a-la-faseg-de-bangui#breadcrumb\",\"itemListElement\":[{\"@type\":\"ListItem\",\"position\":1,\"name\":\"Accueil\",\"item\":\"https:\/\/www.africa-press.net\/centrafricaine\/\"},{\"@type\":\"ListItem\",\"position\":2,\"name\":\"Construction d&#8217;un nouveau bloc \u00e0 la FASEG de Bangui\"}]},{\"@type\":\"WebSite\",\"@id\":\"https:\/\/www.africa-press.net\/centrafricaine\/#website\",\"url\":\"https:\/\/www.africa-press.net\/centrafricaine\/\",\"name\":\"centrafricaine\",\"description\":\"Just another Africa News Agency Sites site\",\"potentialAction\":[{\"@type\":\"SearchAction\",\"target\":{\"@type\":\"EntryPoint\",\"urlTemplate\":\"https:\/\/www.africa-press.net\/centrafricaine\/?s={search_term_string}\"},\"query-input\":{\"@type\":\"PropertyValueSpecification\",\"valueRequired\":true,\"valueName\":\"search_term_string\"}}],\"inLanguage\":\"fr-FR\"},{\"@type\":\"Person\",\"@id\":\"https:\/\/www.africa-press.net\/centrafricaine\/#\/schema\/person\/2b1cf3cd81a31e3cd26889ca66d677f1\",\"name\":\"cfeditorfr\"}]}<\/script>\n<!-- \/ Yoast SEO Premium plugin. -->","yoast_head_json":{"title":"Construction d'un nouveau bloc \u00e0 la FASEG de Bangui - centrafricaine","description":"Le Pre\u0301sident de la Re\u0301publique, Professeur Faustin-Archange Touade\u0301ra, a proce\u0301de\u0301, le mercredi 22 octobre 2025, a\u0300 la ...","robots":{"index":"index","follow":"follow","max-snippet":"max-snippet:-1","max-image-preview":"max-image-preview:large","max-video-preview":"max-video-preview:-1"},"canonical":"https:\/\/www.africa-press.net\/centrafricaine\/politique\/construction-dun-nouveau-bloc-a-la-faseg-de-bangui","og_locale":"fr_FR","og_type":"article","og_title":"Construction d'un nouveau bloc \u00e0 la FASEG de Bangui","og_description":"Le Pre\u0301sident de la Re\u0301publique, Professeur Faustin-Archange Touade\u0301ra, a proce\u0301de\u0301, le mercredi 22 octobre 2025, a\u0300 la ...","og_url":"https:\/\/www.africa-press.net\/centrafricaine\/politique\/construction-dun-nouveau-bloc-a-la-faseg-de-bangui","og_site_name":"centrafricaine","article_published_time":"2025-10-25T16:40:22+00:00","article_modified_time":"2025-10-25T16:55:52+00:00","og_image":[{"width":908,"height":606,"url":"https:\/\/static.africa-press.net\/centrafricaine\/sites\/45\/2025\/10\/sm_1761398597.546977.jpg","type":"image\/jpeg"}],"author":"cfeditorfr","twitter_card":"summary_large_image","twitter_misc":{"\u00c9crit par":"cfeditorfr","Dur\u00e9e de lecture estim\u00e9e":"2 minutes"},"schema":{"@context":"https:\/\/schema.org","@graph":[{"@type":"Article","@id":"https:\/\/www.africa-press.net\/centrafricaine\/politique\/construction-dun-nouveau-bloc-a-la-faseg-de-bangui#article","isPartOf":{"@id":"https:\/\/www.africa-press.net\/centrafricaine\/politique\/construction-dun-nouveau-bloc-a-la-faseg-de-bangui"},"author":{"name":"cfeditorfr","@id":"https:\/\/www.africa-press.net\/centrafricaine\/#\/schema\/person\/2b1cf3cd81a31e3cd26889ca66d677f1"},"headline":"Construction d&rsquo;un nouveau bloc \u00e0 la FASEG de Bangui","datePublished":"2025-10-25T16:40:22+00:00","dateModified":"2025-10-25T16:55:52+00:00","mainEntityOfPage":{"@id":"https:\/\/www.africa-press.net\/centrafricaine\/politique\/construction-dun-nouveau-bloc-a-la-faseg-de-bangui"},"wordCount":247,"commentCount":0,"image":{"@id":"https:\/\/www.africa-press.net\/centrafricaine\/politique\/construction-dun-nouveau-bloc-a-la-faseg-de-bangui#primaryimage"},"thumbnailUrl":"https:\/\/static.africa-press.net\/centrafricaine\/sites\/45\/2025\/10\/sm_1761398597.546977.jpg","keywords":["bloc universitaire","CentrAfricaine","Centrafrique","construction","FASEG","pose de pierre"],"articleSection":["Politique","Toutes les actualit\u00e9s"],"inLanguage":"fr-FR","potentialAction":[{"@type":"CommentAction","name":"Comment","target":["https:\/\/www.africa-press.net\/centrafricaine\/politique\/construction-dun-nouveau-bloc-a-la-faseg-de-bangui#respond"]}]},{"@type":"WebPage","@id":"https:\/\/www.africa-press.net\/centrafricaine\/politique\/construction-dun-nouveau-bloc-a-la-faseg-de-bangui","url":"https:\/\/www.africa-press.net\/centrafricaine\/politique\/construction-dun-nouveau-bloc-a-la-faseg-de-bangui","name":"Construction d'un nouveau bloc \u00e0 la FASEG de Bangui - centrafricaine","isPartOf":{"@id":"https:\/\/www.africa-press.net\/centrafricaine\/#website"},"primaryImageOfPage":{"@id":"https:\/\/www.africa-press.net\/centrafricaine\/politique\/construction-dun-nouveau-bloc-a-la-faseg-de-bangui#primaryimage"},"image":{"@id":"https:\/\/www.africa-press.net\/centrafricaine\/politique\/construction-dun-nouveau-bloc-a-la-faseg-de-bangui#primaryimage"},"thumbnailUrl":"https:\/\/static.africa-press.net\/centrafricaine\/sites\/45\/2025\/10\/sm_1761398597.546977.jpg","datePublished":"2025-10-25T16:40:22+00:00","dateModified":"2025-10-25T16:55:52+00:00","author":{"@id":"https:\/\/www.africa-press.net\/centrafricaine\/#\/schema\/person\/2b1cf3cd81a31e3cd26889ca66d677f1"},"description":"Le Pre\u0301sident de la Re\u0301publique, Professeur Faustin-Archange Touade\u0301ra, a proce\u0301de\u0301, le mercredi 22 octobre 2025, a\u0300 la ...","breadcrumb":{"@id":"https:\/\/www.africa-press.net\/centrafricaine\/politique\/construction-dun-nouveau-bloc-a-la-faseg-de-bangui#breadcrumb"},"inLanguage":"fr-FR","potentialAction":[{"@type":"ReadAction","target":["https:\/\/www.africa-press.net\/centrafricaine\/politique\/construction-dun-nouveau-bloc-a-la-faseg-de-bangui"]}]},{"@type":"ImageObject","inLanguage":"fr-FR","@id":"https:\/\/www.africa-press.net\/centrafricaine\/politique\/construction-dun-nouveau-bloc-a-la-faseg-de-bangui#primaryimage","url":"https:\/\/static.africa-press.net\/centrafricaine\/sites\/45\/2025\/10\/sm_1761398597.546977.jpg","contentUrl":"https:\/\/static.africa-press.net\/centrafricaine\/sites\/45\/2025\/10\/sm_1761398597.546977.jpg","width":908,"height":606,"caption":"Construction d'un nouveau bloc \u00e0 la FASEG de Bangui"},{"@type":"BreadcrumbList","@id":"https:\/\/www.africa-press.net\/centrafricaine\/politique\/construction-dun-nouveau-bloc-a-la-faseg-de-bangui#breadcrumb","itemListElement":[{"@type":"ListItem","position":1,"name":"Accueil","item":"https:\/\/www.africa-press.net\/centrafricaine\/"},{"@type":"ListItem","position":2,"name":"Construction d&#8217;un nouveau bloc \u00e0 la FASEG de Bangui"}]},{"@type":"WebSite","@id":"https:\/\/www.africa-press.net\/centrafricaine\/#website","url":"https:\/\/www.africa-press.net\/centrafricaine\/","name":"centrafricaine","description":"Just another Africa News Agency Sites site","potentialAction":[{"@type":"SearchAction","target":{"@type":"EntryPoint","urlTemplate":"https:\/\/www.africa-press.net\/centrafricaine\/?s={search_term_string}"},"query-input":{"@type":"PropertyValueSpecification","valueRequired":true,"valueName":"search_term_string"}}],"inLanguage":"fr-FR"},{"@type":"Person","@id":"https:\/\/www.africa-press.net\/centrafricaine\/#\/schema\/person\/2b1cf3cd81a31e3cd26889ca66d677f1","name":"cfeditorfr"}]}},"_links":{"self":[{"href":"https:\/\/www.africa-press.net\/centrafricaine\/wp-json\/wp\/v2\/posts\/77808","targetHints":{"allow":["GET"]}}],"collection":[{"href":"https:\/\/www.africa-press.net\/centrafricaine\/wp-json\/wp\/v2\/posts"}],"about":[{"href":"https:\/\/www.africa-press.net\/centrafricaine\/wp-json\/wp\/v2\/types\/post"}],"author":[{"embeddable":true,"href":"https:\/\/www.africa-press.net\/centrafricaine\/wp-json\/wp\/v2\/users\/82"}],"replies":[{"embeddable":true,"href":"https:\/\/www.africa-press.net\/centrafricaine\/wp-json\/wp\/v2\/comments?post=77808"}],"version-history":[{"count":0,"href":"https:\/\/www.africa-press.net\/centrafricaine\/wp-json\/wp\/v2\/posts\/77808\/revisions"}],"wp:featuredmedia":[{"embeddable":true,"href":"https:\/\/www.africa-press.net\/centrafricaine\/wp-json\/wp\/v2\/media\/77807"}],"wp:attachment":[{"href":"https:\/\/www.africa-press.net\/centrafricaine\/wp-json\/wp\/v2\/media?parent=77808"}],"wp:term":[{"taxonomy":"category","embeddable":true,"href":"https:\/\/www.africa-press.net\/centrafricaine\/wp-json\/wp\/v2\/categories?post=77808"},{"taxonomy":"post_tag","embeddable":true,"href":"https:\/\/www.africa-press.net\/centrafricaine\/wp-json\/wp\/v2\/tags?post=77808"}],"curies":[{"name":"wp","href":"https:\/\/api.w.org\/{rel}","templated":true}]}}