{"id":7829,"date":"2021-06-08T14:15:27","date_gmt":"2021-06-08T14:15:27","guid":{"rendered":"https:\/\/www.africa-press.net\/centrafricaine\/?p=7829"},"modified":"2021-06-08T16:57:50","modified_gmt":"2021-06-08T16:57:50","slug":"au-moins-36-morts-dans-des-affrontements-tribaux-au-darfour","status":"publish","type":"post","link":"https:\/\/www.africa-press.net\/centrafricaine\/politique\/au-moins-36-morts-dans-des-affrontements-tribaux-au-darfour","title":{"rendered":"Au moins 36 morts dans des affrontements tribaux au Darfour"},"content":{"rendered":"<p><span style=\"color: #ff6600\"><strong><a href=\"https:\/\/www.africa-press.net\/\">Africa-Press<\/a> &#8211; <a href=\"https:\/\/www.africa-press.net\/centrafricaine\">CentrAfricaine<\/a>. <\/strong><\/span><b>\u00a0Au moins 36 personnes ont \u00e9t\u00e9 tu\u00e9es et des dizaines bless\u00e9es dans des affrontements tribaux en fin de semaine derni\u00e8re au Darfour-Sud, dans le sud-ouest du Soudan, ont rapport\u00e9 lundi l\u2019agence officielle Suna et des t\u00e9moins.<\/b><\/p>\n<p>Les heurts ont oppos\u00e9 la tribu des Fallata \u00e0 la tribu arabe des al-Ta\u00efcha \u00e0 Oum Dafouk, pr\u00e8s de la fronti\u00e8re avec la R\u00e9publique centrafricaine, ont indiqu\u00e9 \u00e0 l\u2019AFP des t\u00e9moins.<\/p>\n<p>Lundi matin, la situation s\u2019\u00e9tait \u201cstabilis\u00e9e\u201d, selon Suna.<\/p>\n<p>Pour l\u2019heure, les raisons de cette \u00e9ruption de violence ne sont pas claires mais les affrontements concernant l\u2019acc\u00e8s \u00e0 la terre et \u00e0 l\u2019eau sont fr\u00e9quents dans la r\u00e9gion.<\/p>\n<p>\u201cL\u2019arm\u00e9e a \u00e9t\u00e9 d\u00e9ploy\u00e9e dans les zones de combats pour r\u00e9soudre le conflit entre les tribus Fallata et Ta\u00efcha qui ont fait 36 morts et 32 bless\u00e9s des deux c\u00f4t\u00e9s\u201d, pr\u00e9cise Suna, citant des responsables de l\u2019Etat du Darfour-Sud.<\/p>\n<p>Issa Omar, un habitant de Oum Dafouk, a racont\u00e9 \u00e0 l\u2019AFP par t\u00e9l\u00e9phone avoir \u201centendu des bruits d\u2019artillerie lourde tout au long des combats\u201d.<\/p>\n<p>En avril, 132 personnes sont mortes dans des affrontements entre des tribus arabes et les Massalit au Darfour-Ouest.<\/p>\n<p>En janvier, deux semaines apr\u00e8s la fin de la mission de paix conjointe de l\u2019ONU et de l\u2019Union Africaine (Minuad) au Darfour, des affrontements similaires avaient fait plus de 250 morts, la plupart au Darfour-Ouest \u00e9galement.<\/p>\n<p>D\u00e8s fin d\u00e9cembre, des Darfouris ont protest\u00e9 contre l\u2019annonce du retrait de la Minuad.<\/p>\n<p>La r\u00e9manence des violences au Darfour fait partie des nombreux d\u00e9fis que le gouvernement soudanais de transition -arriv\u00e9 au pouvoir apr\u00e8s la destitution de l\u2019ex-autocrate Omar el-B\u00e9chir en avril 2019- doit relever.<\/p>\n<p>Khartoum a sign\u00e9 en octobre un accord de paix historique avec plusieurs groupes rebelles, notamment du Darfour et poursuit ses n\u00e9gociations de paix avec quelques groupes insurg\u00e9s r\u00e9calcitrants.<\/p>\n<p>Ces derniers ne semblent n\u00e9anmoins pas \u00eatre li\u00e9s aux r\u00e9centes violences.<\/p>\n<p>Le conflit a \u00e9clat\u00e9 au Darfour en 2003 entre le r\u00e9gime de B\u00e9chir et des membres de minorit\u00e9s ethniques s\u2019estimant marginalis\u00e9es.<\/p>\n<p>Le pouvoir avait d\u00e9ploy\u00e9 des milices arm\u00e9es compos\u00e9es essentiellement de nomades arabes, accus\u00e9es par la suite de \u201cnettoyage ethnique\u201d.<\/p>\n<p>Les violences ont fait quelque 300.000 morts et plus de 2,5 millions de d\u00e9plac\u00e9s, essentiellement durant les premi\u00e8res ann\u00e9es du conflit, selon l\u2019ONU.<\/p>\n<p>&nbsp;<\/p>\n","protected":false},"excerpt":{"rendered":"<p>Africa-Press &#8211; CentrAfricaine. \u00a0Au moins 36 personnes ont \u00e9t\u00e9 tu\u00e9es et des dizaines bless\u00e9es dans des affrontements tribaux en fin de semaine derni\u00e8re au Darfour-Sud, dans le sud-ouest du Soudan, ont rapport\u00e9 lundi l\u2019agence officielle Suna et des t\u00e9moins. Les heurts ont oppos\u00e9 la tribu des Fallata \u00e0 la tribu arabe des al-Ta\u00efcha \u00e0 Oum [&hellip;]<\/p>\n","protected":false},"author":82,"featured_media":7828,"comment_status":"open","ping_status":"closed","sticky":false,"template":"","format":"standard","meta":{"footnotes":""},"categories":[11,2,10],"tags":[36,58,30],"class_list":["post-7829","post","type-post","status-publish","format-standard","has-post-thumbnail","hentry","category-homepage-french","category-politique","category-toutes-les-actualites","tag-africa-press","tag-africa-press-centrafricaine","tag-centrafricaine"],"yoast_head":"<!-- This site is optimized with the Yoast SEO Premium plugin v26.1 (Yoast SEO v27.0) - https:\/\/yoast.com\/product\/yoast-seo-premium-wordpress\/ -->\n<title>Au moins 36 morts dans des affrontements tribaux au Darfour - centrafricaine<\/title>\n<meta name=\"description\" content=\"Bangui ( R\u00e9publique centrafricaine ) \u2013 Au moins 36 personnes ont \u00e9t\u00e9 tu\u00e9es et des dizaines bless\u00e9es dans des affronte ...\" \/>\n<meta name=\"robots\" content=\"index, follow, max-snippet:-1, max-image-preview:large, max-video-preview:-1\" \/>\n<link rel=\"canonical\" href=\"https:\/\/www.africa-press.net\/centrafricaine\/politique\/au-moins-36-morts-dans-des-affrontements-tribaux-au-darfour\" \/>\n<meta property=\"og:locale\" content=\"fr_FR\" \/>\n<meta property=\"og:type\" content=\"article\" \/>\n<meta property=\"og:title\" content=\"Au moins 36 morts dans des affrontements tribaux au Darfour\" \/>\n<meta property=\"og:description\" content=\"Bangui ( R\u00e9publique centrafricaine ) \u2013 Au moins 36 personnes ont \u00e9t\u00e9 tu\u00e9es et des dizaines bless\u00e9es dans des affronte ...\" \/>\n<meta property=\"og:url\" content=\"https:\/\/www.africa-press.net\/centrafricaine\/politique\/au-moins-36-morts-dans-des-affrontements-tribaux-au-darfour\" \/>\n<meta property=\"og:site_name\" content=\"centrafricaine\" \/>\n<meta property=\"article:published_time\" content=\"2021-06-08T14:15:27+00:00\" \/>\n<meta property=\"article:modified_time\" content=\"2021-06-08T16:57:50+00:00\" \/>\n<meta property=\"og:image\" content=\"https:\/\/static.africa-press.net\/centrafricaine\/sites\/45\/2021\/06\/img-60bf7774bb468.jpg\" \/>\n\t<meta property=\"og:image:width\" content=\"720\" \/>\n\t<meta property=\"og:image:height\" content=\"405\" \/>\n\t<meta property=\"og:image:type\" content=\"image\/jpeg\" \/>\n<meta name=\"author\" content=\"cfeditorfr\" \/>\n<meta name=\"twitter:card\" content=\"summary_large_image\" \/>\n<meta name=\"twitter:label1\" content=\"\u00c9crit par\" \/>\n\t<meta name=\"twitter:data1\" content=\"cfeditorfr\" \/>\n\t<meta name=\"twitter:label2\" content=\"Dur\u00e9e de lecture estim\u00e9e\" \/>\n\t<meta name=\"twitter:data2\" content=\"2 minutes\" \/>\n<script type=\"application\/ld+json\" class=\"yoast-schema-graph\">{\"@context\":\"https:\/\/schema.org\",\"@graph\":[{\"@type\":\"Article\",\"@id\":\"https:\/\/www.africa-press.net\/centrafricaine\/politique\/au-moins-36-morts-dans-des-affrontements-tribaux-au-darfour#article\",\"isPartOf\":{\"@id\":\"https:\/\/www.africa-press.net\/centrafricaine\/politique\/au-moins-36-morts-dans-des-affrontements-tribaux-au-darfour\"},\"author\":{\"name\":\"cfeditorfr\",\"@id\":\"https:\/\/www.africa-press.net\/centrafricaine\/#\/schema\/person\/2b1cf3cd81a31e3cd26889ca66d677f1\"},\"headline\":\"Au moins 36 morts dans des affrontements tribaux au Darfour\",\"datePublished\":\"2021-06-08T14:15:27+00:00\",\"dateModified\":\"2021-06-08T16:57:50+00:00\",\"mainEntityOfPage\":{\"@id\":\"https:\/\/www.africa-press.net\/centrafricaine\/politique\/au-moins-36-morts-dans-des-affrontements-tribaux-au-darfour\"},\"wordCount\":433,\"commentCount\":0,\"image\":{\"@id\":\"https:\/\/www.africa-press.net\/centrafricaine\/politique\/au-moins-36-morts-dans-des-affrontements-tribaux-au-darfour#primaryimage\"},\"thumbnailUrl\":\"https:\/\/static.africa-press.net\/centrafricaine\/sites\/45\/2021\/06\/img-60bf7774bb468.jpg\",\"keywords\":[\"Africa Press\",\"Africa Press-CentrAfricaine\",\"CentrAfricaine\"],\"articleSection\":[\"homepage-french\",\"Politique\",\"Toutes les actualit\u00e9s\"],\"inLanguage\":\"fr-FR\",\"potentialAction\":[{\"@type\":\"CommentAction\",\"name\":\"Comment\",\"target\":[\"https:\/\/www.africa-press.net\/centrafricaine\/politique\/au-moins-36-morts-dans-des-affrontements-tribaux-au-darfour#respond\"]}]},{\"@type\":\"WebPage\",\"@id\":\"https:\/\/www.africa-press.net\/centrafricaine\/politique\/au-moins-36-morts-dans-des-affrontements-tribaux-au-darfour\",\"url\":\"https:\/\/www.africa-press.net\/centrafricaine\/politique\/au-moins-36-morts-dans-des-affrontements-tribaux-au-darfour\",\"name\":\"Au moins 36 morts dans des affrontements tribaux au Darfour - centrafricaine\",\"isPartOf\":{\"@id\":\"https:\/\/www.africa-press.net\/centrafricaine\/#website\"},\"primaryImageOfPage\":{\"@id\":\"https:\/\/www.africa-press.net\/centrafricaine\/politique\/au-moins-36-morts-dans-des-affrontements-tribaux-au-darfour#primaryimage\"},\"image\":{\"@id\":\"https:\/\/www.africa-press.net\/centrafricaine\/politique\/au-moins-36-morts-dans-des-affrontements-tribaux-au-darfour#primaryimage\"},\"thumbnailUrl\":\"https:\/\/static.africa-press.net\/centrafricaine\/sites\/45\/2021\/06\/img-60bf7774bb468.jpg\",\"datePublished\":\"2021-06-08T14:15:27+00:00\",\"dateModified\":\"2021-06-08T16:57:50+00:00\",\"author\":{\"@id\":\"https:\/\/www.africa-press.net\/centrafricaine\/#\/schema\/person\/2b1cf3cd81a31e3cd26889ca66d677f1\"},\"description\":\"Bangui ( R\u00e9publique centrafricaine ) \u2013 Au moins 36 personnes ont \u00e9t\u00e9 tu\u00e9es et des dizaines bless\u00e9es dans des affronte ...\",\"breadcrumb\":{\"@id\":\"https:\/\/www.africa-press.net\/centrafricaine\/politique\/au-moins-36-morts-dans-des-affrontements-tribaux-au-darfour#breadcrumb\"},\"inLanguage\":\"fr-FR\",\"potentialAction\":[{\"@type\":\"ReadAction\",\"target\":[\"https:\/\/www.africa-press.net\/centrafricaine\/politique\/au-moins-36-morts-dans-des-affrontements-tribaux-au-darfour\"]}]},{\"@type\":\"ImageObject\",\"inLanguage\":\"fr-FR\",\"@id\":\"https:\/\/www.africa-press.net\/centrafricaine\/politique\/au-moins-36-morts-dans-des-affrontements-tribaux-au-darfour#primaryimage\",\"url\":\"https:\/\/static.africa-press.net\/centrafricaine\/sites\/45\/2021\/06\/img-60bf7774bb468.jpg\",\"contentUrl\":\"https:\/\/static.africa-press.net\/centrafricaine\/sites\/45\/2021\/06\/img-60bf7774bb468.jpg\",\"width\":720,\"height\":405,\"caption\":\"Au moins 36 morts dans des affrontements tribaux au Darfour\"},{\"@type\":\"BreadcrumbList\",\"@id\":\"https:\/\/www.africa-press.net\/centrafricaine\/politique\/au-moins-36-morts-dans-des-affrontements-tribaux-au-darfour#breadcrumb\",\"itemListElement\":[{\"@type\":\"ListItem\",\"position\":1,\"name\":\"Accueil\",\"item\":\"https:\/\/www.africa-press.net\/centrafricaine\/\"},{\"@type\":\"ListItem\",\"position\":2,\"name\":\"Au moins 36 morts dans des affrontements tribaux au Darfour\"}]},{\"@type\":\"WebSite\",\"@id\":\"https:\/\/www.africa-press.net\/centrafricaine\/#website\",\"url\":\"https:\/\/www.africa-press.net\/centrafricaine\/\",\"name\":\"centrafricaine\",\"description\":\"Just another Africa News Agency Sites site\",\"potentialAction\":[{\"@type\":\"SearchAction\",\"target\":{\"@type\":\"EntryPoint\",\"urlTemplate\":\"https:\/\/www.africa-press.net\/centrafricaine\/?s={search_term_string}\"},\"query-input\":{\"@type\":\"PropertyValueSpecification\",\"valueRequired\":true,\"valueName\":\"search_term_string\"}}],\"inLanguage\":\"fr-FR\"},{\"@type\":\"Person\",\"@id\":\"https:\/\/www.africa-press.net\/centrafricaine\/#\/schema\/person\/2b1cf3cd81a31e3cd26889ca66d677f1\",\"name\":\"cfeditorfr\"}]}<\/script>\n<!-- \/ Yoast SEO Premium plugin. -->","yoast_head_json":{"title":"Au moins 36 morts dans des affrontements tribaux au Darfour - centrafricaine","description":"Bangui ( R\u00e9publique centrafricaine ) \u2013 Au moins 36 personnes ont \u00e9t\u00e9 tu\u00e9es et des dizaines bless\u00e9es dans des affronte ...","robots":{"index":"index","follow":"follow","max-snippet":"max-snippet:-1","max-image-preview":"max-image-preview:large","max-video-preview":"max-video-preview:-1"},"canonical":"https:\/\/www.africa-press.net\/centrafricaine\/politique\/au-moins-36-morts-dans-des-affrontements-tribaux-au-darfour","og_locale":"fr_FR","og_type":"article","og_title":"Au moins 36 morts dans des affrontements tribaux au Darfour","og_description":"Bangui ( R\u00e9publique centrafricaine ) \u2013 Au moins 36 personnes ont \u00e9t\u00e9 tu\u00e9es et des dizaines bless\u00e9es dans des affronte ...","og_url":"https:\/\/www.africa-press.net\/centrafricaine\/politique\/au-moins-36-morts-dans-des-affrontements-tribaux-au-darfour","og_site_name":"centrafricaine","article_published_time":"2021-06-08T14:15:27+00:00","article_modified_time":"2021-06-08T16:57:50+00:00","og_image":[{"width":720,"height":405,"url":"https:\/\/static.africa-press.net\/centrafricaine\/sites\/45\/2021\/06\/img-60bf7774bb468.jpg","type":"image\/jpeg"}],"author":"cfeditorfr","twitter_card":"summary_large_image","twitter_misc":{"\u00c9crit par":"cfeditorfr","Dur\u00e9e de lecture estim\u00e9e":"2 minutes"},"schema":{"@context":"https:\/\/schema.org","@graph":[{"@type":"Article","@id":"https:\/\/www.africa-press.net\/centrafricaine\/politique\/au-moins-36-morts-dans-des-affrontements-tribaux-au-darfour#article","isPartOf":{"@id":"https:\/\/www.africa-press.net\/centrafricaine\/politique\/au-moins-36-morts-dans-des-affrontements-tribaux-au-darfour"},"author":{"name":"cfeditorfr","@id":"https:\/\/www.africa-press.net\/centrafricaine\/#\/schema\/person\/2b1cf3cd81a31e3cd26889ca66d677f1"},"headline":"Au moins 36 morts dans des affrontements tribaux au Darfour","datePublished":"2021-06-08T14:15:27+00:00","dateModified":"2021-06-08T16:57:50+00:00","mainEntityOfPage":{"@id":"https:\/\/www.africa-press.net\/centrafricaine\/politique\/au-moins-36-morts-dans-des-affrontements-tribaux-au-darfour"},"wordCount":433,"commentCount":0,"image":{"@id":"https:\/\/www.africa-press.net\/centrafricaine\/politique\/au-moins-36-morts-dans-des-affrontements-tribaux-au-darfour#primaryimage"},"thumbnailUrl":"https:\/\/static.africa-press.net\/centrafricaine\/sites\/45\/2021\/06\/img-60bf7774bb468.jpg","keywords":["Africa Press","Africa Press-CentrAfricaine","CentrAfricaine"],"articleSection":["homepage-french","Politique","Toutes les actualit\u00e9s"],"inLanguage":"fr-FR","potentialAction":[{"@type":"CommentAction","name":"Comment","target":["https:\/\/www.africa-press.net\/centrafricaine\/politique\/au-moins-36-morts-dans-des-affrontements-tribaux-au-darfour#respond"]}]},{"@type":"WebPage","@id":"https:\/\/www.africa-press.net\/centrafricaine\/politique\/au-moins-36-morts-dans-des-affrontements-tribaux-au-darfour","url":"https:\/\/www.africa-press.net\/centrafricaine\/politique\/au-moins-36-morts-dans-des-affrontements-tribaux-au-darfour","name":"Au moins 36 morts dans des affrontements tribaux au Darfour - centrafricaine","isPartOf":{"@id":"https:\/\/www.africa-press.net\/centrafricaine\/#website"},"primaryImageOfPage":{"@id":"https:\/\/www.africa-press.net\/centrafricaine\/politique\/au-moins-36-morts-dans-des-affrontements-tribaux-au-darfour#primaryimage"},"image":{"@id":"https:\/\/www.africa-press.net\/centrafricaine\/politique\/au-moins-36-morts-dans-des-affrontements-tribaux-au-darfour#primaryimage"},"thumbnailUrl":"https:\/\/static.africa-press.net\/centrafricaine\/sites\/45\/2021\/06\/img-60bf7774bb468.jpg","datePublished":"2021-06-08T14:15:27+00:00","dateModified":"2021-06-08T16:57:50+00:00","author":{"@id":"https:\/\/www.africa-press.net\/centrafricaine\/#\/schema\/person\/2b1cf3cd81a31e3cd26889ca66d677f1"},"description":"Bangui ( R\u00e9publique centrafricaine ) \u2013 Au moins 36 personnes ont \u00e9t\u00e9 tu\u00e9es et des dizaines bless\u00e9es dans des affronte ...","breadcrumb":{"@id":"https:\/\/www.africa-press.net\/centrafricaine\/politique\/au-moins-36-morts-dans-des-affrontements-tribaux-au-darfour#breadcrumb"},"inLanguage":"fr-FR","potentialAction":[{"@type":"ReadAction","target":["https:\/\/www.africa-press.net\/centrafricaine\/politique\/au-moins-36-morts-dans-des-affrontements-tribaux-au-darfour"]}]},{"@type":"ImageObject","inLanguage":"fr-FR","@id":"https:\/\/www.africa-press.net\/centrafricaine\/politique\/au-moins-36-morts-dans-des-affrontements-tribaux-au-darfour#primaryimage","url":"https:\/\/static.africa-press.net\/centrafricaine\/sites\/45\/2021\/06\/img-60bf7774bb468.jpg","contentUrl":"https:\/\/static.africa-press.net\/centrafricaine\/sites\/45\/2021\/06\/img-60bf7774bb468.jpg","width":720,"height":405,"caption":"Au moins 36 morts dans des affrontements tribaux au Darfour"},{"@type":"BreadcrumbList","@id":"https:\/\/www.africa-press.net\/centrafricaine\/politique\/au-moins-36-morts-dans-des-affrontements-tribaux-au-darfour#breadcrumb","itemListElement":[{"@type":"ListItem","position":1,"name":"Accueil","item":"https:\/\/www.africa-press.net\/centrafricaine\/"},{"@type":"ListItem","position":2,"name":"Au moins 36 morts dans des affrontements tribaux au Darfour"}]},{"@type":"WebSite","@id":"https:\/\/www.africa-press.net\/centrafricaine\/#website","url":"https:\/\/www.africa-press.net\/centrafricaine\/","name":"centrafricaine","description":"Just another Africa News Agency Sites site","potentialAction":[{"@type":"SearchAction","target":{"@type":"EntryPoint","urlTemplate":"https:\/\/www.africa-press.net\/centrafricaine\/?s={search_term_string}"},"query-input":{"@type":"PropertyValueSpecification","valueRequired":true,"valueName":"search_term_string"}}],"inLanguage":"fr-FR"},{"@type":"Person","@id":"https:\/\/www.africa-press.net\/centrafricaine\/#\/schema\/person\/2b1cf3cd81a31e3cd26889ca66d677f1","name":"cfeditorfr"}]}},"_links":{"self":[{"href":"https:\/\/www.africa-press.net\/centrafricaine\/wp-json\/wp\/v2\/posts\/7829","targetHints":{"allow":["GET"]}}],"collection":[{"href":"https:\/\/www.africa-press.net\/centrafricaine\/wp-json\/wp\/v2\/posts"}],"about":[{"href":"https:\/\/www.africa-press.net\/centrafricaine\/wp-json\/wp\/v2\/types\/post"}],"author":[{"embeddable":true,"href":"https:\/\/www.africa-press.net\/centrafricaine\/wp-json\/wp\/v2\/users\/82"}],"replies":[{"embeddable":true,"href":"https:\/\/www.africa-press.net\/centrafricaine\/wp-json\/wp\/v2\/comments?post=7829"}],"version-history":[{"count":0,"href":"https:\/\/www.africa-press.net\/centrafricaine\/wp-json\/wp\/v2\/posts\/7829\/revisions"}],"wp:featuredmedia":[{"embeddable":true,"href":"https:\/\/www.africa-press.net\/centrafricaine\/wp-json\/wp\/v2\/media\/7828"}],"wp:attachment":[{"href":"https:\/\/www.africa-press.net\/centrafricaine\/wp-json\/wp\/v2\/media?parent=7829"}],"wp:term":[{"taxonomy":"category","embeddable":true,"href":"https:\/\/www.africa-press.net\/centrafricaine\/wp-json\/wp\/v2\/categories?post=7829"},{"taxonomy":"post_tag","embeddable":true,"href":"https:\/\/www.africa-press.net\/centrafricaine\/wp-json\/wp\/v2\/tags?post=7829"}],"curies":[{"name":"wp","href":"https:\/\/api.w.org\/{rel}","templated":true}]}}