{"id":7857,"date":"2021-06-09T11:14:07","date_gmt":"2021-06-09T11:14:07","guid":{"rendered":"https:\/\/www.africa-press.net\/centrafricaine\/?p=7857"},"modified":"2021-06-09T20:05:03","modified_gmt":"2021-06-09T20:05:03","slug":"rca-3023-ex-combattants-des-groupes-armes-desarmes-et-demobilises-depuis-2018","status":"publish","type":"post","link":"https:\/\/www.africa-press.net\/centrafricaine\/politique\/rca-3023-ex-combattants-des-groupes-armes-desarmes-et-demobilises-depuis-2018","title":{"rendered":"3023 \u00a0ex-combattants des groupes arm\u00e9s d\u00e9sarm\u00e9s et d\u00e9mobilis\u00e9s depuis 2018"},"content":{"rendered":"<p><span style=\"color: #ff6600\"><strong><a href=\"https:\/\/www.africa-press.net\/\">Africa-Press<\/a> &#8211; <a href=\"https:\/\/www.africa-press.net\/centrafricaine\">CentrAfricaine<\/a>.\u00a0 <\/strong><\/span>\u00a0Selon la coordination du d\u00e9sarmement, d\u00e9mobilisation, r\u00e9insertion et rapatriement (DDRR), environ issus de 14 groupes arm\u00e9s actifs en Centrafrique 3023 combattants des groupes arm\u00e9s issus de 14 groupes arm\u00e9s actifs en Centrafrique ont \u00e9t\u00e9 d\u00e9sarm\u00e9s \u00e0 Bangui, Bimbo, B\u00e9goua et dans les zones de d\u00e9fense du nord-ouest ainsi que du nord-Est, a annonc\u00e9 Monsieur Samuel Touatena, coordonnateur g\u00e9n\u00e9ral du DDRR.<\/p>\n<p>Selon Monsieur Samuel Touatena , coordonnateur g\u00e9n\u00e9ral du DDRR, depuis son lancement officiel, ce programme de DDRR a \u00e9galement permis de r\u00e9cup\u00e9rer 2497 armes de guerre, 111.918 munitions et 1308 explosifs.<\/p>\n<p><b>\u00abNous avons globalement d\u00e9sarm\u00e9 3023 combattants qui viennent de 13 groupes arm\u00e9s sauf l\u2019UPC qui n\u2019a pas encore pr\u00e9sent\u00e9 ses \u00e9l\u00e9ments. Bien que l\u2019UPC assiste r\u00e9guli\u00e8rement aux diff\u00e9rentes r\u00e9unions, mais elle n\u2019a pas encore pr\u00e9sent\u00e9 ses \u00e9l\u00e9ments pour le d\u00e9sarmement. L\u2019effectif donn\u00e9 ici, nous avons collect\u00e9 2497 armes, 1223 chargeurs, 1308 explosifs, une mine et 111918 munitions \u00bb<\/b><\/p>\n<p>Sur la question du rapatriement, le coordonnateur g\u00e9n\u00e9ral estime que beaucoup reste \u00e0 faire et la t\u00e2che est complexe.<\/p>\n<p><b>\u00ab Nous avons re\u00e7u seulement un seul \u00e9tranger qui vient se pr\u00e9senter. Il est malien, et on a essay\u00e9 de voir avec le minist\u00e8re de la s\u00e9curit\u00e9 publique \u00bb<\/b><\/p>\n<p>Le coordonnateur g\u00e9n\u00e9ral de l\u2019UEPNDDRR, Samuel Touatena, a ajout\u00e9 que cette phase du d\u00e9sarmement et d\u00e9mobilisation a permis non seulement de r\u00e9cup\u00e9rer les armes entre les mains de ces ex-combattants, mais \u00e9galement \u00e0 participer \u00e0 leur int\u00e9gration socio\u00e9conomique et au retour de la paix dans les zones concern\u00e9es.<\/p>\n<p>Dans les pr\u00e9visions, l\u2019\u00e9quipe du DDRR devrait d\u00e9sarmer plus de 5000 combattants. En trois ans d\u2019activit\u00e9, 3023 combattants ont \u00e9t\u00e9 d\u00e9mobilis\u00e9s, parmi eux, 817 ont int\u00e9gr\u00e9 les forces de d\u00e9fense et de s\u00e9curit\u00e9. La prochaine \u00e9tape va cibler les zones de Bria, Ouadda-Djall\u00e9, Amdafock, Sam Ouandja, Batangafo, Markounda et Kabo.<\/p>\n<p><b>\u00a0<\/b><\/p>\n","protected":false},"excerpt":{"rendered":"<p>Africa-Press &#8211; CentrAfricaine.\u00a0 \u00a0Selon la coordination du d\u00e9sarmement, d\u00e9mobilisation, r\u00e9insertion et rapatriement (DDRR), environ issus de 14 groupes arm\u00e9s actifs en Centrafrique 3023 combattants des groupes arm\u00e9s issus de 14 groupes arm\u00e9s actifs en Centrafrique ont \u00e9t\u00e9 d\u00e9sarm\u00e9s \u00e0 Bangui, Bimbo, B\u00e9goua et dans les zones de d\u00e9fense du nord-ouest ainsi que du nord-Est, a [&hellip;]<\/p>\n","protected":false},"author":82,"featured_media":7856,"comment_status":"open","ping_status":"closed","sticky":false,"template":"","format":"standard","meta":{"footnotes":""},"categories":[11,2,10],"tags":[36,58,30],"class_list":["post-7857","post","type-post","status-publish","format-standard","has-post-thumbnail","hentry","category-homepage-french","category-politique","category-toutes-les-actualites","tag-africa-press","tag-africa-press-centrafricaine","tag-centrafricaine"],"yoast_head":"<!-- This site is optimized with the Yoast SEO Premium plugin v26.1 (Yoast SEO v27.0) - https:\/\/yoast.com\/product\/yoast-seo-premium-wordpress\/ -->\n<title>3023 \u00a0ex-combattants des groupes arm\u00e9s d\u00e9sarm\u00e9s et d\u00e9mobilis\u00e9s depuis 2018 - centrafricaine<\/title>\n<meta name=\"robots\" content=\"index, follow, max-snippet:-1, max-image-preview:large, max-video-preview:-1\" \/>\n<link rel=\"canonical\" href=\"https:\/\/www.africa-press.net\/centrafricaine\/politique\/rca-3023-ex-combattants-des-groupes-armes-desarmes-et-demobilises-depuis-2018\" \/>\n<meta property=\"og:locale\" content=\"fr_FR\" \/>\n<meta property=\"og:type\" content=\"article\" \/>\n<meta property=\"og:title\" content=\"3023 \u00a0ex-combattants des groupes arm\u00e9s d\u00e9sarm\u00e9s et d\u00e9mobilis\u00e9s depuis 2018\" \/>\n<meta property=\"og:description\" content=\"Africa-Press &#8211; CentrAfricaine.\u00a0 \u00a0Selon la coordination du d\u00e9sarmement, d\u00e9mobilisation, r\u00e9insertion et rapatriement (DDRR), environ issus de 14 groupes arm\u00e9s actifs en Centrafrique 3023 combattants des groupes arm\u00e9s issus de 14 groupes arm\u00e9s actifs en Centrafrique ont \u00e9t\u00e9 d\u00e9sarm\u00e9s \u00e0 Bangui, Bimbo, B\u00e9goua et dans les zones de d\u00e9fense du nord-ouest ainsi que du nord-Est, a [&hellip;]\" \/>\n<meta property=\"og:url\" content=\"https:\/\/www.africa-press.net\/centrafricaine\/politique\/rca-3023-ex-combattants-des-groupes-armes-desarmes-et-demobilises-depuis-2018\" \/>\n<meta property=\"og:site_name\" content=\"centrafricaine\" \/>\n<meta property=\"article:published_time\" content=\"2021-06-09T11:14:07+00:00\" \/>\n<meta property=\"article:modified_time\" content=\"2021-06-09T20:05:03+00:00\" \/>\n<meta property=\"og:image\" content=\"https:\/\/static.africa-press.net\/centrafricaine\/sites\/45\/2021\/06\/img-60c0a1f4a3bd3.jpg\" \/>\n\t<meta property=\"og:image:width\" content=\"720\" \/>\n\t<meta property=\"og:image:height\" content=\"493\" \/>\n\t<meta property=\"og:image:type\" content=\"image\/jpeg\" \/>\n<meta name=\"author\" content=\"cfeditorfr\" \/>\n<meta name=\"twitter:card\" content=\"summary_large_image\" \/>\n<meta name=\"twitter:label1\" content=\"\u00c9crit par\" \/>\n\t<meta name=\"twitter:data1\" content=\"cfeditorfr\" \/>\n\t<meta name=\"twitter:label2\" content=\"Dur\u00e9e de lecture estim\u00e9e\" \/>\n\t<meta name=\"twitter:data2\" content=\"2 minutes\" \/>\n<script type=\"application\/ld+json\" class=\"yoast-schema-graph\">{\"@context\":\"https:\/\/schema.org\",\"@graph\":[{\"@type\":\"Article\",\"@id\":\"https:\/\/www.africa-press.net\/centrafricaine\/politique\/rca-3023-ex-combattants-des-groupes-armes-desarmes-et-demobilises-depuis-2018#article\",\"isPartOf\":{\"@id\":\"https:\/\/www.africa-press.net\/centrafricaine\/politique\/rca-3023-ex-combattants-des-groupes-armes-desarmes-et-demobilises-depuis-2018\"},\"author\":{\"name\":\"cfeditorfr\",\"@id\":\"https:\/\/www.africa-press.net\/centrafricaine\/#\/schema\/person\/2b1cf3cd81a31e3cd26889ca66d677f1\"},\"headline\":\"3023 \u00a0ex-combattants des groupes arm\u00e9s d\u00e9sarm\u00e9s et d\u00e9mobilis\u00e9s depuis 2018\",\"datePublished\":\"2021-06-09T11:14:07+00:00\",\"dateModified\":\"2021-06-09T20:05:03+00:00\",\"mainEntityOfPage\":{\"@id\":\"https:\/\/www.africa-press.net\/centrafricaine\/politique\/rca-3023-ex-combattants-des-groupes-armes-desarmes-et-demobilises-depuis-2018\"},\"wordCount\":346,\"commentCount\":0,\"image\":{\"@id\":\"https:\/\/www.africa-press.net\/centrafricaine\/politique\/rca-3023-ex-combattants-des-groupes-armes-desarmes-et-demobilises-depuis-2018#primaryimage\"},\"thumbnailUrl\":\"https:\/\/static.africa-press.net\/centrafricaine\/sites\/45\/2021\/06\/img-60c0a1f4a3bd3.jpg\",\"keywords\":[\"Africa Press\",\"Africa Press-CentrAfricaine\",\"CentrAfricaine\"],\"articleSection\":[\"homepage-french\",\"Politique\",\"Toutes les actualit\u00e9s\"],\"inLanguage\":\"fr-FR\",\"potentialAction\":[{\"@type\":\"CommentAction\",\"name\":\"Comment\",\"target\":[\"https:\/\/www.africa-press.net\/centrafricaine\/politique\/rca-3023-ex-combattants-des-groupes-armes-desarmes-et-demobilises-depuis-2018#respond\"]}]},{\"@type\":\"WebPage\",\"@id\":\"https:\/\/www.africa-press.net\/centrafricaine\/politique\/rca-3023-ex-combattants-des-groupes-armes-desarmes-et-demobilises-depuis-2018\",\"url\":\"https:\/\/www.africa-press.net\/centrafricaine\/politique\/rca-3023-ex-combattants-des-groupes-armes-desarmes-et-demobilises-depuis-2018\",\"name\":\"3023 \u00a0ex-combattants des groupes arm\u00e9s d\u00e9sarm\u00e9s et d\u00e9mobilis\u00e9s depuis 2018 - centrafricaine\",\"isPartOf\":{\"@id\":\"https:\/\/www.africa-press.net\/centrafricaine\/#website\"},\"primaryImageOfPage\":{\"@id\":\"https:\/\/www.africa-press.net\/centrafricaine\/politique\/rca-3023-ex-combattants-des-groupes-armes-desarmes-et-demobilises-depuis-2018#primaryimage\"},\"image\":{\"@id\":\"https:\/\/www.africa-press.net\/centrafricaine\/politique\/rca-3023-ex-combattants-des-groupes-armes-desarmes-et-demobilises-depuis-2018#primaryimage\"},\"thumbnailUrl\":\"https:\/\/static.africa-press.net\/centrafricaine\/sites\/45\/2021\/06\/img-60c0a1f4a3bd3.jpg\",\"datePublished\":\"2021-06-09T11:14:07+00:00\",\"dateModified\":\"2021-06-09T20:05:03+00:00\",\"author\":{\"@id\":\"https:\/\/www.africa-press.net\/centrafricaine\/#\/schema\/person\/2b1cf3cd81a31e3cd26889ca66d677f1\"},\"breadcrumb\":{\"@id\":\"https:\/\/www.africa-press.net\/centrafricaine\/politique\/rca-3023-ex-combattants-des-groupes-armes-desarmes-et-demobilises-depuis-2018#breadcrumb\"},\"inLanguage\":\"fr-FR\",\"potentialAction\":[{\"@type\":\"ReadAction\",\"target\":[\"https:\/\/www.africa-press.net\/centrafricaine\/politique\/rca-3023-ex-combattants-des-groupes-armes-desarmes-et-demobilises-depuis-2018\"]}]},{\"@type\":\"ImageObject\",\"inLanguage\":\"fr-FR\",\"@id\":\"https:\/\/www.africa-press.net\/centrafricaine\/politique\/rca-3023-ex-combattants-des-groupes-armes-desarmes-et-demobilises-depuis-2018#primaryimage\",\"url\":\"https:\/\/static.africa-press.net\/centrafricaine\/sites\/45\/2021\/06\/img-60c0a1f4a3bd3.jpg\",\"contentUrl\":\"https:\/\/static.africa-press.net\/centrafricaine\/sites\/45\/2021\/06\/img-60c0a1f4a3bd3.jpg\",\"width\":720,\"height\":493,\"caption\":\"RCA\u00a0: 3023 \u00a0ex-combattants des groupes arm\u00e9s d\u00e9sarm\u00e9s et d\u00e9mobilis\u00e9s depuis 2018\"},{\"@type\":\"BreadcrumbList\",\"@id\":\"https:\/\/www.africa-press.net\/centrafricaine\/politique\/rca-3023-ex-combattants-des-groupes-armes-desarmes-et-demobilises-depuis-2018#breadcrumb\",\"itemListElement\":[{\"@type\":\"ListItem\",\"position\":1,\"name\":\"Accueil\",\"item\":\"https:\/\/www.africa-press.net\/centrafricaine\/\"},{\"@type\":\"ListItem\",\"position\":2,\"name\":\"3023 \u00a0ex-combattants des groupes arm\u00e9s d\u00e9sarm\u00e9s et d\u00e9mobilis\u00e9s depuis 2018\"}]},{\"@type\":\"WebSite\",\"@id\":\"https:\/\/www.africa-press.net\/centrafricaine\/#website\",\"url\":\"https:\/\/www.africa-press.net\/centrafricaine\/\",\"name\":\"centrafricaine\",\"description\":\"Just another Africa News Agency Sites site\",\"potentialAction\":[{\"@type\":\"SearchAction\",\"target\":{\"@type\":\"EntryPoint\",\"urlTemplate\":\"https:\/\/www.africa-press.net\/centrafricaine\/?s={search_term_string}\"},\"query-input\":{\"@type\":\"PropertyValueSpecification\",\"valueRequired\":true,\"valueName\":\"search_term_string\"}}],\"inLanguage\":\"fr-FR\"},{\"@type\":\"Person\",\"@id\":\"https:\/\/www.africa-press.net\/centrafricaine\/#\/schema\/person\/2b1cf3cd81a31e3cd26889ca66d677f1\",\"name\":\"cfeditorfr\"}]}<\/script>\n<!-- \/ Yoast SEO Premium plugin. -->","yoast_head_json":{"title":"3023 \u00a0ex-combattants des groupes arm\u00e9s d\u00e9sarm\u00e9s et d\u00e9mobilis\u00e9s depuis 2018 - centrafricaine","robots":{"index":"index","follow":"follow","max-snippet":"max-snippet:-1","max-image-preview":"max-image-preview:large","max-video-preview":"max-video-preview:-1"},"canonical":"https:\/\/www.africa-press.net\/centrafricaine\/politique\/rca-3023-ex-combattants-des-groupes-armes-desarmes-et-demobilises-depuis-2018","og_locale":"fr_FR","og_type":"article","og_title":"3023 \u00a0ex-combattants des groupes arm\u00e9s d\u00e9sarm\u00e9s et d\u00e9mobilis\u00e9s depuis 2018","og_description":"Africa-Press &#8211; CentrAfricaine.\u00a0 \u00a0Selon la coordination du d\u00e9sarmement, d\u00e9mobilisation, r\u00e9insertion et rapatriement (DDRR), environ issus de 14 groupes arm\u00e9s actifs en Centrafrique 3023 combattants des groupes arm\u00e9s issus de 14 groupes arm\u00e9s actifs en Centrafrique ont \u00e9t\u00e9 d\u00e9sarm\u00e9s \u00e0 Bangui, Bimbo, B\u00e9goua et dans les zones de d\u00e9fense du nord-ouest ainsi que du nord-Est, a [&hellip;]","og_url":"https:\/\/www.africa-press.net\/centrafricaine\/politique\/rca-3023-ex-combattants-des-groupes-armes-desarmes-et-demobilises-depuis-2018","og_site_name":"centrafricaine","article_published_time":"2021-06-09T11:14:07+00:00","article_modified_time":"2021-06-09T20:05:03+00:00","og_image":[{"width":720,"height":493,"url":"https:\/\/static.africa-press.net\/centrafricaine\/sites\/45\/2021\/06\/img-60c0a1f4a3bd3.jpg","type":"image\/jpeg"}],"author":"cfeditorfr","twitter_card":"summary_large_image","twitter_misc":{"\u00c9crit par":"cfeditorfr","Dur\u00e9e de lecture estim\u00e9e":"2 minutes"},"schema":{"@context":"https:\/\/schema.org","@graph":[{"@type":"Article","@id":"https:\/\/www.africa-press.net\/centrafricaine\/politique\/rca-3023-ex-combattants-des-groupes-armes-desarmes-et-demobilises-depuis-2018#article","isPartOf":{"@id":"https:\/\/www.africa-press.net\/centrafricaine\/politique\/rca-3023-ex-combattants-des-groupes-armes-desarmes-et-demobilises-depuis-2018"},"author":{"name":"cfeditorfr","@id":"https:\/\/www.africa-press.net\/centrafricaine\/#\/schema\/person\/2b1cf3cd81a31e3cd26889ca66d677f1"},"headline":"3023 \u00a0ex-combattants des groupes arm\u00e9s d\u00e9sarm\u00e9s et d\u00e9mobilis\u00e9s depuis 2018","datePublished":"2021-06-09T11:14:07+00:00","dateModified":"2021-06-09T20:05:03+00:00","mainEntityOfPage":{"@id":"https:\/\/www.africa-press.net\/centrafricaine\/politique\/rca-3023-ex-combattants-des-groupes-armes-desarmes-et-demobilises-depuis-2018"},"wordCount":346,"commentCount":0,"image":{"@id":"https:\/\/www.africa-press.net\/centrafricaine\/politique\/rca-3023-ex-combattants-des-groupes-armes-desarmes-et-demobilises-depuis-2018#primaryimage"},"thumbnailUrl":"https:\/\/static.africa-press.net\/centrafricaine\/sites\/45\/2021\/06\/img-60c0a1f4a3bd3.jpg","keywords":["Africa Press","Africa Press-CentrAfricaine","CentrAfricaine"],"articleSection":["homepage-french","Politique","Toutes les actualit\u00e9s"],"inLanguage":"fr-FR","potentialAction":[{"@type":"CommentAction","name":"Comment","target":["https:\/\/www.africa-press.net\/centrafricaine\/politique\/rca-3023-ex-combattants-des-groupes-armes-desarmes-et-demobilises-depuis-2018#respond"]}]},{"@type":"WebPage","@id":"https:\/\/www.africa-press.net\/centrafricaine\/politique\/rca-3023-ex-combattants-des-groupes-armes-desarmes-et-demobilises-depuis-2018","url":"https:\/\/www.africa-press.net\/centrafricaine\/politique\/rca-3023-ex-combattants-des-groupes-armes-desarmes-et-demobilises-depuis-2018","name":"3023 \u00a0ex-combattants des groupes arm\u00e9s d\u00e9sarm\u00e9s et d\u00e9mobilis\u00e9s depuis 2018 - centrafricaine","isPartOf":{"@id":"https:\/\/www.africa-press.net\/centrafricaine\/#website"},"primaryImageOfPage":{"@id":"https:\/\/www.africa-press.net\/centrafricaine\/politique\/rca-3023-ex-combattants-des-groupes-armes-desarmes-et-demobilises-depuis-2018#primaryimage"},"image":{"@id":"https:\/\/www.africa-press.net\/centrafricaine\/politique\/rca-3023-ex-combattants-des-groupes-armes-desarmes-et-demobilises-depuis-2018#primaryimage"},"thumbnailUrl":"https:\/\/static.africa-press.net\/centrafricaine\/sites\/45\/2021\/06\/img-60c0a1f4a3bd3.jpg","datePublished":"2021-06-09T11:14:07+00:00","dateModified":"2021-06-09T20:05:03+00:00","author":{"@id":"https:\/\/www.africa-press.net\/centrafricaine\/#\/schema\/person\/2b1cf3cd81a31e3cd26889ca66d677f1"},"breadcrumb":{"@id":"https:\/\/www.africa-press.net\/centrafricaine\/politique\/rca-3023-ex-combattants-des-groupes-armes-desarmes-et-demobilises-depuis-2018#breadcrumb"},"inLanguage":"fr-FR","potentialAction":[{"@type":"ReadAction","target":["https:\/\/www.africa-press.net\/centrafricaine\/politique\/rca-3023-ex-combattants-des-groupes-armes-desarmes-et-demobilises-depuis-2018"]}]},{"@type":"ImageObject","inLanguage":"fr-FR","@id":"https:\/\/www.africa-press.net\/centrafricaine\/politique\/rca-3023-ex-combattants-des-groupes-armes-desarmes-et-demobilises-depuis-2018#primaryimage","url":"https:\/\/static.africa-press.net\/centrafricaine\/sites\/45\/2021\/06\/img-60c0a1f4a3bd3.jpg","contentUrl":"https:\/\/static.africa-press.net\/centrafricaine\/sites\/45\/2021\/06\/img-60c0a1f4a3bd3.jpg","width":720,"height":493,"caption":"RCA\u00a0: 3023 \u00a0ex-combattants des groupes arm\u00e9s d\u00e9sarm\u00e9s et d\u00e9mobilis\u00e9s depuis 2018"},{"@type":"BreadcrumbList","@id":"https:\/\/www.africa-press.net\/centrafricaine\/politique\/rca-3023-ex-combattants-des-groupes-armes-desarmes-et-demobilises-depuis-2018#breadcrumb","itemListElement":[{"@type":"ListItem","position":1,"name":"Accueil","item":"https:\/\/www.africa-press.net\/centrafricaine\/"},{"@type":"ListItem","position":2,"name":"3023 \u00a0ex-combattants des groupes arm\u00e9s d\u00e9sarm\u00e9s et d\u00e9mobilis\u00e9s depuis 2018"}]},{"@type":"WebSite","@id":"https:\/\/www.africa-press.net\/centrafricaine\/#website","url":"https:\/\/www.africa-press.net\/centrafricaine\/","name":"centrafricaine","description":"Just another Africa News Agency Sites site","potentialAction":[{"@type":"SearchAction","target":{"@type":"EntryPoint","urlTemplate":"https:\/\/www.africa-press.net\/centrafricaine\/?s={search_term_string}"},"query-input":{"@type":"PropertyValueSpecification","valueRequired":true,"valueName":"search_term_string"}}],"inLanguage":"fr-FR"},{"@type":"Person","@id":"https:\/\/www.africa-press.net\/centrafricaine\/#\/schema\/person\/2b1cf3cd81a31e3cd26889ca66d677f1","name":"cfeditorfr"}]}},"_links":{"self":[{"href":"https:\/\/www.africa-press.net\/centrafricaine\/wp-json\/wp\/v2\/posts\/7857","targetHints":{"allow":["GET"]}}],"collection":[{"href":"https:\/\/www.africa-press.net\/centrafricaine\/wp-json\/wp\/v2\/posts"}],"about":[{"href":"https:\/\/www.africa-press.net\/centrafricaine\/wp-json\/wp\/v2\/types\/post"}],"author":[{"embeddable":true,"href":"https:\/\/www.africa-press.net\/centrafricaine\/wp-json\/wp\/v2\/users\/82"}],"replies":[{"embeddable":true,"href":"https:\/\/www.africa-press.net\/centrafricaine\/wp-json\/wp\/v2\/comments?post=7857"}],"version-history":[{"count":0,"href":"https:\/\/www.africa-press.net\/centrafricaine\/wp-json\/wp\/v2\/posts\/7857\/revisions"}],"wp:featuredmedia":[{"embeddable":true,"href":"https:\/\/www.africa-press.net\/centrafricaine\/wp-json\/wp\/v2\/media\/7856"}],"wp:attachment":[{"href":"https:\/\/www.africa-press.net\/centrafricaine\/wp-json\/wp\/v2\/media?parent=7857"}],"wp:term":[{"taxonomy":"category","embeddable":true,"href":"https:\/\/www.africa-press.net\/centrafricaine\/wp-json\/wp\/v2\/categories?post=7857"},{"taxonomy":"post_tag","embeddable":true,"href":"https:\/\/www.africa-press.net\/centrafricaine\/wp-json\/wp\/v2\/tags?post=7857"}],"curies":[{"name":"wp","href":"https:\/\/api.w.org\/{rel}","templated":true}]}}