{"id":7985,"date":"2021-06-11T12:52:40","date_gmt":"2021-06-11T12:52:40","guid":{"rendered":"https:\/\/www.africa-press.net\/centrafricaine\/?p=7985"},"modified":"2021-06-11T15:44:17","modified_gmt":"2021-06-11T15:44:17","slug":"la-presence-de-wagner-dont-personne-ne-parle-a-la-frontiere-centrafricano-tchadienne","status":"publish","type":"post","link":"https:\/\/www.africa-press.net\/centrafricaine\/politique\/la-presence-de-wagner-dont-personne-ne-parle-a-la-frontiere-centrafricano-tchadienne","title":{"rendered":"La pr\u00e9sence de Wagner dont personne ne parle \u00e0 la fronti\u00e8re centrafricano-tchadienne"},"content":{"rendered":"<p><span style=\"color: #ff6600\"><strong><a href=\"https:\/\/www.africa-press.net\/\">Africa-Press<\/a> &#8211; <a href=\"https:\/\/www.africa-press.net\/centrafricaine\">CentrAfricaine<\/a>.\u00a0 <\/strong><\/span>\u00a0Suite aux combats meurtriers entre des soldats centrafricains et tchadiens \u00e0 la fronti\u00e8re entre les deux pays, le Tchad a accus\u00e9 la Centrafrique de \u00ab crime de guerre \u00bb. Les deux pays ont ouvert des discussions diplomatiques pour calmer les tensions.<\/p>\n<p>La d\u00e9l\u00e9gation centrafricaine, compos\u00e9e des ministres des affaires \u00e9trang\u00e8res, de la d\u00e9fense nationale et s\u00e9curit\u00e9 publique, s\u2019est rendue \u00e0 N\u2019djamena pour essayer de calmer les choses avec son voisin tchadien. A l\u2019issue de la rencontre, la partie centrafricaine a reconnu \u00ab sa surprise \u00bb concernant cette attaque et a propos\u00e9 au Tchad une enqu\u00eate conjointe. Surprise feinte ou r\u00e9elle, \u00ab il est impensable que les militaires centrafricains prennent l\u2019initiative de traverser une fronti\u00e8re sans en avoir re\u00e7u l\u2019ordre \u00bb affirment de nombreux sp\u00e9cialistes des conflits en Afrique subsaharienne.<\/p>\n<p>Il y en a par contre d\u2019autres qui sont capables de s\u2019affranchir des fronti\u00e8res tout comme ils s\u2019affranchissent de l\u2019Etat de droit et de la souverainet\u00e9 \u00e9tatique. Ceux-l\u00e0 m\u00eames sont les mercenaires de Wagner. Selon plusieurs t\u00e9moignages recueillis dans les deux pays, ce sont bien des hommes parlant russe et arabe qui ont franchi la fronti\u00e8re et qui ont kidnapp\u00e9 les militaires tchadiens pour les ramener en territoire centrafricain pour ensuite les assassiner avec sang-froid. Selon certaines sources \u00e0 la solde de Wagner, les militaires tchadiens ont \u00e9t\u00e9 malencontreusement touch\u00e9s alors que les Russes ciblaient soi-disant des mercenaires tchadiens\u2026 Mais depuis quand ne sait-on pas faire la diff\u00e9rence entre un mercenaire et un militaire ? Les hommes de Wagner sont pourtant des mercenaires eux-m\u00eames ils devraient donc savoir. On les reconna\u00eet bien d\u2019ailleurs ces mercenaires russes quand ils se prom\u00e8nent dans Bangui avec leurs treillis d\u00e9pareill\u00e9s, leurs baskets achet\u00e9s aux vendeurs de PK0 et leurs cagoules. Jamais on ne confondrait un mercenaire avec un vrai militaire, pourquoi eux le feraient alors ?<\/p>\n<p>Apr\u00e8s avoir commis des exactions contre la population civile, apr\u00e8s avoir vol\u00e9 les biens de Centrafricains innocents, apr\u00e8s avoir arr\u00eat\u00e9s des jeunes pour la seule raison qu\u2019ils \u00e9taient musulmans et les avoir fait dispara\u00eetre, maintenant les mercenaires russes s\u2019en prennent carr\u00e9ment \u00e0 des militaires d\u2019un pays voisin, d\u2019un peuple fr\u00e8re, dont ils violent la fronti\u00e8re. Ils n\u2019ont donc aucune limite.<\/p>\n<p>Nous connaissons la capacit\u00e9 des hommes de Wagner \u00e0 mener la guerre de la d\u00e9sinformation et des fake news \u00e0 Bangui. Ils vont ainsi certainement essayer \u00e0 travers des influenceurs qu\u2019ils paient d\u2019imposer une version des faits les d\u00e9douanant de toute responsabilit\u00e9 mais qui mettra certainement les FACA dans une situation d\u00e9licate. Il y a fort \u00e0 parier que leurs prochaines victimes seront leurs alli\u00e9s au combat, les militaires centrafricains, et apr\u00e8s peut-\u00eatre m\u00eame nos dirigeants politiques.<\/p>\n<p>D\u2019autant plus qu\u2019une enqu\u00eate men\u00e9e par une commission de l\u2019ONU est en cours, toute la v\u00e9rit\u00e9 va donc sortir. Dans l\u2019attente des r\u00e9sultats de cette enqu\u00eate, l\u2019affaire est \u00e0 suivre avec vigilance !<\/p>\n<p><b>\u00a0<\/b><\/p>\n","protected":false},"excerpt":{"rendered":"<p>Africa-Press &#8211; CentrAfricaine.\u00a0 \u00a0Suite aux combats meurtriers entre des soldats centrafricains et tchadiens \u00e0 la fronti\u00e8re entre les deux pays, le Tchad a accus\u00e9 la Centrafrique de \u00ab crime de guerre \u00bb. Les deux pays ont ouvert des discussions diplomatiques pour calmer les tensions. La d\u00e9l\u00e9gation centrafricaine, compos\u00e9e des ministres des affaires \u00e9trang\u00e8res, de la [&hellip;]<\/p>\n","protected":false},"author":82,"featured_media":7984,"comment_status":"open","ping_status":"closed","sticky":false,"template":"","format":"standard","meta":{"footnotes":""},"categories":[11,2,20,10],"tags":[36,58,30],"class_list":["post-7985","post","type-post","status-publish","format-standard","has-post-thumbnail","hentry","category-homepage-french","category-politique","category-top-nouvelles","category-toutes-les-actualites","tag-africa-press","tag-africa-press-centrafricaine","tag-centrafricaine"],"yoast_head":"<!-- This site is optimized with the Yoast SEO Premium plugin v26.1 (Yoast SEO v27.0) - https:\/\/yoast.com\/product\/yoast-seo-premium-wordpress\/ -->\n<title>La pr\u00e9sence de Wagner dont personne ne parle \u00e0 la fronti\u00e8re centrafricano-tchadienne - centrafricaine<\/title>\n<meta name=\"description\" content=\"Bangui, R\u00e9publique centrafricaine, vendredi, 11 juin 2021, 03:59:30 ( Corbeaunews-Centrafrique ). Suite aux comb ...\" \/>\n<meta name=\"robots\" content=\"index, follow, max-snippet:-1, max-image-preview:large, max-video-preview:-1\" \/>\n<link rel=\"canonical\" href=\"https:\/\/www.africa-press.net\/centrafricaine\/politique\/la-presence-de-wagner-dont-personne-ne-parle-a-la-frontiere-centrafricano-tchadienne\" \/>\n<meta property=\"og:locale\" content=\"fr_FR\" \/>\n<meta property=\"og:type\" content=\"article\" \/>\n<meta property=\"og:title\" content=\"La pr\u00e9sence de Wagner dont personne ne parle \u00e0 la fronti\u00e8re centrafricano-tchadienne\" \/>\n<meta property=\"og:description\" content=\"Bangui, R\u00e9publique centrafricaine, vendredi, 11 juin 2021, 03:59:30 ( Corbeaunews-Centrafrique ). Suite aux comb ...\" \/>\n<meta property=\"og:url\" content=\"https:\/\/www.africa-press.net\/centrafricaine\/politique\/la-presence-de-wagner-dont-personne-ne-parle-a-la-frontiere-centrafricano-tchadienne\" \/>\n<meta property=\"og:site_name\" content=\"centrafricaine\" \/>\n<meta property=\"article:published_time\" content=\"2021-06-11T12:52:40+00:00\" \/>\n<meta property=\"article:modified_time\" content=\"2021-06-11T15:44:17+00:00\" \/>\n<meta property=\"og:image\" content=\"https:\/\/static.africa-press.net\/centrafricaine\/sites\/45\/2021\/06\/img-60c3588fe1573.jpg\" \/>\n\t<meta property=\"og:image:width\" content=\"720\" \/>\n\t<meta property=\"og:image:height\" content=\"460\" \/>\n\t<meta property=\"og:image:type\" content=\"image\/jpeg\" \/>\n<meta name=\"author\" content=\"cfeditorfr\" \/>\n<meta name=\"twitter:card\" content=\"summary_large_image\" \/>\n<meta name=\"twitter:label1\" content=\"\u00c9crit par\" \/>\n\t<meta name=\"twitter:data1\" content=\"cfeditorfr\" \/>\n\t<meta name=\"twitter:label2\" content=\"Dur\u00e9e de lecture estim\u00e9e\" \/>\n\t<meta name=\"twitter:data2\" content=\"3 minutes\" \/>\n<script type=\"application\/ld+json\" class=\"yoast-schema-graph\">{\"@context\":\"https:\/\/schema.org\",\"@graph\":[{\"@type\":\"Article\",\"@id\":\"https:\/\/www.africa-press.net\/centrafricaine\/politique\/la-presence-de-wagner-dont-personne-ne-parle-a-la-frontiere-centrafricano-tchadienne#article\",\"isPartOf\":{\"@id\":\"https:\/\/www.africa-press.net\/centrafricaine\/politique\/la-presence-de-wagner-dont-personne-ne-parle-a-la-frontiere-centrafricano-tchadienne\"},\"author\":{\"name\":\"cfeditorfr\",\"@id\":\"https:\/\/www.africa-press.net\/centrafricaine\/#\/schema\/person\/2b1cf3cd81a31e3cd26889ca66d677f1\"},\"headline\":\"La pr\u00e9sence de Wagner dont personne ne parle \u00e0 la fronti\u00e8re centrafricano-tchadienne\",\"datePublished\":\"2021-06-11T12:52:40+00:00\",\"dateModified\":\"2021-06-11T15:44:17+00:00\",\"mainEntityOfPage\":{\"@id\":\"https:\/\/www.africa-press.net\/centrafricaine\/politique\/la-presence-de-wagner-dont-personne-ne-parle-a-la-frontiere-centrafricano-tchadienne\"},\"wordCount\":536,\"commentCount\":0,\"image\":{\"@id\":\"https:\/\/www.africa-press.net\/centrafricaine\/politique\/la-presence-de-wagner-dont-personne-ne-parle-a-la-frontiere-centrafricano-tchadienne#primaryimage\"},\"thumbnailUrl\":\"https:\/\/static.africa-press.net\/centrafricaine\/sites\/45\/2021\/06\/img-60c3588fe1573.jpg\",\"keywords\":[\"Africa Press\",\"Africa Press-CentrAfricaine\",\"CentrAfricaine\"],\"articleSection\":[\"homepage-french\",\"Politique\",\"Top Nouvelles\",\"Toutes les actualit\u00e9s\"],\"inLanguage\":\"fr-FR\",\"potentialAction\":[{\"@type\":\"CommentAction\",\"name\":\"Comment\",\"target\":[\"https:\/\/www.africa-press.net\/centrafricaine\/politique\/la-presence-de-wagner-dont-personne-ne-parle-a-la-frontiere-centrafricano-tchadienne#respond\"]}]},{\"@type\":\"WebPage\",\"@id\":\"https:\/\/www.africa-press.net\/centrafricaine\/politique\/la-presence-de-wagner-dont-personne-ne-parle-a-la-frontiere-centrafricano-tchadienne\",\"url\":\"https:\/\/www.africa-press.net\/centrafricaine\/politique\/la-presence-de-wagner-dont-personne-ne-parle-a-la-frontiere-centrafricano-tchadienne\",\"name\":\"La pr\u00e9sence de Wagner dont personne ne parle \u00e0 la fronti\u00e8re centrafricano-tchadienne - centrafricaine\",\"isPartOf\":{\"@id\":\"https:\/\/www.africa-press.net\/centrafricaine\/#website\"},\"primaryImageOfPage\":{\"@id\":\"https:\/\/www.africa-press.net\/centrafricaine\/politique\/la-presence-de-wagner-dont-personne-ne-parle-a-la-frontiere-centrafricano-tchadienne#primaryimage\"},\"image\":{\"@id\":\"https:\/\/www.africa-press.net\/centrafricaine\/politique\/la-presence-de-wagner-dont-personne-ne-parle-a-la-frontiere-centrafricano-tchadienne#primaryimage\"},\"thumbnailUrl\":\"https:\/\/static.africa-press.net\/centrafricaine\/sites\/45\/2021\/06\/img-60c3588fe1573.jpg\",\"datePublished\":\"2021-06-11T12:52:40+00:00\",\"dateModified\":\"2021-06-11T15:44:17+00:00\",\"author\":{\"@id\":\"https:\/\/www.africa-press.net\/centrafricaine\/#\/schema\/person\/2b1cf3cd81a31e3cd26889ca66d677f1\"},\"description\":\"Bangui, R\u00e9publique centrafricaine, vendredi, 11 juin 2021, 03:59:30 ( Corbeaunews-Centrafrique ). Suite aux comb ...\",\"breadcrumb\":{\"@id\":\"https:\/\/www.africa-press.net\/centrafricaine\/politique\/la-presence-de-wagner-dont-personne-ne-parle-a-la-frontiere-centrafricano-tchadienne#breadcrumb\"},\"inLanguage\":\"fr-FR\",\"potentialAction\":[{\"@type\":\"ReadAction\",\"target\":[\"https:\/\/www.africa-press.net\/centrafricaine\/politique\/la-presence-de-wagner-dont-personne-ne-parle-a-la-frontiere-centrafricano-tchadienne\"]}]},{\"@type\":\"ImageObject\",\"inLanguage\":\"fr-FR\",\"@id\":\"https:\/\/www.africa-press.net\/centrafricaine\/politique\/la-presence-de-wagner-dont-personne-ne-parle-a-la-frontiere-centrafricano-tchadienne#primaryimage\",\"url\":\"https:\/\/static.africa-press.net\/centrafricaine\/sites\/45\/2021\/06\/img-60c3588fe1573.jpg\",\"contentUrl\":\"https:\/\/static.africa-press.net\/centrafricaine\/sites\/45\/2021\/06\/img-60c3588fe1573.jpg\",\"width\":720,\"height\":460,\"caption\":\"La pr\u00e9sence de Wagner dont personne ne parle \u00e0 la fronti\u00e8re centrafricano-tchadienne\"},{\"@type\":\"BreadcrumbList\",\"@id\":\"https:\/\/www.africa-press.net\/centrafricaine\/politique\/la-presence-de-wagner-dont-personne-ne-parle-a-la-frontiere-centrafricano-tchadienne#breadcrumb\",\"itemListElement\":[{\"@type\":\"ListItem\",\"position\":1,\"name\":\"Accueil\",\"item\":\"https:\/\/www.africa-press.net\/centrafricaine\/\"},{\"@type\":\"ListItem\",\"position\":2,\"name\":\"La pr\u00e9sence de Wagner dont personne ne parle \u00e0 la fronti\u00e8re centrafricano-tchadienne\"}]},{\"@type\":\"WebSite\",\"@id\":\"https:\/\/www.africa-press.net\/centrafricaine\/#website\",\"url\":\"https:\/\/www.africa-press.net\/centrafricaine\/\",\"name\":\"centrafricaine\",\"description\":\"Just another Africa News Agency Sites site\",\"potentialAction\":[{\"@type\":\"SearchAction\",\"target\":{\"@type\":\"EntryPoint\",\"urlTemplate\":\"https:\/\/www.africa-press.net\/centrafricaine\/?s={search_term_string}\"},\"query-input\":{\"@type\":\"PropertyValueSpecification\",\"valueRequired\":true,\"valueName\":\"search_term_string\"}}],\"inLanguage\":\"fr-FR\"},{\"@type\":\"Person\",\"@id\":\"https:\/\/www.africa-press.net\/centrafricaine\/#\/schema\/person\/2b1cf3cd81a31e3cd26889ca66d677f1\",\"name\":\"cfeditorfr\"}]}<\/script>\n<!-- \/ Yoast SEO Premium plugin. -->","yoast_head_json":{"title":"La pr\u00e9sence de Wagner dont personne ne parle \u00e0 la fronti\u00e8re centrafricano-tchadienne - centrafricaine","description":"Bangui, R\u00e9publique centrafricaine, vendredi, 11 juin 2021, 03:59:30 ( Corbeaunews-Centrafrique ). Suite aux comb ...","robots":{"index":"index","follow":"follow","max-snippet":"max-snippet:-1","max-image-preview":"max-image-preview:large","max-video-preview":"max-video-preview:-1"},"canonical":"https:\/\/www.africa-press.net\/centrafricaine\/politique\/la-presence-de-wagner-dont-personne-ne-parle-a-la-frontiere-centrafricano-tchadienne","og_locale":"fr_FR","og_type":"article","og_title":"La pr\u00e9sence de Wagner dont personne ne parle \u00e0 la fronti\u00e8re centrafricano-tchadienne","og_description":"Bangui, R\u00e9publique centrafricaine, vendredi, 11 juin 2021, 03:59:30 ( Corbeaunews-Centrafrique ). Suite aux comb ...","og_url":"https:\/\/www.africa-press.net\/centrafricaine\/politique\/la-presence-de-wagner-dont-personne-ne-parle-a-la-frontiere-centrafricano-tchadienne","og_site_name":"centrafricaine","article_published_time":"2021-06-11T12:52:40+00:00","article_modified_time":"2021-06-11T15:44:17+00:00","og_image":[{"width":720,"height":460,"url":"https:\/\/static.africa-press.net\/centrafricaine\/sites\/45\/2021\/06\/img-60c3588fe1573.jpg","type":"image\/jpeg"}],"author":"cfeditorfr","twitter_card":"summary_large_image","twitter_misc":{"\u00c9crit par":"cfeditorfr","Dur\u00e9e de lecture estim\u00e9e":"3 minutes"},"schema":{"@context":"https:\/\/schema.org","@graph":[{"@type":"Article","@id":"https:\/\/www.africa-press.net\/centrafricaine\/politique\/la-presence-de-wagner-dont-personne-ne-parle-a-la-frontiere-centrafricano-tchadienne#article","isPartOf":{"@id":"https:\/\/www.africa-press.net\/centrafricaine\/politique\/la-presence-de-wagner-dont-personne-ne-parle-a-la-frontiere-centrafricano-tchadienne"},"author":{"name":"cfeditorfr","@id":"https:\/\/www.africa-press.net\/centrafricaine\/#\/schema\/person\/2b1cf3cd81a31e3cd26889ca66d677f1"},"headline":"La pr\u00e9sence de Wagner dont personne ne parle \u00e0 la fronti\u00e8re centrafricano-tchadienne","datePublished":"2021-06-11T12:52:40+00:00","dateModified":"2021-06-11T15:44:17+00:00","mainEntityOfPage":{"@id":"https:\/\/www.africa-press.net\/centrafricaine\/politique\/la-presence-de-wagner-dont-personne-ne-parle-a-la-frontiere-centrafricano-tchadienne"},"wordCount":536,"commentCount":0,"image":{"@id":"https:\/\/www.africa-press.net\/centrafricaine\/politique\/la-presence-de-wagner-dont-personne-ne-parle-a-la-frontiere-centrafricano-tchadienne#primaryimage"},"thumbnailUrl":"https:\/\/static.africa-press.net\/centrafricaine\/sites\/45\/2021\/06\/img-60c3588fe1573.jpg","keywords":["Africa Press","Africa Press-CentrAfricaine","CentrAfricaine"],"articleSection":["homepage-french","Politique","Top Nouvelles","Toutes les actualit\u00e9s"],"inLanguage":"fr-FR","potentialAction":[{"@type":"CommentAction","name":"Comment","target":["https:\/\/www.africa-press.net\/centrafricaine\/politique\/la-presence-de-wagner-dont-personne-ne-parle-a-la-frontiere-centrafricano-tchadienne#respond"]}]},{"@type":"WebPage","@id":"https:\/\/www.africa-press.net\/centrafricaine\/politique\/la-presence-de-wagner-dont-personne-ne-parle-a-la-frontiere-centrafricano-tchadienne","url":"https:\/\/www.africa-press.net\/centrafricaine\/politique\/la-presence-de-wagner-dont-personne-ne-parle-a-la-frontiere-centrafricano-tchadienne","name":"La pr\u00e9sence de Wagner dont personne ne parle \u00e0 la fronti\u00e8re centrafricano-tchadienne - centrafricaine","isPartOf":{"@id":"https:\/\/www.africa-press.net\/centrafricaine\/#website"},"primaryImageOfPage":{"@id":"https:\/\/www.africa-press.net\/centrafricaine\/politique\/la-presence-de-wagner-dont-personne-ne-parle-a-la-frontiere-centrafricano-tchadienne#primaryimage"},"image":{"@id":"https:\/\/www.africa-press.net\/centrafricaine\/politique\/la-presence-de-wagner-dont-personne-ne-parle-a-la-frontiere-centrafricano-tchadienne#primaryimage"},"thumbnailUrl":"https:\/\/static.africa-press.net\/centrafricaine\/sites\/45\/2021\/06\/img-60c3588fe1573.jpg","datePublished":"2021-06-11T12:52:40+00:00","dateModified":"2021-06-11T15:44:17+00:00","author":{"@id":"https:\/\/www.africa-press.net\/centrafricaine\/#\/schema\/person\/2b1cf3cd81a31e3cd26889ca66d677f1"},"description":"Bangui, R\u00e9publique centrafricaine, vendredi, 11 juin 2021, 03:59:30 ( Corbeaunews-Centrafrique ). Suite aux comb ...","breadcrumb":{"@id":"https:\/\/www.africa-press.net\/centrafricaine\/politique\/la-presence-de-wagner-dont-personne-ne-parle-a-la-frontiere-centrafricano-tchadienne#breadcrumb"},"inLanguage":"fr-FR","potentialAction":[{"@type":"ReadAction","target":["https:\/\/www.africa-press.net\/centrafricaine\/politique\/la-presence-de-wagner-dont-personne-ne-parle-a-la-frontiere-centrafricano-tchadienne"]}]},{"@type":"ImageObject","inLanguage":"fr-FR","@id":"https:\/\/www.africa-press.net\/centrafricaine\/politique\/la-presence-de-wagner-dont-personne-ne-parle-a-la-frontiere-centrafricano-tchadienne#primaryimage","url":"https:\/\/static.africa-press.net\/centrafricaine\/sites\/45\/2021\/06\/img-60c3588fe1573.jpg","contentUrl":"https:\/\/static.africa-press.net\/centrafricaine\/sites\/45\/2021\/06\/img-60c3588fe1573.jpg","width":720,"height":460,"caption":"La pr\u00e9sence de Wagner dont personne ne parle \u00e0 la fronti\u00e8re centrafricano-tchadienne"},{"@type":"BreadcrumbList","@id":"https:\/\/www.africa-press.net\/centrafricaine\/politique\/la-presence-de-wagner-dont-personne-ne-parle-a-la-frontiere-centrafricano-tchadienne#breadcrumb","itemListElement":[{"@type":"ListItem","position":1,"name":"Accueil","item":"https:\/\/www.africa-press.net\/centrafricaine\/"},{"@type":"ListItem","position":2,"name":"La pr\u00e9sence de Wagner dont personne ne parle \u00e0 la fronti\u00e8re centrafricano-tchadienne"}]},{"@type":"WebSite","@id":"https:\/\/www.africa-press.net\/centrafricaine\/#website","url":"https:\/\/www.africa-press.net\/centrafricaine\/","name":"centrafricaine","description":"Just another Africa News Agency Sites site","potentialAction":[{"@type":"SearchAction","target":{"@type":"EntryPoint","urlTemplate":"https:\/\/www.africa-press.net\/centrafricaine\/?s={search_term_string}"},"query-input":{"@type":"PropertyValueSpecification","valueRequired":true,"valueName":"search_term_string"}}],"inLanguage":"fr-FR"},{"@type":"Person","@id":"https:\/\/www.africa-press.net\/centrafricaine\/#\/schema\/person\/2b1cf3cd81a31e3cd26889ca66d677f1","name":"cfeditorfr"}]}},"_links":{"self":[{"href":"https:\/\/www.africa-press.net\/centrafricaine\/wp-json\/wp\/v2\/posts\/7985","targetHints":{"allow":["GET"]}}],"collection":[{"href":"https:\/\/www.africa-press.net\/centrafricaine\/wp-json\/wp\/v2\/posts"}],"about":[{"href":"https:\/\/www.africa-press.net\/centrafricaine\/wp-json\/wp\/v2\/types\/post"}],"author":[{"embeddable":true,"href":"https:\/\/www.africa-press.net\/centrafricaine\/wp-json\/wp\/v2\/users\/82"}],"replies":[{"embeddable":true,"href":"https:\/\/www.africa-press.net\/centrafricaine\/wp-json\/wp\/v2\/comments?post=7985"}],"version-history":[{"count":0,"href":"https:\/\/www.africa-press.net\/centrafricaine\/wp-json\/wp\/v2\/posts\/7985\/revisions"}],"wp:featuredmedia":[{"embeddable":true,"href":"https:\/\/www.africa-press.net\/centrafricaine\/wp-json\/wp\/v2\/media\/7984"}],"wp:attachment":[{"href":"https:\/\/www.africa-press.net\/centrafricaine\/wp-json\/wp\/v2\/media?parent=7985"}],"wp:term":[{"taxonomy":"category","embeddable":true,"href":"https:\/\/www.africa-press.net\/centrafricaine\/wp-json\/wp\/v2\/categories?post=7985"},{"taxonomy":"post_tag","embeddable":true,"href":"https:\/\/www.africa-press.net\/centrafricaine\/wp-json\/wp\/v2\/tags?post=7985"}],"curies":[{"name":"wp","href":"https:\/\/api.w.org\/{rel}","templated":true}]}}