{"id":8010,"date":"2021-06-12T13:18:48","date_gmt":"2021-06-12T13:18:48","guid":{"rendered":"https:\/\/www.africa-press.net\/centrafricaine\/?p=8010"},"modified":"2021-06-12T18:06:49","modified_gmt":"2021-06-12T18:06:49","slug":"chronique-orange-en-rca-le-pre-carre-francais-deconnecte","status":"publish","type":"post","link":"https:\/\/www.africa-press.net\/centrafricaine\/homepage-french\/chronique-orange-en-rca-le-pre-carre-francais-deconnecte","title":{"rendered":"[Chronique] Orange en RCA\u00a0: le pr\u00e9 carr\u00e9 fran\u00e7ais d\u00e9connect\u00e9\u00a0?"},"content":{"rendered":"<p><span style=\"color: #ff6600\"><strong><a href=\"https:\/\/www.africa-press.net\/\">Africa-Press<\/a> &#8211; <a href=\"https:\/\/www.africa-press.net\/centrafricaine\">CentrAfricaine<\/a>. <\/strong><\/span>L\u2019incendie qui a endommag\u00e9 les services de l\u2019op\u00e9rateur Orange en Centrafrique souligne-t-il la perte de vitesse de la France en RCA ? Les Africains souffrent d\u00e9j\u00e0 r\u00e9guli\u00e8rement d\u2019interruptions de leur acc\u00e8s \u00e0 Internet en raison de d\u00e9cisions politiques \u2013 lors de p\u00e9riodes \u00e9lectorales ou d\u2019une brouille entre un chef d\u2019\u00c9tat et un r\u00e9seau social. Mais aussi \u00e0 cause de rationnements \u00e9lectriques qui sont cens\u00e9s r\u00e9g\u00e9n\u00e9rer les batteries des t\u00e9l\u00e9phones. Ces derniers jours, ils doivent \u00e9galement compter avec les impond\u00e9rables des op\u00e9rateurs t\u00e9l\u00e9phoniques. \u00c0 la suite d\u2019un incendie chez l\u2019op\u00e9rateur Orange, dimanche 6 juin 2021, un \u00ab Africain du Centre \u00bb sur cinq s\u2019est retrouv\u00e9 sans r\u00e9seau mobile ni Internet\u2026<\/p>\n<p><b>Incendie accidentel<\/b><\/p>\n<p>D\u2019origine accidentelle, le sinistre a ravag\u00e9 une partie du si\u00e8ge de l\u2019op\u00e9rateur fran\u00e7ais \u00e0 Bangui, provoquant de graves dommages dans les locaux techniques. R\u00e9gis Deli\u00e8re, directeur g\u00e9n\u00e9ral d\u2019Orange Centrafrique, a confirm\u00e9 mercredi 9 juin que la totalit\u00e9 de ses 800 000 abonn\u00e9s avaient \u00e9t\u00e9 touch\u00e9s par cette panne colossale. Il a certifi\u00e9 que la compagnie \u00e9tudiait \u00ab les diff\u00e9rents sc\u00e9narios de relance des services \u00bb, le plus t\u00f4t possible sans annoncer une date pr\u00e9cise.<\/p>\n<p>Les ressortissants de l\u2019avant-dernier pays du monde (188 sur 189) dans le classement du Programme des Nations unies pour le d\u00e9veloppement (Pnud) ne se sont pas fait prier pour se ruer sur les cartes SIM des concurrents Telecel et Moov. Est-il anodin que cette nouvelle gal\u00e8re renvoie \u00e0 une soci\u00e9t\u00e9 fran\u00e7aise ?<\/p>\n<p>Cens\u00e9ment ind\u00e9pendante de la situation politico-militaire centrafricaine, cette d\u00e9faillance du service d\u2019Orange pourrait appara\u00eetre comme un coup de gr\u00e2ce de l\u2019image de la France \u00e0 Bangui. Si la RCA est en proie, depuis 2013, \u00e0 une guerre civile justifiant une collaboration avec l\u2019ancien colon d\u2019Oubangui-Chari, l\u2019arm\u00e9e du pr\u00e9sident Faustin Archange Touad\u00e9ra n\u2019entend pas c\u00e9der \u00e0 la France les m\u00e9rites de la r\u00e9cente reconqu\u00eate d\u2019une partie de son territoire. Ce d\u00e9samour entre les deux pays est \u00e0 observer sous le prisme du partenariat avec les Russes.<\/p>\n<p><b>Le Russie dans la bataille<\/b><\/p>\n<p>Sous les arcanes du r\u00e9gime centrafricain, beaucoup pensent que les centaines de paramilitaires \u00ab lib\u00e9rateurs \u00bb d\u00e9p\u00each\u00e9s par Moscou sont bien plus efficaces que les militaires venus de Paris. Et la Russie d\u2019assurer opportun\u00e9ment la s\u00e9curit\u00e9 du pr\u00e9sident Touad\u00e9ra et d\u2019intervenir parall\u00e8lement via la compagnie de mercenaires Wagner. De quoi faire de la Centrafrique un laboratoire sur le continent avec, en filigrane, un agenda politico-\u00e9conomique. Le minist\u00e8re fran\u00e7ais des Arm\u00e9es annon\u00e7ait, lundi 7 juin 2021, le gel de son aide budg\u00e9taire \u00e0 la Centrafrique<\/p>\n<p>Cons\u00e9quence du bras de fer, par procuration, entre Paris et Moscou \u00ad: le minist\u00e8re fran\u00e7ais des Arm\u00e9es annon\u00e7ait, lundi 7 juin 2021, le gel de son aide budg\u00e9taire \u00e0 la Centrafrique et la suspension de sa coop\u00e9ration militaire avec cet \u00c9tat jug\u00e9 \u00ab complice \u00bb d\u2019une campagne antifran\u00e7aise de \u00ab d\u00e9sinformation massive \u00bb pr\u00e9sum\u00e9e t\u00e9l\u00e9guid\u00e9e par la Russie. Le cas embl\u00e9matique de la RCA semble annoncer d\u2019autres \u00ab d\u00e9sirs de Russie \u00bb dans l\u2019ancienne zone d\u2019influence francophone, notamment depuis le sommet russo-africain de Sotchi, en 2019. Moscou s\u00e9duit des sommit\u00e9s maliennes, congolaises, guin\u00e9ennes, mauritaniennes ou burkinab\u00e8.<\/p>\n","protected":false},"excerpt":{"rendered":"<p>Africa-Press &#8211; CentrAfricaine. L\u2019incendie qui a endommag\u00e9 les services de l\u2019op\u00e9rateur Orange en Centrafrique souligne-t-il la perte de vitesse de la France en RCA ? Les Africains souffrent d\u00e9j\u00e0 r\u00e9guli\u00e8rement d\u2019interruptions de leur acc\u00e8s \u00e0 Internet en raison de d\u00e9cisions politiques \u2013 lors de p\u00e9riodes \u00e9lectorales ou d\u2019une brouille entre un chef d\u2019\u00c9tat et un [&hellip;]<\/p>\n","protected":false},"author":82,"featured_media":8009,"comment_status":"open","ping_status":"closed","sticky":false,"template":"","format":"standard","meta":{"footnotes":""},"categories":[7,11,2,20,10],"tags":[36,58,30],"class_list":["post-8010","post","type-post","status-publish","format-standard","has-post-thumbnail","hentry","category-dossiers","category-homepage-french","category-politique","category-top-nouvelles","category-toutes-les-actualites","tag-africa-press","tag-africa-press-centrafricaine","tag-centrafricaine"],"yoast_head":"<!-- This site is optimized with the Yoast SEO Premium plugin v26.1 (Yoast SEO v27.0) - https:\/\/yoast.com\/product\/yoast-seo-premium-wordpress\/ -->\n<title>[Chronique] Orange en RCA\u00a0: le pr\u00e9 carr\u00e9 fran\u00e7ais d\u00e9connect\u00e9\u00a0? - centrafricaine<\/title>\n<meta name=\"description\" content=\"L\u2019incendie qui a endommag\u00e9 les services de l\u2019op\u00e9rateur Orange en Centrafrique souligne-t-il la perte de vitesse de la Fr ...\" \/>\n<meta name=\"robots\" content=\"index, follow, max-snippet:-1, max-image-preview:large, max-video-preview:-1\" \/>\n<link rel=\"canonical\" href=\"https:\/\/www.africa-press.net\/centrafricaine\/homepage-french\/chronique-orange-en-rca-le-pre-carre-francais-deconnecte\" \/>\n<meta property=\"og:locale\" content=\"fr_FR\" \/>\n<meta property=\"og:type\" content=\"article\" \/>\n<meta property=\"og:title\" content=\"[Chronique] Orange en RCA\u00a0: le pr\u00e9 carr\u00e9 fran\u00e7ais d\u00e9connect\u00e9\u00a0?\" \/>\n<meta property=\"og:description\" content=\"L\u2019incendie qui a endommag\u00e9 les services de l\u2019op\u00e9rateur Orange en Centrafrique souligne-t-il la perte de vitesse de la Fr ...\" \/>\n<meta property=\"og:url\" content=\"https:\/\/www.africa-press.net\/centrafricaine\/homepage-french\/chronique-orange-en-rca-le-pre-carre-francais-deconnecte\" \/>\n<meta property=\"og:site_name\" content=\"centrafricaine\" \/>\n<meta property=\"article:published_time\" content=\"2021-06-12T13:18:48+00:00\" \/>\n<meta property=\"article:modified_time\" content=\"2021-06-12T18:06:49+00:00\" \/>\n<meta property=\"og:image\" content=\"https:\/\/static.africa-press.net\/centrafricaine\/sites\/45\/2021\/06\/img-60c4b33e04169.jpg\" \/>\n\t<meta property=\"og:image:width\" content=\"720\" \/>\n\t<meta property=\"og:image:height\" content=\"360\" \/>\n\t<meta property=\"og:image:type\" content=\"image\/jpeg\" \/>\n<meta name=\"author\" content=\"cfeditorfr\" \/>\n<meta name=\"twitter:card\" content=\"summary_large_image\" \/>\n<meta name=\"twitter:label1\" content=\"\u00c9crit par\" \/>\n\t<meta name=\"twitter:data1\" content=\"cfeditorfr\" \/>\n\t<meta name=\"twitter:label2\" content=\"Dur\u00e9e de lecture estim\u00e9e\" \/>\n\t<meta name=\"twitter:data2\" content=\"3 minutes\" \/>\n<script type=\"application\/ld+json\" class=\"yoast-schema-graph\">{\"@context\":\"https:\/\/schema.org\",\"@graph\":[{\"@type\":\"Article\",\"@id\":\"https:\/\/www.africa-press.net\/centrafricaine\/homepage-french\/chronique-orange-en-rca-le-pre-carre-francais-deconnecte#article\",\"isPartOf\":{\"@id\":\"https:\/\/www.africa-press.net\/centrafricaine\/homepage-french\/chronique-orange-en-rca-le-pre-carre-francais-deconnecte\"},\"author\":{\"name\":\"cfeditorfr\",\"@id\":\"https:\/\/www.africa-press.net\/centrafricaine\/#\/schema\/person\/2b1cf3cd81a31e3cd26889ca66d677f1\"},\"headline\":\"[Chronique] Orange en RCA\u00a0: le pr\u00e9 carr\u00e9 fran\u00e7ais d\u00e9connect\u00e9\u00a0?\",\"datePublished\":\"2021-06-12T13:18:48+00:00\",\"dateModified\":\"2021-06-12T18:06:49+00:00\",\"mainEntityOfPage\":{\"@id\":\"https:\/\/www.africa-press.net\/centrafricaine\/homepage-french\/chronique-orange-en-rca-le-pre-carre-francais-deconnecte\"},\"wordCount\":591,\"commentCount\":0,\"image\":{\"@id\":\"https:\/\/www.africa-press.net\/centrafricaine\/homepage-french\/chronique-orange-en-rca-le-pre-carre-francais-deconnecte#primaryimage\"},\"thumbnailUrl\":\"https:\/\/static.africa-press.net\/centrafricaine\/sites\/45\/2021\/06\/img-60c4b33e04169.jpg\",\"keywords\":[\"Africa Press\",\"Africa Press-CentrAfricaine\",\"CentrAfricaine\"],\"articleSection\":[\"Dossiers\",\"homepage-french\",\"Politique\",\"Top Nouvelles\",\"Toutes les actualit\u00e9s\"],\"inLanguage\":\"fr-FR\",\"potentialAction\":[{\"@type\":\"CommentAction\",\"name\":\"Comment\",\"target\":[\"https:\/\/www.africa-press.net\/centrafricaine\/homepage-french\/chronique-orange-en-rca-le-pre-carre-francais-deconnecte#respond\"]}]},{\"@type\":\"WebPage\",\"@id\":\"https:\/\/www.africa-press.net\/centrafricaine\/homepage-french\/chronique-orange-en-rca-le-pre-carre-francais-deconnecte\",\"url\":\"https:\/\/www.africa-press.net\/centrafricaine\/homepage-french\/chronique-orange-en-rca-le-pre-carre-francais-deconnecte\",\"name\":\"[Chronique] Orange en RCA\u00a0: le pr\u00e9 carr\u00e9 fran\u00e7ais d\u00e9connect\u00e9\u00a0? - centrafricaine\",\"isPartOf\":{\"@id\":\"https:\/\/www.africa-press.net\/centrafricaine\/#website\"},\"primaryImageOfPage\":{\"@id\":\"https:\/\/www.africa-press.net\/centrafricaine\/homepage-french\/chronique-orange-en-rca-le-pre-carre-francais-deconnecte#primaryimage\"},\"image\":{\"@id\":\"https:\/\/www.africa-press.net\/centrafricaine\/homepage-french\/chronique-orange-en-rca-le-pre-carre-francais-deconnecte#primaryimage\"},\"thumbnailUrl\":\"https:\/\/static.africa-press.net\/centrafricaine\/sites\/45\/2021\/06\/img-60c4b33e04169.jpg\",\"datePublished\":\"2021-06-12T13:18:48+00:00\",\"dateModified\":\"2021-06-12T18:06:49+00:00\",\"author\":{\"@id\":\"https:\/\/www.africa-press.net\/centrafricaine\/#\/schema\/person\/2b1cf3cd81a31e3cd26889ca66d677f1\"},\"description\":\"L\u2019incendie qui a endommag\u00e9 les services de l\u2019op\u00e9rateur Orange en Centrafrique souligne-t-il la perte de vitesse de la Fr ...\",\"breadcrumb\":{\"@id\":\"https:\/\/www.africa-press.net\/centrafricaine\/homepage-french\/chronique-orange-en-rca-le-pre-carre-francais-deconnecte#breadcrumb\"},\"inLanguage\":\"fr-FR\",\"potentialAction\":[{\"@type\":\"ReadAction\",\"target\":[\"https:\/\/www.africa-press.net\/centrafricaine\/homepage-french\/chronique-orange-en-rca-le-pre-carre-francais-deconnecte\"]}]},{\"@type\":\"ImageObject\",\"inLanguage\":\"fr-FR\",\"@id\":\"https:\/\/www.africa-press.net\/centrafricaine\/homepage-french\/chronique-orange-en-rca-le-pre-carre-francais-deconnecte#primaryimage\",\"url\":\"https:\/\/static.africa-press.net\/centrafricaine\/sites\/45\/2021\/06\/img-60c4b33e04169.jpg\",\"contentUrl\":\"https:\/\/static.africa-press.net\/centrafricaine\/sites\/45\/2021\/06\/img-60c4b33e04169.jpg\",\"width\":720,\"height\":360,\"caption\":\"[Chronique] Orange en RCA\u00a0: le pr\u00e9 carr\u00e9 fran\u00e7ais d\u00e9connect\u00e9\u00a0?\"},{\"@type\":\"BreadcrumbList\",\"@id\":\"https:\/\/www.africa-press.net\/centrafricaine\/homepage-french\/chronique-orange-en-rca-le-pre-carre-francais-deconnecte#breadcrumb\",\"itemListElement\":[{\"@type\":\"ListItem\",\"position\":1,\"name\":\"Accueil\",\"item\":\"https:\/\/www.africa-press.net\/centrafricaine\/\"},{\"@type\":\"ListItem\",\"position\":2,\"name\":\"[Chronique] Orange en RCA\u00a0: le pr\u00e9 carr\u00e9 fran\u00e7ais d\u00e9connect\u00e9\u00a0?\"}]},{\"@type\":\"WebSite\",\"@id\":\"https:\/\/www.africa-press.net\/centrafricaine\/#website\",\"url\":\"https:\/\/www.africa-press.net\/centrafricaine\/\",\"name\":\"centrafricaine\",\"description\":\"Just another Africa News Agency Sites site\",\"potentialAction\":[{\"@type\":\"SearchAction\",\"target\":{\"@type\":\"EntryPoint\",\"urlTemplate\":\"https:\/\/www.africa-press.net\/centrafricaine\/?s={search_term_string}\"},\"query-input\":{\"@type\":\"PropertyValueSpecification\",\"valueRequired\":true,\"valueName\":\"search_term_string\"}}],\"inLanguage\":\"fr-FR\"},{\"@type\":\"Person\",\"@id\":\"https:\/\/www.africa-press.net\/centrafricaine\/#\/schema\/person\/2b1cf3cd81a31e3cd26889ca66d677f1\",\"name\":\"cfeditorfr\"}]}<\/script>\n<!-- \/ Yoast SEO Premium plugin. -->","yoast_head_json":{"title":"[Chronique] Orange en RCA\u00a0: le pr\u00e9 carr\u00e9 fran\u00e7ais d\u00e9connect\u00e9\u00a0? - centrafricaine","description":"L\u2019incendie qui a endommag\u00e9 les services de l\u2019op\u00e9rateur Orange en Centrafrique souligne-t-il la perte de vitesse de la Fr ...","robots":{"index":"index","follow":"follow","max-snippet":"max-snippet:-1","max-image-preview":"max-image-preview:large","max-video-preview":"max-video-preview:-1"},"canonical":"https:\/\/www.africa-press.net\/centrafricaine\/homepage-french\/chronique-orange-en-rca-le-pre-carre-francais-deconnecte","og_locale":"fr_FR","og_type":"article","og_title":"[Chronique] Orange en RCA\u00a0: le pr\u00e9 carr\u00e9 fran\u00e7ais d\u00e9connect\u00e9\u00a0?","og_description":"L\u2019incendie qui a endommag\u00e9 les services de l\u2019op\u00e9rateur Orange en Centrafrique souligne-t-il la perte de vitesse de la Fr ...","og_url":"https:\/\/www.africa-press.net\/centrafricaine\/homepage-french\/chronique-orange-en-rca-le-pre-carre-francais-deconnecte","og_site_name":"centrafricaine","article_published_time":"2021-06-12T13:18:48+00:00","article_modified_time":"2021-06-12T18:06:49+00:00","og_image":[{"width":720,"height":360,"url":"https:\/\/static.africa-press.net\/centrafricaine\/sites\/45\/2021\/06\/img-60c4b33e04169.jpg","type":"image\/jpeg"}],"author":"cfeditorfr","twitter_card":"summary_large_image","twitter_misc":{"\u00c9crit par":"cfeditorfr","Dur\u00e9e de lecture estim\u00e9e":"3 minutes"},"schema":{"@context":"https:\/\/schema.org","@graph":[{"@type":"Article","@id":"https:\/\/www.africa-press.net\/centrafricaine\/homepage-french\/chronique-orange-en-rca-le-pre-carre-francais-deconnecte#article","isPartOf":{"@id":"https:\/\/www.africa-press.net\/centrafricaine\/homepage-french\/chronique-orange-en-rca-le-pre-carre-francais-deconnecte"},"author":{"name":"cfeditorfr","@id":"https:\/\/www.africa-press.net\/centrafricaine\/#\/schema\/person\/2b1cf3cd81a31e3cd26889ca66d677f1"},"headline":"[Chronique] Orange en RCA\u00a0: le pr\u00e9 carr\u00e9 fran\u00e7ais d\u00e9connect\u00e9\u00a0?","datePublished":"2021-06-12T13:18:48+00:00","dateModified":"2021-06-12T18:06:49+00:00","mainEntityOfPage":{"@id":"https:\/\/www.africa-press.net\/centrafricaine\/homepage-french\/chronique-orange-en-rca-le-pre-carre-francais-deconnecte"},"wordCount":591,"commentCount":0,"image":{"@id":"https:\/\/www.africa-press.net\/centrafricaine\/homepage-french\/chronique-orange-en-rca-le-pre-carre-francais-deconnecte#primaryimage"},"thumbnailUrl":"https:\/\/static.africa-press.net\/centrafricaine\/sites\/45\/2021\/06\/img-60c4b33e04169.jpg","keywords":["Africa Press","Africa Press-CentrAfricaine","CentrAfricaine"],"articleSection":["Dossiers","homepage-french","Politique","Top Nouvelles","Toutes les actualit\u00e9s"],"inLanguage":"fr-FR","potentialAction":[{"@type":"CommentAction","name":"Comment","target":["https:\/\/www.africa-press.net\/centrafricaine\/homepage-french\/chronique-orange-en-rca-le-pre-carre-francais-deconnecte#respond"]}]},{"@type":"WebPage","@id":"https:\/\/www.africa-press.net\/centrafricaine\/homepage-french\/chronique-orange-en-rca-le-pre-carre-francais-deconnecte","url":"https:\/\/www.africa-press.net\/centrafricaine\/homepage-french\/chronique-orange-en-rca-le-pre-carre-francais-deconnecte","name":"[Chronique] Orange en RCA\u00a0: le pr\u00e9 carr\u00e9 fran\u00e7ais d\u00e9connect\u00e9\u00a0? - centrafricaine","isPartOf":{"@id":"https:\/\/www.africa-press.net\/centrafricaine\/#website"},"primaryImageOfPage":{"@id":"https:\/\/www.africa-press.net\/centrafricaine\/homepage-french\/chronique-orange-en-rca-le-pre-carre-francais-deconnecte#primaryimage"},"image":{"@id":"https:\/\/www.africa-press.net\/centrafricaine\/homepage-french\/chronique-orange-en-rca-le-pre-carre-francais-deconnecte#primaryimage"},"thumbnailUrl":"https:\/\/static.africa-press.net\/centrafricaine\/sites\/45\/2021\/06\/img-60c4b33e04169.jpg","datePublished":"2021-06-12T13:18:48+00:00","dateModified":"2021-06-12T18:06:49+00:00","author":{"@id":"https:\/\/www.africa-press.net\/centrafricaine\/#\/schema\/person\/2b1cf3cd81a31e3cd26889ca66d677f1"},"description":"L\u2019incendie qui a endommag\u00e9 les services de l\u2019op\u00e9rateur Orange en Centrafrique souligne-t-il la perte de vitesse de la Fr ...","breadcrumb":{"@id":"https:\/\/www.africa-press.net\/centrafricaine\/homepage-french\/chronique-orange-en-rca-le-pre-carre-francais-deconnecte#breadcrumb"},"inLanguage":"fr-FR","potentialAction":[{"@type":"ReadAction","target":["https:\/\/www.africa-press.net\/centrafricaine\/homepage-french\/chronique-orange-en-rca-le-pre-carre-francais-deconnecte"]}]},{"@type":"ImageObject","inLanguage":"fr-FR","@id":"https:\/\/www.africa-press.net\/centrafricaine\/homepage-french\/chronique-orange-en-rca-le-pre-carre-francais-deconnecte#primaryimage","url":"https:\/\/static.africa-press.net\/centrafricaine\/sites\/45\/2021\/06\/img-60c4b33e04169.jpg","contentUrl":"https:\/\/static.africa-press.net\/centrafricaine\/sites\/45\/2021\/06\/img-60c4b33e04169.jpg","width":720,"height":360,"caption":"[Chronique] Orange en RCA\u00a0: le pr\u00e9 carr\u00e9 fran\u00e7ais d\u00e9connect\u00e9\u00a0?"},{"@type":"BreadcrumbList","@id":"https:\/\/www.africa-press.net\/centrafricaine\/homepage-french\/chronique-orange-en-rca-le-pre-carre-francais-deconnecte#breadcrumb","itemListElement":[{"@type":"ListItem","position":1,"name":"Accueil","item":"https:\/\/www.africa-press.net\/centrafricaine\/"},{"@type":"ListItem","position":2,"name":"[Chronique] Orange en RCA\u00a0: le pr\u00e9 carr\u00e9 fran\u00e7ais d\u00e9connect\u00e9\u00a0?"}]},{"@type":"WebSite","@id":"https:\/\/www.africa-press.net\/centrafricaine\/#website","url":"https:\/\/www.africa-press.net\/centrafricaine\/","name":"centrafricaine","description":"Just another Africa News Agency Sites site","potentialAction":[{"@type":"SearchAction","target":{"@type":"EntryPoint","urlTemplate":"https:\/\/www.africa-press.net\/centrafricaine\/?s={search_term_string}"},"query-input":{"@type":"PropertyValueSpecification","valueRequired":true,"valueName":"search_term_string"}}],"inLanguage":"fr-FR"},{"@type":"Person","@id":"https:\/\/www.africa-press.net\/centrafricaine\/#\/schema\/person\/2b1cf3cd81a31e3cd26889ca66d677f1","name":"cfeditorfr"}]}},"_links":{"self":[{"href":"https:\/\/www.africa-press.net\/centrafricaine\/wp-json\/wp\/v2\/posts\/8010","targetHints":{"allow":["GET"]}}],"collection":[{"href":"https:\/\/www.africa-press.net\/centrafricaine\/wp-json\/wp\/v2\/posts"}],"about":[{"href":"https:\/\/www.africa-press.net\/centrafricaine\/wp-json\/wp\/v2\/types\/post"}],"author":[{"embeddable":true,"href":"https:\/\/www.africa-press.net\/centrafricaine\/wp-json\/wp\/v2\/users\/82"}],"replies":[{"embeddable":true,"href":"https:\/\/www.africa-press.net\/centrafricaine\/wp-json\/wp\/v2\/comments?post=8010"}],"version-history":[{"count":0,"href":"https:\/\/www.africa-press.net\/centrafricaine\/wp-json\/wp\/v2\/posts\/8010\/revisions"}],"wp:featuredmedia":[{"embeddable":true,"href":"https:\/\/www.africa-press.net\/centrafricaine\/wp-json\/wp\/v2\/media\/8009"}],"wp:attachment":[{"href":"https:\/\/www.africa-press.net\/centrafricaine\/wp-json\/wp\/v2\/media?parent=8010"}],"wp:term":[{"taxonomy":"category","embeddable":true,"href":"https:\/\/www.africa-press.net\/centrafricaine\/wp-json\/wp\/v2\/categories?post=8010"},{"taxonomy":"post_tag","embeddable":true,"href":"https:\/\/www.africa-press.net\/centrafricaine\/wp-json\/wp\/v2\/tags?post=8010"}],"curies":[{"name":"wp","href":"https:\/\/api.w.org\/{rel}","templated":true}]}}