{"id":8013,"date":"2021-06-12T13:23:24","date_gmt":"2021-06-12T13:23:24","guid":{"rendered":"https:\/\/www.africa-press.net\/centrafricaine\/?p=8013"},"modified":"2021-06-12T18:07:02","modified_gmt":"2021-06-12T18:07:02","slug":"centrafrique-henri-marie-dondra-nomme-premier-ministre","status":"publish","type":"post","link":"https:\/\/www.africa-press.net\/centrafricaine\/politique\/centrafrique-henri-marie-dondra-nomme-premier-ministre","title":{"rendered":"Henri-Marie Dondra nomm\u00e9 Premier ministre"},"content":{"rendered":"<p><span style=\"color: #ff6600\"><strong><a href=\"https:\/\/www.africa-press.net\/\">Africa-Press<\/a> &#8211; <a href=\"https:\/\/www.africa-press.net\/centrafricaine\">CentrAfricaine<\/a>. <\/strong><\/span>L\u2019ancien ministre des Finances a \u00e9t\u00e9 nomm\u00e9 Premier ministre vendredi dans un d\u00e9cret pr\u00e9sidentiel lu \u00e0 la radio nationale. \u00ab Monsieur Henri-Marie Dondra est nomm\u00e9 Premier ministre, chef du gouvernement \u00bb dans un d\u00e9cret \u00ab qui prend effet \u00e0 compter de sa date de signature \u00bb, le 11 juin.<\/p>\n<p>Haut cadre du parti pr\u00e9sidentiel, Henri-Marie Dondra \u00e9tait ministre des Finances et du Budget depuis cinq ans. Il remplace Firmin Ngrebada qui occupait le poste depuis f\u00e9vrier 2019 et qui avait remis sa d\u00e9mission la veille.<\/p>\n<p><b>Un proche du pr\u00e9sident<\/b><\/p>\n<p>R\u00e9put\u00e9 proche du pr\u00e9sident Faustin-Archange Touad\u00e9ra, Henri-Marie Dondra est reconnu pour ses comp\u00e9tences en mati\u00e8re de finance internationale et sa connaissance des programmes d\u2019aide.<\/p>\n<p>Le chef de l\u2019\u00c9tat a \u00e9t\u00e9 r\u00e9\u00e9lu le 27 d\u00e9cembre 2020 lors d\u2019un scrutin pour lequel moins d\u2019un \u00e9lecteur sur trois a eu la possibilit\u00e9 de se rendre aux urnes en pleine offensive rebelle. Depuis fin d\u00e9cembre, face aux rebelles de la Coalition des patriotes pour le changement (CPC) visant \u00e0 le renverser, l\u2019arm\u00e9e de Faustin-Archange Touad\u00e9ra a reconquis une grande partie de plus des deux tiers du territoire que contr\u00f4laient jusqu\u2019alors des groupes arm\u00e9s rebelles, mais seulement gr\u00e2ce \u00e0 l\u2019engagement de centaines de paramilitaires russes d\u00e9p\u00each\u00e9s par Moscou.<\/p>\n<p>Depuis 2018, la Russie concurrence en Centrafrique l\u2019influence de la France en y multipliant ses investissements dans l\u2019extraction des minerais et dans la coop\u00e9ration militaire notamment. La semaine derni\u00e8re, l\u2019ancien Premier ministre avait effectu\u00e9 un d\u00e9placement \u00e0 Saint-P\u00e9tersbourg, en Russie, pour attirer encore davantage d\u2019investissements russes dans le pays.<\/p>\n<p><b>Immenses enjeux<\/b><\/p>\n<p>Dans le m\u00eame temps, la France avait confirm\u00e9 le gel de son aide budg\u00e9taire et la suspension de sa coop\u00e9ration militaire avec la Centrafrique, jug\u00e9e \u00ab complice \u00bb d\u2019une campagne antifran\u00e7aise t\u00e9l\u00e9guid\u00e9e par Moscou.<\/p>\n<p>Aux \u00e9lections l\u00e9gislatives, le parti de Faustin-Archange Touad\u00e9ra, Mouvement Coeurs Unis (MCU) a obtenu une majorit\u00e9 relative, tout en restant loin de la majorit\u00e9 absolue. Henri-Marie Dondra avait \u00e9t\u00e9 \u00e9lu d\u00e9put\u00e9 d\u00e8s le premier tour dans le premier arrondissement de Bangui, la capitale.<\/p>\n<p>Les enjeux \u00e9conomiques et humanitaires dans le pays sont immenses pour le nouveau Premier ministre. L\u2019ONU a estim\u00e9 fin mai que pr\u00e8s de la moiti\u00e9 de la population \u00e9tait en \u00ab situation d\u2019ins\u00e9curit\u00e9 alimentaire \u00bb, en raison de l\u2019\u00e9pid\u00e9mie de coronavirus, mais \u00e9galement \u00e0 cause de la situation s\u00e9curitaire.<\/p>\n","protected":false},"excerpt":{"rendered":"<p>Africa-Press &#8211; CentrAfricaine. L\u2019ancien ministre des Finances a \u00e9t\u00e9 nomm\u00e9 Premier ministre vendredi dans un d\u00e9cret pr\u00e9sidentiel lu \u00e0 la radio nationale. \u00ab Monsieur Henri-Marie Dondra est nomm\u00e9 Premier ministre, chef du gouvernement \u00bb dans un d\u00e9cret \u00ab qui prend effet \u00e0 compter de sa date de signature \u00bb, le 11 juin. Haut cadre du [&hellip;]<\/p>\n","protected":false},"author":82,"featured_media":8012,"comment_status":"open","ping_status":"closed","sticky":false,"template":"","format":"standard","meta":{"footnotes":""},"categories":[11,2,20,10],"tags":[36,58,30],"class_list":["post-8013","post","type-post","status-publish","format-standard","has-post-thumbnail","hentry","category-homepage-french","category-politique","category-top-nouvelles","category-toutes-les-actualites","tag-africa-press","tag-africa-press-centrafricaine","tag-centrafricaine"],"yoast_head":"<!-- This site is optimized with the Yoast SEO Premium plugin v26.1 (Yoast SEO v27.0) - https:\/\/yoast.com\/product\/yoast-seo-premium-wordpress\/ -->\n<title>Henri-Marie Dondra nomm\u00e9 Premier ministre - centrafricaine<\/title>\n<meta name=\"description\" content=\"L\u2019ancien ministre des Finances a \u00e9t\u00e9 nomm\u00e9 Premier ministre vendredi dans un d\u00e9cret pr\u00e9sidentiel lu \u00e0 la radio nationale ...\" \/>\n<meta name=\"robots\" content=\"index, follow, max-snippet:-1, max-image-preview:large, max-video-preview:-1\" \/>\n<link rel=\"canonical\" href=\"https:\/\/www.africa-press.net\/centrafricaine\/politique\/centrafrique-henri-marie-dondra-nomme-premier-ministre\" \/>\n<meta property=\"og:locale\" content=\"fr_FR\" \/>\n<meta property=\"og:type\" content=\"article\" \/>\n<meta property=\"og:title\" content=\"Henri-Marie Dondra nomm\u00e9 Premier ministre\" \/>\n<meta property=\"og:description\" content=\"L\u2019ancien ministre des Finances a \u00e9t\u00e9 nomm\u00e9 Premier ministre vendredi dans un d\u00e9cret pr\u00e9sidentiel lu \u00e0 la radio nationale ...\" \/>\n<meta property=\"og:url\" content=\"https:\/\/www.africa-press.net\/centrafricaine\/politique\/centrafrique-henri-marie-dondra-nomme-premier-ministre\" \/>\n<meta property=\"og:site_name\" content=\"centrafricaine\" \/>\n<meta property=\"article:published_time\" content=\"2021-06-12T13:23:24+00:00\" \/>\n<meta property=\"article:modified_time\" content=\"2021-06-12T18:07:02+00:00\" \/>\n<meta property=\"og:image\" content=\"https:\/\/static.africa-press.net\/centrafricaine\/sites\/45\/2021\/06\/img-60c4b362506d1.jpg\" \/>\n\t<meta property=\"og:image:width\" content=\"720\" \/>\n\t<meta property=\"og:image:height\" content=\"360\" \/>\n\t<meta property=\"og:image:type\" content=\"image\/jpeg\" \/>\n<meta name=\"author\" content=\"cfeditorfr\" \/>\n<meta name=\"twitter:card\" content=\"summary_large_image\" \/>\n<meta name=\"twitter:label1\" content=\"\u00c9crit par\" \/>\n\t<meta name=\"twitter:data1\" content=\"cfeditorfr\" \/>\n\t<meta name=\"twitter:label2\" content=\"Dur\u00e9e de lecture estim\u00e9e\" \/>\n\t<meta name=\"twitter:data2\" content=\"2 minutes\" \/>\n<script type=\"application\/ld+json\" class=\"yoast-schema-graph\">{\"@context\":\"https:\/\/schema.org\",\"@graph\":[{\"@type\":\"Article\",\"@id\":\"https:\/\/www.africa-press.net\/centrafricaine\/politique\/centrafrique-henri-marie-dondra-nomme-premier-ministre#article\",\"isPartOf\":{\"@id\":\"https:\/\/www.africa-press.net\/centrafricaine\/politique\/centrafrique-henri-marie-dondra-nomme-premier-ministre\"},\"author\":{\"name\":\"cfeditorfr\",\"@id\":\"https:\/\/www.africa-press.net\/centrafricaine\/#\/schema\/person\/2b1cf3cd81a31e3cd26889ca66d677f1\"},\"headline\":\"Henri-Marie Dondra nomm\u00e9 Premier ministre\",\"datePublished\":\"2021-06-12T13:23:24+00:00\",\"dateModified\":\"2021-06-12T18:07:02+00:00\",\"mainEntityOfPage\":{\"@id\":\"https:\/\/www.africa-press.net\/centrafricaine\/politique\/centrafrique-henri-marie-dondra-nomme-premier-ministre\"},\"wordCount\":427,\"commentCount\":0,\"image\":{\"@id\":\"https:\/\/www.africa-press.net\/centrafricaine\/politique\/centrafrique-henri-marie-dondra-nomme-premier-ministre#primaryimage\"},\"thumbnailUrl\":\"https:\/\/static.africa-press.net\/centrafricaine\/sites\/45\/2021\/06\/img-60c4b362506d1.jpg\",\"keywords\":[\"Africa Press\",\"Africa Press-CentrAfricaine\",\"CentrAfricaine\"],\"articleSection\":[\"homepage-french\",\"Politique\",\"Top Nouvelles\",\"Toutes les actualit\u00e9s\"],\"inLanguage\":\"fr-FR\",\"potentialAction\":[{\"@type\":\"CommentAction\",\"name\":\"Comment\",\"target\":[\"https:\/\/www.africa-press.net\/centrafricaine\/politique\/centrafrique-henri-marie-dondra-nomme-premier-ministre#respond\"]}]},{\"@type\":\"WebPage\",\"@id\":\"https:\/\/www.africa-press.net\/centrafricaine\/politique\/centrafrique-henri-marie-dondra-nomme-premier-ministre\",\"url\":\"https:\/\/www.africa-press.net\/centrafricaine\/politique\/centrafrique-henri-marie-dondra-nomme-premier-ministre\",\"name\":\"Henri-Marie Dondra nomm\u00e9 Premier ministre - centrafricaine\",\"isPartOf\":{\"@id\":\"https:\/\/www.africa-press.net\/centrafricaine\/#website\"},\"primaryImageOfPage\":{\"@id\":\"https:\/\/www.africa-press.net\/centrafricaine\/politique\/centrafrique-henri-marie-dondra-nomme-premier-ministre#primaryimage\"},\"image\":{\"@id\":\"https:\/\/www.africa-press.net\/centrafricaine\/politique\/centrafrique-henri-marie-dondra-nomme-premier-ministre#primaryimage\"},\"thumbnailUrl\":\"https:\/\/static.africa-press.net\/centrafricaine\/sites\/45\/2021\/06\/img-60c4b362506d1.jpg\",\"datePublished\":\"2021-06-12T13:23:24+00:00\",\"dateModified\":\"2021-06-12T18:07:02+00:00\",\"author\":{\"@id\":\"https:\/\/www.africa-press.net\/centrafricaine\/#\/schema\/person\/2b1cf3cd81a31e3cd26889ca66d677f1\"},\"description\":\"L\u2019ancien ministre des Finances a \u00e9t\u00e9 nomm\u00e9 Premier ministre vendredi dans un d\u00e9cret pr\u00e9sidentiel lu \u00e0 la radio nationale ...\",\"breadcrumb\":{\"@id\":\"https:\/\/www.africa-press.net\/centrafricaine\/politique\/centrafrique-henri-marie-dondra-nomme-premier-ministre#breadcrumb\"},\"inLanguage\":\"fr-FR\",\"potentialAction\":[{\"@type\":\"ReadAction\",\"target\":[\"https:\/\/www.africa-press.net\/centrafricaine\/politique\/centrafrique-henri-marie-dondra-nomme-premier-ministre\"]}]},{\"@type\":\"ImageObject\",\"inLanguage\":\"fr-FR\",\"@id\":\"https:\/\/www.africa-press.net\/centrafricaine\/politique\/centrafrique-henri-marie-dondra-nomme-premier-ministre#primaryimage\",\"url\":\"https:\/\/static.africa-press.net\/centrafricaine\/sites\/45\/2021\/06\/img-60c4b362506d1.jpg\",\"contentUrl\":\"https:\/\/static.africa-press.net\/centrafricaine\/sites\/45\/2021\/06\/img-60c4b362506d1.jpg\",\"width\":720,\"height\":360,\"caption\":\"Centrafrique : Henri-Marie Dondra nomm\u00e9 Premier ministre\"},{\"@type\":\"BreadcrumbList\",\"@id\":\"https:\/\/www.africa-press.net\/centrafricaine\/politique\/centrafrique-henri-marie-dondra-nomme-premier-ministre#breadcrumb\",\"itemListElement\":[{\"@type\":\"ListItem\",\"position\":1,\"name\":\"Accueil\",\"item\":\"https:\/\/www.africa-press.net\/centrafricaine\/\"},{\"@type\":\"ListItem\",\"position\":2,\"name\":\"Henri-Marie Dondra nomm\u00e9 Premier ministre\"}]},{\"@type\":\"WebSite\",\"@id\":\"https:\/\/www.africa-press.net\/centrafricaine\/#website\",\"url\":\"https:\/\/www.africa-press.net\/centrafricaine\/\",\"name\":\"centrafricaine\",\"description\":\"Just another Africa News Agency Sites site\",\"potentialAction\":[{\"@type\":\"SearchAction\",\"target\":{\"@type\":\"EntryPoint\",\"urlTemplate\":\"https:\/\/www.africa-press.net\/centrafricaine\/?s={search_term_string}\"},\"query-input\":{\"@type\":\"PropertyValueSpecification\",\"valueRequired\":true,\"valueName\":\"search_term_string\"}}],\"inLanguage\":\"fr-FR\"},{\"@type\":\"Person\",\"@id\":\"https:\/\/www.africa-press.net\/centrafricaine\/#\/schema\/person\/2b1cf3cd81a31e3cd26889ca66d677f1\",\"name\":\"cfeditorfr\"}]}<\/script>\n<!-- \/ Yoast SEO Premium plugin. -->","yoast_head_json":{"title":"Henri-Marie Dondra nomm\u00e9 Premier ministre - centrafricaine","description":"L\u2019ancien ministre des Finances a \u00e9t\u00e9 nomm\u00e9 Premier ministre vendredi dans un d\u00e9cret pr\u00e9sidentiel lu \u00e0 la radio nationale ...","robots":{"index":"index","follow":"follow","max-snippet":"max-snippet:-1","max-image-preview":"max-image-preview:large","max-video-preview":"max-video-preview:-1"},"canonical":"https:\/\/www.africa-press.net\/centrafricaine\/politique\/centrafrique-henri-marie-dondra-nomme-premier-ministre","og_locale":"fr_FR","og_type":"article","og_title":"Henri-Marie Dondra nomm\u00e9 Premier ministre","og_description":"L\u2019ancien ministre des Finances a \u00e9t\u00e9 nomm\u00e9 Premier ministre vendredi dans un d\u00e9cret pr\u00e9sidentiel lu \u00e0 la radio nationale ...","og_url":"https:\/\/www.africa-press.net\/centrafricaine\/politique\/centrafrique-henri-marie-dondra-nomme-premier-ministre","og_site_name":"centrafricaine","article_published_time":"2021-06-12T13:23:24+00:00","article_modified_time":"2021-06-12T18:07:02+00:00","og_image":[{"width":720,"height":360,"url":"https:\/\/static.africa-press.net\/centrafricaine\/sites\/45\/2021\/06\/img-60c4b362506d1.jpg","type":"image\/jpeg"}],"author":"cfeditorfr","twitter_card":"summary_large_image","twitter_misc":{"\u00c9crit par":"cfeditorfr","Dur\u00e9e de lecture estim\u00e9e":"2 minutes"},"schema":{"@context":"https:\/\/schema.org","@graph":[{"@type":"Article","@id":"https:\/\/www.africa-press.net\/centrafricaine\/politique\/centrafrique-henri-marie-dondra-nomme-premier-ministre#article","isPartOf":{"@id":"https:\/\/www.africa-press.net\/centrafricaine\/politique\/centrafrique-henri-marie-dondra-nomme-premier-ministre"},"author":{"name":"cfeditorfr","@id":"https:\/\/www.africa-press.net\/centrafricaine\/#\/schema\/person\/2b1cf3cd81a31e3cd26889ca66d677f1"},"headline":"Henri-Marie Dondra nomm\u00e9 Premier ministre","datePublished":"2021-06-12T13:23:24+00:00","dateModified":"2021-06-12T18:07:02+00:00","mainEntityOfPage":{"@id":"https:\/\/www.africa-press.net\/centrafricaine\/politique\/centrafrique-henri-marie-dondra-nomme-premier-ministre"},"wordCount":427,"commentCount":0,"image":{"@id":"https:\/\/www.africa-press.net\/centrafricaine\/politique\/centrafrique-henri-marie-dondra-nomme-premier-ministre#primaryimage"},"thumbnailUrl":"https:\/\/static.africa-press.net\/centrafricaine\/sites\/45\/2021\/06\/img-60c4b362506d1.jpg","keywords":["Africa Press","Africa Press-CentrAfricaine","CentrAfricaine"],"articleSection":["homepage-french","Politique","Top Nouvelles","Toutes les actualit\u00e9s"],"inLanguage":"fr-FR","potentialAction":[{"@type":"CommentAction","name":"Comment","target":["https:\/\/www.africa-press.net\/centrafricaine\/politique\/centrafrique-henri-marie-dondra-nomme-premier-ministre#respond"]}]},{"@type":"WebPage","@id":"https:\/\/www.africa-press.net\/centrafricaine\/politique\/centrafrique-henri-marie-dondra-nomme-premier-ministre","url":"https:\/\/www.africa-press.net\/centrafricaine\/politique\/centrafrique-henri-marie-dondra-nomme-premier-ministre","name":"Henri-Marie Dondra nomm\u00e9 Premier ministre - centrafricaine","isPartOf":{"@id":"https:\/\/www.africa-press.net\/centrafricaine\/#website"},"primaryImageOfPage":{"@id":"https:\/\/www.africa-press.net\/centrafricaine\/politique\/centrafrique-henri-marie-dondra-nomme-premier-ministre#primaryimage"},"image":{"@id":"https:\/\/www.africa-press.net\/centrafricaine\/politique\/centrafrique-henri-marie-dondra-nomme-premier-ministre#primaryimage"},"thumbnailUrl":"https:\/\/static.africa-press.net\/centrafricaine\/sites\/45\/2021\/06\/img-60c4b362506d1.jpg","datePublished":"2021-06-12T13:23:24+00:00","dateModified":"2021-06-12T18:07:02+00:00","author":{"@id":"https:\/\/www.africa-press.net\/centrafricaine\/#\/schema\/person\/2b1cf3cd81a31e3cd26889ca66d677f1"},"description":"L\u2019ancien ministre des Finances a \u00e9t\u00e9 nomm\u00e9 Premier ministre vendredi dans un d\u00e9cret pr\u00e9sidentiel lu \u00e0 la radio nationale ...","breadcrumb":{"@id":"https:\/\/www.africa-press.net\/centrafricaine\/politique\/centrafrique-henri-marie-dondra-nomme-premier-ministre#breadcrumb"},"inLanguage":"fr-FR","potentialAction":[{"@type":"ReadAction","target":["https:\/\/www.africa-press.net\/centrafricaine\/politique\/centrafrique-henri-marie-dondra-nomme-premier-ministre"]}]},{"@type":"ImageObject","inLanguage":"fr-FR","@id":"https:\/\/www.africa-press.net\/centrafricaine\/politique\/centrafrique-henri-marie-dondra-nomme-premier-ministre#primaryimage","url":"https:\/\/static.africa-press.net\/centrafricaine\/sites\/45\/2021\/06\/img-60c4b362506d1.jpg","contentUrl":"https:\/\/static.africa-press.net\/centrafricaine\/sites\/45\/2021\/06\/img-60c4b362506d1.jpg","width":720,"height":360,"caption":"Centrafrique : Henri-Marie Dondra nomm\u00e9 Premier ministre"},{"@type":"BreadcrumbList","@id":"https:\/\/www.africa-press.net\/centrafricaine\/politique\/centrafrique-henri-marie-dondra-nomme-premier-ministre#breadcrumb","itemListElement":[{"@type":"ListItem","position":1,"name":"Accueil","item":"https:\/\/www.africa-press.net\/centrafricaine\/"},{"@type":"ListItem","position":2,"name":"Henri-Marie Dondra nomm\u00e9 Premier ministre"}]},{"@type":"WebSite","@id":"https:\/\/www.africa-press.net\/centrafricaine\/#website","url":"https:\/\/www.africa-press.net\/centrafricaine\/","name":"centrafricaine","description":"Just another Africa News Agency Sites site","potentialAction":[{"@type":"SearchAction","target":{"@type":"EntryPoint","urlTemplate":"https:\/\/www.africa-press.net\/centrafricaine\/?s={search_term_string}"},"query-input":{"@type":"PropertyValueSpecification","valueRequired":true,"valueName":"search_term_string"}}],"inLanguage":"fr-FR"},{"@type":"Person","@id":"https:\/\/www.africa-press.net\/centrafricaine\/#\/schema\/person\/2b1cf3cd81a31e3cd26889ca66d677f1","name":"cfeditorfr"}]}},"_links":{"self":[{"href":"https:\/\/www.africa-press.net\/centrafricaine\/wp-json\/wp\/v2\/posts\/8013","targetHints":{"allow":["GET"]}}],"collection":[{"href":"https:\/\/www.africa-press.net\/centrafricaine\/wp-json\/wp\/v2\/posts"}],"about":[{"href":"https:\/\/www.africa-press.net\/centrafricaine\/wp-json\/wp\/v2\/types\/post"}],"author":[{"embeddable":true,"href":"https:\/\/www.africa-press.net\/centrafricaine\/wp-json\/wp\/v2\/users\/82"}],"replies":[{"embeddable":true,"href":"https:\/\/www.africa-press.net\/centrafricaine\/wp-json\/wp\/v2\/comments?post=8013"}],"version-history":[{"count":0,"href":"https:\/\/www.africa-press.net\/centrafricaine\/wp-json\/wp\/v2\/posts\/8013\/revisions"}],"wp:featuredmedia":[{"embeddable":true,"href":"https:\/\/www.africa-press.net\/centrafricaine\/wp-json\/wp\/v2\/media\/8012"}],"wp:attachment":[{"href":"https:\/\/www.africa-press.net\/centrafricaine\/wp-json\/wp\/v2\/media?parent=8013"}],"wp:term":[{"taxonomy":"category","embeddable":true,"href":"https:\/\/www.africa-press.net\/centrafricaine\/wp-json\/wp\/v2\/categories?post=8013"},{"taxonomy":"post_tag","embeddable":true,"href":"https:\/\/www.africa-press.net\/centrafricaine\/wp-json\/wp\/v2\/tags?post=8013"}],"curies":[{"name":"wp","href":"https:\/\/api.w.org\/{rel}","templated":true}]}}