{"id":8022,"date":"2021-06-12T13:50:14","date_gmt":"2021-06-12T13:50:14","guid":{"rendered":"https:\/\/www.africa-press.net\/centrafricaine\/?p=8022"},"modified":"2021-06-12T18:08:31","modified_gmt":"2021-06-12T18:08:31","slug":"centrafrique-le-conflit-entre-la-france-et-la-russie-ne-nous-regarde-pas","status":"publish","type":"post","link":"https:\/\/www.africa-press.net\/centrafricaine\/politique\/centrafrique-le-conflit-entre-la-france-et-la-russie-ne-nous-regarde-pas","title":{"rendered":"\u00ab\u00a0Le conflit entre la France et la Russie ne nous regarde pas\u00a0\u00bb"},"content":{"rendered":"<p><span style=\"color: #ff6600\"><strong><a href=\"https:\/\/www.africa-press.net\/\">Africa-Press<\/a> &#8211; <a href=\"https:\/\/www.africa-press.net\/centrafricaine\">CentrAfricaine<\/a>. <\/strong><\/span>Alors que la France a officialis\u00e9 la suspension d\u2019une partie de son aide \u00e0 la Centrafrique, le foss\u00e9 se creuse entre Paris et Bangui, qui a mis\u00e9 sur un rapprochement avec la Russie. Cette situation est-elle irr\u00e9m\u00e9diable ? La ministre des Affaires \u00e9trang\u00e8res centrafricaine, Sylvie Ba\u00efpo-Temon, r\u00e9pond aux questions de \u00ab Jeune Afrique \u00bb.<\/p>\n<p>La rumeur s\u2019amplifiait ces derni\u00e8res semaines. L\u2019annonce est d\u00e9sormais officielle : le minist\u00e8re des Arm\u00e9es fran\u00e7ais a annonc\u00e9, ce 9 juin, que Paris allait suspendre son aide et sa coop\u00e9ration militaires avec la Centrafrique, \u00ab en raison des campagnes de d\u00e9sinformation visant des repr\u00e9sentants fran\u00e7ais \u00bb. Le minist\u00e8re a pr\u00e9cis\u00e9 que la France avait supprim\u00e9 10 millions d\u2019euros d\u2019aide budg\u00e9taire et stopp\u00e9 toute coop\u00e9ration militaire directe.<\/p>\n<p>Cette sanction, pour le moment temporaire, s\u2019inscrit dans un contexte de tensions entre Bangui et Paris, qui s\u2019alarme depuis des mois de l\u2019influence grandissante de la Russie sur le gouvernement centrafricain. La d\u00e9cision a \u00e9t\u00e9 prise alors que le Premier ministre, Firmin Ngrebada, revenait d\u2019une visite au forum \u00e9conomique de Saint-P\u00e9tersbourg, au retour de laquelle il a d\u2019ailleurs \u00e9t\u00e9 accueilli \u00e0 l\u2019a\u00e9roport de Bangui par Dmitriy Sytyi, un citoyen russe bien connu des Centrafricains et li\u00e9 \u00e0 la soci\u00e9t\u00e9 de s\u00e9curit\u00e9 priv\u00e9e Wagner.<\/p>\n<p>Officiellement, la soci\u00e9t\u00e9 Wagner n\u2019exerce pas en Centrafrique, o\u00f9 seuls des instructeurs russes coop\u00e8rent avec l\u2019arm\u00e9e centrafricaine. Mais, selon de nombreuses sources, cette entreprise li\u00e9e \u00e0 Evgeny Prigozhin, emploierait jusqu\u2019\u00e0 3 000 hommes en territoire centrafricain et serait connect\u00e9e \u00e0 plusieurs soci\u00e9t\u00e9s mini\u00e8res de droit local.<\/p>\n<p>Bangui a-t-elle d\u00e9finitivement choisi Moscou au d\u00e9triment de Paris ? Quelle est la position du gouvernement sur la pr\u00e9sence de mercenaires sur son sol ? La ministre des Affaires \u00e9trang\u00e8res centrafricaine, Sylvie Ba\u00efpo-Temon, r\u00e9pond \u00e0 nos questions. La ministre des Affaires \u00e9trang\u00e8res centrafricaine, Sylvie Ba\u00efpo-Temon. \u00a9 MAE R\u00e9publique Centrafricaine<\/p>\n<p><b>Jeune Afrique : La France a d\u00e9cid\u00e9 de suspendre une partie de son aide \u00e0 la Centrafrique. Est-ce une surprise ?<\/b><\/p>\n<p><b>Sylvie Ba\u00efpo-Temon :<\/b><\/p>\n<p>Non. C\u2019est une information dont nous avions entendu parler depuis quelques semaines, en coulisses. Mais, jusqu\u2019ici, rien ne nous avait \u00e9t\u00e9 dit officiellement. Il y a deux semaines, j\u2019ai voulu clarifier la situation et j\u2019ai \u00e9crit \u00e0 l\u2019ambassade de France \u00e0 Bangui pour demander un \u00e9claircissement de la position fran\u00e7aise. Je n\u2019ai pas eu de r\u00e9ponse. Aujourd\u2019hui, c\u2019est clair.<\/p>\n<p>Cette d\u00e9cision fran\u00e7aise est d\u00e9plorable et je tiens \u00e0 dire qu\u2019elle a \u00e9t\u00e9 prise malgr\u00e9 les efforts de la Centrafrique, qui a toujours souhait\u00e9 maintenir avec la France une coop\u00e9ration utile. Notre relation avec Paris est essentielle et a toujours \u00e9t\u00e9 naturelle. Lors de chaque crise que nous avons affront\u00e9e, nous nous sommes tourn\u00e9s vers la France.<\/p>\n","protected":false},"excerpt":{"rendered":"<p>Africa-Press &#8211; CentrAfricaine. Alors que la France a officialis\u00e9 la suspension d\u2019une partie de son aide \u00e0 la Centrafrique, le foss\u00e9 se creuse entre Paris et Bangui, qui a mis\u00e9 sur un rapprochement avec la Russie. Cette situation est-elle irr\u00e9m\u00e9diable ? La ministre des Affaires \u00e9trang\u00e8res centrafricaine, Sylvie Ba\u00efpo-Temon, r\u00e9pond aux questions de \u00ab Jeune [&hellip;]<\/p>\n","protected":false},"author":82,"featured_media":8021,"comment_status":"open","ping_status":"closed","sticky":false,"template":"","format":"standard","meta":{"footnotes":""},"categories":[11,2,10],"tags":[36,58,30],"class_list":["post-8022","post","type-post","status-publish","format-standard","has-post-thumbnail","hentry","category-homepage-french","category-politique","category-toutes-les-actualites","tag-africa-press","tag-africa-press-centrafricaine","tag-centrafricaine"],"yoast_head":"<!-- This site is optimized with the Yoast SEO Premium plugin v26.1 (Yoast SEO v27.0) - https:\/\/yoast.com\/product\/yoast-seo-premium-wordpress\/ -->\n<title>\u00ab\u00a0Le conflit entre la France et la Russie ne nous regarde pas\u00a0\u00bb - centrafricaine<\/title>\n<meta name=\"description\" content=\"Alors que la France a officialis\u00e9 la suspension d\u2019une partie de son aide \u00e0 la Centrafrique, le foss\u00e9 se creuse entre Par ...\" \/>\n<meta name=\"robots\" content=\"index, follow, max-snippet:-1, max-image-preview:large, max-video-preview:-1\" \/>\n<link rel=\"canonical\" href=\"https:\/\/www.africa-press.net\/centrafricaine\/politique\/centrafrique-le-conflit-entre-la-france-et-la-russie-ne-nous-regarde-pas\" \/>\n<meta property=\"og:locale\" content=\"fr_FR\" \/>\n<meta property=\"og:type\" content=\"article\" \/>\n<meta property=\"og:title\" content=\"\u00ab\u00a0Le conflit entre la France et la Russie ne nous regarde pas\u00a0\u00bb\" \/>\n<meta property=\"og:description\" content=\"Alors que la France a officialis\u00e9 la suspension d\u2019une partie de son aide \u00e0 la Centrafrique, le foss\u00e9 se creuse entre Par ...\" \/>\n<meta property=\"og:url\" content=\"https:\/\/www.africa-press.net\/centrafricaine\/politique\/centrafrique-le-conflit-entre-la-france-et-la-russie-ne-nous-regarde-pas\" \/>\n<meta property=\"og:site_name\" content=\"centrafricaine\" \/>\n<meta property=\"article:published_time\" content=\"2021-06-12T13:50:14+00:00\" \/>\n<meta property=\"article:modified_time\" content=\"2021-06-12T18:08:31+00:00\" \/>\n<meta property=\"og:image\" content=\"https:\/\/static.africa-press.net\/centrafricaine\/sites\/45\/2021\/06\/img-60c4b3d016678.jpg\" \/>\n\t<meta property=\"og:image:width\" content=\"720\" \/>\n\t<meta property=\"og:image:height\" content=\"360\" \/>\n\t<meta property=\"og:image:type\" content=\"image\/jpeg\" \/>\n<meta name=\"author\" content=\"cfeditorfr\" \/>\n<meta name=\"twitter:card\" content=\"summary_large_image\" \/>\n<meta name=\"twitter:label1\" content=\"\u00c9crit par\" \/>\n\t<meta name=\"twitter:data1\" content=\"cfeditorfr\" \/>\n\t<meta name=\"twitter:label2\" content=\"Dur\u00e9e de lecture estim\u00e9e\" \/>\n\t<meta name=\"twitter:data2\" content=\"2 minutes\" \/>\n<script type=\"application\/ld+json\" class=\"yoast-schema-graph\">{\"@context\":\"https:\/\/schema.org\",\"@graph\":[{\"@type\":\"Article\",\"@id\":\"https:\/\/www.africa-press.net\/centrafricaine\/politique\/centrafrique-le-conflit-entre-la-france-et-la-russie-ne-nous-regarde-pas#article\",\"isPartOf\":{\"@id\":\"https:\/\/www.africa-press.net\/centrafricaine\/politique\/centrafrique-le-conflit-entre-la-france-et-la-russie-ne-nous-regarde-pas\"},\"author\":{\"name\":\"cfeditorfr\",\"@id\":\"https:\/\/www.africa-press.net\/centrafricaine\/#\/schema\/person\/2b1cf3cd81a31e3cd26889ca66d677f1\"},\"headline\":\"\u00ab\u00a0Le conflit entre la France et la Russie ne nous regarde pas\u00a0\u00bb\",\"datePublished\":\"2021-06-12T13:50:14+00:00\",\"dateModified\":\"2021-06-12T18:08:31+00:00\",\"mainEntityOfPage\":{\"@id\":\"https:\/\/www.africa-press.net\/centrafricaine\/politique\/centrafrique-le-conflit-entre-la-france-et-la-russie-ne-nous-regarde-pas\"},\"wordCount\":500,\"commentCount\":0,\"image\":{\"@id\":\"https:\/\/www.africa-press.net\/centrafricaine\/politique\/centrafrique-le-conflit-entre-la-france-et-la-russie-ne-nous-regarde-pas#primaryimage\"},\"thumbnailUrl\":\"https:\/\/static.africa-press.net\/centrafricaine\/sites\/45\/2021\/06\/img-60c4b3d016678.jpg\",\"keywords\":[\"Africa Press\",\"Africa Press-CentrAfricaine\",\"CentrAfricaine\"],\"articleSection\":[\"homepage-french\",\"Politique\",\"Toutes les actualit\u00e9s\"],\"inLanguage\":\"fr-FR\",\"potentialAction\":[{\"@type\":\"CommentAction\",\"name\":\"Comment\",\"target\":[\"https:\/\/www.africa-press.net\/centrafricaine\/politique\/centrafrique-le-conflit-entre-la-france-et-la-russie-ne-nous-regarde-pas#respond\"]}]},{\"@type\":\"WebPage\",\"@id\":\"https:\/\/www.africa-press.net\/centrafricaine\/politique\/centrafrique-le-conflit-entre-la-france-et-la-russie-ne-nous-regarde-pas\",\"url\":\"https:\/\/www.africa-press.net\/centrafricaine\/politique\/centrafrique-le-conflit-entre-la-france-et-la-russie-ne-nous-regarde-pas\",\"name\":\"\u00ab\u00a0Le conflit entre la France et la Russie ne nous regarde pas\u00a0\u00bb - centrafricaine\",\"isPartOf\":{\"@id\":\"https:\/\/www.africa-press.net\/centrafricaine\/#website\"},\"primaryImageOfPage\":{\"@id\":\"https:\/\/www.africa-press.net\/centrafricaine\/politique\/centrafrique-le-conflit-entre-la-france-et-la-russie-ne-nous-regarde-pas#primaryimage\"},\"image\":{\"@id\":\"https:\/\/www.africa-press.net\/centrafricaine\/politique\/centrafrique-le-conflit-entre-la-france-et-la-russie-ne-nous-regarde-pas#primaryimage\"},\"thumbnailUrl\":\"https:\/\/static.africa-press.net\/centrafricaine\/sites\/45\/2021\/06\/img-60c4b3d016678.jpg\",\"datePublished\":\"2021-06-12T13:50:14+00:00\",\"dateModified\":\"2021-06-12T18:08:31+00:00\",\"author\":{\"@id\":\"https:\/\/www.africa-press.net\/centrafricaine\/#\/schema\/person\/2b1cf3cd81a31e3cd26889ca66d677f1\"},\"description\":\"Alors que la France a officialis\u00e9 la suspension d\u2019une partie de son aide \u00e0 la Centrafrique, le foss\u00e9 se creuse entre Par ...\",\"breadcrumb\":{\"@id\":\"https:\/\/www.africa-press.net\/centrafricaine\/politique\/centrafrique-le-conflit-entre-la-france-et-la-russie-ne-nous-regarde-pas#breadcrumb\"},\"inLanguage\":\"fr-FR\",\"potentialAction\":[{\"@type\":\"ReadAction\",\"target\":[\"https:\/\/www.africa-press.net\/centrafricaine\/politique\/centrafrique-le-conflit-entre-la-france-et-la-russie-ne-nous-regarde-pas\"]}]},{\"@type\":\"ImageObject\",\"inLanguage\":\"fr-FR\",\"@id\":\"https:\/\/www.africa-press.net\/centrafricaine\/politique\/centrafrique-le-conflit-entre-la-france-et-la-russie-ne-nous-regarde-pas#primaryimage\",\"url\":\"https:\/\/static.africa-press.net\/centrafricaine\/sites\/45\/2021\/06\/img-60c4b3d016678.jpg\",\"contentUrl\":\"https:\/\/static.africa-press.net\/centrafricaine\/sites\/45\/2021\/06\/img-60c4b3d016678.jpg\",\"width\":720,\"height\":360,\"caption\":\"Centrafrique : \u00ab\u00a0Le conflit entre la France et la Russie ne nous regarde pas\u00a0\u00bb\"},{\"@type\":\"BreadcrumbList\",\"@id\":\"https:\/\/www.africa-press.net\/centrafricaine\/politique\/centrafrique-le-conflit-entre-la-france-et-la-russie-ne-nous-regarde-pas#breadcrumb\",\"itemListElement\":[{\"@type\":\"ListItem\",\"position\":1,\"name\":\"Accueil\",\"item\":\"https:\/\/www.africa-press.net\/centrafricaine\/\"},{\"@type\":\"ListItem\",\"position\":2,\"name\":\"\u00ab\u00a0Le conflit entre la France et la Russie ne nous regarde pas\u00a0\u00bb\"}]},{\"@type\":\"WebSite\",\"@id\":\"https:\/\/www.africa-press.net\/centrafricaine\/#website\",\"url\":\"https:\/\/www.africa-press.net\/centrafricaine\/\",\"name\":\"centrafricaine\",\"description\":\"Just another Africa News Agency Sites site\",\"potentialAction\":[{\"@type\":\"SearchAction\",\"target\":{\"@type\":\"EntryPoint\",\"urlTemplate\":\"https:\/\/www.africa-press.net\/centrafricaine\/?s={search_term_string}\"},\"query-input\":{\"@type\":\"PropertyValueSpecification\",\"valueRequired\":true,\"valueName\":\"search_term_string\"}}],\"inLanguage\":\"fr-FR\"},{\"@type\":\"Person\",\"@id\":\"https:\/\/www.africa-press.net\/centrafricaine\/#\/schema\/person\/2b1cf3cd81a31e3cd26889ca66d677f1\",\"name\":\"cfeditorfr\"}]}<\/script>\n<!-- \/ Yoast SEO Premium plugin. -->","yoast_head_json":{"title":"\u00ab\u00a0Le conflit entre la France et la Russie ne nous regarde pas\u00a0\u00bb - centrafricaine","description":"Alors que la France a officialis\u00e9 la suspension d\u2019une partie de son aide \u00e0 la Centrafrique, le foss\u00e9 se creuse entre Par ...","robots":{"index":"index","follow":"follow","max-snippet":"max-snippet:-1","max-image-preview":"max-image-preview:large","max-video-preview":"max-video-preview:-1"},"canonical":"https:\/\/www.africa-press.net\/centrafricaine\/politique\/centrafrique-le-conflit-entre-la-france-et-la-russie-ne-nous-regarde-pas","og_locale":"fr_FR","og_type":"article","og_title":"\u00ab\u00a0Le conflit entre la France et la Russie ne nous regarde pas\u00a0\u00bb","og_description":"Alors que la France a officialis\u00e9 la suspension d\u2019une partie de son aide \u00e0 la Centrafrique, le foss\u00e9 se creuse entre Par ...","og_url":"https:\/\/www.africa-press.net\/centrafricaine\/politique\/centrafrique-le-conflit-entre-la-france-et-la-russie-ne-nous-regarde-pas","og_site_name":"centrafricaine","article_published_time":"2021-06-12T13:50:14+00:00","article_modified_time":"2021-06-12T18:08:31+00:00","og_image":[{"width":720,"height":360,"url":"https:\/\/static.africa-press.net\/centrafricaine\/sites\/45\/2021\/06\/img-60c4b3d016678.jpg","type":"image\/jpeg"}],"author":"cfeditorfr","twitter_card":"summary_large_image","twitter_misc":{"\u00c9crit par":"cfeditorfr","Dur\u00e9e de lecture estim\u00e9e":"2 minutes"},"schema":{"@context":"https:\/\/schema.org","@graph":[{"@type":"Article","@id":"https:\/\/www.africa-press.net\/centrafricaine\/politique\/centrafrique-le-conflit-entre-la-france-et-la-russie-ne-nous-regarde-pas#article","isPartOf":{"@id":"https:\/\/www.africa-press.net\/centrafricaine\/politique\/centrafrique-le-conflit-entre-la-france-et-la-russie-ne-nous-regarde-pas"},"author":{"name":"cfeditorfr","@id":"https:\/\/www.africa-press.net\/centrafricaine\/#\/schema\/person\/2b1cf3cd81a31e3cd26889ca66d677f1"},"headline":"\u00ab\u00a0Le conflit entre la France et la Russie ne nous regarde pas\u00a0\u00bb","datePublished":"2021-06-12T13:50:14+00:00","dateModified":"2021-06-12T18:08:31+00:00","mainEntityOfPage":{"@id":"https:\/\/www.africa-press.net\/centrafricaine\/politique\/centrafrique-le-conflit-entre-la-france-et-la-russie-ne-nous-regarde-pas"},"wordCount":500,"commentCount":0,"image":{"@id":"https:\/\/www.africa-press.net\/centrafricaine\/politique\/centrafrique-le-conflit-entre-la-france-et-la-russie-ne-nous-regarde-pas#primaryimage"},"thumbnailUrl":"https:\/\/static.africa-press.net\/centrafricaine\/sites\/45\/2021\/06\/img-60c4b3d016678.jpg","keywords":["Africa Press","Africa Press-CentrAfricaine","CentrAfricaine"],"articleSection":["homepage-french","Politique","Toutes les actualit\u00e9s"],"inLanguage":"fr-FR","potentialAction":[{"@type":"CommentAction","name":"Comment","target":["https:\/\/www.africa-press.net\/centrafricaine\/politique\/centrafrique-le-conflit-entre-la-france-et-la-russie-ne-nous-regarde-pas#respond"]}]},{"@type":"WebPage","@id":"https:\/\/www.africa-press.net\/centrafricaine\/politique\/centrafrique-le-conflit-entre-la-france-et-la-russie-ne-nous-regarde-pas","url":"https:\/\/www.africa-press.net\/centrafricaine\/politique\/centrafrique-le-conflit-entre-la-france-et-la-russie-ne-nous-regarde-pas","name":"\u00ab\u00a0Le conflit entre la France et la Russie ne nous regarde pas\u00a0\u00bb - centrafricaine","isPartOf":{"@id":"https:\/\/www.africa-press.net\/centrafricaine\/#website"},"primaryImageOfPage":{"@id":"https:\/\/www.africa-press.net\/centrafricaine\/politique\/centrafrique-le-conflit-entre-la-france-et-la-russie-ne-nous-regarde-pas#primaryimage"},"image":{"@id":"https:\/\/www.africa-press.net\/centrafricaine\/politique\/centrafrique-le-conflit-entre-la-france-et-la-russie-ne-nous-regarde-pas#primaryimage"},"thumbnailUrl":"https:\/\/static.africa-press.net\/centrafricaine\/sites\/45\/2021\/06\/img-60c4b3d016678.jpg","datePublished":"2021-06-12T13:50:14+00:00","dateModified":"2021-06-12T18:08:31+00:00","author":{"@id":"https:\/\/www.africa-press.net\/centrafricaine\/#\/schema\/person\/2b1cf3cd81a31e3cd26889ca66d677f1"},"description":"Alors que la France a officialis\u00e9 la suspension d\u2019une partie de son aide \u00e0 la Centrafrique, le foss\u00e9 se creuse entre Par ...","breadcrumb":{"@id":"https:\/\/www.africa-press.net\/centrafricaine\/politique\/centrafrique-le-conflit-entre-la-france-et-la-russie-ne-nous-regarde-pas#breadcrumb"},"inLanguage":"fr-FR","potentialAction":[{"@type":"ReadAction","target":["https:\/\/www.africa-press.net\/centrafricaine\/politique\/centrafrique-le-conflit-entre-la-france-et-la-russie-ne-nous-regarde-pas"]}]},{"@type":"ImageObject","inLanguage":"fr-FR","@id":"https:\/\/www.africa-press.net\/centrafricaine\/politique\/centrafrique-le-conflit-entre-la-france-et-la-russie-ne-nous-regarde-pas#primaryimage","url":"https:\/\/static.africa-press.net\/centrafricaine\/sites\/45\/2021\/06\/img-60c4b3d016678.jpg","contentUrl":"https:\/\/static.africa-press.net\/centrafricaine\/sites\/45\/2021\/06\/img-60c4b3d016678.jpg","width":720,"height":360,"caption":"Centrafrique : \u00ab\u00a0Le conflit entre la France et la Russie ne nous regarde pas\u00a0\u00bb"},{"@type":"BreadcrumbList","@id":"https:\/\/www.africa-press.net\/centrafricaine\/politique\/centrafrique-le-conflit-entre-la-france-et-la-russie-ne-nous-regarde-pas#breadcrumb","itemListElement":[{"@type":"ListItem","position":1,"name":"Accueil","item":"https:\/\/www.africa-press.net\/centrafricaine\/"},{"@type":"ListItem","position":2,"name":"\u00ab\u00a0Le conflit entre la France et la Russie ne nous regarde pas\u00a0\u00bb"}]},{"@type":"WebSite","@id":"https:\/\/www.africa-press.net\/centrafricaine\/#website","url":"https:\/\/www.africa-press.net\/centrafricaine\/","name":"centrafricaine","description":"Just another Africa News Agency Sites site","potentialAction":[{"@type":"SearchAction","target":{"@type":"EntryPoint","urlTemplate":"https:\/\/www.africa-press.net\/centrafricaine\/?s={search_term_string}"},"query-input":{"@type":"PropertyValueSpecification","valueRequired":true,"valueName":"search_term_string"}}],"inLanguage":"fr-FR"},{"@type":"Person","@id":"https:\/\/www.africa-press.net\/centrafricaine\/#\/schema\/person\/2b1cf3cd81a31e3cd26889ca66d677f1","name":"cfeditorfr"}]}},"_links":{"self":[{"href":"https:\/\/www.africa-press.net\/centrafricaine\/wp-json\/wp\/v2\/posts\/8022","targetHints":{"allow":["GET"]}}],"collection":[{"href":"https:\/\/www.africa-press.net\/centrafricaine\/wp-json\/wp\/v2\/posts"}],"about":[{"href":"https:\/\/www.africa-press.net\/centrafricaine\/wp-json\/wp\/v2\/types\/post"}],"author":[{"embeddable":true,"href":"https:\/\/www.africa-press.net\/centrafricaine\/wp-json\/wp\/v2\/users\/82"}],"replies":[{"embeddable":true,"href":"https:\/\/www.africa-press.net\/centrafricaine\/wp-json\/wp\/v2\/comments?post=8022"}],"version-history":[{"count":0,"href":"https:\/\/www.africa-press.net\/centrafricaine\/wp-json\/wp\/v2\/posts\/8022\/revisions"}],"wp:featuredmedia":[{"embeddable":true,"href":"https:\/\/www.africa-press.net\/centrafricaine\/wp-json\/wp\/v2\/media\/8021"}],"wp:attachment":[{"href":"https:\/\/www.africa-press.net\/centrafricaine\/wp-json\/wp\/v2\/media?parent=8022"}],"wp:term":[{"taxonomy":"category","embeddable":true,"href":"https:\/\/www.africa-press.net\/centrafricaine\/wp-json\/wp\/v2\/categories?post=8022"},{"taxonomy":"post_tag","embeddable":true,"href":"https:\/\/www.africa-press.net\/centrafricaine\/wp-json\/wp\/v2\/tags?post=8022"}],"curies":[{"name":"wp","href":"https:\/\/api.w.org\/{rel}","templated":true}]}}