{"id":8067,"date":"2021-06-14T11:26:43","date_gmt":"2021-06-14T11:26:43","guid":{"rendered":"https:\/\/www.africa-press.net\/centrafricaine\/?p=8067"},"modified":"2021-06-14T19:41:48","modified_gmt":"2021-06-14T19:41:48","slug":"rca-ndim-un-homme-grievement-blesse-par-balle-apres-une-altercation-avec-un-soldat-faca","status":"publish","type":"post","link":"https:\/\/www.africa-press.net\/centrafricaine\/politique\/rca-ndim-un-homme-grievement-blesse-par-balle-apres-une-altercation-avec-un-soldat-faca","title":{"rendered":"Ndim, un homme gri\u00e8vement bless\u00e9 par balle apr\u00e8s une altercation avec un soldat FACA"},"content":{"rendered":"<p><span style=\"color: #ff6600\"><strong><a href=\"https:\/\/www.africa-press.net\/\">Africa-Press<\/a> &#8211; <a href=\"https:\/\/www.africa-press.net\/centrafricaine\">CentrAfricaine<\/a>.\u00a0 <\/strong><\/span>La victime a \u00e9t\u00e9 transport\u00e9e d\u2019urgence \u00e0 l\u2019h\u00f4pital de Bocaranga quelques minutes apr\u00e8s l\u2019incident qui avait eu lieu dans la localit\u00e9 de Ndim, dans la pr\u00e9fecture de l\u2019Ouham-P\u00e9nd\u00e9, au nord-ouest de la RCA.<\/p>\n<p>Selon plusieurs t\u00e9moins qui ont assist\u00e9 \u00e0 la sc\u00e8ne, l\u2019acte criminel est survenu ce jeudi 10 juin 2021 \u00e0 Ndim, dans la sous-pr\u00e9fecture de Ngaoundaye apr\u00e8s une banale altercation entre un soldat de l\u2019arm\u00e9e nationale et un homme, habitant de Ndim.<\/p>\n<p>Selon les m\u00eames sources, c\u2019est au moment de discussions que le soldat FACA a d\u00e9gain\u00e9 son arme avant de lui tirer dessus. La balle atteint son genou droit, et aussit\u00f4t l\u2019homme a \u00e9t\u00e9 transf\u00e9r\u00e9 \u00e0 l\u2019h\u00f4pital de Bocaranga. Le soldat fautif serait un caporal de l\u2019arm\u00e9e nationale.<\/p>\n<p>Rappelons que le 26 mai dernier, les rebelles de 3R, membres de la coalition des patriotes pour le changement (CPC) ont attaqu\u00e9 la position de l\u2019arm\u00e9e nationale \u00e0 l\u2019entr\u00e9e de Ndim. Un soldat de l\u2019arm\u00e9e nationale avait \u00e9t\u00e9 tu\u00e9, et tous les autres ont pris la fuite pour regagner la base op\u00e9rationnelle de la Minusca durant plusieurs jours.<\/p>\n<p>Pour les populations locales, s\u2019il s\u2019agit pour les FACA de faire usage de leur arme, ils devraient le faire face aux rebelles du CPC et non aux civils.<\/p>\n<p><b>\u00a0<\/b><\/p>\n","protected":false},"excerpt":{"rendered":"<p>Africa-Press &#8211; CentrAfricaine.\u00a0 La victime a \u00e9t\u00e9 transport\u00e9e d\u2019urgence \u00e0 l\u2019h\u00f4pital de Bocaranga quelques minutes apr\u00e8s l\u2019incident qui avait eu lieu dans la localit\u00e9 de Ndim, dans la pr\u00e9fecture de l\u2019Ouham-P\u00e9nd\u00e9, au nord-ouest de la RCA. Selon plusieurs t\u00e9moins qui ont assist\u00e9 \u00e0 la sc\u00e8ne, l\u2019acte criminel est survenu ce jeudi 10 juin 2021 \u00e0 [&hellip;]<\/p>\n","protected":false},"author":82,"featured_media":8066,"comment_status":"open","ping_status":"closed","sticky":false,"template":"","format":"standard","meta":{"footnotes":""},"categories":[11,2,10],"tags":[36,58,30],"class_list":["post-8067","post","type-post","status-publish","format-standard","has-post-thumbnail","hentry","category-homepage-french","category-politique","category-toutes-les-actualites","tag-africa-press","tag-africa-press-centrafricaine","tag-centrafricaine"],"yoast_head":"<!-- This site is optimized with the Yoast SEO Premium plugin v26.1 (Yoast SEO v27.0) - https:\/\/yoast.com\/product\/yoast-seo-premium-wordpress\/ -->\n<title>Ndim, un homme gri\u00e8vement bless\u00e9 par balle apr\u00e8s une altercation avec un soldat FACA - centrafricaine<\/title>\n<meta name=\"description\" content=\"Bangui, R\u00e9publique centrafricaine, lundi, 14 juin 2021, 03:51:28 ( Corbeaunews-Centrafrique ). La victime a \u00e9t\u00e9 ...\" \/>\n<meta name=\"robots\" content=\"index, follow, max-snippet:-1, max-image-preview:large, max-video-preview:-1\" \/>\n<link rel=\"canonical\" href=\"https:\/\/www.africa-press.net\/centrafricaine\/politique\/rca-ndim-un-homme-grievement-blesse-par-balle-apres-une-altercation-avec-un-soldat-faca\" \/>\n<meta property=\"og:locale\" content=\"fr_FR\" \/>\n<meta property=\"og:type\" content=\"article\" \/>\n<meta property=\"og:title\" content=\"Ndim, un homme gri\u00e8vement bless\u00e9 par balle apr\u00e8s une altercation avec un soldat FACA\" \/>\n<meta property=\"og:description\" content=\"Bangui, R\u00e9publique centrafricaine, lundi, 14 juin 2021, 03:51:28 ( Corbeaunews-Centrafrique ). La victime a \u00e9t\u00e9 ...\" \/>\n<meta property=\"og:url\" content=\"https:\/\/www.africa-press.net\/centrafricaine\/politique\/rca-ndim-un-homme-grievement-blesse-par-balle-apres-une-altercation-avec-un-soldat-faca\" \/>\n<meta property=\"og:site_name\" content=\"centrafricaine\" \/>\n<meta property=\"article:published_time\" content=\"2021-06-14T11:26:43+00:00\" \/>\n<meta property=\"article:modified_time\" content=\"2021-06-14T19:41:48+00:00\" \/>\n<meta property=\"og:image\" content=\"https:\/\/static.africa-press.net\/centrafricaine\/sites\/45\/2021\/06\/img-60c73bb981213.jpg\" \/>\n\t<meta property=\"og:image:width\" content=\"750\" \/>\n\t<meta property=\"og:image:height\" content=\"750\" \/>\n\t<meta property=\"og:image:type\" content=\"image\/jpeg\" \/>\n<meta name=\"author\" content=\"cfeditorfr\" \/>\n<meta name=\"twitter:card\" content=\"summary_large_image\" \/>\n<meta name=\"twitter:label1\" content=\"\u00c9crit par\" \/>\n\t<meta name=\"twitter:data1\" content=\"cfeditorfr\" \/>\n\t<meta name=\"twitter:label2\" content=\"Dur\u00e9e de lecture estim\u00e9e\" \/>\n\t<meta name=\"twitter:data2\" content=\"1 minute\" \/>\n<script type=\"application\/ld+json\" class=\"yoast-schema-graph\">{\"@context\":\"https:\/\/schema.org\",\"@graph\":[{\"@type\":\"Article\",\"@id\":\"https:\/\/www.africa-press.net\/centrafricaine\/politique\/rca-ndim-un-homme-grievement-blesse-par-balle-apres-une-altercation-avec-un-soldat-faca#article\",\"isPartOf\":{\"@id\":\"https:\/\/www.africa-press.net\/centrafricaine\/politique\/rca-ndim-un-homme-grievement-blesse-par-balle-apres-une-altercation-avec-un-soldat-faca\"},\"author\":{\"name\":\"cfeditorfr\",\"@id\":\"https:\/\/www.africa-press.net\/centrafricaine\/#\/schema\/person\/2b1cf3cd81a31e3cd26889ca66d677f1\"},\"headline\":\"Ndim, un homme gri\u00e8vement bless\u00e9 par balle apr\u00e8s une altercation avec un soldat FACA\",\"datePublished\":\"2021-06-14T11:26:43+00:00\",\"dateModified\":\"2021-06-14T19:41:48+00:00\",\"mainEntityOfPage\":{\"@id\":\"https:\/\/www.africa-press.net\/centrafricaine\/politique\/rca-ndim-un-homme-grievement-blesse-par-balle-apres-une-altercation-avec-un-soldat-faca\"},\"wordCount\":253,\"commentCount\":0,\"image\":{\"@id\":\"https:\/\/www.africa-press.net\/centrafricaine\/politique\/rca-ndim-un-homme-grievement-blesse-par-balle-apres-une-altercation-avec-un-soldat-faca#primaryimage\"},\"thumbnailUrl\":\"https:\/\/static.africa-press.net\/centrafricaine\/sites\/45\/2021\/06\/img-60c73bb981213.jpg\",\"keywords\":[\"Africa Press\",\"Africa Press-CentrAfricaine\",\"CentrAfricaine\"],\"articleSection\":[\"homepage-french\",\"Politique\",\"Toutes les actualit\u00e9s\"],\"inLanguage\":\"fr-FR\",\"potentialAction\":[{\"@type\":\"CommentAction\",\"name\":\"Comment\",\"target\":[\"https:\/\/www.africa-press.net\/centrafricaine\/politique\/rca-ndim-un-homme-grievement-blesse-par-balle-apres-une-altercation-avec-un-soldat-faca#respond\"]}]},{\"@type\":\"WebPage\",\"@id\":\"https:\/\/www.africa-press.net\/centrafricaine\/politique\/rca-ndim-un-homme-grievement-blesse-par-balle-apres-une-altercation-avec-un-soldat-faca\",\"url\":\"https:\/\/www.africa-press.net\/centrafricaine\/politique\/rca-ndim-un-homme-grievement-blesse-par-balle-apres-une-altercation-avec-un-soldat-faca\",\"name\":\"Ndim, un homme gri\u00e8vement bless\u00e9 par balle apr\u00e8s une altercation avec un soldat FACA - centrafricaine\",\"isPartOf\":{\"@id\":\"https:\/\/www.africa-press.net\/centrafricaine\/#website\"},\"primaryImageOfPage\":{\"@id\":\"https:\/\/www.africa-press.net\/centrafricaine\/politique\/rca-ndim-un-homme-grievement-blesse-par-balle-apres-une-altercation-avec-un-soldat-faca#primaryimage\"},\"image\":{\"@id\":\"https:\/\/www.africa-press.net\/centrafricaine\/politique\/rca-ndim-un-homme-grievement-blesse-par-balle-apres-une-altercation-avec-un-soldat-faca#primaryimage\"},\"thumbnailUrl\":\"https:\/\/static.africa-press.net\/centrafricaine\/sites\/45\/2021\/06\/img-60c73bb981213.jpg\",\"datePublished\":\"2021-06-14T11:26:43+00:00\",\"dateModified\":\"2021-06-14T19:41:48+00:00\",\"author\":{\"@id\":\"https:\/\/www.africa-press.net\/centrafricaine\/#\/schema\/person\/2b1cf3cd81a31e3cd26889ca66d677f1\"},\"description\":\"Bangui, R\u00e9publique centrafricaine, lundi, 14 juin 2021, 03:51:28 ( Corbeaunews-Centrafrique ). La victime a \u00e9t\u00e9 ...\",\"breadcrumb\":{\"@id\":\"https:\/\/www.africa-press.net\/centrafricaine\/politique\/rca-ndim-un-homme-grievement-blesse-par-balle-apres-une-altercation-avec-un-soldat-faca#breadcrumb\"},\"inLanguage\":\"fr-FR\",\"potentialAction\":[{\"@type\":\"ReadAction\",\"target\":[\"https:\/\/www.africa-press.net\/centrafricaine\/politique\/rca-ndim-un-homme-grievement-blesse-par-balle-apres-une-altercation-avec-un-soldat-faca\"]}]},{\"@type\":\"ImageObject\",\"inLanguage\":\"fr-FR\",\"@id\":\"https:\/\/www.africa-press.net\/centrafricaine\/politique\/rca-ndim-un-homme-grievement-blesse-par-balle-apres-une-altercation-avec-un-soldat-faca#primaryimage\",\"url\":\"https:\/\/static.africa-press.net\/centrafricaine\/sites\/45\/2021\/06\/img-60c73bb981213.jpg\",\"contentUrl\":\"https:\/\/static.africa-press.net\/centrafricaine\/sites\/45\/2021\/06\/img-60c73bb981213.jpg\",\"width\":750,\"height\":750,\"caption\":\"RCA\u00a0: Ndim, un homme gri\u00e8vement bless\u00e9 par balle apr\u00e8s une altercation avec un soldat FACA\"},{\"@type\":\"BreadcrumbList\",\"@id\":\"https:\/\/www.africa-press.net\/centrafricaine\/politique\/rca-ndim-un-homme-grievement-blesse-par-balle-apres-une-altercation-avec-un-soldat-faca#breadcrumb\",\"itemListElement\":[{\"@type\":\"ListItem\",\"position\":1,\"name\":\"Accueil\",\"item\":\"https:\/\/www.africa-press.net\/centrafricaine\/\"},{\"@type\":\"ListItem\",\"position\":2,\"name\":\"Ndim, un homme gri\u00e8vement bless\u00e9 par balle apr\u00e8s une altercation avec un soldat FACA\"}]},{\"@type\":\"WebSite\",\"@id\":\"https:\/\/www.africa-press.net\/centrafricaine\/#website\",\"url\":\"https:\/\/www.africa-press.net\/centrafricaine\/\",\"name\":\"centrafricaine\",\"description\":\"Just another Africa News Agency Sites site\",\"potentialAction\":[{\"@type\":\"SearchAction\",\"target\":{\"@type\":\"EntryPoint\",\"urlTemplate\":\"https:\/\/www.africa-press.net\/centrafricaine\/?s={search_term_string}\"},\"query-input\":{\"@type\":\"PropertyValueSpecification\",\"valueRequired\":true,\"valueName\":\"search_term_string\"}}],\"inLanguage\":\"fr-FR\"},{\"@type\":\"Person\",\"@id\":\"https:\/\/www.africa-press.net\/centrafricaine\/#\/schema\/person\/2b1cf3cd81a31e3cd26889ca66d677f1\",\"name\":\"cfeditorfr\"}]}<\/script>\n<!-- \/ Yoast SEO Premium plugin. -->","yoast_head_json":{"title":"Ndim, un homme gri\u00e8vement bless\u00e9 par balle apr\u00e8s une altercation avec un soldat FACA - centrafricaine","description":"Bangui, R\u00e9publique centrafricaine, lundi, 14 juin 2021, 03:51:28 ( Corbeaunews-Centrafrique ). La victime a \u00e9t\u00e9 ...","robots":{"index":"index","follow":"follow","max-snippet":"max-snippet:-1","max-image-preview":"max-image-preview:large","max-video-preview":"max-video-preview:-1"},"canonical":"https:\/\/www.africa-press.net\/centrafricaine\/politique\/rca-ndim-un-homme-grievement-blesse-par-balle-apres-une-altercation-avec-un-soldat-faca","og_locale":"fr_FR","og_type":"article","og_title":"Ndim, un homme gri\u00e8vement bless\u00e9 par balle apr\u00e8s une altercation avec un soldat FACA","og_description":"Bangui, R\u00e9publique centrafricaine, lundi, 14 juin 2021, 03:51:28 ( Corbeaunews-Centrafrique ). La victime a \u00e9t\u00e9 ...","og_url":"https:\/\/www.africa-press.net\/centrafricaine\/politique\/rca-ndim-un-homme-grievement-blesse-par-balle-apres-une-altercation-avec-un-soldat-faca","og_site_name":"centrafricaine","article_published_time":"2021-06-14T11:26:43+00:00","article_modified_time":"2021-06-14T19:41:48+00:00","og_image":[{"width":750,"height":750,"url":"https:\/\/static.africa-press.net\/centrafricaine\/sites\/45\/2021\/06\/img-60c73bb981213.jpg","type":"image\/jpeg"}],"author":"cfeditorfr","twitter_card":"summary_large_image","twitter_misc":{"\u00c9crit par":"cfeditorfr","Dur\u00e9e de lecture estim\u00e9e":"1 minute"},"schema":{"@context":"https:\/\/schema.org","@graph":[{"@type":"Article","@id":"https:\/\/www.africa-press.net\/centrafricaine\/politique\/rca-ndim-un-homme-grievement-blesse-par-balle-apres-une-altercation-avec-un-soldat-faca#article","isPartOf":{"@id":"https:\/\/www.africa-press.net\/centrafricaine\/politique\/rca-ndim-un-homme-grievement-blesse-par-balle-apres-une-altercation-avec-un-soldat-faca"},"author":{"name":"cfeditorfr","@id":"https:\/\/www.africa-press.net\/centrafricaine\/#\/schema\/person\/2b1cf3cd81a31e3cd26889ca66d677f1"},"headline":"Ndim, un homme gri\u00e8vement bless\u00e9 par balle apr\u00e8s une altercation avec un soldat FACA","datePublished":"2021-06-14T11:26:43+00:00","dateModified":"2021-06-14T19:41:48+00:00","mainEntityOfPage":{"@id":"https:\/\/www.africa-press.net\/centrafricaine\/politique\/rca-ndim-un-homme-grievement-blesse-par-balle-apres-une-altercation-avec-un-soldat-faca"},"wordCount":253,"commentCount":0,"image":{"@id":"https:\/\/www.africa-press.net\/centrafricaine\/politique\/rca-ndim-un-homme-grievement-blesse-par-balle-apres-une-altercation-avec-un-soldat-faca#primaryimage"},"thumbnailUrl":"https:\/\/static.africa-press.net\/centrafricaine\/sites\/45\/2021\/06\/img-60c73bb981213.jpg","keywords":["Africa Press","Africa Press-CentrAfricaine","CentrAfricaine"],"articleSection":["homepage-french","Politique","Toutes les actualit\u00e9s"],"inLanguage":"fr-FR","potentialAction":[{"@type":"CommentAction","name":"Comment","target":["https:\/\/www.africa-press.net\/centrafricaine\/politique\/rca-ndim-un-homme-grievement-blesse-par-balle-apres-une-altercation-avec-un-soldat-faca#respond"]}]},{"@type":"WebPage","@id":"https:\/\/www.africa-press.net\/centrafricaine\/politique\/rca-ndim-un-homme-grievement-blesse-par-balle-apres-une-altercation-avec-un-soldat-faca","url":"https:\/\/www.africa-press.net\/centrafricaine\/politique\/rca-ndim-un-homme-grievement-blesse-par-balle-apres-une-altercation-avec-un-soldat-faca","name":"Ndim, un homme gri\u00e8vement bless\u00e9 par balle apr\u00e8s une altercation avec un soldat FACA - centrafricaine","isPartOf":{"@id":"https:\/\/www.africa-press.net\/centrafricaine\/#website"},"primaryImageOfPage":{"@id":"https:\/\/www.africa-press.net\/centrafricaine\/politique\/rca-ndim-un-homme-grievement-blesse-par-balle-apres-une-altercation-avec-un-soldat-faca#primaryimage"},"image":{"@id":"https:\/\/www.africa-press.net\/centrafricaine\/politique\/rca-ndim-un-homme-grievement-blesse-par-balle-apres-une-altercation-avec-un-soldat-faca#primaryimage"},"thumbnailUrl":"https:\/\/static.africa-press.net\/centrafricaine\/sites\/45\/2021\/06\/img-60c73bb981213.jpg","datePublished":"2021-06-14T11:26:43+00:00","dateModified":"2021-06-14T19:41:48+00:00","author":{"@id":"https:\/\/www.africa-press.net\/centrafricaine\/#\/schema\/person\/2b1cf3cd81a31e3cd26889ca66d677f1"},"description":"Bangui, R\u00e9publique centrafricaine, lundi, 14 juin 2021, 03:51:28 ( Corbeaunews-Centrafrique ). La victime a \u00e9t\u00e9 ...","breadcrumb":{"@id":"https:\/\/www.africa-press.net\/centrafricaine\/politique\/rca-ndim-un-homme-grievement-blesse-par-balle-apres-une-altercation-avec-un-soldat-faca#breadcrumb"},"inLanguage":"fr-FR","potentialAction":[{"@type":"ReadAction","target":["https:\/\/www.africa-press.net\/centrafricaine\/politique\/rca-ndim-un-homme-grievement-blesse-par-balle-apres-une-altercation-avec-un-soldat-faca"]}]},{"@type":"ImageObject","inLanguage":"fr-FR","@id":"https:\/\/www.africa-press.net\/centrafricaine\/politique\/rca-ndim-un-homme-grievement-blesse-par-balle-apres-une-altercation-avec-un-soldat-faca#primaryimage","url":"https:\/\/static.africa-press.net\/centrafricaine\/sites\/45\/2021\/06\/img-60c73bb981213.jpg","contentUrl":"https:\/\/static.africa-press.net\/centrafricaine\/sites\/45\/2021\/06\/img-60c73bb981213.jpg","width":750,"height":750,"caption":"RCA\u00a0: Ndim, un homme gri\u00e8vement bless\u00e9 par balle apr\u00e8s une altercation avec un soldat FACA"},{"@type":"BreadcrumbList","@id":"https:\/\/www.africa-press.net\/centrafricaine\/politique\/rca-ndim-un-homme-grievement-blesse-par-balle-apres-une-altercation-avec-un-soldat-faca#breadcrumb","itemListElement":[{"@type":"ListItem","position":1,"name":"Accueil","item":"https:\/\/www.africa-press.net\/centrafricaine\/"},{"@type":"ListItem","position":2,"name":"Ndim, un homme gri\u00e8vement bless\u00e9 par balle apr\u00e8s une altercation avec un soldat FACA"}]},{"@type":"WebSite","@id":"https:\/\/www.africa-press.net\/centrafricaine\/#website","url":"https:\/\/www.africa-press.net\/centrafricaine\/","name":"centrafricaine","description":"Just another Africa News Agency Sites site","potentialAction":[{"@type":"SearchAction","target":{"@type":"EntryPoint","urlTemplate":"https:\/\/www.africa-press.net\/centrafricaine\/?s={search_term_string}"},"query-input":{"@type":"PropertyValueSpecification","valueRequired":true,"valueName":"search_term_string"}}],"inLanguage":"fr-FR"},{"@type":"Person","@id":"https:\/\/www.africa-press.net\/centrafricaine\/#\/schema\/person\/2b1cf3cd81a31e3cd26889ca66d677f1","name":"cfeditorfr"}]}},"_links":{"self":[{"href":"https:\/\/www.africa-press.net\/centrafricaine\/wp-json\/wp\/v2\/posts\/8067","targetHints":{"allow":["GET"]}}],"collection":[{"href":"https:\/\/www.africa-press.net\/centrafricaine\/wp-json\/wp\/v2\/posts"}],"about":[{"href":"https:\/\/www.africa-press.net\/centrafricaine\/wp-json\/wp\/v2\/types\/post"}],"author":[{"embeddable":true,"href":"https:\/\/www.africa-press.net\/centrafricaine\/wp-json\/wp\/v2\/users\/82"}],"replies":[{"embeddable":true,"href":"https:\/\/www.africa-press.net\/centrafricaine\/wp-json\/wp\/v2\/comments?post=8067"}],"version-history":[{"count":0,"href":"https:\/\/www.africa-press.net\/centrafricaine\/wp-json\/wp\/v2\/posts\/8067\/revisions"}],"wp:featuredmedia":[{"embeddable":true,"href":"https:\/\/www.africa-press.net\/centrafricaine\/wp-json\/wp\/v2\/media\/8066"}],"wp:attachment":[{"href":"https:\/\/www.africa-press.net\/centrafricaine\/wp-json\/wp\/v2\/media?parent=8067"}],"wp:term":[{"taxonomy":"category","embeddable":true,"href":"https:\/\/www.africa-press.net\/centrafricaine\/wp-json\/wp\/v2\/categories?post=8067"},{"taxonomy":"post_tag","embeddable":true,"href":"https:\/\/www.africa-press.net\/centrafricaine\/wp-json\/wp\/v2\/tags?post=8067"}],"curies":[{"name":"wp","href":"https:\/\/api.w.org\/{rel}","templated":true}]}}