{"id":8070,"date":"2021-06-14T11:34:22","date_gmt":"2021-06-14T11:34:22","guid":{"rendered":"https:\/\/www.africa-press.net\/centrafricaine\/?p=8070"},"modified":"2021-06-14T19:42:07","modified_gmt":"2021-06-14T19:42:07","slug":"rca-les-troupes-rwandaises-cessent-leur-operation-conjointe-avec-les-mercenaires-de-wagner","status":"publish","type":"post","link":"https:\/\/www.africa-press.net\/centrafricaine\/politique\/rca-les-troupes-rwandaises-cessent-leur-operation-conjointe-avec-les-mercenaires-de-wagner","title":{"rendered":"les troupes rwandaises cessent leur op\u00e9ration conjointe avec les mercenaires de Wagner"},"content":{"rendered":"<p><span style=\"color: #ff6600\"><strong><a href=\"https:\/\/www.africa-press.net\/\">Africa-Press<\/a> &#8211; <a href=\"https:\/\/www.africa-press.net\/centrafricaine\">CentrAfricaine<\/a>.\u00a0 <\/strong><\/span>\u00a0Sur d\u00e9cision de l\u2019\u00c9tat major rwandais, les forces sp\u00e9ciales de ce pays d\u00e9ploy\u00e9es en Centrafrique pour sauver le pouvoir du Pr\u00e9sident Touadera ne participent plus \u00e0 des op\u00e9rations conjointes avec les mercenaires de la soci\u00e9t\u00e9 Wagner contre les rebelles de la coalition des patriotes pour le changement (CPC).<\/p>\n<p>Apr\u00e8s les Casques bleus de la Minusca qui ont cess\u00e9 toutes collaborations militaires avec les mercenaires de Wagner en R\u00e9publique centrafricaine, c\u2019est le tour des troupes sp\u00e9ciales rwandaises de mettre fin \u00e0 leur participation aux op\u00e9rations conjointes incluant les mercenaires russes de la soci\u00e9t\u00e9 Wagner.<\/p>\n<p>Selon l\u2019\u00c9tat major rwandais, le comportement de ces mercenaires sur le th\u00e9\u00e2tre de l\u2019op\u00e9ration n\u2019est pas du tout conforme aux droits de l\u2019homme, encore moins aux droits humanitaires internationaux.<\/p>\n<p><b>\u00ab Au lieu de prot\u00e9ger les populations civiles, ce sont eux qui sont les premiers \u00e0 commettre des exactions sur les civils. Ce ne sont pas un exemple \u00bb<\/b><\/p>\n<p>, a t\u00e9moign\u00e9 un soldat rwandais d\u00e9ploy\u00e9 en Centrafrique.<\/p>\n<p><b>\u00ab Avec ce rythme, nous risquerons d\u2019\u00eatre sanctionn\u00e9s par les Nations unies m\u00eame si nous ne participons pas directement aux exactions. Le mieux c\u2019est de se retirer \u00bb<\/b><\/p>\n<p>&nbsp;<\/p>\n<p>Selon l\u2019\u00c9tat major rwandais, les violations commises par les mercenaires de Wagner en Centrafrique pourraient n\u00e9cessairement jouer n\u00e9gativement sur l\u2019image de leurs troupes qui combattent actuellement au c\u00f4t\u00e9 des FACA du moment o\u00f9 ces mercenaires de Wagner combattent aussi au c\u00f4t\u00e9 de l\u2019arm\u00e9e centrafricaine.<\/p>\n<p>M\u00eame le chef de l\u2019\u00c9tat centrafricain, de son c\u00f4t\u00e9, \u00e0 mis \u00e0 l\u2019\u00e9cart les mercenaires russes qui assurent sa s\u00e9curit\u00e9 rapproch\u00e9es, laissant les troupes rwandaises de la Minusca seules dans son escorte.<\/p>\n<p>Rappelons-le, le 30 avril 2021, la MINUSCA avait remis au chef de l\u2019\u00c9tat Faustin Archange TOUADERA une liste intitul\u00e9e \u00ab tableau des violations commises par les acteurs \u00e9tatiques\/forces bilat\u00e9ral d\u00e9cembre 2020 \u00e0 avril 2021 \u00bb, dans lequel elle \u00ab met gravement en cause les forces nationales et bilat\u00e9rales \u00e0 travers des all\u00e9gations d\u2019ex\u00e9cution arbitraire\/extrajudiciaire, tortures, violences sexuelles, traitements cruels, inhumains et d\u00e9gradants, arrestations et d\u00e9tentions arbitraires, menace \u00e0 l\u2019int\u00e9grit\u00e9 physique, menace de mort \u00bb. Une commission d\u2019enqu\u00eate avait \u00e9t\u00e9 mise en place par le gouvernement pour y faire la lumi\u00e8re.<\/p>\n<p>Selon leur mandat, les membres de cette commission sp\u00e9ciale ont trois mois pour accomplir leur mission et rendre publics les r\u00e9sultats de leur enqu\u00eate.<\/p>\n<p><b>\u00a0<\/b><\/p>\n","protected":false},"excerpt":{"rendered":"<p>Africa-Press &#8211; CentrAfricaine.\u00a0 \u00a0Sur d\u00e9cision de l\u2019\u00c9tat major rwandais, les forces sp\u00e9ciales de ce pays d\u00e9ploy\u00e9es en Centrafrique pour sauver le pouvoir du Pr\u00e9sident Touadera ne participent plus \u00e0 des op\u00e9rations conjointes avec les mercenaires de la soci\u00e9t\u00e9 Wagner contre les rebelles de la coalition des patriotes pour le changement (CPC). Apr\u00e8s les Casques bleus [&hellip;]<\/p>\n","protected":false},"author":82,"featured_media":8069,"comment_status":"open","ping_status":"closed","sticky":false,"template":"","format":"standard","meta":{"footnotes":""},"categories":[11,2,20,10],"tags":[36,58,30],"class_list":["post-8070","post","type-post","status-publish","format-standard","has-post-thumbnail","hentry","category-homepage-french","category-politique","category-top-nouvelles","category-toutes-les-actualites","tag-africa-press","tag-africa-press-centrafricaine","tag-centrafricaine"],"yoast_head":"<!-- This site is optimized with the Yoast SEO Premium plugin v26.1 (Yoast SEO v27.0) - https:\/\/yoast.com\/product\/yoast-seo-premium-wordpress\/ -->\n<title>les troupes rwandaises cessent leur op\u00e9ration conjointe avec les mercenaires de Wagner - centrafricaine<\/title>\n<meta name=\"description\" content=\"Bangui, R\u00e9publique centrafricaine, lundi, 14 juin 2021 ( Corbeaunews- Centrafrique ). Sur d\u00e9cision de l\u2019\u00c9tat major rwand ...\" \/>\n<meta name=\"robots\" content=\"index, follow, max-snippet:-1, max-image-preview:large, max-video-preview:-1\" \/>\n<link rel=\"canonical\" href=\"https:\/\/www.africa-press.net\/centrafricaine\/politique\/rca-les-troupes-rwandaises-cessent-leur-operation-conjointe-avec-les-mercenaires-de-wagner\" \/>\n<meta property=\"og:locale\" content=\"fr_FR\" \/>\n<meta property=\"og:type\" content=\"article\" \/>\n<meta property=\"og:title\" content=\"les troupes rwandaises cessent leur op\u00e9ration conjointe avec les mercenaires de Wagner\" \/>\n<meta property=\"og:description\" content=\"Bangui, R\u00e9publique centrafricaine, lundi, 14 juin 2021 ( Corbeaunews- Centrafrique ). Sur d\u00e9cision de l\u2019\u00c9tat major rwand ...\" \/>\n<meta property=\"og:url\" content=\"https:\/\/www.africa-press.net\/centrafricaine\/politique\/rca-les-troupes-rwandaises-cessent-leur-operation-conjointe-avec-les-mercenaires-de-wagner\" \/>\n<meta property=\"og:site_name\" content=\"centrafricaine\" \/>\n<meta property=\"article:published_time\" content=\"2021-06-14T11:34:22+00:00\" \/>\n<meta property=\"article:modified_time\" content=\"2021-06-14T19:42:07+00:00\" \/>\n<meta property=\"og:image\" content=\"https:\/\/static.africa-press.net\/centrafricaine\/sites\/45\/2021\/06\/img-60c73be08f1cb.jpg\" \/>\n\t<meta property=\"og:image:width\" content=\"720\" \/>\n\t<meta property=\"og:image:height\" content=\"479\" \/>\n\t<meta property=\"og:image:type\" content=\"image\/jpeg\" \/>\n<meta name=\"author\" content=\"cfeditorfr\" \/>\n<meta name=\"twitter:card\" content=\"summary_large_image\" \/>\n<meta name=\"twitter:label1\" content=\"\u00c9crit par\" \/>\n\t<meta name=\"twitter:data1\" content=\"cfeditorfr\" \/>\n\t<meta name=\"twitter:label2\" content=\"Dur\u00e9e de lecture estim\u00e9e\" \/>\n\t<meta name=\"twitter:data2\" content=\"2 minutes\" \/>\n<script type=\"application\/ld+json\" class=\"yoast-schema-graph\">{\"@context\":\"https:\/\/schema.org\",\"@graph\":[{\"@type\":\"Article\",\"@id\":\"https:\/\/www.africa-press.net\/centrafricaine\/politique\/rca-les-troupes-rwandaises-cessent-leur-operation-conjointe-avec-les-mercenaires-de-wagner#article\",\"isPartOf\":{\"@id\":\"https:\/\/www.africa-press.net\/centrafricaine\/politique\/rca-les-troupes-rwandaises-cessent-leur-operation-conjointe-avec-les-mercenaires-de-wagner\"},\"author\":{\"name\":\"cfeditorfr\",\"@id\":\"https:\/\/www.africa-press.net\/centrafricaine\/#\/schema\/person\/2b1cf3cd81a31e3cd26889ca66d677f1\"},\"headline\":\"les troupes rwandaises cessent leur op\u00e9ration conjointe avec les mercenaires de Wagner\",\"datePublished\":\"2021-06-14T11:34:22+00:00\",\"dateModified\":\"2021-06-14T19:42:07+00:00\",\"mainEntityOfPage\":{\"@id\":\"https:\/\/www.africa-press.net\/centrafricaine\/politique\/rca-les-troupes-rwandaises-cessent-leur-operation-conjointe-avec-les-mercenaires-de-wagner\"},\"wordCount\":435,\"commentCount\":0,\"image\":{\"@id\":\"https:\/\/www.africa-press.net\/centrafricaine\/politique\/rca-les-troupes-rwandaises-cessent-leur-operation-conjointe-avec-les-mercenaires-de-wagner#primaryimage\"},\"thumbnailUrl\":\"https:\/\/static.africa-press.net\/centrafricaine\/sites\/45\/2021\/06\/img-60c73be08f1cb.jpg\",\"keywords\":[\"Africa Press\",\"Africa Press-CentrAfricaine\",\"CentrAfricaine\"],\"articleSection\":[\"homepage-french\",\"Politique\",\"Top Nouvelles\",\"Toutes les actualit\u00e9s\"],\"inLanguage\":\"fr-FR\",\"potentialAction\":[{\"@type\":\"CommentAction\",\"name\":\"Comment\",\"target\":[\"https:\/\/www.africa-press.net\/centrafricaine\/politique\/rca-les-troupes-rwandaises-cessent-leur-operation-conjointe-avec-les-mercenaires-de-wagner#respond\"]}]},{\"@type\":\"WebPage\",\"@id\":\"https:\/\/www.africa-press.net\/centrafricaine\/politique\/rca-les-troupes-rwandaises-cessent-leur-operation-conjointe-avec-les-mercenaires-de-wagner\",\"url\":\"https:\/\/www.africa-press.net\/centrafricaine\/politique\/rca-les-troupes-rwandaises-cessent-leur-operation-conjointe-avec-les-mercenaires-de-wagner\",\"name\":\"les troupes rwandaises cessent leur op\u00e9ration conjointe avec les mercenaires de Wagner - centrafricaine\",\"isPartOf\":{\"@id\":\"https:\/\/www.africa-press.net\/centrafricaine\/#website\"},\"primaryImageOfPage\":{\"@id\":\"https:\/\/www.africa-press.net\/centrafricaine\/politique\/rca-les-troupes-rwandaises-cessent-leur-operation-conjointe-avec-les-mercenaires-de-wagner#primaryimage\"},\"image\":{\"@id\":\"https:\/\/www.africa-press.net\/centrafricaine\/politique\/rca-les-troupes-rwandaises-cessent-leur-operation-conjointe-avec-les-mercenaires-de-wagner#primaryimage\"},\"thumbnailUrl\":\"https:\/\/static.africa-press.net\/centrafricaine\/sites\/45\/2021\/06\/img-60c73be08f1cb.jpg\",\"datePublished\":\"2021-06-14T11:34:22+00:00\",\"dateModified\":\"2021-06-14T19:42:07+00:00\",\"author\":{\"@id\":\"https:\/\/www.africa-press.net\/centrafricaine\/#\/schema\/person\/2b1cf3cd81a31e3cd26889ca66d677f1\"},\"description\":\"Bangui, R\u00e9publique centrafricaine, lundi, 14 juin 2021 ( Corbeaunews- Centrafrique ). Sur d\u00e9cision de l\u2019\u00c9tat major rwand ...\",\"breadcrumb\":{\"@id\":\"https:\/\/www.africa-press.net\/centrafricaine\/politique\/rca-les-troupes-rwandaises-cessent-leur-operation-conjointe-avec-les-mercenaires-de-wagner#breadcrumb\"},\"inLanguage\":\"fr-FR\",\"potentialAction\":[{\"@type\":\"ReadAction\",\"target\":[\"https:\/\/www.africa-press.net\/centrafricaine\/politique\/rca-les-troupes-rwandaises-cessent-leur-operation-conjointe-avec-les-mercenaires-de-wagner\"]}]},{\"@type\":\"ImageObject\",\"inLanguage\":\"fr-FR\",\"@id\":\"https:\/\/www.africa-press.net\/centrafricaine\/politique\/rca-les-troupes-rwandaises-cessent-leur-operation-conjointe-avec-les-mercenaires-de-wagner#primaryimage\",\"url\":\"https:\/\/static.africa-press.net\/centrafricaine\/sites\/45\/2021\/06\/img-60c73be08f1cb.jpg\",\"contentUrl\":\"https:\/\/static.africa-press.net\/centrafricaine\/sites\/45\/2021\/06\/img-60c73be08f1cb.jpg\",\"width\":720,\"height\":479,\"caption\":\"RCA\u00a0: les troupes rwandaises cessent leur op\u00e9ration conjointe avec les mercenaires de Wagner\"},{\"@type\":\"BreadcrumbList\",\"@id\":\"https:\/\/www.africa-press.net\/centrafricaine\/politique\/rca-les-troupes-rwandaises-cessent-leur-operation-conjointe-avec-les-mercenaires-de-wagner#breadcrumb\",\"itemListElement\":[{\"@type\":\"ListItem\",\"position\":1,\"name\":\"Accueil\",\"item\":\"https:\/\/www.africa-press.net\/centrafricaine\/\"},{\"@type\":\"ListItem\",\"position\":2,\"name\":\"les troupes rwandaises cessent leur op\u00e9ration conjointe avec les mercenaires de Wagner\"}]},{\"@type\":\"WebSite\",\"@id\":\"https:\/\/www.africa-press.net\/centrafricaine\/#website\",\"url\":\"https:\/\/www.africa-press.net\/centrafricaine\/\",\"name\":\"centrafricaine\",\"description\":\"Just another Africa News Agency Sites site\",\"potentialAction\":[{\"@type\":\"SearchAction\",\"target\":{\"@type\":\"EntryPoint\",\"urlTemplate\":\"https:\/\/www.africa-press.net\/centrafricaine\/?s={search_term_string}\"},\"query-input\":{\"@type\":\"PropertyValueSpecification\",\"valueRequired\":true,\"valueName\":\"search_term_string\"}}],\"inLanguage\":\"fr-FR\"},{\"@type\":\"Person\",\"@id\":\"https:\/\/www.africa-press.net\/centrafricaine\/#\/schema\/person\/2b1cf3cd81a31e3cd26889ca66d677f1\",\"name\":\"cfeditorfr\"}]}<\/script>\n<!-- \/ Yoast SEO Premium plugin. -->","yoast_head_json":{"title":"les troupes rwandaises cessent leur op\u00e9ration conjointe avec les mercenaires de Wagner - centrafricaine","description":"Bangui, R\u00e9publique centrafricaine, lundi, 14 juin 2021 ( Corbeaunews- Centrafrique ). Sur d\u00e9cision de l\u2019\u00c9tat major rwand ...","robots":{"index":"index","follow":"follow","max-snippet":"max-snippet:-1","max-image-preview":"max-image-preview:large","max-video-preview":"max-video-preview:-1"},"canonical":"https:\/\/www.africa-press.net\/centrafricaine\/politique\/rca-les-troupes-rwandaises-cessent-leur-operation-conjointe-avec-les-mercenaires-de-wagner","og_locale":"fr_FR","og_type":"article","og_title":"les troupes rwandaises cessent leur op\u00e9ration conjointe avec les mercenaires de Wagner","og_description":"Bangui, R\u00e9publique centrafricaine, lundi, 14 juin 2021 ( Corbeaunews- Centrafrique ). Sur d\u00e9cision de l\u2019\u00c9tat major rwand ...","og_url":"https:\/\/www.africa-press.net\/centrafricaine\/politique\/rca-les-troupes-rwandaises-cessent-leur-operation-conjointe-avec-les-mercenaires-de-wagner","og_site_name":"centrafricaine","article_published_time":"2021-06-14T11:34:22+00:00","article_modified_time":"2021-06-14T19:42:07+00:00","og_image":[{"width":720,"height":479,"url":"https:\/\/static.africa-press.net\/centrafricaine\/sites\/45\/2021\/06\/img-60c73be08f1cb.jpg","type":"image\/jpeg"}],"author":"cfeditorfr","twitter_card":"summary_large_image","twitter_misc":{"\u00c9crit par":"cfeditorfr","Dur\u00e9e de lecture estim\u00e9e":"2 minutes"},"schema":{"@context":"https:\/\/schema.org","@graph":[{"@type":"Article","@id":"https:\/\/www.africa-press.net\/centrafricaine\/politique\/rca-les-troupes-rwandaises-cessent-leur-operation-conjointe-avec-les-mercenaires-de-wagner#article","isPartOf":{"@id":"https:\/\/www.africa-press.net\/centrafricaine\/politique\/rca-les-troupes-rwandaises-cessent-leur-operation-conjointe-avec-les-mercenaires-de-wagner"},"author":{"name":"cfeditorfr","@id":"https:\/\/www.africa-press.net\/centrafricaine\/#\/schema\/person\/2b1cf3cd81a31e3cd26889ca66d677f1"},"headline":"les troupes rwandaises cessent leur op\u00e9ration conjointe avec les mercenaires de Wagner","datePublished":"2021-06-14T11:34:22+00:00","dateModified":"2021-06-14T19:42:07+00:00","mainEntityOfPage":{"@id":"https:\/\/www.africa-press.net\/centrafricaine\/politique\/rca-les-troupes-rwandaises-cessent-leur-operation-conjointe-avec-les-mercenaires-de-wagner"},"wordCount":435,"commentCount":0,"image":{"@id":"https:\/\/www.africa-press.net\/centrafricaine\/politique\/rca-les-troupes-rwandaises-cessent-leur-operation-conjointe-avec-les-mercenaires-de-wagner#primaryimage"},"thumbnailUrl":"https:\/\/static.africa-press.net\/centrafricaine\/sites\/45\/2021\/06\/img-60c73be08f1cb.jpg","keywords":["Africa Press","Africa Press-CentrAfricaine","CentrAfricaine"],"articleSection":["homepage-french","Politique","Top Nouvelles","Toutes les actualit\u00e9s"],"inLanguage":"fr-FR","potentialAction":[{"@type":"CommentAction","name":"Comment","target":["https:\/\/www.africa-press.net\/centrafricaine\/politique\/rca-les-troupes-rwandaises-cessent-leur-operation-conjointe-avec-les-mercenaires-de-wagner#respond"]}]},{"@type":"WebPage","@id":"https:\/\/www.africa-press.net\/centrafricaine\/politique\/rca-les-troupes-rwandaises-cessent-leur-operation-conjointe-avec-les-mercenaires-de-wagner","url":"https:\/\/www.africa-press.net\/centrafricaine\/politique\/rca-les-troupes-rwandaises-cessent-leur-operation-conjointe-avec-les-mercenaires-de-wagner","name":"les troupes rwandaises cessent leur op\u00e9ration conjointe avec les mercenaires de Wagner - centrafricaine","isPartOf":{"@id":"https:\/\/www.africa-press.net\/centrafricaine\/#website"},"primaryImageOfPage":{"@id":"https:\/\/www.africa-press.net\/centrafricaine\/politique\/rca-les-troupes-rwandaises-cessent-leur-operation-conjointe-avec-les-mercenaires-de-wagner#primaryimage"},"image":{"@id":"https:\/\/www.africa-press.net\/centrafricaine\/politique\/rca-les-troupes-rwandaises-cessent-leur-operation-conjointe-avec-les-mercenaires-de-wagner#primaryimage"},"thumbnailUrl":"https:\/\/static.africa-press.net\/centrafricaine\/sites\/45\/2021\/06\/img-60c73be08f1cb.jpg","datePublished":"2021-06-14T11:34:22+00:00","dateModified":"2021-06-14T19:42:07+00:00","author":{"@id":"https:\/\/www.africa-press.net\/centrafricaine\/#\/schema\/person\/2b1cf3cd81a31e3cd26889ca66d677f1"},"description":"Bangui, R\u00e9publique centrafricaine, lundi, 14 juin 2021 ( Corbeaunews- Centrafrique ). Sur d\u00e9cision de l\u2019\u00c9tat major rwand ...","breadcrumb":{"@id":"https:\/\/www.africa-press.net\/centrafricaine\/politique\/rca-les-troupes-rwandaises-cessent-leur-operation-conjointe-avec-les-mercenaires-de-wagner#breadcrumb"},"inLanguage":"fr-FR","potentialAction":[{"@type":"ReadAction","target":["https:\/\/www.africa-press.net\/centrafricaine\/politique\/rca-les-troupes-rwandaises-cessent-leur-operation-conjointe-avec-les-mercenaires-de-wagner"]}]},{"@type":"ImageObject","inLanguage":"fr-FR","@id":"https:\/\/www.africa-press.net\/centrafricaine\/politique\/rca-les-troupes-rwandaises-cessent-leur-operation-conjointe-avec-les-mercenaires-de-wagner#primaryimage","url":"https:\/\/static.africa-press.net\/centrafricaine\/sites\/45\/2021\/06\/img-60c73be08f1cb.jpg","contentUrl":"https:\/\/static.africa-press.net\/centrafricaine\/sites\/45\/2021\/06\/img-60c73be08f1cb.jpg","width":720,"height":479,"caption":"RCA\u00a0: les troupes rwandaises cessent leur op\u00e9ration conjointe avec les mercenaires de Wagner"},{"@type":"BreadcrumbList","@id":"https:\/\/www.africa-press.net\/centrafricaine\/politique\/rca-les-troupes-rwandaises-cessent-leur-operation-conjointe-avec-les-mercenaires-de-wagner#breadcrumb","itemListElement":[{"@type":"ListItem","position":1,"name":"Accueil","item":"https:\/\/www.africa-press.net\/centrafricaine\/"},{"@type":"ListItem","position":2,"name":"les troupes rwandaises cessent leur op\u00e9ration conjointe avec les mercenaires de Wagner"}]},{"@type":"WebSite","@id":"https:\/\/www.africa-press.net\/centrafricaine\/#website","url":"https:\/\/www.africa-press.net\/centrafricaine\/","name":"centrafricaine","description":"Just another Africa News Agency Sites site","potentialAction":[{"@type":"SearchAction","target":{"@type":"EntryPoint","urlTemplate":"https:\/\/www.africa-press.net\/centrafricaine\/?s={search_term_string}"},"query-input":{"@type":"PropertyValueSpecification","valueRequired":true,"valueName":"search_term_string"}}],"inLanguage":"fr-FR"},{"@type":"Person","@id":"https:\/\/www.africa-press.net\/centrafricaine\/#\/schema\/person\/2b1cf3cd81a31e3cd26889ca66d677f1","name":"cfeditorfr"}]}},"_links":{"self":[{"href":"https:\/\/www.africa-press.net\/centrafricaine\/wp-json\/wp\/v2\/posts\/8070","targetHints":{"allow":["GET"]}}],"collection":[{"href":"https:\/\/www.africa-press.net\/centrafricaine\/wp-json\/wp\/v2\/posts"}],"about":[{"href":"https:\/\/www.africa-press.net\/centrafricaine\/wp-json\/wp\/v2\/types\/post"}],"author":[{"embeddable":true,"href":"https:\/\/www.africa-press.net\/centrafricaine\/wp-json\/wp\/v2\/users\/82"}],"replies":[{"embeddable":true,"href":"https:\/\/www.africa-press.net\/centrafricaine\/wp-json\/wp\/v2\/comments?post=8070"}],"version-history":[{"count":0,"href":"https:\/\/www.africa-press.net\/centrafricaine\/wp-json\/wp\/v2\/posts\/8070\/revisions"}],"wp:featuredmedia":[{"embeddable":true,"href":"https:\/\/www.africa-press.net\/centrafricaine\/wp-json\/wp\/v2\/media\/8069"}],"wp:attachment":[{"href":"https:\/\/www.africa-press.net\/centrafricaine\/wp-json\/wp\/v2\/media?parent=8070"}],"wp:term":[{"taxonomy":"category","embeddable":true,"href":"https:\/\/www.africa-press.net\/centrafricaine\/wp-json\/wp\/v2\/categories?post=8070"},{"taxonomy":"post_tag","embeddable":true,"href":"https:\/\/www.africa-press.net\/centrafricaine\/wp-json\/wp\/v2\/tags?post=8070"}],"curies":[{"name":"wp","href":"https:\/\/api.w.org\/{rel}","templated":true}]}}