{"id":8073,"date":"2021-06-14T11:40:58","date_gmt":"2021-06-14T11:40:58","guid":{"rendered":"https:\/\/www.africa-press.net\/centrafricaine\/?p=8073"},"modified":"2021-06-14T19:42:17","modified_gmt":"2021-06-14T19:42:17","slug":"operation-en-cours-des-mercenaires-de-wagner-contre-les-rebelles-de-lupc-sur-laxe-bambari-alindao","status":"publish","type":"post","link":"https:\/\/www.africa-press.net\/centrafricaine\/politique\/operation-en-cours-des-mercenaires-de-wagner-contre-les-rebelles-de-lupc-sur-laxe-bambari-alindao","title":{"rendered":"Op\u00e9ration en cours des mercenaires de Wagner contre les rebelles de l\u2019UPC sur l\u2019axe Bambari \u00a0Alindao"},"content":{"rendered":"<p><span style=\"color: #ff6600\"><strong><a href=\"https:\/\/www.africa-press.net\/\">Africa-Press<\/a> &#8211; <a href=\"https:\/\/www.africa-press.net\/centrafricaine\">CentrAfricaine<\/a>.\u00a0 <\/strong><\/span>L\u2019op\u00e9ration a d\u00e9but\u00e9 depuis la semaine derni\u00e8re, et se poursuit en ce moment entre Bokolobo et Alindao. On signale plusieurs cas de meurtre et d\u2019exaction sur les populations civiles dans le village Bokolobo et ses environs. Les rebelles ne sont pas sur place, mais c\u2019est la population qui paye les peaux cass\u00e9es.<\/p>\n<p><b>\u00ab Suite aux op\u00e9rations militaires lanc\u00e9es par les mercenaires russes et syriens de la soci\u00e9t\u00e9 Wagner contre les rebelles de la coalition des patriotes pour le changement (CPC), ou de l\u2019unit\u00e9 pour la paix en Centrafrique (UPC), c\u2019est toujours la population civile qui paye un lourd tribut lorsque des villes et des villages sont attaqu\u00e9s. Les forces gouvernementales sont cens\u00e9es intervenir pour prot\u00e9ger la population et non lui faire la guerre. Tous les musulmans ne sont pas des rebelles de l\u2019UPC, ou encore du CPC. L\u2019incapacit\u00e9 et l\u2019irresponsabilit\u00e9 des autorit\u00e9s de Bangui permettent tous les abus \u00bb<\/b><\/p>\n<p>, s\u2019alarme un notable du village Bokolobo, longtemps occup\u00e9 par le mercenaire rebelle Ali Darassa.<\/p>\n<p>Depuis le mardi dernier, les mercenaires russes et syriens ont men\u00e9 une op\u00e9ration terrestre \u00e0 pied sur l\u2019axe allant de Bambari jusqu\u2019Alindao. Ils viennent de quitter le village Bokolobo, mais leur passage dans chaque village est synonyme de la fin du monde pour tous les habitants. En absence des rebelles, les civils sont consid\u00e9r\u00e9s de facto comme des suppl\u00e9tifs \u00e0 neutraliser. Si bien qu\u2019\u00e0 25 kilom\u00e8tres d\u2019Alindao, depuis samedi 12 juin, la quasi-totalit\u00e9 des hommes a d\u00fb se retrancher dans la brousse pour \u00e9viter d\u2019\u00eatre consid\u00e9r\u00e9s comme des rebelles.<\/p>\n<p>Depuis le d\u00e9but de cette op\u00e9ration la semaine derni\u00e8re, aucun affrontement n\u2019est signal\u00e9 entre les mercenaires russes, appuy\u00e9s par les soldats de l\u2019arm\u00e9e nationale et les rebelles de l\u2019unit\u00e9 pour la paix en Centrafrique (UPC). Mais selon des sources humanitaires, on compte d\u00e9j\u00e0 au moins plus d\u2019une vingtaine des morts parmi les civils.<\/p>\n<p><b>\u00a0<\/b><\/p>\n","protected":false},"excerpt":{"rendered":"<p>Africa-Press &#8211; CentrAfricaine.\u00a0 L\u2019op\u00e9ration a d\u00e9but\u00e9 depuis la semaine derni\u00e8re, et se poursuit en ce moment entre Bokolobo et Alindao. On signale plusieurs cas de meurtre et d\u2019exaction sur les populations civiles dans le village Bokolobo et ses environs. Les rebelles ne sont pas sur place, mais c\u2019est la population qui paye les peaux cass\u00e9es. [&hellip;]<\/p>\n","protected":false},"author":82,"featured_media":8072,"comment_status":"open","ping_status":"closed","sticky":false,"template":"","format":"standard","meta":{"footnotes":""},"categories":[11,2,10],"tags":[36,58,30],"class_list":["post-8073","post","type-post","status-publish","format-standard","has-post-thumbnail","hentry","category-homepage-french","category-politique","category-toutes-les-actualites","tag-africa-press","tag-africa-press-centrafricaine","tag-centrafricaine"],"yoast_head":"<!-- This site is optimized with the Yoast SEO Premium plugin v26.1 (Yoast SEO v27.0) - https:\/\/yoast.com\/product\/yoast-seo-premium-wordpress\/ -->\n<title>Op\u00e9ration en cours des mercenaires de Wagner contre les rebelles de l\u2019UPC sur l\u2019axe Bambari \u00a0Alindao - centrafricaine<\/title>\n<meta name=\"description\" content=\"Bangui, R\u00e9publique centrafricaine, lundi, 14 juin 2021, 03:46:32 ( Corbeaunews-Centrafrique ). L\u2019op\u00e9ration a d\u00e9b ...\" \/>\n<meta name=\"robots\" content=\"index, follow, max-snippet:-1, max-image-preview:large, max-video-preview:-1\" \/>\n<link rel=\"canonical\" href=\"https:\/\/www.africa-press.net\/centrafricaine\/politique\/operation-en-cours-des-mercenaires-de-wagner-contre-les-rebelles-de-lupc-sur-laxe-bambari-alindao\" \/>\n<meta property=\"og:locale\" content=\"fr_FR\" \/>\n<meta property=\"og:type\" content=\"article\" \/>\n<meta property=\"og:title\" content=\"Op\u00e9ration en cours des mercenaires de Wagner contre les rebelles de l\u2019UPC sur l\u2019axe Bambari \u00a0Alindao\" \/>\n<meta property=\"og:description\" content=\"Bangui, R\u00e9publique centrafricaine, lundi, 14 juin 2021, 03:46:32 ( Corbeaunews-Centrafrique ). L\u2019op\u00e9ration a d\u00e9b ...\" \/>\n<meta property=\"og:url\" content=\"https:\/\/www.africa-press.net\/centrafricaine\/politique\/operation-en-cours-des-mercenaires-de-wagner-contre-les-rebelles-de-lupc-sur-laxe-bambari-alindao\" \/>\n<meta property=\"og:site_name\" content=\"centrafricaine\" \/>\n<meta property=\"article:published_time\" content=\"2021-06-14T11:40:58+00:00\" \/>\n<meta property=\"article:modified_time\" content=\"2021-06-14T19:42:17+00:00\" \/>\n<meta property=\"og:image\" content=\"https:\/\/static.africa-press.net\/centrafricaine\/sites\/45\/2021\/06\/img-60c73c046d085.jpg\" \/>\n\t<meta property=\"og:image:width\" content=\"720\" \/>\n\t<meta property=\"og:image:height\" content=\"460\" \/>\n\t<meta property=\"og:image:type\" content=\"image\/jpeg\" \/>\n<meta name=\"author\" content=\"cfeditorfr\" \/>\n<meta name=\"twitter:card\" content=\"summary_large_image\" \/>\n<meta name=\"twitter:label1\" content=\"\u00c9crit par\" \/>\n\t<meta name=\"twitter:data1\" content=\"cfeditorfr\" \/>\n\t<meta name=\"twitter:label2\" content=\"Dur\u00e9e de lecture estim\u00e9e\" \/>\n\t<meta name=\"twitter:data2\" content=\"2 minutes\" \/>\n<script type=\"application\/ld+json\" class=\"yoast-schema-graph\">{\"@context\":\"https:\/\/schema.org\",\"@graph\":[{\"@type\":\"Article\",\"@id\":\"https:\/\/www.africa-press.net\/centrafricaine\/politique\/operation-en-cours-des-mercenaires-de-wagner-contre-les-rebelles-de-lupc-sur-laxe-bambari-alindao#article\",\"isPartOf\":{\"@id\":\"https:\/\/www.africa-press.net\/centrafricaine\/politique\/operation-en-cours-des-mercenaires-de-wagner-contre-les-rebelles-de-lupc-sur-laxe-bambari-alindao\"},\"author\":{\"name\":\"cfeditorfr\",\"@id\":\"https:\/\/www.africa-press.net\/centrafricaine\/#\/schema\/person\/2b1cf3cd81a31e3cd26889ca66d677f1\"},\"headline\":\"Op\u00e9ration en cours des mercenaires de Wagner contre les rebelles de l\u2019UPC sur l\u2019axe Bambari \u00a0Alindao\",\"datePublished\":\"2021-06-14T11:40:58+00:00\",\"dateModified\":\"2021-06-14T19:42:17+00:00\",\"mainEntityOfPage\":{\"@id\":\"https:\/\/www.africa-press.net\/centrafricaine\/politique\/operation-en-cours-des-mercenaires-de-wagner-contre-les-rebelles-de-lupc-sur-laxe-bambari-alindao\"},\"wordCount\":362,\"commentCount\":0,\"image\":{\"@id\":\"https:\/\/www.africa-press.net\/centrafricaine\/politique\/operation-en-cours-des-mercenaires-de-wagner-contre-les-rebelles-de-lupc-sur-laxe-bambari-alindao#primaryimage\"},\"thumbnailUrl\":\"https:\/\/static.africa-press.net\/centrafricaine\/sites\/45\/2021\/06\/img-60c73c046d085.jpg\",\"keywords\":[\"Africa Press\",\"Africa Press-CentrAfricaine\",\"CentrAfricaine\"],\"articleSection\":[\"homepage-french\",\"Politique\",\"Toutes les actualit\u00e9s\"],\"inLanguage\":\"fr-FR\",\"potentialAction\":[{\"@type\":\"CommentAction\",\"name\":\"Comment\",\"target\":[\"https:\/\/www.africa-press.net\/centrafricaine\/politique\/operation-en-cours-des-mercenaires-de-wagner-contre-les-rebelles-de-lupc-sur-laxe-bambari-alindao#respond\"]}]},{\"@type\":\"WebPage\",\"@id\":\"https:\/\/www.africa-press.net\/centrafricaine\/politique\/operation-en-cours-des-mercenaires-de-wagner-contre-les-rebelles-de-lupc-sur-laxe-bambari-alindao\",\"url\":\"https:\/\/www.africa-press.net\/centrafricaine\/politique\/operation-en-cours-des-mercenaires-de-wagner-contre-les-rebelles-de-lupc-sur-laxe-bambari-alindao\",\"name\":\"Op\u00e9ration en cours des mercenaires de Wagner contre les rebelles de l\u2019UPC sur l\u2019axe Bambari \u00a0Alindao - centrafricaine\",\"isPartOf\":{\"@id\":\"https:\/\/www.africa-press.net\/centrafricaine\/#website\"},\"primaryImageOfPage\":{\"@id\":\"https:\/\/www.africa-press.net\/centrafricaine\/politique\/operation-en-cours-des-mercenaires-de-wagner-contre-les-rebelles-de-lupc-sur-laxe-bambari-alindao#primaryimage\"},\"image\":{\"@id\":\"https:\/\/www.africa-press.net\/centrafricaine\/politique\/operation-en-cours-des-mercenaires-de-wagner-contre-les-rebelles-de-lupc-sur-laxe-bambari-alindao#primaryimage\"},\"thumbnailUrl\":\"https:\/\/static.africa-press.net\/centrafricaine\/sites\/45\/2021\/06\/img-60c73c046d085.jpg\",\"datePublished\":\"2021-06-14T11:40:58+00:00\",\"dateModified\":\"2021-06-14T19:42:17+00:00\",\"author\":{\"@id\":\"https:\/\/www.africa-press.net\/centrafricaine\/#\/schema\/person\/2b1cf3cd81a31e3cd26889ca66d677f1\"},\"description\":\"Bangui, R\u00e9publique centrafricaine, lundi, 14 juin 2021, 03:46:32 ( Corbeaunews-Centrafrique ). L\u2019op\u00e9ration a d\u00e9b ...\",\"breadcrumb\":{\"@id\":\"https:\/\/www.africa-press.net\/centrafricaine\/politique\/operation-en-cours-des-mercenaires-de-wagner-contre-les-rebelles-de-lupc-sur-laxe-bambari-alindao#breadcrumb\"},\"inLanguage\":\"fr-FR\",\"potentialAction\":[{\"@type\":\"ReadAction\",\"target\":[\"https:\/\/www.africa-press.net\/centrafricaine\/politique\/operation-en-cours-des-mercenaires-de-wagner-contre-les-rebelles-de-lupc-sur-laxe-bambari-alindao\"]}]},{\"@type\":\"ImageObject\",\"inLanguage\":\"fr-FR\",\"@id\":\"https:\/\/www.africa-press.net\/centrafricaine\/politique\/operation-en-cours-des-mercenaires-de-wagner-contre-les-rebelles-de-lupc-sur-laxe-bambari-alindao#primaryimage\",\"url\":\"https:\/\/static.africa-press.net\/centrafricaine\/sites\/45\/2021\/06\/img-60c73c046d085.jpg\",\"contentUrl\":\"https:\/\/static.africa-press.net\/centrafricaine\/sites\/45\/2021\/06\/img-60c73c046d085.jpg\",\"width\":720,\"height\":460,\"caption\":\"Op\u00e9ration en cours des mercenaires de Wagner contre les rebelles de l\u2019UPC sur l\u2019axe Bambari \u00a0Alindao\"},{\"@type\":\"BreadcrumbList\",\"@id\":\"https:\/\/www.africa-press.net\/centrafricaine\/politique\/operation-en-cours-des-mercenaires-de-wagner-contre-les-rebelles-de-lupc-sur-laxe-bambari-alindao#breadcrumb\",\"itemListElement\":[{\"@type\":\"ListItem\",\"position\":1,\"name\":\"Accueil\",\"item\":\"https:\/\/www.africa-press.net\/centrafricaine\/\"},{\"@type\":\"ListItem\",\"position\":2,\"name\":\"Op\u00e9ration en cours des mercenaires de Wagner contre les rebelles de l\u2019UPC sur l\u2019axe Bambari \u00a0Alindao\"}]},{\"@type\":\"WebSite\",\"@id\":\"https:\/\/www.africa-press.net\/centrafricaine\/#website\",\"url\":\"https:\/\/www.africa-press.net\/centrafricaine\/\",\"name\":\"centrafricaine\",\"description\":\"Just another Africa News Agency Sites site\",\"potentialAction\":[{\"@type\":\"SearchAction\",\"target\":{\"@type\":\"EntryPoint\",\"urlTemplate\":\"https:\/\/www.africa-press.net\/centrafricaine\/?s={search_term_string}\"},\"query-input\":{\"@type\":\"PropertyValueSpecification\",\"valueRequired\":true,\"valueName\":\"search_term_string\"}}],\"inLanguage\":\"fr-FR\"},{\"@type\":\"Person\",\"@id\":\"https:\/\/www.africa-press.net\/centrafricaine\/#\/schema\/person\/2b1cf3cd81a31e3cd26889ca66d677f1\",\"name\":\"cfeditorfr\"}]}<\/script>\n<!-- \/ Yoast SEO Premium plugin. -->","yoast_head_json":{"title":"Op\u00e9ration en cours des mercenaires de Wagner contre les rebelles de l\u2019UPC sur l\u2019axe Bambari \u00a0Alindao - centrafricaine","description":"Bangui, R\u00e9publique centrafricaine, lundi, 14 juin 2021, 03:46:32 ( Corbeaunews-Centrafrique ). L\u2019op\u00e9ration a d\u00e9b ...","robots":{"index":"index","follow":"follow","max-snippet":"max-snippet:-1","max-image-preview":"max-image-preview:large","max-video-preview":"max-video-preview:-1"},"canonical":"https:\/\/www.africa-press.net\/centrafricaine\/politique\/operation-en-cours-des-mercenaires-de-wagner-contre-les-rebelles-de-lupc-sur-laxe-bambari-alindao","og_locale":"fr_FR","og_type":"article","og_title":"Op\u00e9ration en cours des mercenaires de Wagner contre les rebelles de l\u2019UPC sur l\u2019axe Bambari \u00a0Alindao","og_description":"Bangui, R\u00e9publique centrafricaine, lundi, 14 juin 2021, 03:46:32 ( Corbeaunews-Centrafrique ). L\u2019op\u00e9ration a d\u00e9b ...","og_url":"https:\/\/www.africa-press.net\/centrafricaine\/politique\/operation-en-cours-des-mercenaires-de-wagner-contre-les-rebelles-de-lupc-sur-laxe-bambari-alindao","og_site_name":"centrafricaine","article_published_time":"2021-06-14T11:40:58+00:00","article_modified_time":"2021-06-14T19:42:17+00:00","og_image":[{"width":720,"height":460,"url":"https:\/\/static.africa-press.net\/centrafricaine\/sites\/45\/2021\/06\/img-60c73c046d085.jpg","type":"image\/jpeg"}],"author":"cfeditorfr","twitter_card":"summary_large_image","twitter_misc":{"\u00c9crit par":"cfeditorfr","Dur\u00e9e de lecture estim\u00e9e":"2 minutes"},"schema":{"@context":"https:\/\/schema.org","@graph":[{"@type":"Article","@id":"https:\/\/www.africa-press.net\/centrafricaine\/politique\/operation-en-cours-des-mercenaires-de-wagner-contre-les-rebelles-de-lupc-sur-laxe-bambari-alindao#article","isPartOf":{"@id":"https:\/\/www.africa-press.net\/centrafricaine\/politique\/operation-en-cours-des-mercenaires-de-wagner-contre-les-rebelles-de-lupc-sur-laxe-bambari-alindao"},"author":{"name":"cfeditorfr","@id":"https:\/\/www.africa-press.net\/centrafricaine\/#\/schema\/person\/2b1cf3cd81a31e3cd26889ca66d677f1"},"headline":"Op\u00e9ration en cours des mercenaires de Wagner contre les rebelles de l\u2019UPC sur l\u2019axe Bambari \u00a0Alindao","datePublished":"2021-06-14T11:40:58+00:00","dateModified":"2021-06-14T19:42:17+00:00","mainEntityOfPage":{"@id":"https:\/\/www.africa-press.net\/centrafricaine\/politique\/operation-en-cours-des-mercenaires-de-wagner-contre-les-rebelles-de-lupc-sur-laxe-bambari-alindao"},"wordCount":362,"commentCount":0,"image":{"@id":"https:\/\/www.africa-press.net\/centrafricaine\/politique\/operation-en-cours-des-mercenaires-de-wagner-contre-les-rebelles-de-lupc-sur-laxe-bambari-alindao#primaryimage"},"thumbnailUrl":"https:\/\/static.africa-press.net\/centrafricaine\/sites\/45\/2021\/06\/img-60c73c046d085.jpg","keywords":["Africa Press","Africa Press-CentrAfricaine","CentrAfricaine"],"articleSection":["homepage-french","Politique","Toutes les actualit\u00e9s"],"inLanguage":"fr-FR","potentialAction":[{"@type":"CommentAction","name":"Comment","target":["https:\/\/www.africa-press.net\/centrafricaine\/politique\/operation-en-cours-des-mercenaires-de-wagner-contre-les-rebelles-de-lupc-sur-laxe-bambari-alindao#respond"]}]},{"@type":"WebPage","@id":"https:\/\/www.africa-press.net\/centrafricaine\/politique\/operation-en-cours-des-mercenaires-de-wagner-contre-les-rebelles-de-lupc-sur-laxe-bambari-alindao","url":"https:\/\/www.africa-press.net\/centrafricaine\/politique\/operation-en-cours-des-mercenaires-de-wagner-contre-les-rebelles-de-lupc-sur-laxe-bambari-alindao","name":"Op\u00e9ration en cours des mercenaires de Wagner contre les rebelles de l\u2019UPC sur l\u2019axe Bambari \u00a0Alindao - centrafricaine","isPartOf":{"@id":"https:\/\/www.africa-press.net\/centrafricaine\/#website"},"primaryImageOfPage":{"@id":"https:\/\/www.africa-press.net\/centrafricaine\/politique\/operation-en-cours-des-mercenaires-de-wagner-contre-les-rebelles-de-lupc-sur-laxe-bambari-alindao#primaryimage"},"image":{"@id":"https:\/\/www.africa-press.net\/centrafricaine\/politique\/operation-en-cours-des-mercenaires-de-wagner-contre-les-rebelles-de-lupc-sur-laxe-bambari-alindao#primaryimage"},"thumbnailUrl":"https:\/\/static.africa-press.net\/centrafricaine\/sites\/45\/2021\/06\/img-60c73c046d085.jpg","datePublished":"2021-06-14T11:40:58+00:00","dateModified":"2021-06-14T19:42:17+00:00","author":{"@id":"https:\/\/www.africa-press.net\/centrafricaine\/#\/schema\/person\/2b1cf3cd81a31e3cd26889ca66d677f1"},"description":"Bangui, R\u00e9publique centrafricaine, lundi, 14 juin 2021, 03:46:32 ( Corbeaunews-Centrafrique ). L\u2019op\u00e9ration a d\u00e9b ...","breadcrumb":{"@id":"https:\/\/www.africa-press.net\/centrafricaine\/politique\/operation-en-cours-des-mercenaires-de-wagner-contre-les-rebelles-de-lupc-sur-laxe-bambari-alindao#breadcrumb"},"inLanguage":"fr-FR","potentialAction":[{"@type":"ReadAction","target":["https:\/\/www.africa-press.net\/centrafricaine\/politique\/operation-en-cours-des-mercenaires-de-wagner-contre-les-rebelles-de-lupc-sur-laxe-bambari-alindao"]}]},{"@type":"ImageObject","inLanguage":"fr-FR","@id":"https:\/\/www.africa-press.net\/centrafricaine\/politique\/operation-en-cours-des-mercenaires-de-wagner-contre-les-rebelles-de-lupc-sur-laxe-bambari-alindao#primaryimage","url":"https:\/\/static.africa-press.net\/centrafricaine\/sites\/45\/2021\/06\/img-60c73c046d085.jpg","contentUrl":"https:\/\/static.africa-press.net\/centrafricaine\/sites\/45\/2021\/06\/img-60c73c046d085.jpg","width":720,"height":460,"caption":"Op\u00e9ration en cours des mercenaires de Wagner contre les rebelles de l\u2019UPC sur l\u2019axe Bambari \u00a0Alindao"},{"@type":"BreadcrumbList","@id":"https:\/\/www.africa-press.net\/centrafricaine\/politique\/operation-en-cours-des-mercenaires-de-wagner-contre-les-rebelles-de-lupc-sur-laxe-bambari-alindao#breadcrumb","itemListElement":[{"@type":"ListItem","position":1,"name":"Accueil","item":"https:\/\/www.africa-press.net\/centrafricaine\/"},{"@type":"ListItem","position":2,"name":"Op\u00e9ration en cours des mercenaires de Wagner contre les rebelles de l\u2019UPC sur l\u2019axe Bambari \u00a0Alindao"}]},{"@type":"WebSite","@id":"https:\/\/www.africa-press.net\/centrafricaine\/#website","url":"https:\/\/www.africa-press.net\/centrafricaine\/","name":"centrafricaine","description":"Just another Africa News Agency Sites site","potentialAction":[{"@type":"SearchAction","target":{"@type":"EntryPoint","urlTemplate":"https:\/\/www.africa-press.net\/centrafricaine\/?s={search_term_string}"},"query-input":{"@type":"PropertyValueSpecification","valueRequired":true,"valueName":"search_term_string"}}],"inLanguage":"fr-FR"},{"@type":"Person","@id":"https:\/\/www.africa-press.net\/centrafricaine\/#\/schema\/person\/2b1cf3cd81a31e3cd26889ca66d677f1","name":"cfeditorfr"}]}},"_links":{"self":[{"href":"https:\/\/www.africa-press.net\/centrafricaine\/wp-json\/wp\/v2\/posts\/8073","targetHints":{"allow":["GET"]}}],"collection":[{"href":"https:\/\/www.africa-press.net\/centrafricaine\/wp-json\/wp\/v2\/posts"}],"about":[{"href":"https:\/\/www.africa-press.net\/centrafricaine\/wp-json\/wp\/v2\/types\/post"}],"author":[{"embeddable":true,"href":"https:\/\/www.africa-press.net\/centrafricaine\/wp-json\/wp\/v2\/users\/82"}],"replies":[{"embeddable":true,"href":"https:\/\/www.africa-press.net\/centrafricaine\/wp-json\/wp\/v2\/comments?post=8073"}],"version-history":[{"count":0,"href":"https:\/\/www.africa-press.net\/centrafricaine\/wp-json\/wp\/v2\/posts\/8073\/revisions"}],"wp:featuredmedia":[{"embeddable":true,"href":"https:\/\/www.africa-press.net\/centrafricaine\/wp-json\/wp\/v2\/media\/8072"}],"wp:attachment":[{"href":"https:\/\/www.africa-press.net\/centrafricaine\/wp-json\/wp\/v2\/media?parent=8073"}],"wp:term":[{"taxonomy":"category","embeddable":true,"href":"https:\/\/www.africa-press.net\/centrafricaine\/wp-json\/wp\/v2\/categories?post=8073"},{"taxonomy":"post_tag","embeddable":true,"href":"https:\/\/www.africa-press.net\/centrafricaine\/wp-json\/wp\/v2\/tags?post=8073"}],"curies":[{"name":"wp","href":"https:\/\/api.w.org\/{rel}","templated":true}]}}