{"id":8079,"date":"2021-06-14T11:57:24","date_gmt":"2021-06-14T11:57:24","guid":{"rendered":"https:\/\/www.africa-press.net\/centrafricaine\/?p=8079"},"modified":"2021-06-14T19:42:43","modified_gmt":"2021-06-14T19:42:43","slug":"rca-le-sultan-maire-de-koui-monsieur-lamido-souleymane-daouda-et-son-adjoint-ainsi-que-son-garde-du-corps-ont-ete-assassines-par-les-mercenaires-de-wagner","status":"publish","type":"post","link":"https:\/\/www.africa-press.net\/centrafricaine\/politique\/rca-le-sultan-maire-de-koui-monsieur-lamido-souleymane-daouda-et-son-adjoint-ainsi-que-son-garde-du-corps-ont-ete-assassines-par-les-mercenaires-de-wagner","title":{"rendered":"le sultan maire de koui, Monsieur Lamido Souleymane Daouda et son adjoint ainsi que son garde du corps ont \u00e9t\u00e9 assassin\u00e9s par les mercenaires de Wagner"},"content":{"rendered":"<p><span style=\"color: #ff6600\"><strong><a href=\"https:\/\/www.africa-press.net\/\">Africa-Press<\/a> &#8211; <a href=\"https:\/\/www.africa-press.net\/centrafricaine\">CentrAfricaine<\/a>.\u00a0 <\/strong><\/span>Le sultan maire de la ville de koui, au Nord-ouest, et son adjoint ainsi que son garde du corps auraient \u00e9t\u00e9 tu\u00e9s froidement ce samedi 12 juin par les mercenaires russes et syriens de la soci\u00e9t\u00e9 Wagner, selon les proches des victimes qui ont rapport\u00e9 les faits sur les r\u00e9seaux sociaux.<\/p>\n<p>Selon des sources officielles locales, dans la journ\u00e9e du samedi 12 juin, \u00e0 la demande des mercenaires de Wagner, peu avant midi, le sultan maire de Koui, Monsieur Lamido Souleymane Daouda et son adjoint ainsi que son garde du corps les ont accompagn\u00e9s \u00e0 l\u2019ouest de la ville afin de saisir une cache d\u2019armes des rebelles indiqu\u00e9e par le maire. Mais \u00e0 la grande surprise de tous, quelques heures plus tard, au retour des mercenaires de Wagner \u00e0 Koui, ils ont annonc\u00e9 \u00e0 la famille du sultan Lamido Souleymane Daouda que celui-ci ainsi que son adjoint et son garde du corps auraient \u00e9t\u00e9 tu\u00e9s dans une explosion d\u2019une mine terrestre. Ce qui a tr\u00e8s vite d\u00e9clench\u00e9 la col\u00e8re de la famille ainsi que de la population qui n\u2019arrivent pas \u00e0 comprendre. Elles exigent des mercenaires les corps des trois victimes avant d\u2019avoir le c\u0153ur net.<\/p>\n<p>Apr\u00e8s des discussions houleuses, les mercenaires de Wagner ont pu c\u00e9der, et les d\u00e9pouilles des victimes leur ont \u00e9t\u00e9 remises. Mais leur premier constat est que les trois corps ne pr\u00e9sentent aucune trace d\u2019un explosif, plut\u00f4t des balles r\u00e9elles. Ce qui laisse penser qu\u2019ils ont \u00e9t\u00e9 froidement assassin\u00e9s, et ce, par des mercenaires russes et syriens de la soci\u00e9t\u00e9 Wagner.<\/p>\n<p>Cependant, trois heures apr\u00e8s l\u2019annonce de la mort du sultan et de son adjoint, un violent affrontement entre les rebelles de la coalition des patriotes pour le changement (CPC) et les mercenaires de Wagner avait \u00e9t\u00e9 signal\u00e9 \u00e0 quelques kilom\u00e8tres de Ngaoundaye sur l\u2019axe Bocaranga.<\/p>\n<p>Rappelons qu\u2019il y a pr\u00e8s d\u2019un mois, l\u2019arriv\u00e9e des paramilitaires Russes et Syriens \u00e0 koui a tout chang\u00e9 radicalement les activit\u00e9s dans la ville. Les mercenaires sont accus\u00e9s de vol, de braquage, de viol, d\u2019arrestation arbitraire ainsi que d\u2019assassinat des populations civiles. M\u00eame les domiciles du d\u00e9put\u00e9 de la ville ainsi que du sultan maire Lamido Souleymane Daouda ont \u00e9galement \u00e9t\u00e9 litt\u00e9ralement pill\u00e9s par les mercenaires russes et syriens. Gr\u00e2ce \u00e0 l\u2019intervention du Pr\u00e9sident de l\u2019Assembl\u00e9e nationale et du Pr\u00e9sident de la R\u00e9publique, une partie infime de leurs biens leur avait \u00e9t\u00e9 restitu\u00e9e.<\/p>\n<p><b>\u00a0<\/b><\/p>\n","protected":false},"excerpt":{"rendered":"<p>Africa-Press &#8211; CentrAfricaine.\u00a0 Le sultan maire de la ville de koui, au Nord-ouest, et son adjoint ainsi que son garde du corps auraient \u00e9t\u00e9 tu\u00e9s froidement ce samedi 12 juin par les mercenaires russes et syriens de la soci\u00e9t\u00e9 Wagner, selon les proches des victimes qui ont rapport\u00e9 les faits sur les r\u00e9seaux sociaux. Selon [&hellip;]<\/p>\n","protected":false},"author":82,"featured_media":8078,"comment_status":"open","ping_status":"closed","sticky":false,"template":"","format":"standard","meta":{"footnotes":""},"categories":[11,2,10],"tags":[36,58,30],"class_list":["post-8079","post","type-post","status-publish","format-standard","has-post-thumbnail","hentry","category-homepage-french","category-politique","category-toutes-les-actualites","tag-africa-press","tag-africa-press-centrafricaine","tag-centrafricaine"],"yoast_head":"<!-- This site is optimized with the Yoast SEO Premium plugin v26.1 (Yoast SEO v27.0) - https:\/\/yoast.com\/product\/yoast-seo-premium-wordpress\/ -->\n<title>le sultan maire de koui, Monsieur Lamido Souleymane Daouda et son adjoint ainsi que son garde du corps ont \u00e9t\u00e9 assassin\u00e9s par les mercenaires de Wagner - centrafricaine<\/title>\n<meta name=\"description\" content=\"Bangui, R\u00e9publique centrafricaine, lundi, 14 juin 2021, 03:25:48 ( Corbeaunews-Centrafrique ). Le sultan maire d ...\" \/>\n<meta name=\"robots\" content=\"index, follow, max-snippet:-1, max-image-preview:large, max-video-preview:-1\" \/>\n<link rel=\"canonical\" href=\"https:\/\/www.africa-press.net\/centrafricaine\/politique\/rca-le-sultan-maire-de-koui-monsieur-lamido-souleymane-daouda-et-son-adjoint-ainsi-que-son-garde-du-corps-ont-ete-assassines-par-les-mercenaires-de-wagner\" \/>\n<meta property=\"og:locale\" content=\"fr_FR\" \/>\n<meta property=\"og:type\" content=\"article\" \/>\n<meta property=\"og:title\" content=\"le sultan maire de koui, Monsieur Lamido Souleymane Daouda et son adjoint ainsi que son garde du corps ont \u00e9t\u00e9 assassin\u00e9s par les mercenaires de Wagner\" \/>\n<meta property=\"og:description\" content=\"Bangui, R\u00e9publique centrafricaine, lundi, 14 juin 2021, 03:25:48 ( Corbeaunews-Centrafrique ). Le sultan maire d ...\" \/>\n<meta property=\"og:url\" content=\"https:\/\/www.africa-press.net\/centrafricaine\/politique\/rca-le-sultan-maire-de-koui-monsieur-lamido-souleymane-daouda-et-son-adjoint-ainsi-que-son-garde-du-corps-ont-ete-assassines-par-les-mercenaires-de-wagner\" \/>\n<meta property=\"og:site_name\" content=\"centrafricaine\" \/>\n<meta property=\"article:published_time\" content=\"2021-06-14T11:57:24+00:00\" \/>\n<meta property=\"article:modified_time\" content=\"2021-06-14T19:42:43+00:00\" \/>\n<meta property=\"og:image\" content=\"https:\/\/static.africa-press.net\/centrafricaine\/sites\/45\/2021\/06\/img-60c73c59f3ae7.jpg\" \/>\n\t<meta property=\"og:image:width\" content=\"720\" \/>\n\t<meta property=\"og:image:height\" content=\"701\" \/>\n\t<meta property=\"og:image:type\" content=\"image\/jpeg\" \/>\n<meta name=\"author\" content=\"cfeditorfr\" \/>\n<meta name=\"twitter:card\" content=\"summary_large_image\" \/>\n<meta name=\"twitter:label1\" content=\"\u00c9crit par\" \/>\n\t<meta name=\"twitter:data1\" content=\"cfeditorfr\" \/>\n\t<meta name=\"twitter:label2\" content=\"Dur\u00e9e de lecture estim\u00e9e\" \/>\n\t<meta name=\"twitter:data2\" content=\"2 minutes\" \/>\n<script type=\"application\/ld+json\" class=\"yoast-schema-graph\">{\"@context\":\"https:\/\/schema.org\",\"@graph\":[{\"@type\":\"Article\",\"@id\":\"https:\/\/www.africa-press.net\/centrafricaine\/politique\/rca-le-sultan-maire-de-koui-monsieur-lamido-souleymane-daouda-et-son-adjoint-ainsi-que-son-garde-du-corps-ont-ete-assassines-par-les-mercenaires-de-wagner#article\",\"isPartOf\":{\"@id\":\"https:\/\/www.africa-press.net\/centrafricaine\/politique\/rca-le-sultan-maire-de-koui-monsieur-lamido-souleymane-daouda-et-son-adjoint-ainsi-que-son-garde-du-corps-ont-ete-assassines-par-les-mercenaires-de-wagner\"},\"author\":{\"name\":\"cfeditorfr\",\"@id\":\"https:\/\/www.africa-press.net\/centrafricaine\/#\/schema\/person\/2b1cf3cd81a31e3cd26889ca66d677f1\"},\"headline\":\"le sultan maire de koui, Monsieur Lamido Souleymane Daouda et son adjoint ainsi que son garde du corps ont \u00e9t\u00e9 assassin\u00e9s par les mercenaires de Wagner\",\"datePublished\":\"2021-06-14T11:57:24+00:00\",\"dateModified\":\"2021-06-14T19:42:43+00:00\",\"mainEntityOfPage\":{\"@id\":\"https:\/\/www.africa-press.net\/centrafricaine\/politique\/rca-le-sultan-maire-de-koui-monsieur-lamido-souleymane-daouda-et-son-adjoint-ainsi-que-son-garde-du-corps-ont-ete-assassines-par-les-mercenaires-de-wagner\"},\"wordCount\":464,\"commentCount\":0,\"image\":{\"@id\":\"https:\/\/www.africa-press.net\/centrafricaine\/politique\/rca-le-sultan-maire-de-koui-monsieur-lamido-souleymane-daouda-et-son-adjoint-ainsi-que-son-garde-du-corps-ont-ete-assassines-par-les-mercenaires-de-wagner#primaryimage\"},\"thumbnailUrl\":\"https:\/\/static.africa-press.net\/centrafricaine\/sites\/45\/2021\/06\/img-60c73c59f3ae7.jpg\",\"keywords\":[\"Africa Press\",\"Africa Press-CentrAfricaine\",\"CentrAfricaine\"],\"articleSection\":[\"homepage-french\",\"Politique\",\"Toutes les actualit\u00e9s\"],\"inLanguage\":\"fr-FR\",\"potentialAction\":[{\"@type\":\"CommentAction\",\"name\":\"Comment\",\"target\":[\"https:\/\/www.africa-press.net\/centrafricaine\/politique\/rca-le-sultan-maire-de-koui-monsieur-lamido-souleymane-daouda-et-son-adjoint-ainsi-que-son-garde-du-corps-ont-ete-assassines-par-les-mercenaires-de-wagner#respond\"]}]},{\"@type\":\"WebPage\",\"@id\":\"https:\/\/www.africa-press.net\/centrafricaine\/politique\/rca-le-sultan-maire-de-koui-monsieur-lamido-souleymane-daouda-et-son-adjoint-ainsi-que-son-garde-du-corps-ont-ete-assassines-par-les-mercenaires-de-wagner\",\"url\":\"https:\/\/www.africa-press.net\/centrafricaine\/politique\/rca-le-sultan-maire-de-koui-monsieur-lamido-souleymane-daouda-et-son-adjoint-ainsi-que-son-garde-du-corps-ont-ete-assassines-par-les-mercenaires-de-wagner\",\"name\":\"le sultan maire de koui, Monsieur Lamido Souleymane Daouda et son adjoint ainsi que son garde du corps ont \u00e9t\u00e9 assassin\u00e9s par les mercenaires de Wagner - centrafricaine\",\"isPartOf\":{\"@id\":\"https:\/\/www.africa-press.net\/centrafricaine\/#website\"},\"primaryImageOfPage\":{\"@id\":\"https:\/\/www.africa-press.net\/centrafricaine\/politique\/rca-le-sultan-maire-de-koui-monsieur-lamido-souleymane-daouda-et-son-adjoint-ainsi-que-son-garde-du-corps-ont-ete-assassines-par-les-mercenaires-de-wagner#primaryimage\"},\"image\":{\"@id\":\"https:\/\/www.africa-press.net\/centrafricaine\/politique\/rca-le-sultan-maire-de-koui-monsieur-lamido-souleymane-daouda-et-son-adjoint-ainsi-que-son-garde-du-corps-ont-ete-assassines-par-les-mercenaires-de-wagner#primaryimage\"},\"thumbnailUrl\":\"https:\/\/static.africa-press.net\/centrafricaine\/sites\/45\/2021\/06\/img-60c73c59f3ae7.jpg\",\"datePublished\":\"2021-06-14T11:57:24+00:00\",\"dateModified\":\"2021-06-14T19:42:43+00:00\",\"author\":{\"@id\":\"https:\/\/www.africa-press.net\/centrafricaine\/#\/schema\/person\/2b1cf3cd81a31e3cd26889ca66d677f1\"},\"description\":\"Bangui, R\u00e9publique centrafricaine, lundi, 14 juin 2021, 03:25:48 ( Corbeaunews-Centrafrique ). Le sultan maire d ...\",\"breadcrumb\":{\"@id\":\"https:\/\/www.africa-press.net\/centrafricaine\/politique\/rca-le-sultan-maire-de-koui-monsieur-lamido-souleymane-daouda-et-son-adjoint-ainsi-que-son-garde-du-corps-ont-ete-assassines-par-les-mercenaires-de-wagner#breadcrumb\"},\"inLanguage\":\"fr-FR\",\"potentialAction\":[{\"@type\":\"ReadAction\",\"target\":[\"https:\/\/www.africa-press.net\/centrafricaine\/politique\/rca-le-sultan-maire-de-koui-monsieur-lamido-souleymane-daouda-et-son-adjoint-ainsi-que-son-garde-du-corps-ont-ete-assassines-par-les-mercenaires-de-wagner\"]}]},{\"@type\":\"ImageObject\",\"inLanguage\":\"fr-FR\",\"@id\":\"https:\/\/www.africa-press.net\/centrafricaine\/politique\/rca-le-sultan-maire-de-koui-monsieur-lamido-souleymane-daouda-et-son-adjoint-ainsi-que-son-garde-du-corps-ont-ete-assassines-par-les-mercenaires-de-wagner#primaryimage\",\"url\":\"https:\/\/static.africa-press.net\/centrafricaine\/sites\/45\/2021\/06\/img-60c73c59f3ae7.jpg\",\"contentUrl\":\"https:\/\/static.africa-press.net\/centrafricaine\/sites\/45\/2021\/06\/img-60c73c59f3ae7.jpg\",\"width\":720,\"height\":701,\"caption\":\"RCA\u00a0: le sultan maire de koui, Monsieur Lamido Souleymane Daouda et son adjoint ainsi que son garde du corps ont \u00e9t\u00e9 assassin\u00e9s par les mercenaires de Wagner\"},{\"@type\":\"BreadcrumbList\",\"@id\":\"https:\/\/www.africa-press.net\/centrafricaine\/politique\/rca-le-sultan-maire-de-koui-monsieur-lamido-souleymane-daouda-et-son-adjoint-ainsi-que-son-garde-du-corps-ont-ete-assassines-par-les-mercenaires-de-wagner#breadcrumb\",\"itemListElement\":[{\"@type\":\"ListItem\",\"position\":1,\"name\":\"Accueil\",\"item\":\"https:\/\/www.africa-press.net\/centrafricaine\/\"},{\"@type\":\"ListItem\",\"position\":2,\"name\":\"le sultan maire de koui, Monsieur Lamido Souleymane Daouda et son adjoint ainsi que son garde du corps ont \u00e9t\u00e9 assassin\u00e9s par les mercenaires de Wagner\"}]},{\"@type\":\"WebSite\",\"@id\":\"https:\/\/www.africa-press.net\/centrafricaine\/#website\",\"url\":\"https:\/\/www.africa-press.net\/centrafricaine\/\",\"name\":\"centrafricaine\",\"description\":\"Just another Africa News Agency Sites site\",\"potentialAction\":[{\"@type\":\"SearchAction\",\"target\":{\"@type\":\"EntryPoint\",\"urlTemplate\":\"https:\/\/www.africa-press.net\/centrafricaine\/?s={search_term_string}\"},\"query-input\":{\"@type\":\"PropertyValueSpecification\",\"valueRequired\":true,\"valueName\":\"search_term_string\"}}],\"inLanguage\":\"fr-FR\"},{\"@type\":\"Person\",\"@id\":\"https:\/\/www.africa-press.net\/centrafricaine\/#\/schema\/person\/2b1cf3cd81a31e3cd26889ca66d677f1\",\"name\":\"cfeditorfr\"}]}<\/script>\n<!-- \/ Yoast SEO Premium plugin. -->","yoast_head_json":{"title":"le sultan maire de koui, Monsieur Lamido Souleymane Daouda et son adjoint ainsi que son garde du corps ont \u00e9t\u00e9 assassin\u00e9s par les mercenaires de Wagner - centrafricaine","description":"Bangui, R\u00e9publique centrafricaine, lundi, 14 juin 2021, 03:25:48 ( Corbeaunews-Centrafrique ). Le sultan maire d ...","robots":{"index":"index","follow":"follow","max-snippet":"max-snippet:-1","max-image-preview":"max-image-preview:large","max-video-preview":"max-video-preview:-1"},"canonical":"https:\/\/www.africa-press.net\/centrafricaine\/politique\/rca-le-sultan-maire-de-koui-monsieur-lamido-souleymane-daouda-et-son-adjoint-ainsi-que-son-garde-du-corps-ont-ete-assassines-par-les-mercenaires-de-wagner","og_locale":"fr_FR","og_type":"article","og_title":"le sultan maire de koui, Monsieur Lamido Souleymane Daouda et son adjoint ainsi que son garde du corps ont \u00e9t\u00e9 assassin\u00e9s par les mercenaires de Wagner","og_description":"Bangui, R\u00e9publique centrafricaine, lundi, 14 juin 2021, 03:25:48 ( Corbeaunews-Centrafrique ). Le sultan maire d ...","og_url":"https:\/\/www.africa-press.net\/centrafricaine\/politique\/rca-le-sultan-maire-de-koui-monsieur-lamido-souleymane-daouda-et-son-adjoint-ainsi-que-son-garde-du-corps-ont-ete-assassines-par-les-mercenaires-de-wagner","og_site_name":"centrafricaine","article_published_time":"2021-06-14T11:57:24+00:00","article_modified_time":"2021-06-14T19:42:43+00:00","og_image":[{"width":720,"height":701,"url":"https:\/\/static.africa-press.net\/centrafricaine\/sites\/45\/2021\/06\/img-60c73c59f3ae7.jpg","type":"image\/jpeg"}],"author":"cfeditorfr","twitter_card":"summary_large_image","twitter_misc":{"\u00c9crit par":"cfeditorfr","Dur\u00e9e de lecture estim\u00e9e":"2 minutes"},"schema":{"@context":"https:\/\/schema.org","@graph":[{"@type":"Article","@id":"https:\/\/www.africa-press.net\/centrafricaine\/politique\/rca-le-sultan-maire-de-koui-monsieur-lamido-souleymane-daouda-et-son-adjoint-ainsi-que-son-garde-du-corps-ont-ete-assassines-par-les-mercenaires-de-wagner#article","isPartOf":{"@id":"https:\/\/www.africa-press.net\/centrafricaine\/politique\/rca-le-sultan-maire-de-koui-monsieur-lamido-souleymane-daouda-et-son-adjoint-ainsi-que-son-garde-du-corps-ont-ete-assassines-par-les-mercenaires-de-wagner"},"author":{"name":"cfeditorfr","@id":"https:\/\/www.africa-press.net\/centrafricaine\/#\/schema\/person\/2b1cf3cd81a31e3cd26889ca66d677f1"},"headline":"le sultan maire de koui, Monsieur Lamido Souleymane Daouda et son adjoint ainsi que son garde du corps ont \u00e9t\u00e9 assassin\u00e9s par les mercenaires de Wagner","datePublished":"2021-06-14T11:57:24+00:00","dateModified":"2021-06-14T19:42:43+00:00","mainEntityOfPage":{"@id":"https:\/\/www.africa-press.net\/centrafricaine\/politique\/rca-le-sultan-maire-de-koui-monsieur-lamido-souleymane-daouda-et-son-adjoint-ainsi-que-son-garde-du-corps-ont-ete-assassines-par-les-mercenaires-de-wagner"},"wordCount":464,"commentCount":0,"image":{"@id":"https:\/\/www.africa-press.net\/centrafricaine\/politique\/rca-le-sultan-maire-de-koui-monsieur-lamido-souleymane-daouda-et-son-adjoint-ainsi-que-son-garde-du-corps-ont-ete-assassines-par-les-mercenaires-de-wagner#primaryimage"},"thumbnailUrl":"https:\/\/static.africa-press.net\/centrafricaine\/sites\/45\/2021\/06\/img-60c73c59f3ae7.jpg","keywords":["Africa Press","Africa Press-CentrAfricaine","CentrAfricaine"],"articleSection":["homepage-french","Politique","Toutes les actualit\u00e9s"],"inLanguage":"fr-FR","potentialAction":[{"@type":"CommentAction","name":"Comment","target":["https:\/\/www.africa-press.net\/centrafricaine\/politique\/rca-le-sultan-maire-de-koui-monsieur-lamido-souleymane-daouda-et-son-adjoint-ainsi-que-son-garde-du-corps-ont-ete-assassines-par-les-mercenaires-de-wagner#respond"]}]},{"@type":"WebPage","@id":"https:\/\/www.africa-press.net\/centrafricaine\/politique\/rca-le-sultan-maire-de-koui-monsieur-lamido-souleymane-daouda-et-son-adjoint-ainsi-que-son-garde-du-corps-ont-ete-assassines-par-les-mercenaires-de-wagner","url":"https:\/\/www.africa-press.net\/centrafricaine\/politique\/rca-le-sultan-maire-de-koui-monsieur-lamido-souleymane-daouda-et-son-adjoint-ainsi-que-son-garde-du-corps-ont-ete-assassines-par-les-mercenaires-de-wagner","name":"le sultan maire de koui, Monsieur Lamido Souleymane Daouda et son adjoint ainsi que son garde du corps ont \u00e9t\u00e9 assassin\u00e9s par les mercenaires de Wagner - centrafricaine","isPartOf":{"@id":"https:\/\/www.africa-press.net\/centrafricaine\/#website"},"primaryImageOfPage":{"@id":"https:\/\/www.africa-press.net\/centrafricaine\/politique\/rca-le-sultan-maire-de-koui-monsieur-lamido-souleymane-daouda-et-son-adjoint-ainsi-que-son-garde-du-corps-ont-ete-assassines-par-les-mercenaires-de-wagner#primaryimage"},"image":{"@id":"https:\/\/www.africa-press.net\/centrafricaine\/politique\/rca-le-sultan-maire-de-koui-monsieur-lamido-souleymane-daouda-et-son-adjoint-ainsi-que-son-garde-du-corps-ont-ete-assassines-par-les-mercenaires-de-wagner#primaryimage"},"thumbnailUrl":"https:\/\/static.africa-press.net\/centrafricaine\/sites\/45\/2021\/06\/img-60c73c59f3ae7.jpg","datePublished":"2021-06-14T11:57:24+00:00","dateModified":"2021-06-14T19:42:43+00:00","author":{"@id":"https:\/\/www.africa-press.net\/centrafricaine\/#\/schema\/person\/2b1cf3cd81a31e3cd26889ca66d677f1"},"description":"Bangui, R\u00e9publique centrafricaine, lundi, 14 juin 2021, 03:25:48 ( Corbeaunews-Centrafrique ). Le sultan maire d ...","breadcrumb":{"@id":"https:\/\/www.africa-press.net\/centrafricaine\/politique\/rca-le-sultan-maire-de-koui-monsieur-lamido-souleymane-daouda-et-son-adjoint-ainsi-que-son-garde-du-corps-ont-ete-assassines-par-les-mercenaires-de-wagner#breadcrumb"},"inLanguage":"fr-FR","potentialAction":[{"@type":"ReadAction","target":["https:\/\/www.africa-press.net\/centrafricaine\/politique\/rca-le-sultan-maire-de-koui-monsieur-lamido-souleymane-daouda-et-son-adjoint-ainsi-que-son-garde-du-corps-ont-ete-assassines-par-les-mercenaires-de-wagner"]}]},{"@type":"ImageObject","inLanguage":"fr-FR","@id":"https:\/\/www.africa-press.net\/centrafricaine\/politique\/rca-le-sultan-maire-de-koui-monsieur-lamido-souleymane-daouda-et-son-adjoint-ainsi-que-son-garde-du-corps-ont-ete-assassines-par-les-mercenaires-de-wagner#primaryimage","url":"https:\/\/static.africa-press.net\/centrafricaine\/sites\/45\/2021\/06\/img-60c73c59f3ae7.jpg","contentUrl":"https:\/\/static.africa-press.net\/centrafricaine\/sites\/45\/2021\/06\/img-60c73c59f3ae7.jpg","width":720,"height":701,"caption":"RCA\u00a0: le sultan maire de koui, Monsieur Lamido Souleymane Daouda et son adjoint ainsi que son garde du corps ont \u00e9t\u00e9 assassin\u00e9s par les mercenaires de Wagner"},{"@type":"BreadcrumbList","@id":"https:\/\/www.africa-press.net\/centrafricaine\/politique\/rca-le-sultan-maire-de-koui-monsieur-lamido-souleymane-daouda-et-son-adjoint-ainsi-que-son-garde-du-corps-ont-ete-assassines-par-les-mercenaires-de-wagner#breadcrumb","itemListElement":[{"@type":"ListItem","position":1,"name":"Accueil","item":"https:\/\/www.africa-press.net\/centrafricaine\/"},{"@type":"ListItem","position":2,"name":"le sultan maire de koui, Monsieur Lamido Souleymane Daouda et son adjoint ainsi que son garde du corps ont \u00e9t\u00e9 assassin\u00e9s par les mercenaires de Wagner"}]},{"@type":"WebSite","@id":"https:\/\/www.africa-press.net\/centrafricaine\/#website","url":"https:\/\/www.africa-press.net\/centrafricaine\/","name":"centrafricaine","description":"Just another Africa News Agency Sites site","potentialAction":[{"@type":"SearchAction","target":{"@type":"EntryPoint","urlTemplate":"https:\/\/www.africa-press.net\/centrafricaine\/?s={search_term_string}"},"query-input":{"@type":"PropertyValueSpecification","valueRequired":true,"valueName":"search_term_string"}}],"inLanguage":"fr-FR"},{"@type":"Person","@id":"https:\/\/www.africa-press.net\/centrafricaine\/#\/schema\/person\/2b1cf3cd81a31e3cd26889ca66d677f1","name":"cfeditorfr"}]}},"_links":{"self":[{"href":"https:\/\/www.africa-press.net\/centrafricaine\/wp-json\/wp\/v2\/posts\/8079","targetHints":{"allow":["GET"]}}],"collection":[{"href":"https:\/\/www.africa-press.net\/centrafricaine\/wp-json\/wp\/v2\/posts"}],"about":[{"href":"https:\/\/www.africa-press.net\/centrafricaine\/wp-json\/wp\/v2\/types\/post"}],"author":[{"embeddable":true,"href":"https:\/\/www.africa-press.net\/centrafricaine\/wp-json\/wp\/v2\/users\/82"}],"replies":[{"embeddable":true,"href":"https:\/\/www.africa-press.net\/centrafricaine\/wp-json\/wp\/v2\/comments?post=8079"}],"version-history":[{"count":0,"href":"https:\/\/www.africa-press.net\/centrafricaine\/wp-json\/wp\/v2\/posts\/8079\/revisions"}],"wp:featuredmedia":[{"embeddable":true,"href":"https:\/\/www.africa-press.net\/centrafricaine\/wp-json\/wp\/v2\/media\/8078"}],"wp:attachment":[{"href":"https:\/\/www.africa-press.net\/centrafricaine\/wp-json\/wp\/v2\/media?parent=8079"}],"wp:term":[{"taxonomy":"category","embeddable":true,"href":"https:\/\/www.africa-press.net\/centrafricaine\/wp-json\/wp\/v2\/categories?post=8079"},{"taxonomy":"post_tag","embeddable":true,"href":"https:\/\/www.africa-press.net\/centrafricaine\/wp-json\/wp\/v2\/tags?post=8079"}],"curies":[{"name":"wp","href":"https:\/\/api.w.org\/{rel}","templated":true}]}}