{"id":8100,"date":"2021-06-15T12:04:55","date_gmt":"2021-06-15T12:04:55","guid":{"rendered":"https:\/\/www.africa-press.net\/centrafricaine\/?p=8100"},"modified":"2021-06-15T13:55:01","modified_gmt":"2021-06-15T13:55:01","slug":"memorandum-de-la-diaspora-centrafricaine-aux-autorites-russes","status":"publish","type":"post","link":"https:\/\/www.africa-press.net\/centrafricaine\/politique\/memorandum-de-la-diaspora-centrafricaine-aux-autorites-russes","title":{"rendered":"Memorandum de la diaspora centrafricaine aux autorit\u00e9s russes"},"content":{"rendered":"<p><span style=\"color: #ff6600\"><strong><a href=\"https:\/\/www.africa-press.net\/\">Africa-Press<\/a> &#8211; <a href=\"https:\/\/www.africa-press.net\/centrafricaine\">CentrAfricaine<\/a>.\u00a0 <\/strong><\/span>Le pr\u00e9sent M\u00e9morandum est une initiative citoyenne. Il a pour but d\u2019alerter sur des exactions graves commises par les mercenaires du groupe Wagner ou commises avec leur participation, de r\u00e9clamer des mesures imm\u00e9diates et<\/p>\n<p>appropri\u00e9es, notamment le renvoi de ces mercenaires et de tout mercenaire du territoire centrafricain, enfin, de formuler des propositions pour un retour de notre \u00c9tat a un fonctionnement normal et apais\u00e9 entre Centrafricains.<\/p>\n<p>Le pr\u00e9sent M\u00e9morandum n\u2019est pas dirig\u00e9 contre l\u2019\u00c9tat et le Peuple fr\u00e8re de Russie, qui ont pour principe de nouer des relations internationales respectueuses de l\u2019ind\u00e9pendance, de la souverainet\u00e9 et de la dignit\u00e9 de chaque Peuple, ce que nous saluons.<\/p>\n<p>Il est adress\u00e9 aux autorit\u00e9s repr\u00e9sentant l\u2019\u00c9tat de Russie, pour leur demander de contribuer \u00e0 faire cesser dans notre pays des agissements contraires \u00e0 ce principe qui nous est commun.<\/p>\n<p>Le pr\u00e9sent M\u00e9morandum est aussi adress\u00e9 \u00e0 la Communaut\u00e9 Internationale \u00e0 laquelle<\/p>\n<p>notre pays, la R\u00e9publique Centrafricaine, appartient et \u00e0 laquelle nous, Citoyens Centrafricains, tenons fermement \u00e0 ce qu\u2019il continue \u00e0 participer, pour qu\u2019ensemble des mesures fortes soient prises sans d\u00e9lai afin de conjurer une situation qui porte une atteinte grave aux droits fondamentaux des Centrafricains, en m\u00eame temps qu\u2019elle menace dangereusement la paix et la s\u00e9curit\u00e9 internationales, tant au niveau r\u00e9gional qu\u2019au niveau global.<\/p>\n<p><b>LA PR<\/b><\/p>\n<p>\u00c9SENCE DU GROUPE WAGNER DANS NOTRE PAYS ET SES CONS\u00c9QUENCES<\/p>\n<p>Le Groupe Wagner est d\u00e9sormais connu du monde entier. Il s\u2019agit d\u2019un groupe paramilitaire<\/p>\n<p>priv\u00e9 dirig\u00e9 par l\u2019oligarque russe Evgueni Prigojine et impliqu\u00e9 dans de nombreux conflits arm\u00e9s, par exemple au Dombass, en Syrie ou encore en Libye.<\/p>\n<p>Le groupe Wagner est implant\u00e9 dans notre pays, la R\u00e9publique Centrafricaine, depuis 2018 au moins, sur la base d\u2019accords n\u00e9goci\u00e9s dans l\u2019opacit\u00e9 par l\u2019ancien Premier Ministre Firmin Ngrebada, alors Directeur de Cabinet du Pr\u00e9sident de la R\u00e9publique Faustin Archange Touad\u00e9ra, et sign\u00e9s par ce dernier \u00e0 Sotchi fin 2017.<\/p>\n<p>Dans le m\u00eame temps, des accords d\u2019\u00c9tat \u00e0 \u00c9tat ont \u00e9t\u00e9 conclus entre la Russie et la RCA, en<\/p>\n<p>commen\u00e7ant par un accord de d\u00e9fense et de coop\u00e9ration militaire. Nous tenons \u00e0 souligner que ces accords d\u2019Etat \u00e0 \u00c9tat ne sauraient \u00eatre confondus avec ceux conclus avec le groupe priv\u00e9 Wagner. D\u2019ailleurs, il ressort clairement des d\u00e9clarations r\u00e9p\u00e9t\u00e9es des autorit\u00e9s russes, elles-m\u00eames que le Groupe Wagner n\u2019est pas un op\u00e9rateur officiel de la politique ext\u00e9rieure de l\u2019\u00c9tat de Russie.<\/p>\n<p>La pr\u00e9sence du Groupe Wagner dans notre pays est reelle et ne peut \u00eatre ni\u00e9e. Cette pr\u00e9sence s\u2019est traduite par la cr\u00e9ation de deux soci\u00e9t\u00e9s qui ont pignon sur rue, \u00e0 savoir la Soci\u00e9t\u00e9 \u00ab Lobaye Invest \u00bb, soci\u00e9t\u00e9 mini\u00e8re et foresti\u00e8re, et la Soci\u00e9t\u00e9 \u00ab Sewa S\u00e9curit\u00e9 \u00bb, soci\u00e9t\u00e9 de s\u00e9curit\u00e9 comme son nom l\u2019indique. Les dirigeants et employ\u00e9s de ces soci\u00e9t\u00e9s circulent \u00e0 Bangui et dans tout le pays au vu et au su de tous. Ils le font non seulement dans le cadre des activit\u00e9s \u00e9conomiques de ces soci\u00e9t\u00e9s mais aussi dans le cadre d\u2019op\u00e9rations militaires, et ceci tout particuli\u00e8rement depuis le d\u00e9but de l\u2019ann\u00e9e 2021. Cette implication est confirm\u00e9e par le<\/p>\n<p>Gouvernement de notre pays qui, depuis, \u00e9voque r\u00e9guli\u00e8rement et officiellement les \u00ab FACAS et leurs alli\u00e9s russes et rwandais \u00bb dans un contexte o\u00f9 l\u2019arm\u00e9e de la F\u00e9d\u00e9ration de Russie n\u2019a projet\u00e9 aucun homme en armes sur le territoire centrafricain est aussi abondamment confirm\u00e9e par le Conseiller russe du Pr\u00e9sident de la R\u00e9publique en mati\u00e8re de s\u00e9curit\u00e9, M. Valery Zakharova dans sa chronique quasi-quotidienne de guerre sur le r\u00e9seau social Tweeter.<\/p>\n<p>Mieux encore, dans plusieurs des s\u00e9quences vid\u00e9o sur Facebook qu\u2019il affectionne, le Conseiller Sp\u00e9cial du Pr\u00e9sident de la R\u00e9publique a fait \u00e9tat de l\u2019arriv\u00e9e massive de mercenaires \u00ab russes \u00bb dans le cadre de l\u2019op\u00e9ration \u00ab win na win \u00bb, autrement dit de la venue d\u2019hommes destin\u00e9s \u00e0 combattre.<\/p>\n<p>Chaque citoyen a pu constater la forte influence du Groupe Wagner sur les institutions<\/p>\n<p>de notre pays, la R\u00e9publique Centrafricaine, et sur la politique nationale, jusque dans ses aspects les plus r\u00e9galiens telles que la d\u00e9fense nationale, les affaires \u00e9trang\u00e8res et les finances.<\/p>\n<p>Nous mentionnerons \u00e0 titre d\u2019exemple :<\/p>\n<p>La gestion de la politique nationale de defense et de s\u00e9curit\u00e9 par le chef du Groupe<\/p>\n<p>Wagner en Centrafrique. M. Valery Zakharov simple Conseiller du Pr\u00e9sident<\/p>\n<p>de la R\u00e9publique, c\u2019est ce Monsieur qui appara\u00eet comme le vrai patron de la s\u00e9curit\u00e9 et<\/p>\n<p>de la d\u00e9fense dans notre pays, au point de faire des d\u00e9clarations officielles au nom du<\/p>\n<p>pays en lieu et place du Pr\u00e9sident de la R\u00e9publique ; de convoquer officiellement, sur papier aux armoiries de la RCA, des D\u00e9put\u00e9s ; de se livrer personnellement \u00e0 des<\/p>\n<p>pratiques de corruption, sur des D\u00e9put\u00e9s pour acheter leur vote et sur des leaders des jeunes pour financer les campagnes contre les partenaires institutionnels de la RCA et contre CENTRAFRIQUE LIBRE, APAISEE, UNIE ET DE JUSTICE, DEBARRASSEE DES MERCENAIRES DE WAGNER, de lancer, tout aussi officiellement, des mises en garde ou des appels aux partenaires et \u00c9tats amis de notre pays, la RCA.<\/p>\n<p><b>Le bradage des ressources naturelles de la RCA dans des conditions qui violent de<\/b><\/p>\n<p><b>mani<\/b><\/p>\n<p>\u00e8re flagrante notre Constitution.<\/p>\n<p>En effet, en contrepartie des \u00ab services \u00bb qu\u2019il rend au pouvoir Touadera, le Groupe Wagner a exig\u00e9 et a obtenu des contrats d\u2019exploitation<\/p>\n<p>mini\u00e8re et foresti\u00e8re dans de larges zones situ\u00e9es aux quatre coins du pays, et ceci au<\/p>\n<p>m\u00e9pris de l\u2019article 60 de notre Constitution qui exige une autorisation pr\u00e9alable de<\/p>\n<p>l\u2019Assembl\u00e9e Nationale et la publication des contrats sign\u00e9s. De plus, pour l\u2019ex\u00e9cution<\/p>\n<p>de ces contrats, le Groupe Wagner, par l\u2019interm\u00e9diaire de sa soci\u00e9t\u00e9 \u00ab Lobaye Invest \u00bb.<\/p>\n<p>a conclu des accords pour s\u00e9curisation de ses exploitations avec les groupes arm\u00e9s, dont le groupe du mercenaire nig\u00e9rien Ali Darassa et celui de M. Abdoulaye Hissen. Il<\/p>\n<p>finance ainsi en sous-main des groupes arm\u00e9s qu\u2019il pr\u00e9tend combattre.<\/p>\n<p>La participation des \u00e9l\u00e9ments du Groupe Wagner aux campagnes d\u2019intimidation et de<\/p>\n<p>terreur visant les leaders et cadres des partis politiques de l\u2019opposition d\u00e9mocratique ainsi que des organisations de la soci\u00e9t\u00e9 civile ; campagnes orchestr\u00e9es de concert avec la milice pr\u00e9sidentielle nomm\u00e9e \u00ab Les Requins \u00bb, auteure d\u2019enl\u00e8vements, de<\/p>\n<p>disparitions forces et d\u2019attaques cibl\u00e9es dans la ville de Bangui.<\/p>\n<p><b>La commission<\/b><\/p>\n<p>\u00c0 l\u2019occasion de la campagne militaire en cours contre la Coalition des<\/p>\n<p>Patriotes pour le Changement (CPC), de graves exactions sur la population civile : viols, y compris sur mineurs, ex\u00e9cutions sommaires, pillages de biens, etc. Ces exactions ne sont pas ignor\u00e9es du pouvoir. Elles sont m\u00eame consid\u00e9r\u00e9es comme normales, Le Conseiller sp\u00e9cial du Pr\u00e9sident de la R\u00e9publique est d\u2019ailleurs all\u00e9 jusqu\u2019\u00e0 d\u00e9clarer les actes sexuels comme une contrepartie l\u00e9gitime de la participation de ces mercenaires \u00e0 la \u00ab lib\u00e9ration &gt; du pays.<\/p>\n<p>L\u2019atteinte port\u00e9e aux relations pacifiques avec les \u00c9tats voisins, comme le montre la<\/p>\n<p>crise actuelle entre notre pays, la RCA, et le pays fr\u00e8re qu\u2019est le Tchad. Il est aujourd\u2019hui acquis, et le communiqu\u00e9 conjoint Tchad-RCA du 2 juin 2021 en atteste, que les mercenaires du Groupe Wagner ont p\u00e9n\u00e9tr\u00e9 avec les Forces arm\u00e9es nationales (les FACAs) en territoire tchadien, ont attaqu\u00e9 un poste militaire avanc\u00e9, tu\u00e9 des soldats<\/p>\n<p>tchadiens sur place et emport\u00e9 d\u2019autres en territoire centrafricaineour les abattre froidement apr\u00e8s les avoir tortur\u00e9s. Le Gouvernement centrafricaina travers le<\/p>\n<p>communiqu\u00e9 conjoint pr\u00e9cit\u00e9, s\u2019est dit surpris par cette op\u00e9ration et l\u2019a condamn\u00e9, ce<\/p>\n<p>qui signifie que les mercenaires Wagner ont de leur propre chef entraine le pays dans un acte d\u2019agression et de crime de guerre. Il n\u2019est pas \u00e0 exclure, compte tenu du mode<\/p>\n<p>op\u00e9ratoire de ces mercenaires, que d\u2019autres actions du m\u00eame type puissent \u00eatre men\u00e9es dans l\u2019avenir en territoire camerounais, soudanais, ou sur les territoires du Congo D\u00e9mocratique ou du Congo Brazzaville. A cela s\u2019ajoutent les attaques et provocations contre les contingents de la MINUSCA sur le terrain.<\/p>\n<p><b>La privatisation de l\u2019administration des finances de la R\u00e9publique au profit du Groupe<\/b><\/p>\n<p>Wagner.<\/p>\n<p>En effet, sous pr\u00e9texte de r\u00e9organiser les services des finances et des douanes centrafricaines, les mercenaires du Groupe Wagner, qui craignent de ne pas \u00eatre pay\u00e9s pour les services qu\u2019ils rendent au pouvoir Touad\u00e9ra du fait de la restriction des aides ext\u00e9rieures au pays, ont exig\u00e9 et obtenu de se substituer au service centrafricaindes douanes pour percevoir directement et en num\u00e9raires les droits douaniers aux fronti\u00e8re : et ceci sans se soucier des r\u00e8gles de la Communaut\u00e9 \u00e9conomique des \u00c9tats de l\u2019Afrique centrale (CEMAC) qui interdisent de percevoir des droits douaniers sur les produits en provenance des autres \u00c9tats membres de cette Communaut\u00e9. Selon les derni\u00e8res annonces du Minist\u00e8re de l\u2019Economic et des Finances, il est pr\u00e9vu que l\u2019action de ces mercenaires s\u2019\u00e9tendent prochainement \u00e0 d\u2019autres domaines qui rel\u00e8vent de ce Minist\u00e8re r\u00e9galien. Cette liste est tr\u00e8s loin d\u2019\u00eatre exhaustive.<\/p>\n<p>\u00c0 ce qui pr\u00e9c\u00e8de, il convient d\u2019ajouter les agissements de l\u2019Ambassadeur de Russie en<\/p>\n<p>Centrafrique, M. Vladimir Titorenko, lequel Ambassadeur, au m\u00e9pris de son statut<\/p>\n<p>diplomatique, se comporte plus en protecteur du pouvoir Touadera face aux citoyens<\/p>\n<p>centrafricains et des int\u00e9r\u00eats du Groupe Wagner en Centrafrique qu\u2019en promoteur de relations amicales entre les peuples amis de Russie et de Centrafrique : d\u00e9clarations donnant, en lieu et place du Pr\u00e9sident de la R\u00e9publique, les orientations de la politique nationale, notamment en ce qui concerne la d\u00e9fense et la s\u00e9curit\u00e9 et le dialogue inter-centrafricaine mises en cause des autres partenaires internationaux de la RCA, dont la MINUSCA ; menaces prof\u00e9r\u00e9es \u00e0 l\u2019\u00e9gard des leaders des partis politiques de l\u2019opposition d\u00e9mocratique ; mise en cause de la centrafricanit\u00e9 de ces derniers ; campagne de stigmatisation des organisations non-violentes centrafricaines qui osent critiquer un \u00e9l\u00e9ment de la politique de leur pays ; attaques verbales contre les Gouvernements de pays amis, sp\u00e9cialement des pays frontaliers, etc. NOS POSITIONS Nous nous \u00e9levons contre et nous condamnons fermement ces agissements qui viennent saper les fondements d\u2019une coop\u00e9ration \u00e9quilibr\u00e9e entre nos deux pays et d\u2019une amiti\u00e9 faite de consid\u00e9ration et d\u2019entente mutuelles entre les Peuples de Centrafrique et de Russie.<\/p>\n<p>Par cette position g\u00e9n\u00e9rale, nous voulons exprimer ce qui suit.<\/p>\n<p>En premier lieu, nous disons cat\u00e9goriquement non au mercenariat, qui a \u00e9t\u00e9 de tous temps source de malheur pour les Centrafricains d\u2019o\u00f9 que viennent les mercenaires. Car, les exactions des mercenaires du Groupe Wagner sur la population civile suivent et r\u00e9p\u00e8tent celles des mercenaires des groupes armes qui sevissent encore dans notre pays. Ces exactions sont aussi de m\u00eame nature que celles qui ont \u00e9t\u00e9 commises par le pass\u00e9, \u00e0 l\u2019appel du pouvoir du moment \u00e0 Bangui, par les Zakawas, et aussi celles commises par les Banyamulengu\u00e9s du congolais Jean- Pierre Bemba et pour lesquelles les plaintes de nos compatriotes victimes sont encore devant la Cour p\u00e9nale internationale et la Cour p\u00e9nale sp\u00e9ciale de Bangui.<\/p>\n<p>Notre refus du mercenariat est dict\u00e9 aussi par notre attachement au respect et \u00e0 la cr\u00e9dibilit\u00e9 de notre parole internationale. Car les pratiques que nous refusons ici sont manifestement contraires aux obligations auxquelles notre pays a souscrit au titre de la Convention internationale du 4 d\u00e9cembre 1989 contre le recrutement, l\u2019utilisation, le financement et le recrutement de mercenaires, o\u00f9 la RCA s\u2019engage \u00ab \u00e0 ne pas recruter, utiliser, financer ou instruire des mercenaires et \u00e0 interdire les activit\u00e9s de cette nature \u00bb (article 5).<\/p>\n<p>Nous n\u2019acceptons pas non plus l\u2019argument qui consiste \u00e0 justifier les exactions actuelles par celles qui ont \u00e9t\u00e9 commises dans le pass\u00e9, car cela suppose que nous acceptions l\u2019inacceptable, \u00e0 savoir que la souffrance subie par les Centrafricains, et que la d\u00e9consid\u00e9ration dont nous<\/p>\n<p>faisons l\u2019objet en tant que Peuple soient sans fin.<\/p>\n<p>En deuxi\u00e8me lieu, et ceci vaut dor\u00e9navant pour tout pays qui veut nouer un partenariat avec notre pays, nous disons cat\u00e9goriquement non \u00e0 l\u2019exercice, dans notre pays, du pouvoir par quiconque n\u2019est pas des n\u00f4tres et qui n\u2019a pas \u00e9t\u00e9 \u00e9lu ou accept\u00e9 par nous.<\/p>\n<p>En troisi\u00e8me lieu et en cons\u00e9quence de ce qui pr\u00e9c\u00e8de, nous demandons, et m\u00eame exigeons que tout repr\u00e9sentant d\u2019un Etat \u00e9tranger dans notre pays respecte le Peuple<\/p>\n<p>Centrafricainet qu\u2019en cons\u00e9quence il n\u2019usurpe pas le pouvoir que nous avons confie a nos repr\u00e9sentants, et qu\u2019il ne se m\u00eale pas de nos affaires, tant int\u00e9rieures qu\u2019ext\u00e9rieures.<\/p>\n<p>En quatri\u00e8me lieu, nous nous d\u00e9clarons ouverts \u00e0 toute coop\u00e9ration qui respecte notre<\/p>\n<p>pays comme indique precedemment, ainsi que la dignit\u00e9 des Centrafricains. Nous<\/p>\n<p>r\u00e9affirmens notre appartenance \u00e0 la communaut\u00e9 africaine et \u00e0 la communaut\u00e9 internationale au sein desquelles nous entendons prendre toute notre place.<\/p>\n<p>En cinqui\u00e8me et dernier lieu, nous reaffirmons le droit des Centrafricains, pris<\/p>\n<p>collectivement et individuellement, \u00e0 \u00eatre ma\u00eetres chez eux et, par cons\u00e9quent, \u00e0 \u00eatre gouvernes<\/p>\n<p>conform\u00e9ment \u00e0 leur Constitution qu\u2019ils ont adopt\u00e9e dans la douleur, ainsi que leur droit \u00e0 la<\/p>\n<p>libert\u00e9, \u00e0 la dignit\u00e9 et \u00e0 l\u2019autod\u00e9termination aux plans politique, \u00e9conomique et sociale.<\/p>\n<p><b>NOS EXIGENCES<\/b><\/p>\n<p>En cons\u00e9quence de ce qui pr\u00e9c\u00e8de, nous exigeons :<\/p>\n<p>La d\u00e9nonciation des accords avec le Groupe Wagner et le retrait de ses membres du territoire centrafricain, ce, au profit d\u2019une coop\u00e9ration d\u2019\u00c9tat \u00e0 \u00c9tat avec le<\/p>\n<p>pays fr\u00e8re de Russie et d\u2019une coop\u00e9ration saine avec des entreprises susceptibles<\/p>\n<p>de contribuer au d\u00e9veloppement de notre pays ;<\/p>\n<p>Le rappel \u00e0 l\u2019actuel ambassadeur de Russie en Centrafrique, M. Titorenko, des obligations de sa fonction ou, \u00e0 d\u00e9faut, son rappel par son pays ou sa d\u00e9claration<\/p>\n<p>en tant que persona non grata ;<\/p>\n<p>L\u2019activation, en tant que de besoin, des accords de defense que nous avons avec<\/p>\n<p>d\u2019autres \u00c9tats, y compris africains, ainsi qu\u2019il a \u00e9t\u00e9 fait avec le pays fr\u00e8re qu\u2019est le Rwanda.<\/p>\n<p>La mise en place d\u2019une commission d\u2019enqu\u00eate internationale sur les exactions \u00e0<\/p>\n<p>l\u2019\u00e9gard de la population civile centrafricaine, que ces exactions proviennent des<\/p>\n<p>mercenaires du Groupe Warner, des autres groupes armes ou de tout autre<\/p>\n<p>groupe.<\/p>\n<p>L\u2019engagement de poursuites penales pour les faits evoques plus haut, qui sont<\/p>\n<p>constitutifs de crimes, et ceci devant les juridictions penales centrafricaines de<\/p>\n<p>droit commun, devant la Cour p\u00e9nale sp\u00e9ciale de RCA et\/ou devant la Cour penale<\/p>\n<p>internationale ;<\/p>\n<p>La fin de la politique de haine qui divise les Centrafricains, et donc la fin des chasses aux sorci\u00e8res, la fin des campagnes de d\u00e9nigrement et de stigmatisation de certains Centrafricains par d\u2019autres et leurs soutiens \u00e9trangers, simplement en raison de l\u2019exercice par ces citoyens de leur libert\u00e9 constitutionnelle d\u2019expression.<\/p>\n<p>Le respect de la Constitution et des droits des Centrafricains, la promotion du vivre ensemble, la promotion de la culture de la paix et de la non-violence, bref, la priorit\u00e9 donn\u00e9e au bonheur des Centrafricains, o\u00f9 qu\u2019ils se trouvent, quelles que soient leur naissance, leur religion, leur opinion politique, et leur position sociale.<\/p>\n<p>FAIT \u00c0 PARIS-LE 12.06.2021<\/p>\n","protected":false},"excerpt":{"rendered":"<p>Africa-Press &#8211; CentrAfricaine.\u00a0 Le pr\u00e9sent M\u00e9morandum est une initiative citoyenne. Il a pour but d\u2019alerter sur des exactions graves commises par les mercenaires du groupe Wagner ou commises avec leur participation, de r\u00e9clamer des mesures imm\u00e9diates et appropri\u00e9es, notamment le renvoi de ces mercenaires et de tout mercenaire du territoire centrafricain, enfin, de formuler des [&hellip;]<\/p>\n","protected":false},"author":82,"featured_media":8099,"comment_status":"open","ping_status":"closed","sticky":false,"template":"","format":"standard","meta":{"footnotes":""},"categories":[11,2,20,10],"tags":[36,58,30],"class_list":["post-8100","post","type-post","status-publish","format-standard","has-post-thumbnail","hentry","category-homepage-french","category-politique","category-top-nouvelles","category-toutes-les-actualites","tag-africa-press","tag-africa-press-centrafricaine","tag-centrafricaine"],"yoast_head":"<!-- This site is optimized with the Yoast SEO Premium plugin v26.1 (Yoast SEO v27.0) - https:\/\/yoast.com\/product\/yoast-seo-premium-wordpress\/ -->\n<title>Memorandum de la diaspora centrafricaine aux autorit\u00e9s russes - centrafricaine<\/title>\n<meta name=\"description\" content=\"Paris, le 12 juin 2021 Le pr\u00e9sent M\u00e9morandum est une initiative citoyenne. Il a pour but d\u2019alerter sur des exactions gr ...\" \/>\n<meta name=\"robots\" content=\"index, follow, max-snippet:-1, max-image-preview:large, max-video-preview:-1\" \/>\n<link rel=\"canonical\" href=\"https:\/\/www.africa-press.net\/centrafricaine\/politique\/memorandum-de-la-diaspora-centrafricaine-aux-autorites-russes\" \/>\n<meta property=\"og:locale\" content=\"fr_FR\" \/>\n<meta property=\"og:type\" content=\"article\" \/>\n<meta property=\"og:title\" content=\"Memorandum de la diaspora centrafricaine aux autorit\u00e9s russes\" \/>\n<meta property=\"og:description\" content=\"Paris, le 12 juin 2021 Le pr\u00e9sent M\u00e9morandum est une initiative citoyenne. Il a pour but d\u2019alerter sur des exactions gr ...\" \/>\n<meta property=\"og:url\" content=\"https:\/\/www.africa-press.net\/centrafricaine\/politique\/memorandum-de-la-diaspora-centrafricaine-aux-autorites-russes\" \/>\n<meta property=\"og:site_name\" content=\"centrafricaine\" \/>\n<meta property=\"article:published_time\" content=\"2021-06-15T12:04:55+00:00\" \/>\n<meta property=\"article:modified_time\" content=\"2021-06-15T13:55:01+00:00\" \/>\n<meta property=\"og:image\" content=\"https:\/\/static.africa-press.net\/centrafricaine\/sites\/45\/2021\/06\/img-60c8962c877fe.jpg\" \/>\n\t<meta property=\"og:image:width\" content=\"720\" \/>\n\t<meta property=\"og:image:height\" content=\"341\" \/>\n\t<meta property=\"og:image:type\" content=\"image\/jpeg\" \/>\n<meta name=\"author\" content=\"cfeditorfr\" \/>\n<meta name=\"twitter:card\" content=\"summary_large_image\" \/>\n<meta name=\"twitter:label1\" content=\"\u00c9crit par\" \/>\n\t<meta name=\"twitter:data1\" content=\"cfeditorfr\" \/>\n\t<meta name=\"twitter:label2\" content=\"Dur\u00e9e de lecture estim\u00e9e\" \/>\n\t<meta name=\"twitter:data2\" content=\"11 minutes\" \/>\n<script type=\"application\/ld+json\" class=\"yoast-schema-graph\">{\"@context\":\"https:\/\/schema.org\",\"@graph\":[{\"@type\":\"Article\",\"@id\":\"https:\/\/www.africa-press.net\/centrafricaine\/politique\/memorandum-de-la-diaspora-centrafricaine-aux-autorites-russes#article\",\"isPartOf\":{\"@id\":\"https:\/\/www.africa-press.net\/centrafricaine\/politique\/memorandum-de-la-diaspora-centrafricaine-aux-autorites-russes\"},\"author\":{\"name\":\"cfeditorfr\",\"@id\":\"https:\/\/www.africa-press.net\/centrafricaine\/#\/schema\/person\/2b1cf3cd81a31e3cd26889ca66d677f1\"},\"headline\":\"Memorandum de la diaspora centrafricaine aux autorit\u00e9s russes\",\"datePublished\":\"2021-06-15T12:04:55+00:00\",\"dateModified\":\"2021-06-15T13:55:01+00:00\",\"mainEntityOfPage\":{\"@id\":\"https:\/\/www.africa-press.net\/centrafricaine\/politique\/memorandum-de-la-diaspora-centrafricaine-aux-autorites-russes\"},\"wordCount\":2680,\"commentCount\":0,\"image\":{\"@id\":\"https:\/\/www.africa-press.net\/centrafricaine\/politique\/memorandum-de-la-diaspora-centrafricaine-aux-autorites-russes#primaryimage\"},\"thumbnailUrl\":\"https:\/\/static.africa-press.net\/centrafricaine\/sites\/45\/2021\/06\/img-60c8962c877fe.jpg\",\"keywords\":[\"Africa Press\",\"Africa Press-CentrAfricaine\",\"CentrAfricaine\"],\"articleSection\":[\"homepage-french\",\"Politique\",\"Top Nouvelles\",\"Toutes les actualit\u00e9s\"],\"inLanguage\":\"fr-FR\",\"potentialAction\":[{\"@type\":\"CommentAction\",\"name\":\"Comment\",\"target\":[\"https:\/\/www.africa-press.net\/centrafricaine\/politique\/memorandum-de-la-diaspora-centrafricaine-aux-autorites-russes#respond\"]}]},{\"@type\":\"WebPage\",\"@id\":\"https:\/\/www.africa-press.net\/centrafricaine\/politique\/memorandum-de-la-diaspora-centrafricaine-aux-autorites-russes\",\"url\":\"https:\/\/www.africa-press.net\/centrafricaine\/politique\/memorandum-de-la-diaspora-centrafricaine-aux-autorites-russes\",\"name\":\"Memorandum de la diaspora centrafricaine aux autorit\u00e9s russes - centrafricaine\",\"isPartOf\":{\"@id\":\"https:\/\/www.africa-press.net\/centrafricaine\/#website\"},\"primaryImageOfPage\":{\"@id\":\"https:\/\/www.africa-press.net\/centrafricaine\/politique\/memorandum-de-la-diaspora-centrafricaine-aux-autorites-russes#primaryimage\"},\"image\":{\"@id\":\"https:\/\/www.africa-press.net\/centrafricaine\/politique\/memorandum-de-la-diaspora-centrafricaine-aux-autorites-russes#primaryimage\"},\"thumbnailUrl\":\"https:\/\/static.africa-press.net\/centrafricaine\/sites\/45\/2021\/06\/img-60c8962c877fe.jpg\",\"datePublished\":\"2021-06-15T12:04:55+00:00\",\"dateModified\":\"2021-06-15T13:55:01+00:00\",\"author\":{\"@id\":\"https:\/\/www.africa-press.net\/centrafricaine\/#\/schema\/person\/2b1cf3cd81a31e3cd26889ca66d677f1\"},\"description\":\"Paris, le 12 juin 2021 Le pr\u00e9sent M\u00e9morandum est une initiative citoyenne. Il a pour but d\u2019alerter sur des exactions gr ...\",\"breadcrumb\":{\"@id\":\"https:\/\/www.africa-press.net\/centrafricaine\/politique\/memorandum-de-la-diaspora-centrafricaine-aux-autorites-russes#breadcrumb\"},\"inLanguage\":\"fr-FR\",\"potentialAction\":[{\"@type\":\"ReadAction\",\"target\":[\"https:\/\/www.africa-press.net\/centrafricaine\/politique\/memorandum-de-la-diaspora-centrafricaine-aux-autorites-russes\"]}]},{\"@type\":\"ImageObject\",\"inLanguage\":\"fr-FR\",\"@id\":\"https:\/\/www.africa-press.net\/centrafricaine\/politique\/memorandum-de-la-diaspora-centrafricaine-aux-autorites-russes#primaryimage\",\"url\":\"https:\/\/static.africa-press.net\/centrafricaine\/sites\/45\/2021\/06\/img-60c8962c877fe.jpg\",\"contentUrl\":\"https:\/\/static.africa-press.net\/centrafricaine\/sites\/45\/2021\/06\/img-60c8962c877fe.jpg\",\"width\":720,\"height\":341,\"caption\":\"Memorandum de la diaspora centrafricaine aux autorit\u00e9s russes\"},{\"@type\":\"BreadcrumbList\",\"@id\":\"https:\/\/www.africa-press.net\/centrafricaine\/politique\/memorandum-de-la-diaspora-centrafricaine-aux-autorites-russes#breadcrumb\",\"itemListElement\":[{\"@type\":\"ListItem\",\"position\":1,\"name\":\"Accueil\",\"item\":\"https:\/\/www.africa-press.net\/centrafricaine\/\"},{\"@type\":\"ListItem\",\"position\":2,\"name\":\"Memorandum de la diaspora centrafricaine aux autorit\u00e9s russes\"}]},{\"@type\":\"WebSite\",\"@id\":\"https:\/\/www.africa-press.net\/centrafricaine\/#website\",\"url\":\"https:\/\/www.africa-press.net\/centrafricaine\/\",\"name\":\"centrafricaine\",\"description\":\"Just another Africa News Agency Sites site\",\"potentialAction\":[{\"@type\":\"SearchAction\",\"target\":{\"@type\":\"EntryPoint\",\"urlTemplate\":\"https:\/\/www.africa-press.net\/centrafricaine\/?s={search_term_string}\"},\"query-input\":{\"@type\":\"PropertyValueSpecification\",\"valueRequired\":true,\"valueName\":\"search_term_string\"}}],\"inLanguage\":\"fr-FR\"},{\"@type\":\"Person\",\"@id\":\"https:\/\/www.africa-press.net\/centrafricaine\/#\/schema\/person\/2b1cf3cd81a31e3cd26889ca66d677f1\",\"name\":\"cfeditorfr\"}]}<\/script>\n<!-- \/ Yoast SEO Premium plugin. -->","yoast_head_json":{"title":"Memorandum de la diaspora centrafricaine aux autorit\u00e9s russes - centrafricaine","description":"Paris, le 12 juin 2021 Le pr\u00e9sent M\u00e9morandum est une initiative citoyenne. Il a pour but d\u2019alerter sur des exactions gr ...","robots":{"index":"index","follow":"follow","max-snippet":"max-snippet:-1","max-image-preview":"max-image-preview:large","max-video-preview":"max-video-preview:-1"},"canonical":"https:\/\/www.africa-press.net\/centrafricaine\/politique\/memorandum-de-la-diaspora-centrafricaine-aux-autorites-russes","og_locale":"fr_FR","og_type":"article","og_title":"Memorandum de la diaspora centrafricaine aux autorit\u00e9s russes","og_description":"Paris, le 12 juin 2021 Le pr\u00e9sent M\u00e9morandum est une initiative citoyenne. Il a pour but d\u2019alerter sur des exactions gr ...","og_url":"https:\/\/www.africa-press.net\/centrafricaine\/politique\/memorandum-de-la-diaspora-centrafricaine-aux-autorites-russes","og_site_name":"centrafricaine","article_published_time":"2021-06-15T12:04:55+00:00","article_modified_time":"2021-06-15T13:55:01+00:00","og_image":[{"width":720,"height":341,"url":"https:\/\/static.africa-press.net\/centrafricaine\/sites\/45\/2021\/06\/img-60c8962c877fe.jpg","type":"image\/jpeg"}],"author":"cfeditorfr","twitter_card":"summary_large_image","twitter_misc":{"\u00c9crit par":"cfeditorfr","Dur\u00e9e de lecture estim\u00e9e":"11 minutes"},"schema":{"@context":"https:\/\/schema.org","@graph":[{"@type":"Article","@id":"https:\/\/www.africa-press.net\/centrafricaine\/politique\/memorandum-de-la-diaspora-centrafricaine-aux-autorites-russes#article","isPartOf":{"@id":"https:\/\/www.africa-press.net\/centrafricaine\/politique\/memorandum-de-la-diaspora-centrafricaine-aux-autorites-russes"},"author":{"name":"cfeditorfr","@id":"https:\/\/www.africa-press.net\/centrafricaine\/#\/schema\/person\/2b1cf3cd81a31e3cd26889ca66d677f1"},"headline":"Memorandum de la diaspora centrafricaine aux autorit\u00e9s russes","datePublished":"2021-06-15T12:04:55+00:00","dateModified":"2021-06-15T13:55:01+00:00","mainEntityOfPage":{"@id":"https:\/\/www.africa-press.net\/centrafricaine\/politique\/memorandum-de-la-diaspora-centrafricaine-aux-autorites-russes"},"wordCount":2680,"commentCount":0,"image":{"@id":"https:\/\/www.africa-press.net\/centrafricaine\/politique\/memorandum-de-la-diaspora-centrafricaine-aux-autorites-russes#primaryimage"},"thumbnailUrl":"https:\/\/static.africa-press.net\/centrafricaine\/sites\/45\/2021\/06\/img-60c8962c877fe.jpg","keywords":["Africa Press","Africa Press-CentrAfricaine","CentrAfricaine"],"articleSection":["homepage-french","Politique","Top Nouvelles","Toutes les actualit\u00e9s"],"inLanguage":"fr-FR","potentialAction":[{"@type":"CommentAction","name":"Comment","target":["https:\/\/www.africa-press.net\/centrafricaine\/politique\/memorandum-de-la-diaspora-centrafricaine-aux-autorites-russes#respond"]}]},{"@type":"WebPage","@id":"https:\/\/www.africa-press.net\/centrafricaine\/politique\/memorandum-de-la-diaspora-centrafricaine-aux-autorites-russes","url":"https:\/\/www.africa-press.net\/centrafricaine\/politique\/memorandum-de-la-diaspora-centrafricaine-aux-autorites-russes","name":"Memorandum de la diaspora centrafricaine aux autorit\u00e9s russes - centrafricaine","isPartOf":{"@id":"https:\/\/www.africa-press.net\/centrafricaine\/#website"},"primaryImageOfPage":{"@id":"https:\/\/www.africa-press.net\/centrafricaine\/politique\/memorandum-de-la-diaspora-centrafricaine-aux-autorites-russes#primaryimage"},"image":{"@id":"https:\/\/www.africa-press.net\/centrafricaine\/politique\/memorandum-de-la-diaspora-centrafricaine-aux-autorites-russes#primaryimage"},"thumbnailUrl":"https:\/\/static.africa-press.net\/centrafricaine\/sites\/45\/2021\/06\/img-60c8962c877fe.jpg","datePublished":"2021-06-15T12:04:55+00:00","dateModified":"2021-06-15T13:55:01+00:00","author":{"@id":"https:\/\/www.africa-press.net\/centrafricaine\/#\/schema\/person\/2b1cf3cd81a31e3cd26889ca66d677f1"},"description":"Paris, le 12 juin 2021 Le pr\u00e9sent M\u00e9morandum est une initiative citoyenne. Il a pour but d\u2019alerter sur des exactions gr ...","breadcrumb":{"@id":"https:\/\/www.africa-press.net\/centrafricaine\/politique\/memorandum-de-la-diaspora-centrafricaine-aux-autorites-russes#breadcrumb"},"inLanguage":"fr-FR","potentialAction":[{"@type":"ReadAction","target":["https:\/\/www.africa-press.net\/centrafricaine\/politique\/memorandum-de-la-diaspora-centrafricaine-aux-autorites-russes"]}]},{"@type":"ImageObject","inLanguage":"fr-FR","@id":"https:\/\/www.africa-press.net\/centrafricaine\/politique\/memorandum-de-la-diaspora-centrafricaine-aux-autorites-russes#primaryimage","url":"https:\/\/static.africa-press.net\/centrafricaine\/sites\/45\/2021\/06\/img-60c8962c877fe.jpg","contentUrl":"https:\/\/static.africa-press.net\/centrafricaine\/sites\/45\/2021\/06\/img-60c8962c877fe.jpg","width":720,"height":341,"caption":"Memorandum de la diaspora centrafricaine aux autorit\u00e9s russes"},{"@type":"BreadcrumbList","@id":"https:\/\/www.africa-press.net\/centrafricaine\/politique\/memorandum-de-la-diaspora-centrafricaine-aux-autorites-russes#breadcrumb","itemListElement":[{"@type":"ListItem","position":1,"name":"Accueil","item":"https:\/\/www.africa-press.net\/centrafricaine\/"},{"@type":"ListItem","position":2,"name":"Memorandum de la diaspora centrafricaine aux autorit\u00e9s russes"}]},{"@type":"WebSite","@id":"https:\/\/www.africa-press.net\/centrafricaine\/#website","url":"https:\/\/www.africa-press.net\/centrafricaine\/","name":"centrafricaine","description":"Just another Africa News Agency Sites site","potentialAction":[{"@type":"SearchAction","target":{"@type":"EntryPoint","urlTemplate":"https:\/\/www.africa-press.net\/centrafricaine\/?s={search_term_string}"},"query-input":{"@type":"PropertyValueSpecification","valueRequired":true,"valueName":"search_term_string"}}],"inLanguage":"fr-FR"},{"@type":"Person","@id":"https:\/\/www.africa-press.net\/centrafricaine\/#\/schema\/person\/2b1cf3cd81a31e3cd26889ca66d677f1","name":"cfeditorfr"}]}},"_links":{"self":[{"href":"https:\/\/www.africa-press.net\/centrafricaine\/wp-json\/wp\/v2\/posts\/8100","targetHints":{"allow":["GET"]}}],"collection":[{"href":"https:\/\/www.africa-press.net\/centrafricaine\/wp-json\/wp\/v2\/posts"}],"about":[{"href":"https:\/\/www.africa-press.net\/centrafricaine\/wp-json\/wp\/v2\/types\/post"}],"author":[{"embeddable":true,"href":"https:\/\/www.africa-press.net\/centrafricaine\/wp-json\/wp\/v2\/users\/82"}],"replies":[{"embeddable":true,"href":"https:\/\/www.africa-press.net\/centrafricaine\/wp-json\/wp\/v2\/comments?post=8100"}],"version-history":[{"count":0,"href":"https:\/\/www.africa-press.net\/centrafricaine\/wp-json\/wp\/v2\/posts\/8100\/revisions"}],"wp:featuredmedia":[{"embeddable":true,"href":"https:\/\/www.africa-press.net\/centrafricaine\/wp-json\/wp\/v2\/media\/8099"}],"wp:attachment":[{"href":"https:\/\/www.africa-press.net\/centrafricaine\/wp-json\/wp\/v2\/media?parent=8100"}],"wp:term":[{"taxonomy":"category","embeddable":true,"href":"https:\/\/www.africa-press.net\/centrafricaine\/wp-json\/wp\/v2\/categories?post=8100"},{"taxonomy":"post_tag","embeddable":true,"href":"https:\/\/www.africa-press.net\/centrafricaine\/wp-json\/wp\/v2\/tags?post=8100"}],"curies":[{"name":"wp","href":"https:\/\/api.w.org\/{rel}","templated":true}]}}