{"id":8107,"date":"2021-06-15T12:09:43","date_gmt":"2021-06-15T12:09:43","guid":{"rendered":"https:\/\/www.africa-press.net\/centrafricaine\/?p=8107"},"modified":"2021-06-15T13:55:15","modified_gmt":"2021-06-15T13:55:15","slug":"rwanda-un-ambassadeur-francais-nomme-apres-six-ans-de-vacance","status":"publish","type":"post","link":"https:\/\/www.africa-press.net\/centrafricaine\/politique\/rwanda-un-ambassadeur-francais-nomme-apres-six-ans-de-vacance","title":{"rendered":"Rwanda\u00a0: Un ambassadeur fran\u00e7ais nomm\u00e9 apr\u00e8s six ans de vacance"},"content":{"rendered":"<p><span style=\"color: #ff6600\"><strong><a href=\"https:\/\/www.africa-press.net\/\">Africa-Press<\/a> &#8211; <a href=\"https:\/\/www.africa-press.net\/centrafricaine\">CentrAfricaine<\/a>.\u00a0 <\/strong><\/span>\u00a0Antoine Anfr\u00e9 est le nouveau repr\u00e9sentant de la France \u00e0 Kigali. Le pr\u00e9sident Fran\u00e7ais Emmanuel Macron vient de nommer un nouvel ambassadeur de France au Rwanda. Il s\u2019agit d\u2019Antoine Anfr\u00e9, 58 ans, ex-ambassadeur de France au Niger.<\/p>\n<p>La nomination du nouveau chef de mission diplomatique fran\u00e7aise \u00e0 Kigali survient un peu plus de deux semaines apr\u00e8s la visite du chef de l\u2019\u00c9tat fran\u00e7ais \u00e0 Kigali le 27 mai dernier, durant laquelle il a reconnu la responsabilit\u00e9 de son pays dans le g\u00e9nocide des Tutsis au Rwanda en 1997 et avait \u00e9mis le v\u0153u de nommer un ambassadeur.<\/p>\n<p>La nomination d\u2019un ambassadeur fran\u00e7ais au Rwanda est per\u00e7ue comme une preuve de la normalisation des relations entre les deux pays. Cela faisait six ann\u00e9es que le France n\u2019avait plus d\u2019ambassadeur \u00e0 Kigali en raison des tensions entre les deux pays au sujet du g\u00e9nocide rwandais.<\/p>\n<p>Le poste \u00e9tait vacant depuis 2015 avec le d\u00e9part de l\u2019ambassadeur fran\u00e7ais Michel Flesch arriv\u00e9 en fin de la chancellerie fran\u00e7aise qui n\u2019\u00e9tait pas ferm\u00e9e \u00e9tait juste sous la responsabilit\u00e9 du charg\u00e9 d\u2019affaires, J\u00e9r\u00e9mie Blin.<\/p>\n<p><b>\u00a0<\/b><\/p>\n","protected":false},"excerpt":{"rendered":"<p>Africa-Press &#8211; CentrAfricaine.\u00a0 \u00a0Antoine Anfr\u00e9 est le nouveau repr\u00e9sentant de la France \u00e0 Kigali. Le pr\u00e9sident Fran\u00e7ais Emmanuel Macron vient de nommer un nouvel ambassadeur de France au Rwanda. Il s\u2019agit d\u2019Antoine Anfr\u00e9, 58 ans, ex-ambassadeur de France au Niger. La nomination du nouveau chef de mission diplomatique fran\u00e7aise \u00e0 Kigali survient un peu plus [&hellip;]<\/p>\n","protected":false},"author":82,"featured_media":8102,"comment_status":"open","ping_status":"closed","sticky":false,"template":"","format":"standard","meta":{"footnotes":""},"categories":[11,2,20,10],"tags":[36,58,30],"class_list":["post-8107","post","type-post","status-publish","format-standard","has-post-thumbnail","hentry","category-homepage-french","category-politique","category-top-nouvelles","category-toutes-les-actualites","tag-africa-press","tag-africa-press-centrafricaine","tag-centrafricaine"],"yoast_head":"<!-- This site is optimized with the Yoast SEO Premium plugin v26.1 (Yoast SEO v27.0) - https:\/\/yoast.com\/product\/yoast-seo-premium-wordpress\/ -->\n<title>Rwanda\u00a0: Un ambassadeur fran\u00e7ais nomm\u00e9 apr\u00e8s six ans de vacance - centrafricaine<\/title>\n<meta name=\"description\" content=\"Bangui, R\u00e9publique centrafricaine, mardi, 15 juin 2021, 03:23:48 ( Corbeaunews-Centrafrique ). Antoine Anfr\u00e9 est ...\" \/>\n<meta name=\"robots\" content=\"index, follow, max-snippet:-1, max-image-preview:large, max-video-preview:-1\" \/>\n<link rel=\"canonical\" href=\"https:\/\/www.africa-press.net\/centrafricaine\/politique\/rwanda-un-ambassadeur-francais-nomme-apres-six-ans-de-vacance\" \/>\n<meta property=\"og:locale\" content=\"fr_FR\" \/>\n<meta property=\"og:type\" content=\"article\" \/>\n<meta property=\"og:title\" content=\"Rwanda\u00a0: Un ambassadeur fran\u00e7ais nomm\u00e9 apr\u00e8s six ans de vacance\" \/>\n<meta property=\"og:description\" content=\"Bangui, R\u00e9publique centrafricaine, mardi, 15 juin 2021, 03:23:48 ( Corbeaunews-Centrafrique ). Antoine Anfr\u00e9 est ...\" \/>\n<meta property=\"og:url\" content=\"https:\/\/www.africa-press.net\/centrafricaine\/politique\/rwanda-un-ambassadeur-francais-nomme-apres-six-ans-de-vacance\" \/>\n<meta property=\"og:site_name\" content=\"centrafricaine\" \/>\n<meta property=\"article:published_time\" content=\"2021-06-15T12:09:43+00:00\" \/>\n<meta property=\"article:modified_time\" content=\"2021-06-15T13:55:15+00:00\" \/>\n<meta property=\"og:image\" content=\"https:\/\/static.africa-press.net\/centrafricaine\/sites\/45\/2021\/06\/img-60c8965da7fcf.jpg\" \/>\n\t<meta property=\"og:image:width\" content=\"720\" \/>\n\t<meta property=\"og:image:height\" content=\"480\" \/>\n\t<meta property=\"og:image:type\" content=\"image\/jpeg\" \/>\n<meta name=\"author\" content=\"cfeditorfr\" \/>\n<meta name=\"twitter:card\" content=\"summary_large_image\" \/>\n<meta name=\"twitter:label1\" content=\"\u00c9crit par\" \/>\n\t<meta name=\"twitter:data1\" content=\"cfeditorfr\" \/>\n\t<meta name=\"twitter:label2\" content=\"Dur\u00e9e de lecture estim\u00e9e\" \/>\n\t<meta name=\"twitter:data2\" content=\"1 minute\" \/>\n<script type=\"application\/ld+json\" class=\"yoast-schema-graph\">{\"@context\":\"https:\/\/schema.org\",\"@graph\":[{\"@type\":\"Article\",\"@id\":\"https:\/\/www.africa-press.net\/centrafricaine\/politique\/rwanda-un-ambassadeur-francais-nomme-apres-six-ans-de-vacance#article\",\"isPartOf\":{\"@id\":\"https:\/\/www.africa-press.net\/centrafricaine\/politique\/rwanda-un-ambassadeur-francais-nomme-apres-six-ans-de-vacance\"},\"author\":{\"name\":\"cfeditorfr\",\"@id\":\"https:\/\/www.africa-press.net\/centrafricaine\/#\/schema\/person\/2b1cf3cd81a31e3cd26889ca66d677f1\"},\"headline\":\"Rwanda\u00a0: Un ambassadeur fran\u00e7ais nomm\u00e9 apr\u00e8s six ans de vacance\",\"datePublished\":\"2021-06-15T12:09:43+00:00\",\"dateModified\":\"2021-06-15T13:55:15+00:00\",\"mainEntityOfPage\":{\"@id\":\"https:\/\/www.africa-press.net\/centrafricaine\/politique\/rwanda-un-ambassadeur-francais-nomme-apres-six-ans-de-vacance\"},\"wordCount\":212,\"commentCount\":0,\"image\":{\"@id\":\"https:\/\/www.africa-press.net\/centrafricaine\/politique\/rwanda-un-ambassadeur-francais-nomme-apres-six-ans-de-vacance#primaryimage\"},\"thumbnailUrl\":\"https:\/\/static.africa-press.net\/centrafricaine\/sites\/45\/2021\/06\/img-60c8965da7fcf.jpg\",\"keywords\":[\"Africa Press\",\"Africa Press-CentrAfricaine\",\"CentrAfricaine\"],\"articleSection\":[\"homepage-french\",\"Politique\",\"Top Nouvelles\",\"Toutes les actualit\u00e9s\"],\"inLanguage\":\"fr-FR\",\"potentialAction\":[{\"@type\":\"CommentAction\",\"name\":\"Comment\",\"target\":[\"https:\/\/www.africa-press.net\/centrafricaine\/politique\/rwanda-un-ambassadeur-francais-nomme-apres-six-ans-de-vacance#respond\"]}]},{\"@type\":\"WebPage\",\"@id\":\"https:\/\/www.africa-press.net\/centrafricaine\/politique\/rwanda-un-ambassadeur-francais-nomme-apres-six-ans-de-vacance\",\"url\":\"https:\/\/www.africa-press.net\/centrafricaine\/politique\/rwanda-un-ambassadeur-francais-nomme-apres-six-ans-de-vacance\",\"name\":\"Rwanda\u00a0: Un ambassadeur fran\u00e7ais nomm\u00e9 apr\u00e8s six ans de vacance - centrafricaine\",\"isPartOf\":{\"@id\":\"https:\/\/www.africa-press.net\/centrafricaine\/#website\"},\"primaryImageOfPage\":{\"@id\":\"https:\/\/www.africa-press.net\/centrafricaine\/politique\/rwanda-un-ambassadeur-francais-nomme-apres-six-ans-de-vacance#primaryimage\"},\"image\":{\"@id\":\"https:\/\/www.africa-press.net\/centrafricaine\/politique\/rwanda-un-ambassadeur-francais-nomme-apres-six-ans-de-vacance#primaryimage\"},\"thumbnailUrl\":\"https:\/\/static.africa-press.net\/centrafricaine\/sites\/45\/2021\/06\/img-60c8965da7fcf.jpg\",\"datePublished\":\"2021-06-15T12:09:43+00:00\",\"dateModified\":\"2021-06-15T13:55:15+00:00\",\"author\":{\"@id\":\"https:\/\/www.africa-press.net\/centrafricaine\/#\/schema\/person\/2b1cf3cd81a31e3cd26889ca66d677f1\"},\"description\":\"Bangui, R\u00e9publique centrafricaine, mardi, 15 juin 2021, 03:23:48 ( Corbeaunews-Centrafrique ). Antoine Anfr\u00e9 est ...\",\"breadcrumb\":{\"@id\":\"https:\/\/www.africa-press.net\/centrafricaine\/politique\/rwanda-un-ambassadeur-francais-nomme-apres-six-ans-de-vacance#breadcrumb\"},\"inLanguage\":\"fr-FR\",\"potentialAction\":[{\"@type\":\"ReadAction\",\"target\":[\"https:\/\/www.africa-press.net\/centrafricaine\/politique\/rwanda-un-ambassadeur-francais-nomme-apres-six-ans-de-vacance\"]}]},{\"@type\":\"ImageObject\",\"inLanguage\":\"fr-FR\",\"@id\":\"https:\/\/www.africa-press.net\/centrafricaine\/politique\/rwanda-un-ambassadeur-francais-nomme-apres-six-ans-de-vacance#primaryimage\",\"url\":\"https:\/\/static.africa-press.net\/centrafricaine\/sites\/45\/2021\/06\/img-60c8965da7fcf.jpg\",\"contentUrl\":\"https:\/\/static.africa-press.net\/centrafricaine\/sites\/45\/2021\/06\/img-60c8965da7fcf.jpg\",\"width\":720,\"height\":480,\"caption\":\"Rwanda\u00a0: Un ambassadeur fran\u00e7ais nomm\u00e9 apr\u00e8s six ans de vacance\"},{\"@type\":\"BreadcrumbList\",\"@id\":\"https:\/\/www.africa-press.net\/centrafricaine\/politique\/rwanda-un-ambassadeur-francais-nomme-apres-six-ans-de-vacance#breadcrumb\",\"itemListElement\":[{\"@type\":\"ListItem\",\"position\":1,\"name\":\"Accueil\",\"item\":\"https:\/\/www.africa-press.net\/centrafricaine\/\"},{\"@type\":\"ListItem\",\"position\":2,\"name\":\"Rwanda\u00a0: Un ambassadeur fran\u00e7ais nomm\u00e9 apr\u00e8s six ans de vacance\"}]},{\"@type\":\"WebSite\",\"@id\":\"https:\/\/www.africa-press.net\/centrafricaine\/#website\",\"url\":\"https:\/\/www.africa-press.net\/centrafricaine\/\",\"name\":\"centrafricaine\",\"description\":\"Just another Africa News Agency Sites site\",\"potentialAction\":[{\"@type\":\"SearchAction\",\"target\":{\"@type\":\"EntryPoint\",\"urlTemplate\":\"https:\/\/www.africa-press.net\/centrafricaine\/?s={search_term_string}\"},\"query-input\":{\"@type\":\"PropertyValueSpecification\",\"valueRequired\":true,\"valueName\":\"search_term_string\"}}],\"inLanguage\":\"fr-FR\"},{\"@type\":\"Person\",\"@id\":\"https:\/\/www.africa-press.net\/centrafricaine\/#\/schema\/person\/2b1cf3cd81a31e3cd26889ca66d677f1\",\"name\":\"cfeditorfr\"}]}<\/script>\n<!-- \/ Yoast SEO Premium plugin. -->","yoast_head_json":{"title":"Rwanda\u00a0: Un ambassadeur fran\u00e7ais nomm\u00e9 apr\u00e8s six ans de vacance - centrafricaine","description":"Bangui, R\u00e9publique centrafricaine, mardi, 15 juin 2021, 03:23:48 ( Corbeaunews-Centrafrique ). Antoine Anfr\u00e9 est ...","robots":{"index":"index","follow":"follow","max-snippet":"max-snippet:-1","max-image-preview":"max-image-preview:large","max-video-preview":"max-video-preview:-1"},"canonical":"https:\/\/www.africa-press.net\/centrafricaine\/politique\/rwanda-un-ambassadeur-francais-nomme-apres-six-ans-de-vacance","og_locale":"fr_FR","og_type":"article","og_title":"Rwanda\u00a0: Un ambassadeur fran\u00e7ais nomm\u00e9 apr\u00e8s six ans de vacance","og_description":"Bangui, R\u00e9publique centrafricaine, mardi, 15 juin 2021, 03:23:48 ( Corbeaunews-Centrafrique ). Antoine Anfr\u00e9 est ...","og_url":"https:\/\/www.africa-press.net\/centrafricaine\/politique\/rwanda-un-ambassadeur-francais-nomme-apres-six-ans-de-vacance","og_site_name":"centrafricaine","article_published_time":"2021-06-15T12:09:43+00:00","article_modified_time":"2021-06-15T13:55:15+00:00","og_image":[{"width":720,"height":480,"url":"https:\/\/static.africa-press.net\/centrafricaine\/sites\/45\/2021\/06\/img-60c8965da7fcf.jpg","type":"image\/jpeg"}],"author":"cfeditorfr","twitter_card":"summary_large_image","twitter_misc":{"\u00c9crit par":"cfeditorfr","Dur\u00e9e de lecture estim\u00e9e":"1 minute"},"schema":{"@context":"https:\/\/schema.org","@graph":[{"@type":"Article","@id":"https:\/\/www.africa-press.net\/centrafricaine\/politique\/rwanda-un-ambassadeur-francais-nomme-apres-six-ans-de-vacance#article","isPartOf":{"@id":"https:\/\/www.africa-press.net\/centrafricaine\/politique\/rwanda-un-ambassadeur-francais-nomme-apres-six-ans-de-vacance"},"author":{"name":"cfeditorfr","@id":"https:\/\/www.africa-press.net\/centrafricaine\/#\/schema\/person\/2b1cf3cd81a31e3cd26889ca66d677f1"},"headline":"Rwanda\u00a0: Un ambassadeur fran\u00e7ais nomm\u00e9 apr\u00e8s six ans de vacance","datePublished":"2021-06-15T12:09:43+00:00","dateModified":"2021-06-15T13:55:15+00:00","mainEntityOfPage":{"@id":"https:\/\/www.africa-press.net\/centrafricaine\/politique\/rwanda-un-ambassadeur-francais-nomme-apres-six-ans-de-vacance"},"wordCount":212,"commentCount":0,"image":{"@id":"https:\/\/www.africa-press.net\/centrafricaine\/politique\/rwanda-un-ambassadeur-francais-nomme-apres-six-ans-de-vacance#primaryimage"},"thumbnailUrl":"https:\/\/static.africa-press.net\/centrafricaine\/sites\/45\/2021\/06\/img-60c8965da7fcf.jpg","keywords":["Africa Press","Africa Press-CentrAfricaine","CentrAfricaine"],"articleSection":["homepage-french","Politique","Top Nouvelles","Toutes les actualit\u00e9s"],"inLanguage":"fr-FR","potentialAction":[{"@type":"CommentAction","name":"Comment","target":["https:\/\/www.africa-press.net\/centrafricaine\/politique\/rwanda-un-ambassadeur-francais-nomme-apres-six-ans-de-vacance#respond"]}]},{"@type":"WebPage","@id":"https:\/\/www.africa-press.net\/centrafricaine\/politique\/rwanda-un-ambassadeur-francais-nomme-apres-six-ans-de-vacance","url":"https:\/\/www.africa-press.net\/centrafricaine\/politique\/rwanda-un-ambassadeur-francais-nomme-apres-six-ans-de-vacance","name":"Rwanda\u00a0: Un ambassadeur fran\u00e7ais nomm\u00e9 apr\u00e8s six ans de vacance - centrafricaine","isPartOf":{"@id":"https:\/\/www.africa-press.net\/centrafricaine\/#website"},"primaryImageOfPage":{"@id":"https:\/\/www.africa-press.net\/centrafricaine\/politique\/rwanda-un-ambassadeur-francais-nomme-apres-six-ans-de-vacance#primaryimage"},"image":{"@id":"https:\/\/www.africa-press.net\/centrafricaine\/politique\/rwanda-un-ambassadeur-francais-nomme-apres-six-ans-de-vacance#primaryimage"},"thumbnailUrl":"https:\/\/static.africa-press.net\/centrafricaine\/sites\/45\/2021\/06\/img-60c8965da7fcf.jpg","datePublished":"2021-06-15T12:09:43+00:00","dateModified":"2021-06-15T13:55:15+00:00","author":{"@id":"https:\/\/www.africa-press.net\/centrafricaine\/#\/schema\/person\/2b1cf3cd81a31e3cd26889ca66d677f1"},"description":"Bangui, R\u00e9publique centrafricaine, mardi, 15 juin 2021, 03:23:48 ( Corbeaunews-Centrafrique ). Antoine Anfr\u00e9 est ...","breadcrumb":{"@id":"https:\/\/www.africa-press.net\/centrafricaine\/politique\/rwanda-un-ambassadeur-francais-nomme-apres-six-ans-de-vacance#breadcrumb"},"inLanguage":"fr-FR","potentialAction":[{"@type":"ReadAction","target":["https:\/\/www.africa-press.net\/centrafricaine\/politique\/rwanda-un-ambassadeur-francais-nomme-apres-six-ans-de-vacance"]}]},{"@type":"ImageObject","inLanguage":"fr-FR","@id":"https:\/\/www.africa-press.net\/centrafricaine\/politique\/rwanda-un-ambassadeur-francais-nomme-apres-six-ans-de-vacance#primaryimage","url":"https:\/\/static.africa-press.net\/centrafricaine\/sites\/45\/2021\/06\/img-60c8965da7fcf.jpg","contentUrl":"https:\/\/static.africa-press.net\/centrafricaine\/sites\/45\/2021\/06\/img-60c8965da7fcf.jpg","width":720,"height":480,"caption":"Rwanda\u00a0: Un ambassadeur fran\u00e7ais nomm\u00e9 apr\u00e8s six ans de vacance"},{"@type":"BreadcrumbList","@id":"https:\/\/www.africa-press.net\/centrafricaine\/politique\/rwanda-un-ambassadeur-francais-nomme-apres-six-ans-de-vacance#breadcrumb","itemListElement":[{"@type":"ListItem","position":1,"name":"Accueil","item":"https:\/\/www.africa-press.net\/centrafricaine\/"},{"@type":"ListItem","position":2,"name":"Rwanda\u00a0: Un ambassadeur fran\u00e7ais nomm\u00e9 apr\u00e8s six ans de vacance"}]},{"@type":"WebSite","@id":"https:\/\/www.africa-press.net\/centrafricaine\/#website","url":"https:\/\/www.africa-press.net\/centrafricaine\/","name":"centrafricaine","description":"Just another Africa News Agency Sites site","potentialAction":[{"@type":"SearchAction","target":{"@type":"EntryPoint","urlTemplate":"https:\/\/www.africa-press.net\/centrafricaine\/?s={search_term_string}"},"query-input":{"@type":"PropertyValueSpecification","valueRequired":true,"valueName":"search_term_string"}}],"inLanguage":"fr-FR"},{"@type":"Person","@id":"https:\/\/www.africa-press.net\/centrafricaine\/#\/schema\/person\/2b1cf3cd81a31e3cd26889ca66d677f1","name":"cfeditorfr"}]}},"_links":{"self":[{"href":"https:\/\/www.africa-press.net\/centrafricaine\/wp-json\/wp\/v2\/posts\/8107","targetHints":{"allow":["GET"]}}],"collection":[{"href":"https:\/\/www.africa-press.net\/centrafricaine\/wp-json\/wp\/v2\/posts"}],"about":[{"href":"https:\/\/www.africa-press.net\/centrafricaine\/wp-json\/wp\/v2\/types\/post"}],"author":[{"embeddable":true,"href":"https:\/\/www.africa-press.net\/centrafricaine\/wp-json\/wp\/v2\/users\/82"}],"replies":[{"embeddable":true,"href":"https:\/\/www.africa-press.net\/centrafricaine\/wp-json\/wp\/v2\/comments?post=8107"}],"version-history":[{"count":0,"href":"https:\/\/www.africa-press.net\/centrafricaine\/wp-json\/wp\/v2\/posts\/8107\/revisions"}],"wp:featuredmedia":[{"embeddable":true,"href":"https:\/\/www.africa-press.net\/centrafricaine\/wp-json\/wp\/v2\/media\/8102"}],"wp:attachment":[{"href":"https:\/\/www.africa-press.net\/centrafricaine\/wp-json\/wp\/v2\/media?parent=8107"}],"wp:term":[{"taxonomy":"category","embeddable":true,"href":"https:\/\/www.africa-press.net\/centrafricaine\/wp-json\/wp\/v2\/categories?post=8107"},{"taxonomy":"post_tag","embeddable":true,"href":"https:\/\/www.africa-press.net\/centrafricaine\/wp-json\/wp\/v2\/tags?post=8107"}],"curies":[{"name":"wp","href":"https:\/\/api.w.org\/{rel}","templated":true}]}}