{"id":8110,"date":"2021-06-15T12:19:30","date_gmt":"2021-06-15T12:19:30","guid":{"rendered":"https:\/\/www.africa-press.net\/centrafricaine\/?p=8110"},"modified":"2021-06-15T13:55:30","modified_gmt":"2021-06-15T13:55:30","slug":"rca-le-12-juin-2021-restera-a-jamais-grave-dans-notre-memoire-collective-comme-une-journee-citoyenne-de-defense-dune-cause-nationale-politiquement-juste","status":"publish","type":"post","link":"https:\/\/www.africa-press.net\/centrafricaine\/politique\/rca-le-12-juin-2021-restera-a-jamais-grave-dans-notre-memoire-collective-comme-une-journee-citoyenne-de-defense-dune-cause-nationale-politiquement-juste","title":{"rendered":"Le 12 juin 2021 restera \u00e0 jamais grav\u00e9 dans notre m\u00e9moire collective comme une journ\u00e9e citoyenne de d\u00e9fense d\u2019une cause nationale politiquement juste"},"content":{"rendered":"<p><span style=\"color: #ff6600\"><strong><a href=\"https:\/\/www.africa-press.net\/\">Africa-Press<\/a> &#8211; <a href=\"https:\/\/www.africa-press.net\/centrafricaine\">CentrAfricaine<\/a>. <\/strong><\/span>\u00a0Le 12 juin 2021 restera \u00e0 jamais grav\u00e9 dans notre m\u00e9moire collective comme une journ\u00e9e citoyenne de d\u00e9fense d\u2019une cause nationale politiquement juste par les Centrafricaines et les Centrafricains de la diaspora europ\u00e9enne, imbus d\u2019un patriotisme politique orgueilleux et jaloux, soucieux d\u2019avoir de Gouvernants dignes et cons\u00e9quents qui doivent privil\u00e9gier les relations d\u2019\u00c9tat \u00e0 Etat, fond\u00e9es sur les sacro-saints principes de la diplomatie comme une vitrine nationale et une industrie de devises et non une diplomatie reposant sur le mercenariat d\u2019\u00c9tat sur fond de la mafia, de pillages et de crimes.<\/p>\n<p><b>Ce 12 juin 2021 a \u00e9t\u00e9 et restera une journ\u00e9e o\u00f9 des Centrafricaines et des Centrafricains convaincus de l\u2019importance d\u2019une diplomatie comme un instrument indispensable facilitant le partenariat de d\u00e9veloppement, un tremplin pour la solidarit\u00e9 de proximit\u00e9 ou sous-r\u00e9gionale, ont plaid\u00e9 pour une conception audacieuse de la diplomatie centrafricaine en terme de diversification des relations diplomatiques et non en terme d\u2019alignement politique, parce qu\u2019on ne peut pas quitter la gueule du loup pour celle de l\u2019ours.<\/b><\/p>\n<p><b>Donc, ce 12 juin 2021 a \u00e9t\u00e9 une journ\u00e9e d\u2019une l\u00e9gitime plaidoirie faite par des Centrafricaines et des Centrafricains de la diaspora europ\u00e9enne pour que la diplomatie centrafricaine retrouve toutes ses lettres de noblesse dans le grand respect des valeurs africaines pr\u00f4n\u00e9es par la Charte du MAND\u00c8N, proclam\u00e9e \u00e0 Kouroukan Fouga en 1222 (Mali) et la Convention de Viennes. Ces Centrafricaines et Centrafricains, sans complaisance, en terre fran\u00e7aise et devant l\u2019ambassade de la F\u00e9d\u00e9ration de la Russie \u00e0 Paris, ont condamn\u00e9 le mercenariat d\u2019\u00c9tat que les Autorit\u00e9s Politiques de Bangui entretiennent, voil\u00e0 quatre (4) ans, avec la soci\u00e9t\u00e9 de mercenariat Wagner, une soci\u00e9t\u00e9 de droit priv\u00e9 dont les ramifications plongent dans la mafia.<\/b><\/p>\n<p><b>Respects et consid\u00e9rations aux douze (12) Ap\u00f4tres qui ont \u00e9t\u00e9 les initiateurs-organisateurs-facilitateurs de cette journ\u00e9e citoyenne d\u2019interpellation et de condamnation des relations diplomatiques de Centrafrique avec la F\u00e9d\u00e9ration de la Russie fond\u00e9e sur le mercenariat d\u2019\u00c9tat par la soci\u00e9t\u00e9 Wagner interpos\u00e9e.<\/b><\/p>\n<p><b>Que cette journ\u00e9e patriotique et citoyenne porte ses semences en inspirant d\u2019autres pour la d\u00e9fense des causses nationales politiquement justes.<\/b><\/p>\n<p><b>\u00a0<\/b><\/p>\n","protected":false},"excerpt":{"rendered":"<p>Africa-Press &#8211; CentrAfricaine. \u00a0Le 12 juin 2021 restera \u00e0 jamais grav\u00e9 dans notre m\u00e9moire collective comme une journ\u00e9e citoyenne de d\u00e9fense d\u2019une cause nationale politiquement juste par les Centrafricaines et les Centrafricains de la diaspora europ\u00e9enne, imbus d\u2019un patriotisme politique orgueilleux et jaloux, soucieux d\u2019avoir de Gouvernants dignes et cons\u00e9quents qui doivent privil\u00e9gier les relations [&hellip;]<\/p>\n","protected":false},"author":82,"featured_media":8109,"comment_status":"open","ping_status":"closed","sticky":false,"template":"","format":"standard","meta":{"footnotes":""},"categories":[11,2,20,10],"tags":[36,58,30],"class_list":["post-8110","post","type-post","status-publish","format-standard","has-post-thumbnail","hentry","category-homepage-french","category-politique","category-top-nouvelles","category-toutes-les-actualites","tag-africa-press","tag-africa-press-centrafricaine","tag-centrafricaine"],"yoast_head":"<!-- This site is optimized with the Yoast SEO Premium plugin v26.1 (Yoast SEO v27.0) - https:\/\/yoast.com\/product\/yoast-seo-premium-wordpress\/ -->\n<title>Le 12 juin 2021 restera \u00e0 jamais grav\u00e9 dans notre m\u00e9moire collective comme une journ\u00e9e citoyenne de d\u00e9fense d\u2019une cause nationale politiquement juste - centrafricaine<\/title>\n<meta name=\"description\" content=\"Bangui, R\u00e9publique centrafricaine, mardi, 15 juin 2021, 03:53:53 ( Corbeaunews-Centrafrique ). Le 12 juin 2021 r ...\" \/>\n<meta name=\"robots\" content=\"index, follow, max-snippet:-1, max-image-preview:large, max-video-preview:-1\" \/>\n<link rel=\"canonical\" href=\"https:\/\/www.africa-press.net\/centrafricaine\/politique\/rca-le-12-juin-2021-restera-a-jamais-grave-dans-notre-memoire-collective-comme-une-journee-citoyenne-de-defense-dune-cause-nationale-politiquement-juste\" \/>\n<meta property=\"og:locale\" content=\"fr_FR\" \/>\n<meta property=\"og:type\" content=\"article\" \/>\n<meta property=\"og:title\" content=\"Le 12 juin 2021 restera \u00e0 jamais grav\u00e9 dans notre m\u00e9moire collective comme une journ\u00e9e citoyenne de d\u00e9fense d\u2019une cause nationale politiquement juste\" \/>\n<meta property=\"og:description\" content=\"Bangui, R\u00e9publique centrafricaine, mardi, 15 juin 2021, 03:53:53 ( Corbeaunews-Centrafrique ). Le 12 juin 2021 r ...\" \/>\n<meta property=\"og:url\" content=\"https:\/\/www.africa-press.net\/centrafricaine\/politique\/rca-le-12-juin-2021-restera-a-jamais-grave-dans-notre-memoire-collective-comme-une-journee-citoyenne-de-defense-dune-cause-nationale-politiquement-juste\" \/>\n<meta property=\"og:site_name\" content=\"centrafricaine\" \/>\n<meta property=\"article:published_time\" content=\"2021-06-15T12:19:30+00:00\" \/>\n<meta property=\"article:modified_time\" content=\"2021-06-15T13:55:30+00:00\" \/>\n<meta property=\"og:image\" content=\"https:\/\/static.africa-press.net\/centrafricaine\/sites\/45\/2021\/06\/img-60c8968cb6e1c.jpg\" \/>\n\t<meta property=\"og:image:width\" content=\"720\" \/>\n\t<meta property=\"og:image:height\" content=\"689\" \/>\n\t<meta property=\"og:image:type\" content=\"image\/jpeg\" \/>\n<meta name=\"author\" content=\"cfeditorfr\" \/>\n<meta name=\"twitter:card\" content=\"summary_large_image\" \/>\n<meta name=\"twitter:label1\" content=\"\u00c9crit par\" \/>\n\t<meta name=\"twitter:data1\" content=\"cfeditorfr\" \/>\n\t<meta name=\"twitter:label2\" content=\"Dur\u00e9e de lecture estim\u00e9e\" \/>\n\t<meta name=\"twitter:data2\" content=\"2 minutes\" \/>\n<script type=\"application\/ld+json\" class=\"yoast-schema-graph\">{\"@context\":\"https:\/\/schema.org\",\"@graph\":[{\"@type\":\"Article\",\"@id\":\"https:\/\/www.africa-press.net\/centrafricaine\/politique\/rca-le-12-juin-2021-restera-a-jamais-grave-dans-notre-memoire-collective-comme-une-journee-citoyenne-de-defense-dune-cause-nationale-politiquement-juste#article\",\"isPartOf\":{\"@id\":\"https:\/\/www.africa-press.net\/centrafricaine\/politique\/rca-le-12-juin-2021-restera-a-jamais-grave-dans-notre-memoire-collective-comme-une-journee-citoyenne-de-defense-dune-cause-nationale-politiquement-juste\"},\"author\":{\"name\":\"cfeditorfr\",\"@id\":\"https:\/\/www.africa-press.net\/centrafricaine\/#\/schema\/person\/2b1cf3cd81a31e3cd26889ca66d677f1\"},\"headline\":\"Le 12 juin 2021 restera \u00e0 jamais grav\u00e9 dans notre m\u00e9moire collective comme une journ\u00e9e citoyenne de d\u00e9fense d\u2019une cause nationale politiquement juste\",\"datePublished\":\"2021-06-15T12:19:30+00:00\",\"dateModified\":\"2021-06-15T13:55:30+00:00\",\"mainEntityOfPage\":{\"@id\":\"https:\/\/www.africa-press.net\/centrafricaine\/politique\/rca-le-12-juin-2021-restera-a-jamais-grave-dans-notre-memoire-collective-comme-une-journee-citoyenne-de-defense-dune-cause-nationale-politiquement-juste\"},\"wordCount\":404,\"commentCount\":0,\"image\":{\"@id\":\"https:\/\/www.africa-press.net\/centrafricaine\/politique\/rca-le-12-juin-2021-restera-a-jamais-grave-dans-notre-memoire-collective-comme-une-journee-citoyenne-de-defense-dune-cause-nationale-politiquement-juste#primaryimage\"},\"thumbnailUrl\":\"https:\/\/static.africa-press.net\/centrafricaine\/sites\/45\/2021\/06\/img-60c8968cb6e1c.jpg\",\"keywords\":[\"Africa Press\",\"Africa Press-CentrAfricaine\",\"CentrAfricaine\"],\"articleSection\":[\"homepage-french\",\"Politique\",\"Top Nouvelles\",\"Toutes les actualit\u00e9s\"],\"inLanguage\":\"fr-FR\",\"potentialAction\":[{\"@type\":\"CommentAction\",\"name\":\"Comment\",\"target\":[\"https:\/\/www.africa-press.net\/centrafricaine\/politique\/rca-le-12-juin-2021-restera-a-jamais-grave-dans-notre-memoire-collective-comme-une-journee-citoyenne-de-defense-dune-cause-nationale-politiquement-juste#respond\"]}]},{\"@type\":\"WebPage\",\"@id\":\"https:\/\/www.africa-press.net\/centrafricaine\/politique\/rca-le-12-juin-2021-restera-a-jamais-grave-dans-notre-memoire-collective-comme-une-journee-citoyenne-de-defense-dune-cause-nationale-politiquement-juste\",\"url\":\"https:\/\/www.africa-press.net\/centrafricaine\/politique\/rca-le-12-juin-2021-restera-a-jamais-grave-dans-notre-memoire-collective-comme-une-journee-citoyenne-de-defense-dune-cause-nationale-politiquement-juste\",\"name\":\"Le 12 juin 2021 restera \u00e0 jamais grav\u00e9 dans notre m\u00e9moire collective comme une journ\u00e9e citoyenne de d\u00e9fense d\u2019une cause nationale politiquement juste - centrafricaine\",\"isPartOf\":{\"@id\":\"https:\/\/www.africa-press.net\/centrafricaine\/#website\"},\"primaryImageOfPage\":{\"@id\":\"https:\/\/www.africa-press.net\/centrafricaine\/politique\/rca-le-12-juin-2021-restera-a-jamais-grave-dans-notre-memoire-collective-comme-une-journee-citoyenne-de-defense-dune-cause-nationale-politiquement-juste#primaryimage\"},\"image\":{\"@id\":\"https:\/\/www.africa-press.net\/centrafricaine\/politique\/rca-le-12-juin-2021-restera-a-jamais-grave-dans-notre-memoire-collective-comme-une-journee-citoyenne-de-defense-dune-cause-nationale-politiquement-juste#primaryimage\"},\"thumbnailUrl\":\"https:\/\/static.africa-press.net\/centrafricaine\/sites\/45\/2021\/06\/img-60c8968cb6e1c.jpg\",\"datePublished\":\"2021-06-15T12:19:30+00:00\",\"dateModified\":\"2021-06-15T13:55:30+00:00\",\"author\":{\"@id\":\"https:\/\/www.africa-press.net\/centrafricaine\/#\/schema\/person\/2b1cf3cd81a31e3cd26889ca66d677f1\"},\"description\":\"Bangui, R\u00e9publique centrafricaine, mardi, 15 juin 2021, 03:53:53 ( Corbeaunews-Centrafrique ). Le 12 juin 2021 r ...\",\"breadcrumb\":{\"@id\":\"https:\/\/www.africa-press.net\/centrafricaine\/politique\/rca-le-12-juin-2021-restera-a-jamais-grave-dans-notre-memoire-collective-comme-une-journee-citoyenne-de-defense-dune-cause-nationale-politiquement-juste#breadcrumb\"},\"inLanguage\":\"fr-FR\",\"potentialAction\":[{\"@type\":\"ReadAction\",\"target\":[\"https:\/\/www.africa-press.net\/centrafricaine\/politique\/rca-le-12-juin-2021-restera-a-jamais-grave-dans-notre-memoire-collective-comme-une-journee-citoyenne-de-defense-dune-cause-nationale-politiquement-juste\"]}]},{\"@type\":\"ImageObject\",\"inLanguage\":\"fr-FR\",\"@id\":\"https:\/\/www.africa-press.net\/centrafricaine\/politique\/rca-le-12-juin-2021-restera-a-jamais-grave-dans-notre-memoire-collective-comme-une-journee-citoyenne-de-defense-dune-cause-nationale-politiquement-juste#primaryimage\",\"url\":\"https:\/\/static.africa-press.net\/centrafricaine\/sites\/45\/2021\/06\/img-60c8968cb6e1c.jpg\",\"contentUrl\":\"https:\/\/static.africa-press.net\/centrafricaine\/sites\/45\/2021\/06\/img-60c8968cb6e1c.jpg\",\"width\":720,\"height\":689,\"caption\":\"RCA\u00a0: Le 12 juin 2021 restera \u00e0 jamais grav\u00e9 dans notre m\u00e9moire collective comme une journ\u00e9e citoyenne de d\u00e9fense d\u2019une cause nationale politiquement juste\"},{\"@type\":\"BreadcrumbList\",\"@id\":\"https:\/\/www.africa-press.net\/centrafricaine\/politique\/rca-le-12-juin-2021-restera-a-jamais-grave-dans-notre-memoire-collective-comme-une-journee-citoyenne-de-defense-dune-cause-nationale-politiquement-juste#breadcrumb\",\"itemListElement\":[{\"@type\":\"ListItem\",\"position\":1,\"name\":\"Accueil\",\"item\":\"https:\/\/www.africa-press.net\/centrafricaine\/\"},{\"@type\":\"ListItem\",\"position\":2,\"name\":\"Le 12 juin 2021 restera \u00e0 jamais grav\u00e9 dans notre m\u00e9moire collective comme une journ\u00e9e citoyenne de d\u00e9fense d\u2019une cause nationale politiquement juste\"}]},{\"@type\":\"WebSite\",\"@id\":\"https:\/\/www.africa-press.net\/centrafricaine\/#website\",\"url\":\"https:\/\/www.africa-press.net\/centrafricaine\/\",\"name\":\"centrafricaine\",\"description\":\"Just another Africa News Agency Sites site\",\"potentialAction\":[{\"@type\":\"SearchAction\",\"target\":{\"@type\":\"EntryPoint\",\"urlTemplate\":\"https:\/\/www.africa-press.net\/centrafricaine\/?s={search_term_string}\"},\"query-input\":{\"@type\":\"PropertyValueSpecification\",\"valueRequired\":true,\"valueName\":\"search_term_string\"}}],\"inLanguage\":\"fr-FR\"},{\"@type\":\"Person\",\"@id\":\"https:\/\/www.africa-press.net\/centrafricaine\/#\/schema\/person\/2b1cf3cd81a31e3cd26889ca66d677f1\",\"name\":\"cfeditorfr\"}]}<\/script>\n<!-- \/ Yoast SEO Premium plugin. -->","yoast_head_json":{"title":"Le 12 juin 2021 restera \u00e0 jamais grav\u00e9 dans notre m\u00e9moire collective comme une journ\u00e9e citoyenne de d\u00e9fense d\u2019une cause nationale politiquement juste - centrafricaine","description":"Bangui, R\u00e9publique centrafricaine, mardi, 15 juin 2021, 03:53:53 ( Corbeaunews-Centrafrique ). Le 12 juin 2021 r ...","robots":{"index":"index","follow":"follow","max-snippet":"max-snippet:-1","max-image-preview":"max-image-preview:large","max-video-preview":"max-video-preview:-1"},"canonical":"https:\/\/www.africa-press.net\/centrafricaine\/politique\/rca-le-12-juin-2021-restera-a-jamais-grave-dans-notre-memoire-collective-comme-une-journee-citoyenne-de-defense-dune-cause-nationale-politiquement-juste","og_locale":"fr_FR","og_type":"article","og_title":"Le 12 juin 2021 restera \u00e0 jamais grav\u00e9 dans notre m\u00e9moire collective comme une journ\u00e9e citoyenne de d\u00e9fense d\u2019une cause nationale politiquement juste","og_description":"Bangui, R\u00e9publique centrafricaine, mardi, 15 juin 2021, 03:53:53 ( Corbeaunews-Centrafrique ). Le 12 juin 2021 r ...","og_url":"https:\/\/www.africa-press.net\/centrafricaine\/politique\/rca-le-12-juin-2021-restera-a-jamais-grave-dans-notre-memoire-collective-comme-une-journee-citoyenne-de-defense-dune-cause-nationale-politiquement-juste","og_site_name":"centrafricaine","article_published_time":"2021-06-15T12:19:30+00:00","article_modified_time":"2021-06-15T13:55:30+00:00","og_image":[{"width":720,"height":689,"url":"https:\/\/static.africa-press.net\/centrafricaine\/sites\/45\/2021\/06\/img-60c8968cb6e1c.jpg","type":"image\/jpeg"}],"author":"cfeditorfr","twitter_card":"summary_large_image","twitter_misc":{"\u00c9crit par":"cfeditorfr","Dur\u00e9e de lecture estim\u00e9e":"2 minutes"},"schema":{"@context":"https:\/\/schema.org","@graph":[{"@type":"Article","@id":"https:\/\/www.africa-press.net\/centrafricaine\/politique\/rca-le-12-juin-2021-restera-a-jamais-grave-dans-notre-memoire-collective-comme-une-journee-citoyenne-de-defense-dune-cause-nationale-politiquement-juste#article","isPartOf":{"@id":"https:\/\/www.africa-press.net\/centrafricaine\/politique\/rca-le-12-juin-2021-restera-a-jamais-grave-dans-notre-memoire-collective-comme-une-journee-citoyenne-de-defense-dune-cause-nationale-politiquement-juste"},"author":{"name":"cfeditorfr","@id":"https:\/\/www.africa-press.net\/centrafricaine\/#\/schema\/person\/2b1cf3cd81a31e3cd26889ca66d677f1"},"headline":"Le 12 juin 2021 restera \u00e0 jamais grav\u00e9 dans notre m\u00e9moire collective comme une journ\u00e9e citoyenne de d\u00e9fense d\u2019une cause nationale politiquement juste","datePublished":"2021-06-15T12:19:30+00:00","dateModified":"2021-06-15T13:55:30+00:00","mainEntityOfPage":{"@id":"https:\/\/www.africa-press.net\/centrafricaine\/politique\/rca-le-12-juin-2021-restera-a-jamais-grave-dans-notre-memoire-collective-comme-une-journee-citoyenne-de-defense-dune-cause-nationale-politiquement-juste"},"wordCount":404,"commentCount":0,"image":{"@id":"https:\/\/www.africa-press.net\/centrafricaine\/politique\/rca-le-12-juin-2021-restera-a-jamais-grave-dans-notre-memoire-collective-comme-une-journee-citoyenne-de-defense-dune-cause-nationale-politiquement-juste#primaryimage"},"thumbnailUrl":"https:\/\/static.africa-press.net\/centrafricaine\/sites\/45\/2021\/06\/img-60c8968cb6e1c.jpg","keywords":["Africa Press","Africa Press-CentrAfricaine","CentrAfricaine"],"articleSection":["homepage-french","Politique","Top Nouvelles","Toutes les actualit\u00e9s"],"inLanguage":"fr-FR","potentialAction":[{"@type":"CommentAction","name":"Comment","target":["https:\/\/www.africa-press.net\/centrafricaine\/politique\/rca-le-12-juin-2021-restera-a-jamais-grave-dans-notre-memoire-collective-comme-une-journee-citoyenne-de-defense-dune-cause-nationale-politiquement-juste#respond"]}]},{"@type":"WebPage","@id":"https:\/\/www.africa-press.net\/centrafricaine\/politique\/rca-le-12-juin-2021-restera-a-jamais-grave-dans-notre-memoire-collective-comme-une-journee-citoyenne-de-defense-dune-cause-nationale-politiquement-juste","url":"https:\/\/www.africa-press.net\/centrafricaine\/politique\/rca-le-12-juin-2021-restera-a-jamais-grave-dans-notre-memoire-collective-comme-une-journee-citoyenne-de-defense-dune-cause-nationale-politiquement-juste","name":"Le 12 juin 2021 restera \u00e0 jamais grav\u00e9 dans notre m\u00e9moire collective comme une journ\u00e9e citoyenne de d\u00e9fense d\u2019une cause nationale politiquement juste - centrafricaine","isPartOf":{"@id":"https:\/\/www.africa-press.net\/centrafricaine\/#website"},"primaryImageOfPage":{"@id":"https:\/\/www.africa-press.net\/centrafricaine\/politique\/rca-le-12-juin-2021-restera-a-jamais-grave-dans-notre-memoire-collective-comme-une-journee-citoyenne-de-defense-dune-cause-nationale-politiquement-juste#primaryimage"},"image":{"@id":"https:\/\/www.africa-press.net\/centrafricaine\/politique\/rca-le-12-juin-2021-restera-a-jamais-grave-dans-notre-memoire-collective-comme-une-journee-citoyenne-de-defense-dune-cause-nationale-politiquement-juste#primaryimage"},"thumbnailUrl":"https:\/\/static.africa-press.net\/centrafricaine\/sites\/45\/2021\/06\/img-60c8968cb6e1c.jpg","datePublished":"2021-06-15T12:19:30+00:00","dateModified":"2021-06-15T13:55:30+00:00","author":{"@id":"https:\/\/www.africa-press.net\/centrafricaine\/#\/schema\/person\/2b1cf3cd81a31e3cd26889ca66d677f1"},"description":"Bangui, R\u00e9publique centrafricaine, mardi, 15 juin 2021, 03:53:53 ( Corbeaunews-Centrafrique ). Le 12 juin 2021 r ...","breadcrumb":{"@id":"https:\/\/www.africa-press.net\/centrafricaine\/politique\/rca-le-12-juin-2021-restera-a-jamais-grave-dans-notre-memoire-collective-comme-une-journee-citoyenne-de-defense-dune-cause-nationale-politiquement-juste#breadcrumb"},"inLanguage":"fr-FR","potentialAction":[{"@type":"ReadAction","target":["https:\/\/www.africa-press.net\/centrafricaine\/politique\/rca-le-12-juin-2021-restera-a-jamais-grave-dans-notre-memoire-collective-comme-une-journee-citoyenne-de-defense-dune-cause-nationale-politiquement-juste"]}]},{"@type":"ImageObject","inLanguage":"fr-FR","@id":"https:\/\/www.africa-press.net\/centrafricaine\/politique\/rca-le-12-juin-2021-restera-a-jamais-grave-dans-notre-memoire-collective-comme-une-journee-citoyenne-de-defense-dune-cause-nationale-politiquement-juste#primaryimage","url":"https:\/\/static.africa-press.net\/centrafricaine\/sites\/45\/2021\/06\/img-60c8968cb6e1c.jpg","contentUrl":"https:\/\/static.africa-press.net\/centrafricaine\/sites\/45\/2021\/06\/img-60c8968cb6e1c.jpg","width":720,"height":689,"caption":"RCA\u00a0: Le 12 juin 2021 restera \u00e0 jamais grav\u00e9 dans notre m\u00e9moire collective comme une journ\u00e9e citoyenne de d\u00e9fense d\u2019une cause nationale politiquement juste"},{"@type":"BreadcrumbList","@id":"https:\/\/www.africa-press.net\/centrafricaine\/politique\/rca-le-12-juin-2021-restera-a-jamais-grave-dans-notre-memoire-collective-comme-une-journee-citoyenne-de-defense-dune-cause-nationale-politiquement-juste#breadcrumb","itemListElement":[{"@type":"ListItem","position":1,"name":"Accueil","item":"https:\/\/www.africa-press.net\/centrafricaine\/"},{"@type":"ListItem","position":2,"name":"Le 12 juin 2021 restera \u00e0 jamais grav\u00e9 dans notre m\u00e9moire collective comme une journ\u00e9e citoyenne de d\u00e9fense d\u2019une cause nationale politiquement juste"}]},{"@type":"WebSite","@id":"https:\/\/www.africa-press.net\/centrafricaine\/#website","url":"https:\/\/www.africa-press.net\/centrafricaine\/","name":"centrafricaine","description":"Just another Africa News Agency Sites site","potentialAction":[{"@type":"SearchAction","target":{"@type":"EntryPoint","urlTemplate":"https:\/\/www.africa-press.net\/centrafricaine\/?s={search_term_string}"},"query-input":{"@type":"PropertyValueSpecification","valueRequired":true,"valueName":"search_term_string"}}],"inLanguage":"fr-FR"},{"@type":"Person","@id":"https:\/\/www.africa-press.net\/centrafricaine\/#\/schema\/person\/2b1cf3cd81a31e3cd26889ca66d677f1","name":"cfeditorfr"}]}},"_links":{"self":[{"href":"https:\/\/www.africa-press.net\/centrafricaine\/wp-json\/wp\/v2\/posts\/8110","targetHints":{"allow":["GET"]}}],"collection":[{"href":"https:\/\/www.africa-press.net\/centrafricaine\/wp-json\/wp\/v2\/posts"}],"about":[{"href":"https:\/\/www.africa-press.net\/centrafricaine\/wp-json\/wp\/v2\/types\/post"}],"author":[{"embeddable":true,"href":"https:\/\/www.africa-press.net\/centrafricaine\/wp-json\/wp\/v2\/users\/82"}],"replies":[{"embeddable":true,"href":"https:\/\/www.africa-press.net\/centrafricaine\/wp-json\/wp\/v2\/comments?post=8110"}],"version-history":[{"count":0,"href":"https:\/\/www.africa-press.net\/centrafricaine\/wp-json\/wp\/v2\/posts\/8110\/revisions"}],"wp:featuredmedia":[{"embeddable":true,"href":"https:\/\/www.africa-press.net\/centrafricaine\/wp-json\/wp\/v2\/media\/8109"}],"wp:attachment":[{"href":"https:\/\/www.africa-press.net\/centrafricaine\/wp-json\/wp\/v2\/media?parent=8110"}],"wp:term":[{"taxonomy":"category","embeddable":true,"href":"https:\/\/www.africa-press.net\/centrafricaine\/wp-json\/wp\/v2\/categories?post=8110"},{"taxonomy":"post_tag","embeddable":true,"href":"https:\/\/www.africa-press.net\/centrafricaine\/wp-json\/wp\/v2\/tags?post=8110"}],"curies":[{"name":"wp","href":"https:\/\/api.w.org\/{rel}","templated":true}]}}