{"id":81187,"date":"2026-01-20T19:31:59","date_gmt":"2026-01-20T19:31:59","guid":{"rendered":"https:\/\/www.africa-press.net\/centrafricaine\/politique\/anicet-patrick-milabet-gonofe-elu-president-de-la-federation-centrafricaine-de-basketball"},"modified":"2026-01-20T19:31:59","modified_gmt":"2026-01-20T19:31:59","slug":"anicet-patrick-milabet-gonofe-elu-president-de-la-federation-centrafricaine-de-basketball","status":"publish","type":"post","link":"https:\/\/www.africa-press.net\/centrafricaine\/sports\/anicet-patrick-milabet-gonofe-elu-president-de-la-federation-centrafricaine-de-basketball","title":{"rendered":"Anicet Patrick Milabet-Gonof\u00e9 \u00e9lu pr\u00e9sident de la f\u00e9d\u00e9ration centrafricaine de basketball"},"content":{"rendered":"","protected":false},"excerpt":{"rendered":"","protected":false},"author":82,"featured_media":81186,"comment_status":"open","ping_status":"closed","sticky":false,"template":"","format":"standard","meta":{"footnotes":""},"categories":[6,10],"tags":[6056,1493,41,1739,2113],"class_list":["post-81187","post","type-post","status-publish","format-standard","has-post-thumbnail","hentry","category-sports","category-toutes-les-actualites","tag-anicet-patrick-milabet-gonofe","tag-basketball","tag-centrafrique","tag-election","tag-federation"],"yoast_head":"<!-- This site is optimized with the Yoast SEO Premium plugin v26.1 (Yoast SEO v27.0) - https:\/\/yoast.com\/product\/yoast-seo-premium-wordpress\/ -->\n<title>Anicet Patrick Milabet-Gonof\u00e9 \u00e9lu pr\u00e9sident de la f\u00e9d\u00e9ration centrafricaine de basketball - centrafricaine<\/title>\n<meta name=\"robots\" content=\"index, follow, max-snippet:-1, max-image-preview:large, max-video-preview:-1\" \/>\n<link rel=\"canonical\" href=\"https:\/\/www.africa-press.net\/centrafricaine\/politique\/anicet-patrick-milabet-gonofe-elu-president-de-la-federation-centrafricaine-de-basketball\" \/>\n<meta property=\"og:locale\" content=\"fr_FR\" \/>\n<meta property=\"og:type\" content=\"article\" \/>\n<meta property=\"og:title\" content=\"Anicet Patrick Milabet-Gonof\u00e9 \u00e9lu pr\u00e9sident de la f\u00e9d\u00e9ration centrafricaine de basketball\" \/>\n<meta property=\"og:url\" content=\"https:\/\/www.africa-press.net\/centrafricaine\/politique\/anicet-patrick-milabet-gonofe-elu-president-de-la-federation-centrafricaine-de-basketball\" \/>\n<meta property=\"og:site_name\" content=\"centrafricaine\" \/>\n<meta property=\"article:published_time\" content=\"2026-01-20T19:31:59+00:00\" \/>\n<meta name=\"author\" content=\"cfeditorfr\" \/>\n<meta name=\"twitter:card\" content=\"summary_large_image\" \/>\n<meta name=\"twitter:label1\" content=\"\u00c9crit par\" \/>\n\t<meta name=\"twitter:data1\" content=\"cfeditorfr\" \/>\n<script type=\"application\/ld+json\" class=\"yoast-schema-graph\">{\"@context\":\"https:\/\/schema.org\",\"@graph\":[{\"@type\":\"Article\",\"@id\":\"https:\/\/www.africa-press.net\/centrafricaine\/politique\/anicet-patrick-milabet-gonofe-elu-president-de-la-federation-centrafricaine-de-basketball#article\",\"isPartOf\":{\"@id\":\"https:\/\/www.africa-press.net\/centrafricaine\/politique\/anicet-patrick-milabet-gonofe-elu-president-de-la-federation-centrafricaine-de-basketball\"},\"author\":{\"name\":\"cfeditorfr\",\"@id\":\"https:\/\/www.africa-press.net\/centrafricaine\/#\/schema\/person\/2b1cf3cd81a31e3cd26889ca66d677f1\"},\"headline\":\"Anicet Patrick Milabet-Gonof\u00e9 \u00e9lu pr\u00e9sident de la f\u00e9d\u00e9ration centrafricaine de basketball\",\"datePublished\":\"2026-01-20T19:31:59+00:00\",\"mainEntityOfPage\":{\"@id\":\"https:\/\/www.africa-press.net\/centrafricaine\/politique\/anicet-patrick-milabet-gonofe-elu-president-de-la-federation-centrafricaine-de-basketball\"},\"wordCount\":14,\"commentCount\":0,\"image\":{\"@id\":\"https:\/\/www.africa-press.net\/centrafricaine\/politique\/anicet-patrick-milabet-gonofe-elu-president-de-la-federation-centrafricaine-de-basketball#primaryimage\"},\"thumbnailUrl\":\"https:\/\/static.africa-press.net\/centrafricaine\/sites\/45\/2026\/01\/sm_1768937519.822714.jpg\",\"keywords\":[\"Anicet Patrick Milabet-Gonof\u00e9\",\"Basketball\",\"Centrafrique\",\"\u00e9lection\",\"f\u00e9d\u00e9ration\"],\"articleSection\":[\"Sports\",\"Toutes les actualit\u00e9s\"],\"inLanguage\":\"fr-FR\",\"potentialAction\":[{\"@type\":\"CommentAction\",\"name\":\"Comment\",\"target\":[\"https:\/\/www.africa-press.net\/centrafricaine\/politique\/anicet-patrick-milabet-gonofe-elu-president-de-la-federation-centrafricaine-de-basketball#respond\"]}]},{\"@type\":\"WebPage\",\"@id\":\"https:\/\/www.africa-press.net\/centrafricaine\/politique\/anicet-patrick-milabet-gonofe-elu-president-de-la-federation-centrafricaine-de-basketball\",\"url\":\"https:\/\/www.africa-press.net\/centrafricaine\/politique\/anicet-patrick-milabet-gonofe-elu-president-de-la-federation-centrafricaine-de-basketball\",\"name\":\"Anicet Patrick Milabet-Gonof\u00e9 \u00e9lu pr\u00e9sident de la f\u00e9d\u00e9ration centrafricaine de basketball - centrafricaine\",\"isPartOf\":{\"@id\":\"https:\/\/www.africa-press.net\/centrafricaine\/#website\"},\"primaryImageOfPage\":{\"@id\":\"https:\/\/www.africa-press.net\/centrafricaine\/politique\/anicet-patrick-milabet-gonofe-elu-president-de-la-federation-centrafricaine-de-basketball#primaryimage\"},\"image\":{\"@id\":\"https:\/\/www.africa-press.net\/centrafricaine\/politique\/anicet-patrick-milabet-gonofe-elu-president-de-la-federation-centrafricaine-de-basketball#primaryimage\"},\"thumbnailUrl\":\"https:\/\/static.africa-press.net\/centrafricaine\/sites\/45\/2026\/01\/sm_1768937519.822714.jpg\",\"datePublished\":\"2026-01-20T19:31:59+00:00\",\"author\":{\"@id\":\"https:\/\/www.africa-press.net\/centrafricaine\/#\/schema\/person\/2b1cf3cd81a31e3cd26889ca66d677f1\"},\"breadcrumb\":{\"@id\":\"https:\/\/www.africa-press.net\/centrafricaine\/politique\/anicet-patrick-milabet-gonofe-elu-president-de-la-federation-centrafricaine-de-basketball#breadcrumb\"},\"inLanguage\":\"fr-FR\",\"potentialAction\":[{\"@type\":\"ReadAction\",\"target\":[\"https:\/\/www.africa-press.net\/centrafricaine\/politique\/anicet-patrick-milabet-gonofe-elu-president-de-la-federation-centrafricaine-de-basketball\"]}]},{\"@type\":\"ImageObject\",\"inLanguage\":\"fr-FR\",\"@id\":\"https:\/\/www.africa-press.net\/centrafricaine\/politique\/anicet-patrick-milabet-gonofe-elu-president-de-la-federation-centrafricaine-de-basketball#primaryimage\",\"url\":\"https:\/\/static.africa-press.net\/centrafricaine\/sites\/45\/2026\/01\/sm_1768937519.822714.jpg\",\"contentUrl\":\"https:\/\/static.africa-press.net\/centrafricaine\/sites\/45\/2026\/01\/sm_1768937519.822714.jpg\",\"width\":1390,\"height\":629,\"caption\":\"Anicet Patrick Milabet-Gonof\u00e9 \u00e9lu pr\u00e9sident de la f\u00e9d\u00e9ration centrafricaine de basketball\"},{\"@type\":\"BreadcrumbList\",\"@id\":\"https:\/\/www.africa-press.net\/centrafricaine\/politique\/anicet-patrick-milabet-gonofe-elu-president-de-la-federation-centrafricaine-de-basketball#breadcrumb\",\"itemListElement\":[{\"@type\":\"ListItem\",\"position\":1,\"name\":\"Accueil\",\"item\":\"https:\/\/www.africa-press.net\/centrafricaine\/\"},{\"@type\":\"ListItem\",\"position\":2,\"name\":\"Anicet Patrick Milabet-Gonof\u00e9 \u00e9lu pr\u00e9sident de la f\u00e9d\u00e9ration centrafricaine de basketball\"}]},{\"@type\":\"WebSite\",\"@id\":\"https:\/\/www.africa-press.net\/centrafricaine\/#website\",\"url\":\"https:\/\/www.africa-press.net\/centrafricaine\/\",\"name\":\"centrafricaine\",\"description\":\"Just another Africa News Agency Sites site\",\"potentialAction\":[{\"@type\":\"SearchAction\",\"target\":{\"@type\":\"EntryPoint\",\"urlTemplate\":\"https:\/\/www.africa-press.net\/centrafricaine\/?s={search_term_string}\"},\"query-input\":{\"@type\":\"PropertyValueSpecification\",\"valueRequired\":true,\"valueName\":\"search_term_string\"}}],\"inLanguage\":\"fr-FR\"},{\"@type\":\"Person\",\"@id\":\"https:\/\/www.africa-press.net\/centrafricaine\/#\/schema\/person\/2b1cf3cd81a31e3cd26889ca66d677f1\",\"name\":\"cfeditorfr\"}]}<\/script>\n<!-- \/ Yoast SEO Premium plugin. -->","yoast_head_json":{"title":"Anicet Patrick Milabet-Gonof\u00e9 \u00e9lu pr\u00e9sident de la f\u00e9d\u00e9ration centrafricaine de basketball - centrafricaine","robots":{"index":"index","follow":"follow","max-snippet":"max-snippet:-1","max-image-preview":"max-image-preview:large","max-video-preview":"max-video-preview:-1"},"canonical":"https:\/\/www.africa-press.net\/centrafricaine\/politique\/anicet-patrick-milabet-gonofe-elu-president-de-la-federation-centrafricaine-de-basketball","og_locale":"fr_FR","og_type":"article","og_title":"Anicet Patrick Milabet-Gonof\u00e9 \u00e9lu pr\u00e9sident de la f\u00e9d\u00e9ration centrafricaine de basketball","og_url":"https:\/\/www.africa-press.net\/centrafricaine\/politique\/anicet-patrick-milabet-gonofe-elu-president-de-la-federation-centrafricaine-de-basketball","og_site_name":"centrafricaine","article_published_time":"2026-01-20T19:31:59+00:00","author":"cfeditorfr","twitter_card":"summary_large_image","twitter_misc":{"\u00c9crit par":"cfeditorfr"},"schema":{"@context":"https:\/\/schema.org","@graph":[{"@type":"Article","@id":"https:\/\/www.africa-press.net\/centrafricaine\/politique\/anicet-patrick-milabet-gonofe-elu-president-de-la-federation-centrafricaine-de-basketball#article","isPartOf":{"@id":"https:\/\/www.africa-press.net\/centrafricaine\/politique\/anicet-patrick-milabet-gonofe-elu-president-de-la-federation-centrafricaine-de-basketball"},"author":{"name":"cfeditorfr","@id":"https:\/\/www.africa-press.net\/centrafricaine\/#\/schema\/person\/2b1cf3cd81a31e3cd26889ca66d677f1"},"headline":"Anicet Patrick Milabet-Gonof\u00e9 \u00e9lu pr\u00e9sident de la f\u00e9d\u00e9ration centrafricaine de basketball","datePublished":"2026-01-20T19:31:59+00:00","mainEntityOfPage":{"@id":"https:\/\/www.africa-press.net\/centrafricaine\/politique\/anicet-patrick-milabet-gonofe-elu-president-de-la-federation-centrafricaine-de-basketball"},"wordCount":14,"commentCount":0,"image":{"@id":"https:\/\/www.africa-press.net\/centrafricaine\/politique\/anicet-patrick-milabet-gonofe-elu-president-de-la-federation-centrafricaine-de-basketball#primaryimage"},"thumbnailUrl":"https:\/\/static.africa-press.net\/centrafricaine\/sites\/45\/2026\/01\/sm_1768937519.822714.jpg","keywords":["Anicet Patrick Milabet-Gonof\u00e9","Basketball","Centrafrique","\u00e9lection","f\u00e9d\u00e9ration"],"articleSection":["Sports","Toutes les actualit\u00e9s"],"inLanguage":"fr-FR","potentialAction":[{"@type":"CommentAction","name":"Comment","target":["https:\/\/www.africa-press.net\/centrafricaine\/politique\/anicet-patrick-milabet-gonofe-elu-president-de-la-federation-centrafricaine-de-basketball#respond"]}]},{"@type":"WebPage","@id":"https:\/\/www.africa-press.net\/centrafricaine\/politique\/anicet-patrick-milabet-gonofe-elu-president-de-la-federation-centrafricaine-de-basketball","url":"https:\/\/www.africa-press.net\/centrafricaine\/politique\/anicet-patrick-milabet-gonofe-elu-president-de-la-federation-centrafricaine-de-basketball","name":"Anicet Patrick Milabet-Gonof\u00e9 \u00e9lu pr\u00e9sident de la f\u00e9d\u00e9ration centrafricaine de basketball - centrafricaine","isPartOf":{"@id":"https:\/\/www.africa-press.net\/centrafricaine\/#website"},"primaryImageOfPage":{"@id":"https:\/\/www.africa-press.net\/centrafricaine\/politique\/anicet-patrick-milabet-gonofe-elu-president-de-la-federation-centrafricaine-de-basketball#primaryimage"},"image":{"@id":"https:\/\/www.africa-press.net\/centrafricaine\/politique\/anicet-patrick-milabet-gonofe-elu-president-de-la-federation-centrafricaine-de-basketball#primaryimage"},"thumbnailUrl":"https:\/\/static.africa-press.net\/centrafricaine\/sites\/45\/2026\/01\/sm_1768937519.822714.jpg","datePublished":"2026-01-20T19:31:59+00:00","author":{"@id":"https:\/\/www.africa-press.net\/centrafricaine\/#\/schema\/person\/2b1cf3cd81a31e3cd26889ca66d677f1"},"breadcrumb":{"@id":"https:\/\/www.africa-press.net\/centrafricaine\/politique\/anicet-patrick-milabet-gonofe-elu-president-de-la-federation-centrafricaine-de-basketball#breadcrumb"},"inLanguage":"fr-FR","potentialAction":[{"@type":"ReadAction","target":["https:\/\/www.africa-press.net\/centrafricaine\/politique\/anicet-patrick-milabet-gonofe-elu-president-de-la-federation-centrafricaine-de-basketball"]}]},{"@type":"ImageObject","inLanguage":"fr-FR","@id":"https:\/\/www.africa-press.net\/centrafricaine\/politique\/anicet-patrick-milabet-gonofe-elu-president-de-la-federation-centrafricaine-de-basketball#primaryimage","url":"https:\/\/static.africa-press.net\/centrafricaine\/sites\/45\/2026\/01\/sm_1768937519.822714.jpg","contentUrl":"https:\/\/static.africa-press.net\/centrafricaine\/sites\/45\/2026\/01\/sm_1768937519.822714.jpg","width":1390,"height":629,"caption":"Anicet Patrick Milabet-Gonof\u00e9 \u00e9lu pr\u00e9sident de la f\u00e9d\u00e9ration centrafricaine de basketball"},{"@type":"BreadcrumbList","@id":"https:\/\/www.africa-press.net\/centrafricaine\/politique\/anicet-patrick-milabet-gonofe-elu-president-de-la-federation-centrafricaine-de-basketball#breadcrumb","itemListElement":[{"@type":"ListItem","position":1,"name":"Accueil","item":"https:\/\/www.africa-press.net\/centrafricaine\/"},{"@type":"ListItem","position":2,"name":"Anicet Patrick Milabet-Gonof\u00e9 \u00e9lu pr\u00e9sident de la f\u00e9d\u00e9ration centrafricaine de basketball"}]},{"@type":"WebSite","@id":"https:\/\/www.africa-press.net\/centrafricaine\/#website","url":"https:\/\/www.africa-press.net\/centrafricaine\/","name":"centrafricaine","description":"Just another Africa News Agency Sites site","potentialAction":[{"@type":"SearchAction","target":{"@type":"EntryPoint","urlTemplate":"https:\/\/www.africa-press.net\/centrafricaine\/?s={search_term_string}"},"query-input":{"@type":"PropertyValueSpecification","valueRequired":true,"valueName":"search_term_string"}}],"inLanguage":"fr-FR"},{"@type":"Person","@id":"https:\/\/www.africa-press.net\/centrafricaine\/#\/schema\/person\/2b1cf3cd81a31e3cd26889ca66d677f1","name":"cfeditorfr"}]}},"_links":{"self":[{"href":"https:\/\/www.africa-press.net\/centrafricaine\/wp-json\/wp\/v2\/posts\/81187","targetHints":{"allow":["GET"]}}],"collection":[{"href":"https:\/\/www.africa-press.net\/centrafricaine\/wp-json\/wp\/v2\/posts"}],"about":[{"href":"https:\/\/www.africa-press.net\/centrafricaine\/wp-json\/wp\/v2\/types\/post"}],"author":[{"embeddable":true,"href":"https:\/\/www.africa-press.net\/centrafricaine\/wp-json\/wp\/v2\/users\/82"}],"replies":[{"embeddable":true,"href":"https:\/\/www.africa-press.net\/centrafricaine\/wp-json\/wp\/v2\/comments?post=81187"}],"version-history":[{"count":0,"href":"https:\/\/www.africa-press.net\/centrafricaine\/wp-json\/wp\/v2\/posts\/81187\/revisions"}],"wp:featuredmedia":[{"embeddable":true,"href":"https:\/\/www.africa-press.net\/centrafricaine\/wp-json\/wp\/v2\/media\/81186"}],"wp:attachment":[{"href":"https:\/\/www.africa-press.net\/centrafricaine\/wp-json\/wp\/v2\/media?parent=81187"}],"wp:term":[{"taxonomy":"category","embeddable":true,"href":"https:\/\/www.africa-press.net\/centrafricaine\/wp-json\/wp\/v2\/categories?post=81187"},{"taxonomy":"post_tag","embeddable":true,"href":"https:\/\/www.africa-press.net\/centrafricaine\/wp-json\/wp\/v2\/tags?post=81187"}],"curies":[{"name":"wp","href":"https:\/\/api.w.org\/{rel}","templated":true}]}}