{"id":81231,"date":"2026-01-22T18:23:33","date_gmt":"2026-01-22T18:23:33","guid":{"rendered":"https:\/\/www.africa-press.net\/centrafricaine\/politique\/la-journee-internationale-des-douanes-2026-lancee-par-une-campagne-de-depistage-sanitaire-exemplaire"},"modified":"2026-01-22T18:23:33","modified_gmt":"2026-01-22T18:23:33","slug":"la-journee-internationale-des-douanes-2026-lancee-par-une-campagne-de-depistage-sanitaire-exemplaire","status":"publish","type":"post","link":"https:\/\/www.africa-press.net\/centrafricaine\/toutes-les-actualites\/la-journee-internationale-des-douanes-2026-lancee-par-une-campagne-de-depistage-sanitaire-exemplaire","title":{"rendered":"la journ\u00e9e internationale des douanes 2026 lanc\u00e9e par une campagne de d\u00e9pistage sanitaire exemplaire"},"content":{"rendered":"<p><b>Jolidon TCHECKOE<\/b><\/p>\n<p><b>Bangui 21 janvier 2026 (Ndjoni Sango) \u2013 La Direction g\u00e9n\u00e9rale des douanes et droits indirects a officiellement lanc\u00e9, le mardi 20 janvier 2026, les activit\u00e9s marquant la Journ\u00e9e internationale des douanes (JID), \u00e9dition 2026, \u00e0 travers une initiative forte ax\u00e9e sur la sant\u00e9 et le bien-\u00eatre de son personnel.<\/b><\/p>\n<p>Fid\u00e8le \u00e0 une tradition d\u00e9sormais bien ancr\u00e9e, cette c\u00e9l\u00e9bration a d\u00e9but\u00e9 par une campagne de d\u00e9pistage m\u00e9dical au profit des agents et cadres des douanes. L\u2019op\u00e9ration visait la d\u00e9tection pr\u00e9coce de pathologies fr\u00e9quentes telles que l\u2019hypercholest\u00e9rol\u00e9mie, les troubles prostatiques et l\u2019\u00e9l\u00e9vation du taux d\u2019acide urique, souvent responsable de la goutte.<\/p>\n<p>Plac\u00e9e sous la conduite du colonel Fr\u00e9d\u00e9ric Th\u00e9odore Inamo<\/b>, Directeur g\u00e9n\u00e9ral des douanes et droits indirects, cette initiative illustre la volont\u00e9 des autorit\u00e9s douani\u00e8res de placer le capital humain au c\u0153ur de leur action. Elle offre aux agents l\u2019opportunit\u00e9 d\u2019\u00e9valuer leur \u00e9tat de sant\u00e9 et d\u2019adopter, si n\u00e9cessaire, des mesures pr\u00e9ventives appropri\u00e9es.<\/p>\n<p>Pour le directeur g\u00e9n\u00e9ral, cette d\u00e9marche traduit une vision manag\u00e9riale responsable et proactive.<\/p>\n<p>\u00ab Cette journ\u00e9e a \u00e9t\u00e9 institu\u00e9e pour veiller \u00e0 la sant\u00e9 de nos collaborateurs, qui se consacrent jour et nuit au renflouement des caisses de l\u2019\u00c9tat \u00bb, a d\u00e9clar\u00e9 le colonel Fr\u00e9d\u00e9ric Th\u00e9odore Inamo.<\/p>\n<p>La c\u00e9r\u00e9monie de lancement a rassembl\u00e9 plusieurs hauts responsables de l\u2019administration douani\u00e8re, dont Alain Grebgabo<\/b>, directeur g\u00e9n\u00e9ral adjoint des services ext\u00e9rieurs, Portia Deya-Abazene<\/b>, pr\u00e9sidente du comit\u00e9 d\u2019organisation de la Journ\u00e9e internationale des douanes, ainsi que de nombreux cadres de cette institution strat\u00e9gique pour la souverainet\u00e9 \u00e9conomique nationale.<\/p>\n<p>\u00c0 travers cette action sanitaire, la Direction g\u00e9n\u00e9rale des douanes r\u00e9affirme son engagement \u00e0 garantir des conditions de travail saines et s\u00e9curis\u00e9es \u00e0 ses agents, tout en rappelant le r\u00f4le central des douaniers, v\u00e9ritables \u00ab soldats de l\u2019\u00e9conomie \u00bb, dans la mobilisation des ressources de l\u2019\u00c9tat.<\/p>\n<p>La Journ\u00e9e internationale des douanes 2026 s\u2019annonce ainsi sous le signe de la pr\u00e9vention, de la responsabilit\u00e9 sociale et de la valorisation du capital humain, piliers essentiels d\u2019une administration moderne et performante.<\/p>\n","protected":false},"excerpt":{"rendered":"<p>Jolidon TCHECKOE Bangui 21 janvier 2026 (Ndjoni Sango) \u2013 La Direction g\u00e9n\u00e9rale des douanes et droits indirects a officiellement lanc\u00e9, le mardi 20 janvier 2026, les activit\u00e9s marquant la Journ\u00e9e internationale des douanes (JID), \u00e9dition 2026, \u00e0 travers une initiative forte ax\u00e9e sur la sant\u00e9 et le bien-\u00eatre de son personnel. Fid\u00e8le \u00e0 une tradition [&hellip;]<\/p>\n","protected":false},"author":82,"featured_media":81230,"comment_status":"open","ping_status":"closed","sticky":false,"template":"","format":"standard","meta":{"footnotes":""},"categories":[21,10],"tags":[41,1512,1504],"class_list":["post-81231","post","type-post","status-publish","format-standard","has-post-thumbnail","hentry","category-communaute","category-toutes-les-actualites","tag-centrafrique","tag-douanes","tag-journee-internationale"],"yoast_head":"<!-- This site is optimized with the Yoast SEO Premium plugin v26.1 (Yoast SEO v27.0) - https:\/\/yoast.com\/product\/yoast-seo-premium-wordpress\/ -->\n<title>la journ\u00e9e internationale des douanes 2026 lanc\u00e9e par une campagne de d\u00e9pistage sanitaire exemplaire - centrafricaine<\/title>\n<meta name=\"robots\" content=\"index, follow, max-snippet:-1, max-image-preview:large, max-video-preview:-1\" \/>\n<link rel=\"canonical\" href=\"https:\/\/www.africa-press.net\/centrafricaine\/politique\/la-journee-internationale-des-douanes-2026-lancee-par-une-campagne-de-depistage-sanitaire-exemplaire\" \/>\n<meta property=\"og:locale\" content=\"fr_FR\" \/>\n<meta property=\"og:type\" content=\"article\" \/>\n<meta property=\"og:title\" content=\"la journ\u00e9e internationale des douanes 2026 lanc\u00e9e par une campagne de d\u00e9pistage sanitaire exemplaire\" \/>\n<meta property=\"og:description\" content=\"Jolidon TCHECKOE Bangui 21 janvier 2026 (Ndjoni Sango) \u2013 La Direction g\u00e9n\u00e9rale des douanes et droits indirects a officiellement lanc\u00e9, le mardi 20 janvier 2026, les activit\u00e9s marquant la Journ\u00e9e internationale des douanes (JID), \u00e9dition 2026, \u00e0 travers une initiative forte ax\u00e9e sur la sant\u00e9 et le bien-\u00eatre de son personnel. Fid\u00e8le \u00e0 une tradition [&hellip;]\" \/>\n<meta property=\"og:url\" content=\"https:\/\/www.africa-press.net\/centrafricaine\/politique\/la-journee-internationale-des-douanes-2026-lancee-par-une-campagne-de-depistage-sanitaire-exemplaire\" \/>\n<meta property=\"og:site_name\" content=\"centrafricaine\" \/>\n<meta property=\"article:published_time\" content=\"2026-01-22T18:23:33+00:00\" \/>\n<meta name=\"author\" content=\"cfeditorfr\" \/>\n<meta name=\"twitter:card\" content=\"summary_large_image\" \/>\n<meta name=\"twitter:label1\" content=\"\u00c9crit par\" \/>\n\t<meta name=\"twitter:data1\" content=\"cfeditorfr\" \/>\n\t<meta name=\"twitter:label2\" content=\"Dur\u00e9e de lecture estim\u00e9e\" \/>\n\t<meta name=\"twitter:data2\" content=\"2 minutes\" \/>\n<script type=\"application\/ld+json\" class=\"yoast-schema-graph\">{\"@context\":\"https:\/\/schema.org\",\"@graph\":[{\"@type\":\"Article\",\"@id\":\"https:\/\/www.africa-press.net\/centrafricaine\/politique\/la-journee-internationale-des-douanes-2026-lancee-par-une-campagne-de-depistage-sanitaire-exemplaire#article\",\"isPartOf\":{\"@id\":\"https:\/\/www.africa-press.net\/centrafricaine\/politique\/la-journee-internationale-des-douanes-2026-lancee-par-une-campagne-de-depistage-sanitaire-exemplaire\"},\"author\":{\"name\":\"cfeditorfr\",\"@id\":\"https:\/\/www.africa-press.net\/centrafricaine\/#\/schema\/person\/2b1cf3cd81a31e3cd26889ca66d677f1\"},\"headline\":\"la journ\u00e9e internationale des douanes 2026 lanc\u00e9e par une campagne de d\u00e9pistage sanitaire exemplaire\",\"datePublished\":\"2026-01-22T18:23:33+00:00\",\"mainEntityOfPage\":{\"@id\":\"https:\/\/www.africa-press.net\/centrafricaine\/politique\/la-journee-internationale-des-douanes-2026-lancee-par-une-campagne-de-depistage-sanitaire-exemplaire\"},\"wordCount\":399,\"commentCount\":0,\"image\":{\"@id\":\"https:\/\/www.africa-press.net\/centrafricaine\/politique\/la-journee-internationale-des-douanes-2026-lancee-par-une-campagne-de-depistage-sanitaire-exemplaire#primaryimage\"},\"thumbnailUrl\":\"https:\/\/static.africa-press.net\/centrafricaine\/sites\/45\/2026\/01\/sm_1769106213.329122.jpg\",\"keywords\":[\"Centrafrique\",\"Douanes\",\"journ\u00e9e internationale\"],\"articleSection\":[\"Communaut\u00e9\",\"Toutes les actualit\u00e9s\"],\"inLanguage\":\"fr-FR\",\"potentialAction\":[{\"@type\":\"CommentAction\",\"name\":\"Comment\",\"target\":[\"https:\/\/www.africa-press.net\/centrafricaine\/politique\/la-journee-internationale-des-douanes-2026-lancee-par-une-campagne-de-depistage-sanitaire-exemplaire#respond\"]}]},{\"@type\":\"WebPage\",\"@id\":\"https:\/\/www.africa-press.net\/centrafricaine\/politique\/la-journee-internationale-des-douanes-2026-lancee-par-une-campagne-de-depistage-sanitaire-exemplaire\",\"url\":\"https:\/\/www.africa-press.net\/centrafricaine\/politique\/la-journee-internationale-des-douanes-2026-lancee-par-une-campagne-de-depistage-sanitaire-exemplaire\",\"name\":\"la journ\u00e9e internationale des douanes 2026 lanc\u00e9e par une campagne de d\u00e9pistage sanitaire exemplaire - centrafricaine\",\"isPartOf\":{\"@id\":\"https:\/\/www.africa-press.net\/centrafricaine\/#website\"},\"primaryImageOfPage\":{\"@id\":\"https:\/\/www.africa-press.net\/centrafricaine\/politique\/la-journee-internationale-des-douanes-2026-lancee-par-une-campagne-de-depistage-sanitaire-exemplaire#primaryimage\"},\"image\":{\"@id\":\"https:\/\/www.africa-press.net\/centrafricaine\/politique\/la-journee-internationale-des-douanes-2026-lancee-par-une-campagne-de-depistage-sanitaire-exemplaire#primaryimage\"},\"thumbnailUrl\":\"https:\/\/static.africa-press.net\/centrafricaine\/sites\/45\/2026\/01\/sm_1769106213.329122.jpg\",\"datePublished\":\"2026-01-22T18:23:33+00:00\",\"author\":{\"@id\":\"https:\/\/www.africa-press.net\/centrafricaine\/#\/schema\/person\/2b1cf3cd81a31e3cd26889ca66d677f1\"},\"breadcrumb\":{\"@id\":\"https:\/\/www.africa-press.net\/centrafricaine\/politique\/la-journee-internationale-des-douanes-2026-lancee-par-une-campagne-de-depistage-sanitaire-exemplaire#breadcrumb\"},\"inLanguage\":\"fr-FR\",\"potentialAction\":[{\"@type\":\"ReadAction\",\"target\":[\"https:\/\/www.africa-press.net\/centrafricaine\/politique\/la-journee-internationale-des-douanes-2026-lancee-par-une-campagne-de-depistage-sanitaire-exemplaire\"]}]},{\"@type\":\"ImageObject\",\"inLanguage\":\"fr-FR\",\"@id\":\"https:\/\/www.africa-press.net\/centrafricaine\/politique\/la-journee-internationale-des-douanes-2026-lancee-par-une-campagne-de-depistage-sanitaire-exemplaire#primaryimage\",\"url\":\"https:\/\/static.africa-press.net\/centrafricaine\/sites\/45\/2026\/01\/sm_1769106213.329122.jpg\",\"contentUrl\":\"https:\/\/static.africa-press.net\/centrafricaine\/sites\/45\/2026\/01\/sm_1769106213.329122.jpg\",\"width\":2048,\"height\":1152,\"caption\":\"la journ\u00e9e internationale des douanes 2026 lanc\u00e9e par une campagne de d\u00e9pistage sanitaire exemplaire\"},{\"@type\":\"BreadcrumbList\",\"@id\":\"https:\/\/www.africa-press.net\/centrafricaine\/politique\/la-journee-internationale-des-douanes-2026-lancee-par-une-campagne-de-depistage-sanitaire-exemplaire#breadcrumb\",\"itemListElement\":[{\"@type\":\"ListItem\",\"position\":1,\"name\":\"Accueil\",\"item\":\"https:\/\/www.africa-press.net\/centrafricaine\/\"},{\"@type\":\"ListItem\",\"position\":2,\"name\":\"la journ\u00e9e internationale des douanes 2026 lanc\u00e9e par une campagne de d\u00e9pistage sanitaire exemplaire\"}]},{\"@type\":\"WebSite\",\"@id\":\"https:\/\/www.africa-press.net\/centrafricaine\/#website\",\"url\":\"https:\/\/www.africa-press.net\/centrafricaine\/\",\"name\":\"centrafricaine\",\"description\":\"Just another Africa News Agency Sites site\",\"potentialAction\":[{\"@type\":\"SearchAction\",\"target\":{\"@type\":\"EntryPoint\",\"urlTemplate\":\"https:\/\/www.africa-press.net\/centrafricaine\/?s={search_term_string}\"},\"query-input\":{\"@type\":\"PropertyValueSpecification\",\"valueRequired\":true,\"valueName\":\"search_term_string\"}}],\"inLanguage\":\"fr-FR\"},{\"@type\":\"Person\",\"@id\":\"https:\/\/www.africa-press.net\/centrafricaine\/#\/schema\/person\/2b1cf3cd81a31e3cd26889ca66d677f1\",\"name\":\"cfeditorfr\"}]}<\/script>\n<!-- \/ Yoast SEO Premium plugin. -->","yoast_head_json":{"title":"la journ\u00e9e internationale des douanes 2026 lanc\u00e9e par une campagne de d\u00e9pistage sanitaire exemplaire - centrafricaine","robots":{"index":"index","follow":"follow","max-snippet":"max-snippet:-1","max-image-preview":"max-image-preview:large","max-video-preview":"max-video-preview:-1"},"canonical":"https:\/\/www.africa-press.net\/centrafricaine\/politique\/la-journee-internationale-des-douanes-2026-lancee-par-une-campagne-de-depistage-sanitaire-exemplaire","og_locale":"fr_FR","og_type":"article","og_title":"la journ\u00e9e internationale des douanes 2026 lanc\u00e9e par une campagne de d\u00e9pistage sanitaire exemplaire","og_description":"Jolidon TCHECKOE Bangui 21 janvier 2026 (Ndjoni Sango) \u2013 La Direction g\u00e9n\u00e9rale des douanes et droits indirects a officiellement lanc\u00e9, le mardi 20 janvier 2026, les activit\u00e9s marquant la Journ\u00e9e internationale des douanes (JID), \u00e9dition 2026, \u00e0 travers une initiative forte ax\u00e9e sur la sant\u00e9 et le bien-\u00eatre de son personnel. Fid\u00e8le \u00e0 une tradition [&hellip;]","og_url":"https:\/\/www.africa-press.net\/centrafricaine\/politique\/la-journee-internationale-des-douanes-2026-lancee-par-une-campagne-de-depistage-sanitaire-exemplaire","og_site_name":"centrafricaine","article_published_time":"2026-01-22T18:23:33+00:00","author":"cfeditorfr","twitter_card":"summary_large_image","twitter_misc":{"\u00c9crit par":"cfeditorfr","Dur\u00e9e de lecture estim\u00e9e":"2 minutes"},"schema":{"@context":"https:\/\/schema.org","@graph":[{"@type":"Article","@id":"https:\/\/www.africa-press.net\/centrafricaine\/politique\/la-journee-internationale-des-douanes-2026-lancee-par-une-campagne-de-depistage-sanitaire-exemplaire#article","isPartOf":{"@id":"https:\/\/www.africa-press.net\/centrafricaine\/politique\/la-journee-internationale-des-douanes-2026-lancee-par-une-campagne-de-depistage-sanitaire-exemplaire"},"author":{"name":"cfeditorfr","@id":"https:\/\/www.africa-press.net\/centrafricaine\/#\/schema\/person\/2b1cf3cd81a31e3cd26889ca66d677f1"},"headline":"la journ\u00e9e internationale des douanes 2026 lanc\u00e9e par une campagne de d\u00e9pistage sanitaire exemplaire","datePublished":"2026-01-22T18:23:33+00:00","mainEntityOfPage":{"@id":"https:\/\/www.africa-press.net\/centrafricaine\/politique\/la-journee-internationale-des-douanes-2026-lancee-par-une-campagne-de-depistage-sanitaire-exemplaire"},"wordCount":399,"commentCount":0,"image":{"@id":"https:\/\/www.africa-press.net\/centrafricaine\/politique\/la-journee-internationale-des-douanes-2026-lancee-par-une-campagne-de-depistage-sanitaire-exemplaire#primaryimage"},"thumbnailUrl":"https:\/\/static.africa-press.net\/centrafricaine\/sites\/45\/2026\/01\/sm_1769106213.329122.jpg","keywords":["Centrafrique","Douanes","journ\u00e9e internationale"],"articleSection":["Communaut\u00e9","Toutes les actualit\u00e9s"],"inLanguage":"fr-FR","potentialAction":[{"@type":"CommentAction","name":"Comment","target":["https:\/\/www.africa-press.net\/centrafricaine\/politique\/la-journee-internationale-des-douanes-2026-lancee-par-une-campagne-de-depistage-sanitaire-exemplaire#respond"]}]},{"@type":"WebPage","@id":"https:\/\/www.africa-press.net\/centrafricaine\/politique\/la-journee-internationale-des-douanes-2026-lancee-par-une-campagne-de-depistage-sanitaire-exemplaire","url":"https:\/\/www.africa-press.net\/centrafricaine\/politique\/la-journee-internationale-des-douanes-2026-lancee-par-une-campagne-de-depistage-sanitaire-exemplaire","name":"la journ\u00e9e internationale des douanes 2026 lanc\u00e9e par une campagne de d\u00e9pistage sanitaire exemplaire - centrafricaine","isPartOf":{"@id":"https:\/\/www.africa-press.net\/centrafricaine\/#website"},"primaryImageOfPage":{"@id":"https:\/\/www.africa-press.net\/centrafricaine\/politique\/la-journee-internationale-des-douanes-2026-lancee-par-une-campagne-de-depistage-sanitaire-exemplaire#primaryimage"},"image":{"@id":"https:\/\/www.africa-press.net\/centrafricaine\/politique\/la-journee-internationale-des-douanes-2026-lancee-par-une-campagne-de-depistage-sanitaire-exemplaire#primaryimage"},"thumbnailUrl":"https:\/\/static.africa-press.net\/centrafricaine\/sites\/45\/2026\/01\/sm_1769106213.329122.jpg","datePublished":"2026-01-22T18:23:33+00:00","author":{"@id":"https:\/\/www.africa-press.net\/centrafricaine\/#\/schema\/person\/2b1cf3cd81a31e3cd26889ca66d677f1"},"breadcrumb":{"@id":"https:\/\/www.africa-press.net\/centrafricaine\/politique\/la-journee-internationale-des-douanes-2026-lancee-par-une-campagne-de-depistage-sanitaire-exemplaire#breadcrumb"},"inLanguage":"fr-FR","potentialAction":[{"@type":"ReadAction","target":["https:\/\/www.africa-press.net\/centrafricaine\/politique\/la-journee-internationale-des-douanes-2026-lancee-par-une-campagne-de-depistage-sanitaire-exemplaire"]}]},{"@type":"ImageObject","inLanguage":"fr-FR","@id":"https:\/\/www.africa-press.net\/centrafricaine\/politique\/la-journee-internationale-des-douanes-2026-lancee-par-une-campagne-de-depistage-sanitaire-exemplaire#primaryimage","url":"https:\/\/static.africa-press.net\/centrafricaine\/sites\/45\/2026\/01\/sm_1769106213.329122.jpg","contentUrl":"https:\/\/static.africa-press.net\/centrafricaine\/sites\/45\/2026\/01\/sm_1769106213.329122.jpg","width":2048,"height":1152,"caption":"la journ\u00e9e internationale des douanes 2026 lanc\u00e9e par une campagne de d\u00e9pistage sanitaire exemplaire"},{"@type":"BreadcrumbList","@id":"https:\/\/www.africa-press.net\/centrafricaine\/politique\/la-journee-internationale-des-douanes-2026-lancee-par-une-campagne-de-depistage-sanitaire-exemplaire#breadcrumb","itemListElement":[{"@type":"ListItem","position":1,"name":"Accueil","item":"https:\/\/www.africa-press.net\/centrafricaine\/"},{"@type":"ListItem","position":2,"name":"la journ\u00e9e internationale des douanes 2026 lanc\u00e9e par une campagne de d\u00e9pistage sanitaire exemplaire"}]},{"@type":"WebSite","@id":"https:\/\/www.africa-press.net\/centrafricaine\/#website","url":"https:\/\/www.africa-press.net\/centrafricaine\/","name":"centrafricaine","description":"Just another Africa News Agency Sites site","potentialAction":[{"@type":"SearchAction","target":{"@type":"EntryPoint","urlTemplate":"https:\/\/www.africa-press.net\/centrafricaine\/?s={search_term_string}"},"query-input":{"@type":"PropertyValueSpecification","valueRequired":true,"valueName":"search_term_string"}}],"inLanguage":"fr-FR"},{"@type":"Person","@id":"https:\/\/www.africa-press.net\/centrafricaine\/#\/schema\/person\/2b1cf3cd81a31e3cd26889ca66d677f1","name":"cfeditorfr"}]}},"_links":{"self":[{"href":"https:\/\/www.africa-press.net\/centrafricaine\/wp-json\/wp\/v2\/posts\/81231","targetHints":{"allow":["GET"]}}],"collection":[{"href":"https:\/\/www.africa-press.net\/centrafricaine\/wp-json\/wp\/v2\/posts"}],"about":[{"href":"https:\/\/www.africa-press.net\/centrafricaine\/wp-json\/wp\/v2\/types\/post"}],"author":[{"embeddable":true,"href":"https:\/\/www.africa-press.net\/centrafricaine\/wp-json\/wp\/v2\/users\/82"}],"replies":[{"embeddable":true,"href":"https:\/\/www.africa-press.net\/centrafricaine\/wp-json\/wp\/v2\/comments?post=81231"}],"version-history":[{"count":0,"href":"https:\/\/www.africa-press.net\/centrafricaine\/wp-json\/wp\/v2\/posts\/81231\/revisions"}],"wp:featuredmedia":[{"embeddable":true,"href":"https:\/\/www.africa-press.net\/centrafricaine\/wp-json\/wp\/v2\/media\/81230"}],"wp:attachment":[{"href":"https:\/\/www.africa-press.net\/centrafricaine\/wp-json\/wp\/v2\/media?parent=81231"}],"wp:term":[{"taxonomy":"category","embeddable":true,"href":"https:\/\/www.africa-press.net\/centrafricaine\/wp-json\/wp\/v2\/categories?post=81231"},{"taxonomy":"post_tag","embeddable":true,"href":"https:\/\/www.africa-press.net\/centrafricaine\/wp-json\/wp\/v2\/tags?post=81231"}],"curies":[{"name":"wp","href":"https:\/\/api.w.org\/{rel}","templated":true}]}}