{"id":81279,"date":"2026-01-26T20:55:10","date_gmt":"2026-01-26T20:55:10","guid":{"rendered":"https:\/\/www.africa-press.net\/centrafricaine\/politique\/celestin-yanindji-affiche-lambition-centrafricaine-pour-la-can-2027"},"modified":"2026-01-26T20:55:10","modified_gmt":"2026-01-26T20:55:10","slug":"celestin-yanindji-affiche-lambition-centrafricaine-pour-la-can-2027","status":"publish","type":"post","link":"https:\/\/www.africa-press.net\/centrafricaine\/politique\/celestin-yanindji-affiche-lambition-centrafricaine-pour-la-can-2027","title":{"rendered":"C\u00e9lestin Yanindji affiche l\u2019ambition centrafricaine pour la CAN 2027"},"content":{"rendered":"<p>\u00c0 l\u2019occasion des activit\u00e9s marquant le d\u00e9but de l\u2019ann\u00e9e 2026, la F\u00e9d\u00e9ration centrafricaine de football (FCF) a organis\u00e9, le vendredi 23 janvier, une visite guid\u00e9e du Centre technique Faustin Archange Touad\u00e9ra de Liton, suivie d\u2019un d\u00e9jeuner de presse.<\/p>\n<p>Cette rencontre a permis au pr\u00e9sident de la FCF, C\u00e9lestin Yanindji, de dresser le bilan des actions men\u00e9es et de d\u00e9voiler les grandes orientations \u00e0 venir, tout en r\u00e9affirmant avec conviction l\u2019ambition de voir la R\u00e9publique centrafricaine participer \u00e0 la Coupe d\u2019Afrique des Nations 2027.<\/p>\n<p>Comme le veut la tradition, le comit\u00e9 ex\u00e9cutif de la FCF a profit\u00e9 de ce rendez-vous annuel pour revenir sur les r\u00e9alisations de l\u2019ann\u00e9e \u00e9coul\u00e9e et fixer les priorit\u00e9s pour l\u2019avenir. Pour 2026, l\u2019accent est mis sur la consolidation des acquis et la poursuite des projets structurants engag\u00e9s au profit du football national.<\/p>\n<p>Selon C\u00e9lestin Yanindji, la R\u00e9publique centrafricaine b\u00e9n\u00e9ficie d\u2019une attention particuli\u00e8re des instances internationales du football, notamment la FIFA et la CAF, qui ont fait du pays un terrain d\u2019exp\u00e9rimentation pour plusieurs projets pilotes.<\/p>\n<p>\u00ab Nous sommes un pays b\u00e9ni, car de nombreux programmes initi\u00e9s par la FIFA ont fait de la RCA un pays pilote. Le programme de soutien technique lanc\u00e9 en 2020 nous a permis de poser les bases du d\u00e9veloppement \u00e0 la base et de former des entra\u00eeneurs titulaires de la Licence A. Nous avons \u00e9galement le programme Football for Schools, que nous partageons seulement avec le Niger en Afrique, sans oublier la construction d\u2019infrastructures conformes aux normes de la CAF et de la FIFA \u00bb, a-t-il soulign\u00e9.<\/p>\n<p>S\u2019agissant de la Coupe d\u2019Afrique des Nations 2027, le pr\u00e9sident de la FCF s\u2019est montr\u00e9 particuli\u00e8rement d\u00e9termin\u00e9.<\/p>\n<p>\u00ab Notre ambition est claire. La CAN 2027 ne doit pas se jouer sans la R\u00e9publique centrafricaine. Il est temps de mobiliser toutes nos \u00e9nergies pour franchir ce cap. Notre participation au CHAN en Tanzanie a \u00e9t\u00e9 un symbole fort, et nous voulons d\u00e9sormais confirmer cette dynamique en nous qualifiant pour la CAN. Le travail se poursuit activement, notamment avec le s\u00e9lectionneur Enza, actuellement en mission pour convaincre de nouveaux talents de rejoindre la tani\u00e8re. Nous y croyons, d\u2019autant plus que les \u00e9liminatoires d\u00e9buteront en septembre, ce qui nous laisse le temps de bien nous pr\u00e9parer \u00bb, a-t-il insist\u00e9.<\/p>\n<p>Par ailleurs, la F\u00e9d\u00e9ration a fait savoir que les travaux de construction du Centre technique f\u00e9minin Faustin Archange Touad\u00e9ra, situ\u00e9 \u00e0 Liton au PK 22, connaissent une avanc\u00e9e significative.<\/p>\n<p>Selon les membres du comit\u00e9 ex\u00e9cutif, l\u2019ach\u00e8vement de ce chantier est pr\u00e9vu pour le mois d\u2019avril, offrant ainsi aux jeunes footballeuses un cadre ad\u00e9quat pour leur perfectionnement et le d\u00e9veloppement du football f\u00e9minin en R\u00e9publique centrafricaine.<\/p>\n","protected":false},"excerpt":{"rendered":"<p>\u00c0 l\u2019occasion des activit\u00e9s marquant le d\u00e9but de l\u2019ann\u00e9e 2026, la F\u00e9d\u00e9ration centrafricaine de football (FCF) a organis\u00e9, le vendredi 23 janvier, une visite guid\u00e9e du Centre technique Faustin Archange Touad\u00e9ra de Liton, suivie d\u2019un d\u00e9jeuner de presse. Cette rencontre a permis au pr\u00e9sident de la FCF, C\u00e9lestin Yanindji, de dresser le bilan des actions [&hellip;]<\/p>\n","protected":false},"author":82,"featured_media":81278,"comment_status":"open","ping_status":"closed","sticky":false,"template":"","format":"standard","meta":{"footnotes":""},"categories":[2,10],"tags":[6277,5278,41,2113,121],"class_list":["post-81279","post","type-post","status-publish","format-standard","has-post-thumbnail","hentry","category-politique","category-toutes-les-actualites","tag-can-2017","tag-celestin-yanindji","tag-centrafrique","tag-federation","tag-football"],"yoast_head":"<!-- This site is optimized with the Yoast SEO Premium plugin v26.1 (Yoast SEO v27.0) - https:\/\/yoast.com\/product\/yoast-seo-premium-wordpress\/ -->\n<title>C\u00e9lestin Yanindji affiche l\u2019ambition centrafricaine pour la CAN 2027 - centrafricaine<\/title>\n<meta name=\"robots\" content=\"index, follow, max-snippet:-1, max-image-preview:large, max-video-preview:-1\" \/>\n<link rel=\"canonical\" href=\"https:\/\/www.africa-press.net\/centrafricaine\/politique\/celestin-yanindji-affiche-lambition-centrafricaine-pour-la-can-2027\" \/>\n<meta property=\"og:locale\" content=\"fr_FR\" \/>\n<meta property=\"og:type\" content=\"article\" \/>\n<meta property=\"og:title\" content=\"C\u00e9lestin Yanindji affiche l\u2019ambition centrafricaine pour la CAN 2027\" \/>\n<meta property=\"og:description\" content=\"\u00c0 l\u2019occasion des activit\u00e9s marquant le d\u00e9but de l\u2019ann\u00e9e 2026, la F\u00e9d\u00e9ration centrafricaine de football (FCF) a organis\u00e9, le vendredi 23 janvier, une visite guid\u00e9e du Centre technique Faustin Archange Touad\u00e9ra de Liton, suivie d\u2019un d\u00e9jeuner de presse. Cette rencontre a permis au pr\u00e9sident de la FCF, C\u00e9lestin Yanindji, de dresser le bilan des actions [&hellip;]\" \/>\n<meta property=\"og:url\" content=\"https:\/\/www.africa-press.net\/centrafricaine\/politique\/celestin-yanindji-affiche-lambition-centrafricaine-pour-la-can-2027\" \/>\n<meta property=\"og:site_name\" content=\"centrafricaine\" \/>\n<meta property=\"article:published_time\" content=\"2026-01-26T20:55:10+00:00\" \/>\n<meta name=\"author\" content=\"cfeditorfr\" \/>\n<meta name=\"twitter:card\" content=\"summary_large_image\" \/>\n<meta name=\"twitter:label1\" content=\"\u00c9crit par\" \/>\n\t<meta name=\"twitter:data1\" content=\"cfeditorfr\" \/>\n\t<meta name=\"twitter:label2\" content=\"Dur\u00e9e de lecture estim\u00e9e\" \/>\n\t<meta name=\"twitter:data2\" content=\"2 minutes\" \/>\n<script type=\"application\/ld+json\" class=\"yoast-schema-graph\">{\"@context\":\"https:\/\/schema.org\",\"@graph\":[{\"@type\":\"Article\",\"@id\":\"https:\/\/www.africa-press.net\/centrafricaine\/politique\/celestin-yanindji-affiche-lambition-centrafricaine-pour-la-can-2027#article\",\"isPartOf\":{\"@id\":\"https:\/\/www.africa-press.net\/centrafricaine\/politique\/celestin-yanindji-affiche-lambition-centrafricaine-pour-la-can-2027\"},\"author\":{\"name\":\"cfeditorfr\",\"@id\":\"https:\/\/www.africa-press.net\/centrafricaine\/#\/schema\/person\/2b1cf3cd81a31e3cd26889ca66d677f1\"},\"headline\":\"C\u00e9lestin Yanindji affiche l\u2019ambition centrafricaine pour la CAN 2027\",\"datePublished\":\"2026-01-26T20:55:10+00:00\",\"mainEntityOfPage\":{\"@id\":\"https:\/\/www.africa-press.net\/centrafricaine\/politique\/celestin-yanindji-affiche-lambition-centrafricaine-pour-la-can-2027\"},\"wordCount\":498,\"commentCount\":0,\"image\":{\"@id\":\"https:\/\/www.africa-press.net\/centrafricaine\/politique\/celestin-yanindji-affiche-lambition-centrafricaine-pour-la-can-2027#primaryimage\"},\"thumbnailUrl\":\"https:\/\/static.africa-press.net\/centrafricaine\/sites\/45\/2026\/01\/sm_1769460910.839178.jpg\",\"keywords\":[\"CAN 2017\",\"C\u00e9lestin Yanindji\",\"Centrafrique\",\"f\u00e9d\u00e9ration\",\"Football\"],\"articleSection\":[\"Politique\",\"Toutes les actualit\u00e9s\"],\"inLanguage\":\"fr-FR\",\"potentialAction\":[{\"@type\":\"CommentAction\",\"name\":\"Comment\",\"target\":[\"https:\/\/www.africa-press.net\/centrafricaine\/politique\/celestin-yanindji-affiche-lambition-centrafricaine-pour-la-can-2027#respond\"]}]},{\"@type\":\"WebPage\",\"@id\":\"https:\/\/www.africa-press.net\/centrafricaine\/politique\/celestin-yanindji-affiche-lambition-centrafricaine-pour-la-can-2027\",\"url\":\"https:\/\/www.africa-press.net\/centrafricaine\/politique\/celestin-yanindji-affiche-lambition-centrafricaine-pour-la-can-2027\",\"name\":\"C\u00e9lestin Yanindji affiche l\u2019ambition centrafricaine pour la CAN 2027 - centrafricaine\",\"isPartOf\":{\"@id\":\"https:\/\/www.africa-press.net\/centrafricaine\/#website\"},\"primaryImageOfPage\":{\"@id\":\"https:\/\/www.africa-press.net\/centrafricaine\/politique\/celestin-yanindji-affiche-lambition-centrafricaine-pour-la-can-2027#primaryimage\"},\"image\":{\"@id\":\"https:\/\/www.africa-press.net\/centrafricaine\/politique\/celestin-yanindji-affiche-lambition-centrafricaine-pour-la-can-2027#primaryimage\"},\"thumbnailUrl\":\"https:\/\/static.africa-press.net\/centrafricaine\/sites\/45\/2026\/01\/sm_1769460910.839178.jpg\",\"datePublished\":\"2026-01-26T20:55:10+00:00\",\"author\":{\"@id\":\"https:\/\/www.africa-press.net\/centrafricaine\/#\/schema\/person\/2b1cf3cd81a31e3cd26889ca66d677f1\"},\"breadcrumb\":{\"@id\":\"https:\/\/www.africa-press.net\/centrafricaine\/politique\/celestin-yanindji-affiche-lambition-centrafricaine-pour-la-can-2027#breadcrumb\"},\"inLanguage\":\"fr-FR\",\"potentialAction\":[{\"@type\":\"ReadAction\",\"target\":[\"https:\/\/www.africa-press.net\/centrafricaine\/politique\/celestin-yanindji-affiche-lambition-centrafricaine-pour-la-can-2027\"]}]},{\"@type\":\"ImageObject\",\"inLanguage\":\"fr-FR\",\"@id\":\"https:\/\/www.africa-press.net\/centrafricaine\/politique\/celestin-yanindji-affiche-lambition-centrafricaine-pour-la-can-2027#primaryimage\",\"url\":\"https:\/\/static.africa-press.net\/centrafricaine\/sites\/45\/2026\/01\/sm_1769460910.839178.jpg\",\"contentUrl\":\"https:\/\/static.africa-press.net\/centrafricaine\/sites\/45\/2026\/01\/sm_1769460910.839178.jpg\",\"width\":1390,\"height\":629,\"caption\":\"C\u00e9lestin Yanindji affiche l\u2019ambition centrafricaine pour la CAN 2027\"},{\"@type\":\"BreadcrumbList\",\"@id\":\"https:\/\/www.africa-press.net\/centrafricaine\/politique\/celestin-yanindji-affiche-lambition-centrafricaine-pour-la-can-2027#breadcrumb\",\"itemListElement\":[{\"@type\":\"ListItem\",\"position\":1,\"name\":\"Accueil\",\"item\":\"https:\/\/www.africa-press.net\/centrafricaine\/\"},{\"@type\":\"ListItem\",\"position\":2,\"name\":\"C\u00e9lestin Yanindji affiche l\u2019ambition centrafricaine pour la CAN 2027\"}]},{\"@type\":\"WebSite\",\"@id\":\"https:\/\/www.africa-press.net\/centrafricaine\/#website\",\"url\":\"https:\/\/www.africa-press.net\/centrafricaine\/\",\"name\":\"centrafricaine\",\"description\":\"Just another Africa News Agency Sites site\",\"potentialAction\":[{\"@type\":\"SearchAction\",\"target\":{\"@type\":\"EntryPoint\",\"urlTemplate\":\"https:\/\/www.africa-press.net\/centrafricaine\/?s={search_term_string}\"},\"query-input\":{\"@type\":\"PropertyValueSpecification\",\"valueRequired\":true,\"valueName\":\"search_term_string\"}}],\"inLanguage\":\"fr-FR\"},{\"@type\":\"Person\",\"@id\":\"https:\/\/www.africa-press.net\/centrafricaine\/#\/schema\/person\/2b1cf3cd81a31e3cd26889ca66d677f1\",\"name\":\"cfeditorfr\"}]}<\/script>\n<!-- \/ Yoast SEO Premium plugin. -->","yoast_head_json":{"title":"C\u00e9lestin Yanindji affiche l\u2019ambition centrafricaine pour la CAN 2027 - centrafricaine","robots":{"index":"index","follow":"follow","max-snippet":"max-snippet:-1","max-image-preview":"max-image-preview:large","max-video-preview":"max-video-preview:-1"},"canonical":"https:\/\/www.africa-press.net\/centrafricaine\/politique\/celestin-yanindji-affiche-lambition-centrafricaine-pour-la-can-2027","og_locale":"fr_FR","og_type":"article","og_title":"C\u00e9lestin Yanindji affiche l\u2019ambition centrafricaine pour la CAN 2027","og_description":"\u00c0 l\u2019occasion des activit\u00e9s marquant le d\u00e9but de l\u2019ann\u00e9e 2026, la F\u00e9d\u00e9ration centrafricaine de football (FCF) a organis\u00e9, le vendredi 23 janvier, une visite guid\u00e9e du Centre technique Faustin Archange Touad\u00e9ra de Liton, suivie d\u2019un d\u00e9jeuner de presse. Cette rencontre a permis au pr\u00e9sident de la FCF, C\u00e9lestin Yanindji, de dresser le bilan des actions [&hellip;]","og_url":"https:\/\/www.africa-press.net\/centrafricaine\/politique\/celestin-yanindji-affiche-lambition-centrafricaine-pour-la-can-2027","og_site_name":"centrafricaine","article_published_time":"2026-01-26T20:55:10+00:00","author":"cfeditorfr","twitter_card":"summary_large_image","twitter_misc":{"\u00c9crit par":"cfeditorfr","Dur\u00e9e de lecture estim\u00e9e":"2 minutes"},"schema":{"@context":"https:\/\/schema.org","@graph":[{"@type":"Article","@id":"https:\/\/www.africa-press.net\/centrafricaine\/politique\/celestin-yanindji-affiche-lambition-centrafricaine-pour-la-can-2027#article","isPartOf":{"@id":"https:\/\/www.africa-press.net\/centrafricaine\/politique\/celestin-yanindji-affiche-lambition-centrafricaine-pour-la-can-2027"},"author":{"name":"cfeditorfr","@id":"https:\/\/www.africa-press.net\/centrafricaine\/#\/schema\/person\/2b1cf3cd81a31e3cd26889ca66d677f1"},"headline":"C\u00e9lestin Yanindji affiche l\u2019ambition centrafricaine pour la CAN 2027","datePublished":"2026-01-26T20:55:10+00:00","mainEntityOfPage":{"@id":"https:\/\/www.africa-press.net\/centrafricaine\/politique\/celestin-yanindji-affiche-lambition-centrafricaine-pour-la-can-2027"},"wordCount":498,"commentCount":0,"image":{"@id":"https:\/\/www.africa-press.net\/centrafricaine\/politique\/celestin-yanindji-affiche-lambition-centrafricaine-pour-la-can-2027#primaryimage"},"thumbnailUrl":"https:\/\/static.africa-press.net\/centrafricaine\/sites\/45\/2026\/01\/sm_1769460910.839178.jpg","keywords":["CAN 2017","C\u00e9lestin Yanindji","Centrafrique","f\u00e9d\u00e9ration","Football"],"articleSection":["Politique","Toutes les actualit\u00e9s"],"inLanguage":"fr-FR","potentialAction":[{"@type":"CommentAction","name":"Comment","target":["https:\/\/www.africa-press.net\/centrafricaine\/politique\/celestin-yanindji-affiche-lambition-centrafricaine-pour-la-can-2027#respond"]}]},{"@type":"WebPage","@id":"https:\/\/www.africa-press.net\/centrafricaine\/politique\/celestin-yanindji-affiche-lambition-centrafricaine-pour-la-can-2027","url":"https:\/\/www.africa-press.net\/centrafricaine\/politique\/celestin-yanindji-affiche-lambition-centrafricaine-pour-la-can-2027","name":"C\u00e9lestin Yanindji affiche l\u2019ambition centrafricaine pour la CAN 2027 - centrafricaine","isPartOf":{"@id":"https:\/\/www.africa-press.net\/centrafricaine\/#website"},"primaryImageOfPage":{"@id":"https:\/\/www.africa-press.net\/centrafricaine\/politique\/celestin-yanindji-affiche-lambition-centrafricaine-pour-la-can-2027#primaryimage"},"image":{"@id":"https:\/\/www.africa-press.net\/centrafricaine\/politique\/celestin-yanindji-affiche-lambition-centrafricaine-pour-la-can-2027#primaryimage"},"thumbnailUrl":"https:\/\/static.africa-press.net\/centrafricaine\/sites\/45\/2026\/01\/sm_1769460910.839178.jpg","datePublished":"2026-01-26T20:55:10+00:00","author":{"@id":"https:\/\/www.africa-press.net\/centrafricaine\/#\/schema\/person\/2b1cf3cd81a31e3cd26889ca66d677f1"},"breadcrumb":{"@id":"https:\/\/www.africa-press.net\/centrafricaine\/politique\/celestin-yanindji-affiche-lambition-centrafricaine-pour-la-can-2027#breadcrumb"},"inLanguage":"fr-FR","potentialAction":[{"@type":"ReadAction","target":["https:\/\/www.africa-press.net\/centrafricaine\/politique\/celestin-yanindji-affiche-lambition-centrafricaine-pour-la-can-2027"]}]},{"@type":"ImageObject","inLanguage":"fr-FR","@id":"https:\/\/www.africa-press.net\/centrafricaine\/politique\/celestin-yanindji-affiche-lambition-centrafricaine-pour-la-can-2027#primaryimage","url":"https:\/\/static.africa-press.net\/centrafricaine\/sites\/45\/2026\/01\/sm_1769460910.839178.jpg","contentUrl":"https:\/\/static.africa-press.net\/centrafricaine\/sites\/45\/2026\/01\/sm_1769460910.839178.jpg","width":1390,"height":629,"caption":"C\u00e9lestin Yanindji affiche l\u2019ambition centrafricaine pour la CAN 2027"},{"@type":"BreadcrumbList","@id":"https:\/\/www.africa-press.net\/centrafricaine\/politique\/celestin-yanindji-affiche-lambition-centrafricaine-pour-la-can-2027#breadcrumb","itemListElement":[{"@type":"ListItem","position":1,"name":"Accueil","item":"https:\/\/www.africa-press.net\/centrafricaine\/"},{"@type":"ListItem","position":2,"name":"C\u00e9lestin Yanindji affiche l\u2019ambition centrafricaine pour la CAN 2027"}]},{"@type":"WebSite","@id":"https:\/\/www.africa-press.net\/centrafricaine\/#website","url":"https:\/\/www.africa-press.net\/centrafricaine\/","name":"centrafricaine","description":"Just another Africa News Agency Sites site","potentialAction":[{"@type":"SearchAction","target":{"@type":"EntryPoint","urlTemplate":"https:\/\/www.africa-press.net\/centrafricaine\/?s={search_term_string}"},"query-input":{"@type":"PropertyValueSpecification","valueRequired":true,"valueName":"search_term_string"}}],"inLanguage":"fr-FR"},{"@type":"Person","@id":"https:\/\/www.africa-press.net\/centrafricaine\/#\/schema\/person\/2b1cf3cd81a31e3cd26889ca66d677f1","name":"cfeditorfr"}]}},"_links":{"self":[{"href":"https:\/\/www.africa-press.net\/centrafricaine\/wp-json\/wp\/v2\/posts\/81279","targetHints":{"allow":["GET"]}}],"collection":[{"href":"https:\/\/www.africa-press.net\/centrafricaine\/wp-json\/wp\/v2\/posts"}],"about":[{"href":"https:\/\/www.africa-press.net\/centrafricaine\/wp-json\/wp\/v2\/types\/post"}],"author":[{"embeddable":true,"href":"https:\/\/www.africa-press.net\/centrafricaine\/wp-json\/wp\/v2\/users\/82"}],"replies":[{"embeddable":true,"href":"https:\/\/www.africa-press.net\/centrafricaine\/wp-json\/wp\/v2\/comments?post=81279"}],"version-history":[{"count":0,"href":"https:\/\/www.africa-press.net\/centrafricaine\/wp-json\/wp\/v2\/posts\/81279\/revisions"}],"wp:featuredmedia":[{"embeddable":true,"href":"https:\/\/www.africa-press.net\/centrafricaine\/wp-json\/wp\/v2\/media\/81278"}],"wp:attachment":[{"href":"https:\/\/www.africa-press.net\/centrafricaine\/wp-json\/wp\/v2\/media?parent=81279"}],"wp:term":[{"taxonomy":"category","embeddable":true,"href":"https:\/\/www.africa-press.net\/centrafricaine\/wp-json\/wp\/v2\/categories?post=81279"},{"taxonomy":"post_tag","embeddable":true,"href":"https:\/\/www.africa-press.net\/centrafricaine\/wp-json\/wp\/v2\/tags?post=81279"}],"curies":[{"name":"wp","href":"https:\/\/api.w.org\/{rel}","templated":true}]}}