{"id":8132,"date":"2021-06-16T17:04:15","date_gmt":"2021-06-16T17:04:15","guid":{"rendered":"https:\/\/www.africa-press.net\/centrafricaine\/?p=8132"},"modified":"2021-06-16T18:27:45","modified_gmt":"2021-06-16T18:27:45","slug":"russie-france-le-premier-ministre-centrafricain-victime-du-bras-de-fer-entre-moscou-et-paris","status":"publish","type":"post","link":"https:\/\/www.africa-press.net\/centrafricaine\/politique\/russie-france-le-premier-ministre-centrafricain-victime-du-bras-de-fer-entre-moscou-et-paris","title":{"rendered":"Russie-France : le Premier ministre centrafricain victime du bras de fer entre Moscou et Paris"},"content":{"rendered":"<p><span style=\"color: #ff6600\"><strong><a href=\"https:\/\/www.africa-press.net\/\">Africa-Press<\/a> &#8211; <a href=\"https:\/\/www.africa-press.net\/centrafricaine\">CentrAfricaine<\/a>. <\/strong><\/span>La passation de charge entre Firmin Ngrebada et Henri-Marie Dondra, le nouveau chef du gouvernement centrafricain, a officiellement eu lieu ce 15 juin. La fin d\u2019un rapport de forces dont le premier a esp\u00e9r\u00e9 sortir vainqueur jusqu\u2019au bout et dont \u00ab Jeune Afrique \u00bb r\u00e9v\u00e8le les dessous.<\/p>\n<p><b>Firmin Ngrebada<\/b><\/p>\n<p>aura esp\u00e9r\u00e9 tenir jusqu\u2019au bout. Le 30 mai, alors qu\u2019il s\u2019embarque sur un vol Air France pour un p\u00e9riple qui doit le mener \u00e0 Saint-P\u00e9tersbourg, le Premier ministre centrafricain sait que sa position n\u2019est gu\u00e8re enviable.<\/p>\n<p>Consid\u00e9r\u00e9 comme l\u2019homme de la Russie \u00e0 Bangui, il a pr\u00e9vu d\u2019assister au forum \u00e9conomique de l\u2019ancienne capitale imp\u00e9riale, mais il est bien conscient que son pays est pris en \u00e9tau entre la Russie et la France, laquelle voit d\u2019un mauvais \u0153il une proximit\u00e9 jug\u00e9e trop grande entre Faustin-Archange Touad\u00e9ra (FAT) et le gouvernement de Vladimir Poutine.<\/p>\n<p><b>\u00a0<\/b><\/p>\n","protected":false},"excerpt":{"rendered":"<p>Africa-Press &#8211; CentrAfricaine. La passation de charge entre Firmin Ngrebada et Henri-Marie Dondra, le nouveau chef du gouvernement centrafricain, a officiellement eu lieu ce 15 juin. La fin d\u2019un rapport de forces dont le premier a esp\u00e9r\u00e9 sortir vainqueur jusqu\u2019au bout et dont \u00ab Jeune Afrique \u00bb r\u00e9v\u00e8le les dessous. Firmin Ngrebada aura esp\u00e9r\u00e9 tenir [&hellip;]<\/p>\n","protected":false},"author":82,"featured_media":8131,"comment_status":"open","ping_status":"closed","sticky":false,"template":"","format":"standard","meta":{"footnotes":""},"categories":[11,2,20,10],"tags":[36,58,30],"class_list":["post-8132","post","type-post","status-publish","format-standard","has-post-thumbnail","hentry","category-homepage-french","category-politique","category-top-nouvelles","category-toutes-les-actualites","tag-africa-press","tag-africa-press-centrafricaine","tag-centrafricaine"],"yoast_head":"<!-- This site is optimized with the Yoast SEO Premium plugin v26.1 (Yoast SEO v27.0) - https:\/\/yoast.com\/product\/yoast-seo-premium-wordpress\/ -->\n<title>Russie-France : le Premier ministre centrafricain victime du bras de fer entre Moscou et Paris - centrafricaine<\/title>\n<meta name=\"description\" content=\"La passation de charge entre Firmin Ngrebada et Henri-Marie Dondra, le nouveau chef du gouvernement centrafricain, a off ...\" \/>\n<meta name=\"robots\" content=\"index, follow, max-snippet:-1, max-image-preview:large, max-video-preview:-1\" \/>\n<link rel=\"canonical\" href=\"https:\/\/www.africa-press.net\/centrafricaine\/politique\/russie-france-le-premier-ministre-centrafricain-victime-du-bras-de-fer-entre-moscou-et-paris\" \/>\n<meta property=\"og:locale\" content=\"fr_FR\" \/>\n<meta property=\"og:type\" content=\"article\" \/>\n<meta property=\"og:title\" content=\"Russie-France : le Premier ministre centrafricain victime du bras de fer entre Moscou et Paris\" \/>\n<meta property=\"og:description\" content=\"La passation de charge entre Firmin Ngrebada et Henri-Marie Dondra, le nouveau chef du gouvernement centrafricain, a off ...\" \/>\n<meta property=\"og:url\" content=\"https:\/\/www.africa-press.net\/centrafricaine\/politique\/russie-france-le-premier-ministre-centrafricain-victime-du-bras-de-fer-entre-moscou-et-paris\" \/>\n<meta property=\"og:site_name\" content=\"centrafricaine\" \/>\n<meta property=\"article:published_time\" content=\"2021-06-16T17:04:15+00:00\" \/>\n<meta property=\"article:modified_time\" content=\"2021-06-16T18:27:45+00:00\" \/>\n<meta property=\"og:image\" content=\"https:\/\/static.africa-press.net\/centrafricaine\/sites\/45\/2021\/06\/img-60ca2dd60bcdf.jpg\" \/>\n\t<meta property=\"og:image:width\" content=\"720\" \/>\n\t<meta property=\"og:image:height\" content=\"360\" \/>\n\t<meta property=\"og:image:type\" content=\"image\/jpeg\" \/>\n<meta name=\"author\" content=\"cfeditorfr\" \/>\n<meta name=\"twitter:card\" content=\"summary_large_image\" \/>\n<meta name=\"twitter:label1\" content=\"\u00c9crit par\" \/>\n\t<meta name=\"twitter:data1\" content=\"cfeditorfr\" \/>\n\t<meta name=\"twitter:label2\" content=\"Dur\u00e9e de lecture estim\u00e9e\" \/>\n\t<meta name=\"twitter:data2\" content=\"1 minute\" \/>\n<script type=\"application\/ld+json\" class=\"yoast-schema-graph\">{\"@context\":\"https:\/\/schema.org\",\"@graph\":[{\"@type\":\"Article\",\"@id\":\"https:\/\/www.africa-press.net\/centrafricaine\/politique\/russie-france-le-premier-ministre-centrafricain-victime-du-bras-de-fer-entre-moscou-et-paris#article\",\"isPartOf\":{\"@id\":\"https:\/\/www.africa-press.net\/centrafricaine\/politique\/russie-france-le-premier-ministre-centrafricain-victime-du-bras-de-fer-entre-moscou-et-paris\"},\"author\":{\"name\":\"cfeditorfr\",\"@id\":\"https:\/\/www.africa-press.net\/centrafricaine\/#\/schema\/person\/2b1cf3cd81a31e3cd26889ca66d677f1\"},\"headline\":\"Russie-France : le Premier ministre centrafricain victime du bras de fer entre Moscou et Paris\",\"datePublished\":\"2021-06-16T17:04:15+00:00\",\"dateModified\":\"2021-06-16T18:27:45+00:00\",\"mainEntityOfPage\":{\"@id\":\"https:\/\/www.africa-press.net\/centrafricaine\/politique\/russie-france-le-premier-ministre-centrafricain-victime-du-bras-de-fer-entre-moscou-et-paris\"},\"wordCount\":175,\"commentCount\":0,\"image\":{\"@id\":\"https:\/\/www.africa-press.net\/centrafricaine\/politique\/russie-france-le-premier-ministre-centrafricain-victime-du-bras-de-fer-entre-moscou-et-paris#primaryimage\"},\"thumbnailUrl\":\"https:\/\/static.africa-press.net\/centrafricaine\/sites\/45\/2021\/06\/img-60ca2dd60bcdf.jpg\",\"keywords\":[\"Africa Press\",\"Africa Press-CentrAfricaine\",\"CentrAfricaine\"],\"articleSection\":[\"homepage-french\",\"Politique\",\"Top Nouvelles\",\"Toutes les actualit\u00e9s\"],\"inLanguage\":\"fr-FR\",\"potentialAction\":[{\"@type\":\"CommentAction\",\"name\":\"Comment\",\"target\":[\"https:\/\/www.africa-press.net\/centrafricaine\/politique\/russie-france-le-premier-ministre-centrafricain-victime-du-bras-de-fer-entre-moscou-et-paris#respond\"]}]},{\"@type\":\"WebPage\",\"@id\":\"https:\/\/www.africa-press.net\/centrafricaine\/politique\/russie-france-le-premier-ministre-centrafricain-victime-du-bras-de-fer-entre-moscou-et-paris\",\"url\":\"https:\/\/www.africa-press.net\/centrafricaine\/politique\/russie-france-le-premier-ministre-centrafricain-victime-du-bras-de-fer-entre-moscou-et-paris\",\"name\":\"Russie-France : le Premier ministre centrafricain victime du bras de fer entre Moscou et Paris - centrafricaine\",\"isPartOf\":{\"@id\":\"https:\/\/www.africa-press.net\/centrafricaine\/#website\"},\"primaryImageOfPage\":{\"@id\":\"https:\/\/www.africa-press.net\/centrafricaine\/politique\/russie-france-le-premier-ministre-centrafricain-victime-du-bras-de-fer-entre-moscou-et-paris#primaryimage\"},\"image\":{\"@id\":\"https:\/\/www.africa-press.net\/centrafricaine\/politique\/russie-france-le-premier-ministre-centrafricain-victime-du-bras-de-fer-entre-moscou-et-paris#primaryimage\"},\"thumbnailUrl\":\"https:\/\/static.africa-press.net\/centrafricaine\/sites\/45\/2021\/06\/img-60ca2dd60bcdf.jpg\",\"datePublished\":\"2021-06-16T17:04:15+00:00\",\"dateModified\":\"2021-06-16T18:27:45+00:00\",\"author\":{\"@id\":\"https:\/\/www.africa-press.net\/centrafricaine\/#\/schema\/person\/2b1cf3cd81a31e3cd26889ca66d677f1\"},\"description\":\"La passation de charge entre Firmin Ngrebada et Henri-Marie Dondra, le nouveau chef du gouvernement centrafricain, a off ...\",\"breadcrumb\":{\"@id\":\"https:\/\/www.africa-press.net\/centrafricaine\/politique\/russie-france-le-premier-ministre-centrafricain-victime-du-bras-de-fer-entre-moscou-et-paris#breadcrumb\"},\"inLanguage\":\"fr-FR\",\"potentialAction\":[{\"@type\":\"ReadAction\",\"target\":[\"https:\/\/www.africa-press.net\/centrafricaine\/politique\/russie-france-le-premier-ministre-centrafricain-victime-du-bras-de-fer-entre-moscou-et-paris\"]}]},{\"@type\":\"ImageObject\",\"inLanguage\":\"fr-FR\",\"@id\":\"https:\/\/www.africa-press.net\/centrafricaine\/politique\/russie-france-le-premier-ministre-centrafricain-victime-du-bras-de-fer-entre-moscou-et-paris#primaryimage\",\"url\":\"https:\/\/static.africa-press.net\/centrafricaine\/sites\/45\/2021\/06\/img-60ca2dd60bcdf.jpg\",\"contentUrl\":\"https:\/\/static.africa-press.net\/centrafricaine\/sites\/45\/2021\/06\/img-60ca2dd60bcdf.jpg\",\"width\":720,\"height\":360,\"caption\":\"Russie-France : le Premier ministre centrafricain victime du bras de fer entre Moscou et Paris\"},{\"@type\":\"BreadcrumbList\",\"@id\":\"https:\/\/www.africa-press.net\/centrafricaine\/politique\/russie-france-le-premier-ministre-centrafricain-victime-du-bras-de-fer-entre-moscou-et-paris#breadcrumb\",\"itemListElement\":[{\"@type\":\"ListItem\",\"position\":1,\"name\":\"Accueil\",\"item\":\"https:\/\/www.africa-press.net\/centrafricaine\/\"},{\"@type\":\"ListItem\",\"position\":2,\"name\":\"Russie-France : le Premier ministre centrafricain victime du bras de fer entre Moscou et Paris\"}]},{\"@type\":\"WebSite\",\"@id\":\"https:\/\/www.africa-press.net\/centrafricaine\/#website\",\"url\":\"https:\/\/www.africa-press.net\/centrafricaine\/\",\"name\":\"centrafricaine\",\"description\":\"Just another Africa News Agency Sites site\",\"potentialAction\":[{\"@type\":\"SearchAction\",\"target\":{\"@type\":\"EntryPoint\",\"urlTemplate\":\"https:\/\/www.africa-press.net\/centrafricaine\/?s={search_term_string}\"},\"query-input\":{\"@type\":\"PropertyValueSpecification\",\"valueRequired\":true,\"valueName\":\"search_term_string\"}}],\"inLanguage\":\"fr-FR\"},{\"@type\":\"Person\",\"@id\":\"https:\/\/www.africa-press.net\/centrafricaine\/#\/schema\/person\/2b1cf3cd81a31e3cd26889ca66d677f1\",\"name\":\"cfeditorfr\"}]}<\/script>\n<!-- \/ Yoast SEO Premium plugin. -->","yoast_head_json":{"title":"Russie-France : le Premier ministre centrafricain victime du bras de fer entre Moscou et Paris - centrafricaine","description":"La passation de charge entre Firmin Ngrebada et Henri-Marie Dondra, le nouveau chef du gouvernement centrafricain, a off ...","robots":{"index":"index","follow":"follow","max-snippet":"max-snippet:-1","max-image-preview":"max-image-preview:large","max-video-preview":"max-video-preview:-1"},"canonical":"https:\/\/www.africa-press.net\/centrafricaine\/politique\/russie-france-le-premier-ministre-centrafricain-victime-du-bras-de-fer-entre-moscou-et-paris","og_locale":"fr_FR","og_type":"article","og_title":"Russie-France : le Premier ministre centrafricain victime du bras de fer entre Moscou et Paris","og_description":"La passation de charge entre Firmin Ngrebada et Henri-Marie Dondra, le nouveau chef du gouvernement centrafricain, a off ...","og_url":"https:\/\/www.africa-press.net\/centrafricaine\/politique\/russie-france-le-premier-ministre-centrafricain-victime-du-bras-de-fer-entre-moscou-et-paris","og_site_name":"centrafricaine","article_published_time":"2021-06-16T17:04:15+00:00","article_modified_time":"2021-06-16T18:27:45+00:00","og_image":[{"width":720,"height":360,"url":"https:\/\/static.africa-press.net\/centrafricaine\/sites\/45\/2021\/06\/img-60ca2dd60bcdf.jpg","type":"image\/jpeg"}],"author":"cfeditorfr","twitter_card":"summary_large_image","twitter_misc":{"\u00c9crit par":"cfeditorfr","Dur\u00e9e de lecture estim\u00e9e":"1 minute"},"schema":{"@context":"https:\/\/schema.org","@graph":[{"@type":"Article","@id":"https:\/\/www.africa-press.net\/centrafricaine\/politique\/russie-france-le-premier-ministre-centrafricain-victime-du-bras-de-fer-entre-moscou-et-paris#article","isPartOf":{"@id":"https:\/\/www.africa-press.net\/centrafricaine\/politique\/russie-france-le-premier-ministre-centrafricain-victime-du-bras-de-fer-entre-moscou-et-paris"},"author":{"name":"cfeditorfr","@id":"https:\/\/www.africa-press.net\/centrafricaine\/#\/schema\/person\/2b1cf3cd81a31e3cd26889ca66d677f1"},"headline":"Russie-France : le Premier ministre centrafricain victime du bras de fer entre Moscou et Paris","datePublished":"2021-06-16T17:04:15+00:00","dateModified":"2021-06-16T18:27:45+00:00","mainEntityOfPage":{"@id":"https:\/\/www.africa-press.net\/centrafricaine\/politique\/russie-france-le-premier-ministre-centrafricain-victime-du-bras-de-fer-entre-moscou-et-paris"},"wordCount":175,"commentCount":0,"image":{"@id":"https:\/\/www.africa-press.net\/centrafricaine\/politique\/russie-france-le-premier-ministre-centrafricain-victime-du-bras-de-fer-entre-moscou-et-paris#primaryimage"},"thumbnailUrl":"https:\/\/static.africa-press.net\/centrafricaine\/sites\/45\/2021\/06\/img-60ca2dd60bcdf.jpg","keywords":["Africa Press","Africa Press-CentrAfricaine","CentrAfricaine"],"articleSection":["homepage-french","Politique","Top Nouvelles","Toutes les actualit\u00e9s"],"inLanguage":"fr-FR","potentialAction":[{"@type":"CommentAction","name":"Comment","target":["https:\/\/www.africa-press.net\/centrafricaine\/politique\/russie-france-le-premier-ministre-centrafricain-victime-du-bras-de-fer-entre-moscou-et-paris#respond"]}]},{"@type":"WebPage","@id":"https:\/\/www.africa-press.net\/centrafricaine\/politique\/russie-france-le-premier-ministre-centrafricain-victime-du-bras-de-fer-entre-moscou-et-paris","url":"https:\/\/www.africa-press.net\/centrafricaine\/politique\/russie-france-le-premier-ministre-centrafricain-victime-du-bras-de-fer-entre-moscou-et-paris","name":"Russie-France : le Premier ministre centrafricain victime du bras de fer entre Moscou et Paris - centrafricaine","isPartOf":{"@id":"https:\/\/www.africa-press.net\/centrafricaine\/#website"},"primaryImageOfPage":{"@id":"https:\/\/www.africa-press.net\/centrafricaine\/politique\/russie-france-le-premier-ministre-centrafricain-victime-du-bras-de-fer-entre-moscou-et-paris#primaryimage"},"image":{"@id":"https:\/\/www.africa-press.net\/centrafricaine\/politique\/russie-france-le-premier-ministre-centrafricain-victime-du-bras-de-fer-entre-moscou-et-paris#primaryimage"},"thumbnailUrl":"https:\/\/static.africa-press.net\/centrafricaine\/sites\/45\/2021\/06\/img-60ca2dd60bcdf.jpg","datePublished":"2021-06-16T17:04:15+00:00","dateModified":"2021-06-16T18:27:45+00:00","author":{"@id":"https:\/\/www.africa-press.net\/centrafricaine\/#\/schema\/person\/2b1cf3cd81a31e3cd26889ca66d677f1"},"description":"La passation de charge entre Firmin Ngrebada et Henri-Marie Dondra, le nouveau chef du gouvernement centrafricain, a off ...","breadcrumb":{"@id":"https:\/\/www.africa-press.net\/centrafricaine\/politique\/russie-france-le-premier-ministre-centrafricain-victime-du-bras-de-fer-entre-moscou-et-paris#breadcrumb"},"inLanguage":"fr-FR","potentialAction":[{"@type":"ReadAction","target":["https:\/\/www.africa-press.net\/centrafricaine\/politique\/russie-france-le-premier-ministre-centrafricain-victime-du-bras-de-fer-entre-moscou-et-paris"]}]},{"@type":"ImageObject","inLanguage":"fr-FR","@id":"https:\/\/www.africa-press.net\/centrafricaine\/politique\/russie-france-le-premier-ministre-centrafricain-victime-du-bras-de-fer-entre-moscou-et-paris#primaryimage","url":"https:\/\/static.africa-press.net\/centrafricaine\/sites\/45\/2021\/06\/img-60ca2dd60bcdf.jpg","contentUrl":"https:\/\/static.africa-press.net\/centrafricaine\/sites\/45\/2021\/06\/img-60ca2dd60bcdf.jpg","width":720,"height":360,"caption":"Russie-France : le Premier ministre centrafricain victime du bras de fer entre Moscou et Paris"},{"@type":"BreadcrumbList","@id":"https:\/\/www.africa-press.net\/centrafricaine\/politique\/russie-france-le-premier-ministre-centrafricain-victime-du-bras-de-fer-entre-moscou-et-paris#breadcrumb","itemListElement":[{"@type":"ListItem","position":1,"name":"Accueil","item":"https:\/\/www.africa-press.net\/centrafricaine\/"},{"@type":"ListItem","position":2,"name":"Russie-France : le Premier ministre centrafricain victime du bras de fer entre Moscou et Paris"}]},{"@type":"WebSite","@id":"https:\/\/www.africa-press.net\/centrafricaine\/#website","url":"https:\/\/www.africa-press.net\/centrafricaine\/","name":"centrafricaine","description":"Just another Africa News Agency Sites site","potentialAction":[{"@type":"SearchAction","target":{"@type":"EntryPoint","urlTemplate":"https:\/\/www.africa-press.net\/centrafricaine\/?s={search_term_string}"},"query-input":{"@type":"PropertyValueSpecification","valueRequired":true,"valueName":"search_term_string"}}],"inLanguage":"fr-FR"},{"@type":"Person","@id":"https:\/\/www.africa-press.net\/centrafricaine\/#\/schema\/person\/2b1cf3cd81a31e3cd26889ca66d677f1","name":"cfeditorfr"}]}},"_links":{"self":[{"href":"https:\/\/www.africa-press.net\/centrafricaine\/wp-json\/wp\/v2\/posts\/8132","targetHints":{"allow":["GET"]}}],"collection":[{"href":"https:\/\/www.africa-press.net\/centrafricaine\/wp-json\/wp\/v2\/posts"}],"about":[{"href":"https:\/\/www.africa-press.net\/centrafricaine\/wp-json\/wp\/v2\/types\/post"}],"author":[{"embeddable":true,"href":"https:\/\/www.africa-press.net\/centrafricaine\/wp-json\/wp\/v2\/users\/82"}],"replies":[{"embeddable":true,"href":"https:\/\/www.africa-press.net\/centrafricaine\/wp-json\/wp\/v2\/comments?post=8132"}],"version-history":[{"count":0,"href":"https:\/\/www.africa-press.net\/centrafricaine\/wp-json\/wp\/v2\/posts\/8132\/revisions"}],"wp:featuredmedia":[{"embeddable":true,"href":"https:\/\/www.africa-press.net\/centrafricaine\/wp-json\/wp\/v2\/media\/8131"}],"wp:attachment":[{"href":"https:\/\/www.africa-press.net\/centrafricaine\/wp-json\/wp\/v2\/media?parent=8132"}],"wp:term":[{"taxonomy":"category","embeddable":true,"href":"https:\/\/www.africa-press.net\/centrafricaine\/wp-json\/wp\/v2\/categories?post=8132"},{"taxonomy":"post_tag","embeddable":true,"href":"https:\/\/www.africa-press.net\/centrafricaine\/wp-json\/wp\/v2\/tags?post=8132"}],"curies":[{"name":"wp","href":"https:\/\/api.w.org\/{rel}","templated":true}]}}